{"id":190058,"date":"2018-10-24T14:03:13","date_gmt":"2018-10-24T17:03:13","guid":{"rendered":"https:\/\/franciscanos.org.br\/?p=175347"},"modified":"2020-06-06T18:10:22","modified_gmt":"2020-06-06T21:10:22","slug":"encontro-ecumenico-internacional-de-jovens-no-libano","status":"publish","type":"post","link":"https:\/\/franciscanos.org.br\/noticias\/encontro-ecumenico-internacional-de-jovens-no-libano.html","title":{"rendered":"Encontro ecum\u00eanico internacional de jovens no L\u00edbano"},"content":{"rendered":"<p><strong><img loading=\"lazy\" class=\"alignleft size-full wp-image-191195\" src=\"https:\/\/franciscanos.org.br\/noticias\/wp-content\/uploads\/2018\/10\/sinodo_241018-830-2.jpg\" alt=\"\" width=\"830\" height=\"400\" srcset=\"https:\/\/franciscanos.org.br\/noticias\/wp-content\/uploads\/2018\/10\/sinodo_241018-830-2.jpg 830w, https:\/\/franciscanos.org.br\/noticias\/wp-content\/uploads\/2018\/10\/sinodo_241018-830-2-450x217.jpg 450w, https:\/\/franciscanos.org.br\/noticias\/wp-content\/uploads\/2018\/10\/sinodo_241018-830-2-768x370.jpg 768w, https:\/\/franciscanos.org.br\/noticias\/wp-content\/uploads\/2018\/10\/sinodo_241018-830-2-150x72.jpg 150w\" sizes=\"(max-width: 830px) 100vw, 830px\" \/>Cidade do Vaticano &#8211;<\/strong> \u201cSeremos tolos se renunciarmos ao potencial das mulheres\u201d, que devem estar envolvidas \u201choje, n\u00e3o amanh\u00e3\u201d nos \u201cprocessos de decis\u00e3o\u201d que dizem respeito \u00e0 Igreja. Assim, o presidente da Confer\u00eancia Episcopal da Alemanha, cardeal Reinhard Marx, arcebispo de Munique e Frisinga, falou no briefing realizado na Sala de Imprensa da Santa S\u00e9 da XV Assembleia Geral Ordin\u00e1ria do S\u00ednodo dos Bispos sobre o tema: \u201cOs jovens, a f\u00e9 e discernimento vocacional\u201d.<\/p>\n<p>O purpurado observou que \u201csem mudan\u00e7a n\u00e3o se progride\u201d, reiterando que \u00e9 fundamental \u201centender a evolu\u00e7\u00e3o dos tempos, como fez Jo\u00e3o XXIII\u201d. Da\u00ed o convite a seguir o exemplo da Alemanha, onde v\u00e1rias mulheres est\u00e3o envolvidas na organiza\u00e7\u00e3o da pastoral, superando toda \u201chesita\u00e7\u00e3o\u201d, pois a \u201cquest\u00e3o \u00e9 urgente\u201d.<\/p>\n<p>O encontro foi apresentado pelo prefeito do Dicast\u00e9rio para a Comunica\u00e7\u00e3o, Paolo Ruffini, presidente da Comiss\u00e3o Sinodal para Informa\u00e7\u00e3o, que anunciou que a carta dirigida aos jovens dever\u00e1 ser lida no domingo e que nesta manh\u00e3, 44 Padres sinodais discutiram sobre os temas da missiva e sobre o documento final da assembleia.<\/p>\n<p><strong>Tema da sexualidade n\u00e3o seja instrumentalizado<\/strong><\/p>\n<p>Dentre os muitos temas abordados durante o encontro com os jornalistas, a quest\u00e3o LGBT, sobre o qual falaram o cardeal Reinhard Marx e dom Andrew Nkea Fuanya, Bispo de Mamfe, nos Camar\u00f5es, solicitados por perguntas. \u201cA tem\u00e1tica da sexualidade\u201d, disse o purpurado, \u201cn\u00e3o deve ser instrumentalizada: h\u00e1 lobbies que tentam influenciar\u201d, mas a \u201cIgreja deve encontrar um caminho compreens\u00edvel\u201d e \u201cusar palavras n\u00e3o enganosas\u201d. Na mesma linha, o prelado camaron\u00eas ressaltou que na \u00c1frica o tema ainda n\u00e3o \u00e9 amplamente debatido.<\/p>\n<p>O Bispo de Mamfe esclareceu que o S\u00ednodo n\u00e3o est\u00e1 tentando resolver \u201cproblemas locais\u201d, porque cada um tem seu pr\u00f3prio ponto de vista e suas dificuldades, mas tudo est\u00e1 sendo enfrentado de maneira coral, como \u201cIgreja unida\u201d. Ele continuou, trazendo exemplos pr\u00e1ticos, \u201cn\u00e3o temos o problema das igrejas vazias\u201d. \u201cOs nossos jovens sempre v\u00e3o \u00e0 missa\u201d e participam da \u201ccelebra\u00e7\u00e3o que dura pelo menos duas horas\u201d, mas quando saem \u201celes n\u00e3o t\u00eam trabalho, n\u00e3o se importam se est\u00e3o doentes\u201d e acabam procurando \u201clugares onde serem mais felizes\u201d. \u201cAs igrejas\u201d, insistiu o bispo, \u201cest\u00e3o cheias porque nossos valores tradicionais ainda correspondem aos valores da Igreja, n\u00f3s passamos as tradi\u00e7\u00f5es sem dilu\u00ed-las. A Igreja deve falar sem ambiguidade\u201d.<\/p>\n<p><strong>Ajudar os jovens a conhecerem Jesus<\/strong><\/p>\n<p>Tamb\u00e9m na Pol\u00f4nia, disse dom Grzegorz Ry\u015b, arcebispo de \u0141\u00f3d\u017a e presidente do Conselho da Confer\u00eancia Episcopal para a nova evangeliza\u00e7\u00e3o, n\u00e3o h\u00e1 igrejas vazias, mas os jovens nem sempre \u201cconhecem realmente Jesus\u201d. O prelado, que muito apreciou o \u201cm\u00e9todo\u201d e a \u201cdiversidade\u201d deste S\u00ednodo, deixou claro que os jovens acreditam nos valores, na maioria das vezes importantes, mas nem sempre fazem uma verdadeira \u201cexperi\u00eancia de f\u00e9\u201d. \u201cPara evangelizar verdadeiramente os jovens\u201d, acrescentou, \u201cn\u00e3o se deve julgar, mas realmente entender quais s\u00e3o os valores em que eles acreditam, para conduzi-los ao encontro com Jesus\u201d. \u201cE para fazer isso\u201d, disse o cardeal Reinhard Marx, \u201ca Igreja deve ser capaz de mudar\u201d, \u201cas declara\u00e7\u00f5es devem ser traduzidas em a\u00e7\u00f5es verdadeiras\u201d, porque os jovens \u201cesperam uma Igreja aut\u00eantica\u201d.<\/p>\n<p><strong>Jovens, mensageiros da Boa Nova<\/strong><\/p>\n<p>\u201cDevemos defender o paradoxo de uma Igreja sempre jovem\u201d, sublinhou dom Toufic Bou Hadir, respons\u00e1vel pela Funda\u00e7\u00e3o YOUCAT \u00c1rabe (Igreja Maronita) e coordenador do \u201cEscrit\u00f3rio Patriarcal para a Pastoral Juvenil\u201d no L\u00edbano. \u201cEstar nas periferias\u201d, na verdade, \u201csignifica seguir Jesus sempre e em toda parte\u201d e os jovens \u201cs\u00e3o mensageiros da Boa Nova e pioneiros do di\u00e1logo inter-religioso\u201d. O prelado enfatizou o desejo dos jovens de serem protagonistas de um \u201cnovo mundo\u201d, \u201cagentes de di\u00e1logo\u201d, e anunciou um encontro ecum\u00eanico internacional de jovens no L\u00edbano, de 22 a 26 de mar\u00e7o de 2019.<\/p>\n<hr \/>\n<p><em>Fonte: Vatican News<\/em><\/p>\n","protected":false},"excerpt":{"rendered":"<p>S\u00ednodo dos Jovens<\/p>\n","protected":false},"author":1,"featured_media":191197,"comment_status":"open","ping_status":"open","sticky":false,"template":"","format":"standard","meta":[],"categories":[1428],"tags":[839],"acf":[],"yoast_head":"<!-- This site is optimized with the Yoast SEO plugin v19.2 - https:\/\/yoast.com\/wordpress\/plugins\/seo\/ -->\n<title>Encontro ecum\u00eanico internacional de jovens no L\u00edbano - Not\u00edcias - Franciscanos<\/title>\n<meta name=\"robots\" content=\"index, follow, max-snippet:-1, max-image-preview:large, max-video-preview:-1\" \/>\n<link rel=\"canonical\" href=\"https:\/\/franciscanos.org.br\/noticias\/encontro-ecumenico-internacional-de-jovens-no-libano.html\" \/>\n<meta property=\"og:locale\" content=\"pt_BR\" \/>\n<meta property=\"og:type\" content=\"article\" \/>\n<meta property=\"og:title\" content=\"Encontro ecum\u00eanico internacional de jovens no L\u00edbano - Not\u00edcias - Franciscanos\" \/>\n<meta property=\"og:description\" content=\"S\u00ednodo dos Jovens\" \/>\n<meta property=\"og:url\" content=\"https:\/\/franciscanos.org.br\/noticias\/encontro-ecumenico-internacional-de-jovens-no-libano.html\" \/>\n<meta property=\"og:site_name\" content=\"Not\u00edcias - Franciscanos\" \/>\n<meta property=\"article:published_time\" content=\"2018-10-24T17:03:13+00:00\" \/>\n<meta property=\"article:modified_time\" content=\"2020-06-06T21:10:22+00:00\" \/>\n<meta property=\"og:image\" content=\"https:\/\/franciscanos.org.br\/noticias\/wp-content\/uploads\/2018\/10\/sinodo_241018-b.jpg\" \/>\n\t<meta property=\"og:image:width\" content=\"273\" \/>\n\t<meta property=\"og:image:height\" content=\"181\" \/>\n\t<meta property=\"og:image:type\" content=\"image\/jpeg\" \/>\n<meta name=\"author\" content=\"admin\" \/>\n<meta name=\"twitter:card\" content=\"summary_large_image\" \/>\n<meta name=\"twitter:label1\" content=\"Escrito por\" \/>\n\t<meta name=\"twitter:data1\" content=\"admin\" \/>\n\t<meta name=\"twitter:label2\" content=\"Est. tempo de leitura\" \/>\n\t<meta name=\"twitter:data2\" content=\"3 minutos\" \/>\n<script type=\"application\/ld+json\" class=\"yoast-schema-graph\">{\"@context\":\"https:\/\/schema.org\",\"@graph\":[{\"@type\":\"WebSite\",\"@id\":\"https:\/\/franciscanos.org.br\/noticias\/#website\",\"url\":\"https:\/\/franciscanos.org.br\/noticias\/\",\"name\":\"Not\u00edcias - Franciscanos\",\"description\":\"Prov\u00edncia Franciscana da Imaculada Concei\u00e7\u00e3o do Brasil - Ordem dos Frades Menores - OFM\",\"potentialAction\":[{\"@type\":\"SearchAction\",\"target\":{\"@type\":\"EntryPoint\",\"urlTemplate\":\"https:\/\/franciscanos.org.br\/noticias\/?s={search_term_string}\"},\"query-input\":\"required name=search_term_string\"}],\"inLanguage\":\"pt-BR\"},{\"@type\":\"ImageObject\",\"inLanguage\":\"pt-BR\",\"@id\":\"https:\/\/franciscanos.org.br\/noticias\/encontro-ecumenico-internacional-de-jovens-no-libano.html#primaryimage\",\"url\":\"https:\/\/franciscanos.org.br\/noticias\/wp-content\/uploads\/2018\/10\/sinodo_241018-b.jpg\",\"contentUrl\":\"https:\/\/franciscanos.org.br\/noticias\/wp-content\/uploads\/2018\/10\/sinodo_241018-b.jpg\",\"width\":273,\"height\":181},{\"@type\":\"WebPage\",\"@id\":\"https:\/\/franciscanos.org.br\/noticias\/encontro-ecumenico-internacional-de-jovens-no-libano.html#webpage\",\"url\":\"https:\/\/franciscanos.org.br\/noticias\/encontro-ecumenico-internacional-de-jovens-no-libano.html\",\"name\":\"Encontro ecum\u00eanico internacional de jovens no L\u00edbano - Not\u00edcias - Franciscanos\",\"isPartOf\":{\"@id\":\"https:\/\/franciscanos.org.br\/noticias\/#website\"},\"primaryImageOfPage\":{\"@id\":\"https:\/\/franciscanos.org.br\/noticias\/encontro-ecumenico-internacional-de-jovens-no-libano.html#primaryimage\"},\"datePublished\":\"2018-10-24T17:03:13+00:00\",\"dateModified\":\"2020-06-06T21:10:22+00:00\",\"author\":{\"@id\":\"https:\/\/franciscanos.org.br\/noticias\/#\/schema\/person\/b38fbf43118f02820bd932f2e4b14ad3\"},\"breadcrumb\":{\"@id\":\"https:\/\/franciscanos.org.br\/noticias\/encontro-ecumenico-internacional-de-jovens-no-libano.html#breadcrumb\"},\"inLanguage\":\"pt-BR\",\"potentialAction\":[{\"@type\":\"ReadAction\",\"target\":[\"https:\/\/franciscanos.org.br\/noticias\/encontro-ecumenico-internacional-de-jovens-no-libano.html\"]}]},{\"@type\":\"BreadcrumbList\",\"@id\":\"https:\/\/franciscanos.org.br\/noticias\/encontro-ecumenico-internacional-de-jovens-no-libano.html#breadcrumb\",\"itemListElement\":[{\"@type\":\"ListItem\",\"position\":1,\"name\":\"Home\",\"item\":\"https:\/\/franciscanos.org.br\/noticias\"},{\"@type\":\"ListItem\",\"position\":2,\"name\":\"Encontro ecum\u00eanico internacional de jovens no L\u00edbano\"}]},{\"@type\":\"Person\",\"@id\":\"https:\/\/franciscanos.org.br\/noticias\/#\/schema\/person\/b38fbf43118f02820bd932f2e4b14ad3\",\"name\":\"admin\",\"image\":{\"@type\":\"ImageObject\",\"inLanguage\":\"pt-BR\",\"@id\":\"https:\/\/franciscanos.org.br\/noticias\/#\/schema\/person\/image\/\",\"url\":\"https:\/\/secure.gravatar.com\/avatar\/e8495742d34d0ba6448ea1c628263b3e?s=96&d=mm&r=g\",\"contentUrl\":\"https:\/\/secure.gravatar.com\/avatar\/e8495742d34d0ba6448ea1c628263b3e?s=96&d=mm&r=g\",\"caption\":\"admin\"},\"url\":\"https:\/\/franciscanos.org.br\/noticias\/author\/admin\"}]}<\/script>\n<!-- \/ Yoast SEO plugin. -->","yoast_head_json":{"title":"Encontro ecum\u00eanico internacional de jovens no L\u00edbano - Not\u00edcias - Franciscanos","robots":{"index":"index","follow":"follow","max-snippet":"max-snippet:-1","max-image-preview":"max-image-preview:large","max-video-preview":"max-video-preview:-1"},"canonical":"https:\/\/franciscanos.org.br\/noticias\/encontro-ecumenico-internacional-de-jovens-no-libano.html","og_locale":"pt_BR","og_type":"article","og_title":"Encontro ecum\u00eanico internacional de jovens no L\u00edbano - Not\u00edcias - Franciscanos","og_description":"S\u00ednodo dos Jovens","og_url":"https:\/\/franciscanos.org.br\/noticias\/encontro-ecumenico-internacional-de-jovens-no-libano.html","og_site_name":"Not\u00edcias - Franciscanos","article_published_time":"2018-10-24T17:03:13+00:00","article_modified_time":"2020-06-06T21:10:22+00:00","og_image":[{"width":273,"height":181,"url":"https:\/\/franciscanos.org.br\/noticias\/wp-content\/uploads\/2018\/10\/sinodo_241018-b.jpg","type":"image\/jpeg"}],"author":"admin","twitter_card":"summary_large_image","twitter_misc":{"Escrito por":"admin","Est. tempo de leitura":"3 minutos"},"schema":{"@context":"https:\/\/schema.org","@graph":[{"@type":"WebSite","@id":"https:\/\/franciscanos.org.br\/noticias\/#website","url":"https:\/\/franciscanos.org.br\/noticias\/","name":"Not\u00edcias - Franciscanos","description":"Prov\u00edncia Franciscana da Imaculada Concei\u00e7\u00e3o do Brasil - Ordem dos Frades Menores - OFM","potentialAction":[{"@type":"SearchAction","target":{"@type":"EntryPoint","urlTemplate":"https:\/\/franciscanos.org.br\/noticias\/?s={search_term_string}"},"query-input":"required name=search_term_string"}],"inLanguage":"pt-BR"},{"@type":"ImageObject","inLanguage":"pt-BR","@id":"https:\/\/franciscanos.org.br\/noticias\/encontro-ecumenico-internacional-de-jovens-no-libano.html#primaryimage","url":"https:\/\/franciscanos.org.br\/noticias\/wp-content\/uploads\/2018\/10\/sinodo_241018-b.jpg","contentUrl":"https:\/\/franciscanos.org.br\/noticias\/wp-content\/uploads\/2018\/10\/sinodo_241018-b.jpg","width":273,"height":181},{"@type":"WebPage","@id":"https:\/\/franciscanos.org.br\/noticias\/encontro-ecumenico-internacional-de-jovens-no-libano.html#webpage","url":"https:\/\/franciscanos.org.br\/noticias\/encontro-ecumenico-internacional-de-jovens-no-libano.html","name":"Encontro ecum\u00eanico internacional de jovens no L\u00edbano - Not\u00edcias - Franciscanos","isPartOf":{"@id":"https:\/\/franciscanos.org.br\/noticias\/#website"},"primaryImageOfPage":{"@id":"https:\/\/franciscanos.org.br\/noticias\/encontro-ecumenico-internacional-de-jovens-no-libano.html#primaryimage"},"datePublished":"2018-10-24T17:03:13+00:00","dateModified":"2020-06-06T21:10:22+00:00","author":{"@id":"https:\/\/franciscanos.org.br\/noticias\/#\/schema\/person\/b38fbf43118f02820bd932f2e4b14ad3"},"breadcrumb":{"@id":"https:\/\/franciscanos.org.br\/noticias\/encontro-ecumenico-internacional-de-jovens-no-libano.html#breadcrumb"},"inLanguage":"pt-BR","potentialAction":[{"@type":"ReadAction","target":["https:\/\/franciscanos.org.br\/noticias\/encontro-ecumenico-internacional-de-jovens-no-libano.html"]}]},{"@type":"BreadcrumbList","@id":"https:\/\/franciscanos.org.br\/noticias\/encontro-ecumenico-internacional-de-jovens-no-libano.html#breadcrumb","itemListElement":[{"@type":"ListItem","position":1,"name":"Home","item":"https:\/\/franciscanos.org.br\/noticias"},{"@type":"ListItem","position":2,"name":"Encontro ecum\u00eanico internacional de jovens no L\u00edbano"}]},{"@type":"Person","@id":"https:\/\/franciscanos.org.br\/noticias\/#\/schema\/person\/b38fbf43118f02820bd932f2e4b14ad3","name":"admin","image":{"@type":"ImageObject","inLanguage":"pt-BR","@id":"https:\/\/franciscanos.org.br\/noticias\/#\/schema\/person\/image\/","url":"https:\/\/secure.gravatar.com\/avatar\/e8495742d34d0ba6448ea1c628263b3e?s=96&d=mm&r=g","contentUrl":"https:\/\/secure.gravatar.com\/avatar\/e8495742d34d0ba6448ea1c628263b3e?s=96&d=mm&r=g","caption":"admin"},"url":"https:\/\/franciscanos.org.br\/noticias\/author\/admin"}]}},"_links":{"self":[{"href":"https:\/\/franciscanos.org.br\/noticias\/wp-json\/wp\/v2\/posts\/190058"}],"collection":[{"href":"https:\/\/franciscanos.org.br\/noticias\/wp-json\/wp\/v2\/posts"}],"about":[{"href":"https:\/\/franciscanos.org.br\/noticias\/wp-json\/wp\/v2\/types\/post"}],"author":[{"embeddable":true,"href":"https:\/\/franciscanos.org.br\/noticias\/wp-json\/wp\/v2\/users\/1"}],"replies":[{"embeddable":true,"href":"https:\/\/franciscanos.org.br\/noticias\/wp-json\/wp\/v2\/comments?post=190058"}],"version-history":[{"count":1,"href":"https:\/\/franciscanos.org.br\/noticias\/wp-json\/wp\/v2\/posts\/190058\/revisions"}],"predecessor-version":[{"id":224729,"href":"https:\/\/franciscanos.org.br\/noticias\/wp-json\/wp\/v2\/posts\/190058\/revisions\/224729"}],"wp:featuredmedia":[{"embeddable":true,"href":"https:\/\/franciscanos.org.br\/noticias\/wp-json\/wp\/v2\/media\/191197"}],"wp:attachment":[{"href":"https:\/\/franciscanos.org.br\/noticias\/wp-json\/wp\/v2\/media?parent=190058"}],"wp:term":[{"taxonomy":"category","embeddable":true,"href":"https:\/\/franciscanos.org.br\/noticias\/wp-json\/wp\/v2\/categories?post=190058"},{"taxonomy":"post_tag","embeddable":true,"href":"https:\/\/franciscanos.org.br\/noticias\/wp-json\/wp\/v2\/tags?post=190058"}],"curies":[{"name":"wp","href":"https:\/\/api.w.org\/{rel}","templated":true}]}}