{"id":190053,"date":"2018-10-21T08:28:44","date_gmt":"2018-10-21T11:28:44","guid":{"rendered":"http:\/\/franciscanos.org.br\/?p=174993"},"modified":"2020-06-06T18:17:38","modified_gmt":"2020-06-06T21:17:38","slug":"transparencia-e-responsabilidade-na-questao-dos-abusos","status":"publish","type":"post","link":"https:\/\/franciscanos.org.br\/noticias\/transparencia-e-responsabilidade-na-questao-dos-abusos.html","title":{"rendered":"Transpar\u00eancia e responsabilidade na quest\u00e3o dos abusos"},"content":{"rendered":"<p><strong><img loading=\"lazy\" class=\"alignleft size-full wp-image-191312\" src=\"https:\/\/franciscanos.org.br\/noticias\/wp-content\/uploads\/2018\/10\/sinodo_201018.jpg\" alt=\"\" width=\"830\" height=\"400\" srcset=\"https:\/\/franciscanos.org.br\/noticias\/wp-content\/uploads\/2018\/10\/sinodo_201018.jpg 830w, https:\/\/franciscanos.org.br\/noticias\/wp-content\/uploads\/2018\/10\/sinodo_201018-450x217.jpg 450w, https:\/\/franciscanos.org.br\/noticias\/wp-content\/uploads\/2018\/10\/sinodo_201018-768x370.jpg 768w, https:\/\/franciscanos.org.br\/noticias\/wp-content\/uploads\/2018\/10\/sinodo_201018-150x72.jpg 150w\" sizes=\"(max-width: 830px) 100vw, 830px\" \/>Cidade do Vaticano<\/strong> &#8211; Sobre os casos de abusos sexuais cometidos por membros da Igreja &#8220;h\u00e1 muita raiva, mas tamb\u00e9m muita tristeza&#8221;. \u00c9 o que afirma o cardeal disse Blase Joseph Cupich, arcebispo de Chicago (Estados Unidos), ao participar neste s\u00e1bado, 20, da coletiva de imprensa, na conclus\u00e3o dos trabalhos sobre a terceira parte do <em>Instrumentum laboris<\/em> da Assembleia Geral XV do S\u00ednodo dos Bispos.<\/p>\n<p>\u00c9 necess\u00e1rio, disse ele, ser transparentes: &#8220;Se pedimos aos jovens para serem transparentes, n\u00f3s mesmos &#8211; disse o cardeal &#8211; devemos ser respons\u00e1veis \u200b\u200be transparentes&#8221;. &#8220;Se houvesse alguma acusa\u00e7\u00e3o contra mim &#8211; ele acrescentou &#8211; eu gostaria que se investigasse&#8221;.<\/p>\n<p><strong>Ser bispos respons\u00e1veis<\/strong><\/p>\n<p>O cardeal Blase Joseph Cupich recordou que em fevereiro ser\u00e1 realizado o encontro desejado pelo Papa Francisco, que ter\u00e1 a participa\u00e7\u00e3o de bispos de todo o mundo. Ele se concentrar\u00e1 precisamente no flagelo dos abusos. O Papa &#8211; sublinhou o cardeal Cupich &#8211; convocou esta reuni\u00e3o para que algo possa acontecer. Os resultados, ele disse, vir\u00e3o. Todos n\u00f3s, pastores, devemos ser respons\u00e1veis.<\/p>\n<p><strong>As desculpas n\u00e3o s\u00e3o suficientes<\/strong><\/p>\n<p>Dom Peter Comensoli Andrew, arcebispo de Melbourne (Austr\u00e1lia), recordou que desde o primeiro dia do S\u00ednodo falou-se sobre a quest\u00e3o dos abusos sexuais. Foi reiterado que \u00e9 importante n\u00e3o apenas pedir desculpas. Mas s\u00e3o fundamentais as a\u00e7\u00f5es e \u00e9 tamb\u00e9m necess\u00e1rio ouvir: &#8220;O importante &#8211; afirmou &#8211; n\u00e3o \u00e9 tanto palavra de desculpas ou o reconhecimento das culpas cometidas, mas uma pr\u00e1tica melhor para evitar que tais casos se repitam no futuro.&#8221;<\/p>\n<p><strong>Jovens preocupados com seu futuro<\/strong><\/p>\n<p>Em seu pronunciamento, o cardeal Joseph Blase Cupich tamb\u00e9m explicou que durante o S\u00ednodo foi reiterado que muitos jovens est\u00e3o preocupados com o seu futuro: eles temem que as decis\u00f5es tomadas a n\u00edvel mundial possam colocar em risco as suas perspectivas de vida. A n\u00f3s, representantes da Igreja &#8211; disse o arcebispo de Chicago, nos \u00e9 pedido para &#8220;falar com sinceridade aos l\u00edderes do mundo&#8221;.<\/p>\n<p><strong>O S\u00ednodo \u00e9 formativo<\/strong><\/p>\n<p>O cardeal John Ribat, arcebispo de Port Moresby (Papua Nova Guin\u00e9), declarou que o S\u00ednodo \u00e9 um grande momento para entender o que acontece no mundo de hoje. Ouvir os jovens, disse ele, \u00e9 uma experi\u00eancia muito educativa. Ouvir os jovens expressando-se em sua l\u00edngua, acrescentou o cardeal, \u00e9 uma b\u00ean\u00e7\u00e3o.<\/p>\n<p><strong>Migra\u00e7\u00f5es<\/strong><\/p>\n<p>Concentrando-se no tema da migra\u00e7\u00e3o, o cardeal Ribat disse ent\u00e3o que deve ser garantido o direito de permanecer em seus pa\u00edses de origem. Mas para proteger esse direito, continuou ele, devemos superar a pobreza, o desemprego e todos os problemas cr\u00edticos que levam os jovens e as pessoas a migrarem.<\/p>\n<p><strong>Todos na Igreja s\u00e3o bem vindos<\/strong><\/p>\n<p>Monsenhor Alain de Raemy, bispo auxiliar de Lausanne, Genebra e Friburgo, disse que a Igreja acolhe a todos. Ningu\u00e9m \u00e9 exclu\u00eddo. Todos s\u00e3o bem vindos. Entrevistado pelo Vatican News, Dom Alain de Raemy tamb\u00e9m enfatizou que com Jesus o caminho \u00e9 sempre poss\u00edvel. O caminho da miseric\u00f3rdia, acrescenta ele, muda a vida.<\/p>\n<p>O tema da homossexualidade tamb\u00e9m foi discutido durante o trabalho do S\u00ednodo. \u00c9 importante, sublinha o prelado, ter uma atitude acolhedora. &#8220;Eu &#8211; disse Dom Alain de Raemy \u2013 conhe\u00e7o muitas pessoas homossexuais que me pediram para entender o que significa para eles, concretamente, viver o Evangelho. Eles n\u00e3o querem ser apenas representados por movimentos LGBT. Eles querem que a Igreja se ocupe deles como crentes&#8221;.<\/p>\n<p><strong>O esbo\u00e7o do documento final ser\u00e1 apresentado na ter\u00e7a-feira<\/strong><\/p>\n<p>Paolo Ruffini, prefeito do Dicast\u00e9rio para Comunica\u00e7\u00e3o, anunciou que o projeto para o documento final ser\u00e1 apresentado na pr\u00f3xima ter\u00e7a-feira, 23. Posteriormente, tamb\u00e9m ser\u00e1 poss\u00edvel que os Padres Sinodais fa\u00e7am propostas de mudan\u00e7as.<\/p>\n<p>Por fim, Ruffini recordou que, al\u00e9m da comiss\u00e3o envolvida na elabora\u00e7\u00e3o do documento final, a comiss\u00e3o encarregada de redigir a carta a ser endere\u00e7ada a todos os jovens do mundo tamb\u00e9m est\u00e1 trabalhando.<\/p>\n<hr \/>\n<p><em>Fonte: Vatican News<\/em><\/p>\n","protected":false},"excerpt":{"rendered":"<p>S\u00ednodo dos Jovens<\/p>\n","protected":false},"author":1,"featured_media":191311,"comment_status":"open","ping_status":"open","sticky":false,"template":"","format":"standard","meta":[],"categories":[1428],"tags":[839],"acf":[],"yoast_head":"<!-- This site is optimized with the Yoast SEO plugin v19.2 - https:\/\/yoast.com\/wordpress\/plugins\/seo\/ -->\n<title>Transpar\u00eancia e responsabilidade na quest\u00e3o dos abusos - Not\u00edcias - Franciscanos<\/title>\n<meta name=\"robots\" content=\"index, follow, max-snippet:-1, max-image-preview:large, max-video-preview:-1\" \/>\n<link rel=\"canonical\" href=\"https:\/\/franciscanos.org.br\/noticias\/transparencia-e-responsabilidade-na-questao-dos-abusos.html\" \/>\n<meta property=\"og:locale\" content=\"pt_BR\" \/>\n<meta property=\"og:type\" content=\"article\" \/>\n<meta property=\"og:title\" content=\"Transpar\u00eancia e responsabilidade na quest\u00e3o dos abusos - Not\u00edcias - Franciscanos\" \/>\n<meta property=\"og:description\" content=\"S\u00ednodo dos Jovens\" \/>\n<meta property=\"og:url\" content=\"https:\/\/franciscanos.org.br\/noticias\/transparencia-e-responsabilidade-na-questao-dos-abusos.html\" \/>\n<meta property=\"og:site_name\" content=\"Not\u00edcias - Franciscanos\" \/>\n<meta property=\"article:published_time\" content=\"2018-10-21T11:28:44+00:00\" \/>\n<meta property=\"article:modified_time\" content=\"2020-06-06T21:17:38+00:00\" \/>\n<meta property=\"og:image\" content=\"https:\/\/franciscanos.org.br\/noticias\/wp-content\/uploads\/2018\/10\/sinodo_201018-2-830.jpg\" \/>\n\t<meta property=\"og:image:width\" content=\"273\" \/>\n\t<meta property=\"og:image:height\" content=\"181\" \/>\n\t<meta property=\"og:image:type\" content=\"image\/jpeg\" \/>\n<meta name=\"author\" content=\"admin\" \/>\n<meta name=\"twitter:card\" content=\"summary_large_image\" \/>\n<meta name=\"twitter:label1\" content=\"Escrito por\" \/>\n\t<meta name=\"twitter:data1\" content=\"admin\" \/>\n\t<meta name=\"twitter:label2\" content=\"Est. tempo de leitura\" \/>\n\t<meta name=\"twitter:data2\" content=\"3 minutos\" \/>\n<script type=\"application\/ld+json\" class=\"yoast-schema-graph\">{\"@context\":\"https:\/\/schema.org\",\"@graph\":[{\"@type\":\"WebSite\",\"@id\":\"https:\/\/franciscanos.org.br\/noticias\/#website\",\"url\":\"https:\/\/franciscanos.org.br\/noticias\/\",\"name\":\"Not\u00edcias - Franciscanos\",\"description\":\"Prov\u00edncia Franciscana da Imaculada Concei\u00e7\u00e3o do Brasil - Ordem dos Frades Menores - OFM\",\"potentialAction\":[{\"@type\":\"SearchAction\",\"target\":{\"@type\":\"EntryPoint\",\"urlTemplate\":\"https:\/\/franciscanos.org.br\/noticias\/?s={search_term_string}\"},\"query-input\":\"required name=search_term_string\"}],\"inLanguage\":\"pt-BR\"},{\"@type\":\"ImageObject\",\"inLanguage\":\"pt-BR\",\"@id\":\"https:\/\/franciscanos.org.br\/noticias\/transparencia-e-responsabilidade-na-questao-dos-abusos.html#primaryimage\",\"url\":\"https:\/\/franciscanos.org.br\/noticias\/wp-content\/uploads\/2018\/10\/sinodo_201018-2-830.jpg\",\"contentUrl\":\"https:\/\/franciscanos.org.br\/noticias\/wp-content\/uploads\/2018\/10\/sinodo_201018-2-830.jpg\",\"width\":273,\"height\":181},{\"@type\":\"WebPage\",\"@id\":\"https:\/\/franciscanos.org.br\/noticias\/transparencia-e-responsabilidade-na-questao-dos-abusos.html#webpage\",\"url\":\"https:\/\/franciscanos.org.br\/noticias\/transparencia-e-responsabilidade-na-questao-dos-abusos.html\",\"name\":\"Transpar\u00eancia e responsabilidade na quest\u00e3o dos abusos - Not\u00edcias - Franciscanos\",\"isPartOf\":{\"@id\":\"https:\/\/franciscanos.org.br\/noticias\/#website\"},\"primaryImageOfPage\":{\"@id\":\"https:\/\/franciscanos.org.br\/noticias\/transparencia-e-responsabilidade-na-questao-dos-abusos.html#primaryimage\"},\"datePublished\":\"2018-10-21T11:28:44+00:00\",\"dateModified\":\"2020-06-06T21:17:38+00:00\",\"author\":{\"@id\":\"https:\/\/franciscanos.org.br\/noticias\/#\/schema\/person\/b38fbf43118f02820bd932f2e4b14ad3\"},\"breadcrumb\":{\"@id\":\"https:\/\/franciscanos.org.br\/noticias\/transparencia-e-responsabilidade-na-questao-dos-abusos.html#breadcrumb\"},\"inLanguage\":\"pt-BR\",\"potentialAction\":[{\"@type\":\"ReadAction\",\"target\":[\"https:\/\/franciscanos.org.br\/noticias\/transparencia-e-responsabilidade-na-questao-dos-abusos.html\"]}]},{\"@type\":\"BreadcrumbList\",\"@id\":\"https:\/\/franciscanos.org.br\/noticias\/transparencia-e-responsabilidade-na-questao-dos-abusos.html#breadcrumb\",\"itemListElement\":[{\"@type\":\"ListItem\",\"position\":1,\"name\":\"Home\",\"item\":\"https:\/\/franciscanos.org.br\/noticias\"},{\"@type\":\"ListItem\",\"position\":2,\"name\":\"Transpar\u00eancia e responsabilidade na quest\u00e3o dos abusos\"}]},{\"@type\":\"Person\",\"@id\":\"https:\/\/franciscanos.org.br\/noticias\/#\/schema\/person\/b38fbf43118f02820bd932f2e4b14ad3\",\"name\":\"admin\",\"image\":{\"@type\":\"ImageObject\",\"inLanguage\":\"pt-BR\",\"@id\":\"https:\/\/franciscanos.org.br\/noticias\/#\/schema\/person\/image\/\",\"url\":\"https:\/\/secure.gravatar.com\/avatar\/e8495742d34d0ba6448ea1c628263b3e?s=96&d=mm&r=g\",\"contentUrl\":\"https:\/\/secure.gravatar.com\/avatar\/e8495742d34d0ba6448ea1c628263b3e?s=96&d=mm&r=g\",\"caption\":\"admin\"},\"url\":\"https:\/\/franciscanos.org.br\/noticias\/author\/admin\"}]}<\/script>\n<!-- \/ Yoast SEO plugin. -->","yoast_head_json":{"title":"Transpar\u00eancia e responsabilidade na quest\u00e3o dos abusos - Not\u00edcias - Franciscanos","robots":{"index":"index","follow":"follow","max-snippet":"max-snippet:-1","max-image-preview":"max-image-preview:large","max-video-preview":"max-video-preview:-1"},"canonical":"https:\/\/franciscanos.org.br\/noticias\/transparencia-e-responsabilidade-na-questao-dos-abusos.html","og_locale":"pt_BR","og_type":"article","og_title":"Transpar\u00eancia e responsabilidade na quest\u00e3o dos abusos - Not\u00edcias - Franciscanos","og_description":"S\u00ednodo dos Jovens","og_url":"https:\/\/franciscanos.org.br\/noticias\/transparencia-e-responsabilidade-na-questao-dos-abusos.html","og_site_name":"Not\u00edcias - Franciscanos","article_published_time":"2018-10-21T11:28:44+00:00","article_modified_time":"2020-06-06T21:17:38+00:00","og_image":[{"width":273,"height":181,"url":"https:\/\/franciscanos.org.br\/noticias\/wp-content\/uploads\/2018\/10\/sinodo_201018-2-830.jpg","type":"image\/jpeg"}],"author":"admin","twitter_card":"summary_large_image","twitter_misc":{"Escrito por":"admin","Est. tempo de leitura":"3 minutos"},"schema":{"@context":"https:\/\/schema.org","@graph":[{"@type":"WebSite","@id":"https:\/\/franciscanos.org.br\/noticias\/#website","url":"https:\/\/franciscanos.org.br\/noticias\/","name":"Not\u00edcias - Franciscanos","description":"Prov\u00edncia Franciscana da Imaculada Concei\u00e7\u00e3o do Brasil - Ordem dos Frades Menores - OFM","potentialAction":[{"@type":"SearchAction","target":{"@type":"EntryPoint","urlTemplate":"https:\/\/franciscanos.org.br\/noticias\/?s={search_term_string}"},"query-input":"required name=search_term_string"}],"inLanguage":"pt-BR"},{"@type":"ImageObject","inLanguage":"pt-BR","@id":"https:\/\/franciscanos.org.br\/noticias\/transparencia-e-responsabilidade-na-questao-dos-abusos.html#primaryimage","url":"https:\/\/franciscanos.org.br\/noticias\/wp-content\/uploads\/2018\/10\/sinodo_201018-2-830.jpg","contentUrl":"https:\/\/franciscanos.org.br\/noticias\/wp-content\/uploads\/2018\/10\/sinodo_201018-2-830.jpg","width":273,"height":181},{"@type":"WebPage","@id":"https:\/\/franciscanos.org.br\/noticias\/transparencia-e-responsabilidade-na-questao-dos-abusos.html#webpage","url":"https:\/\/franciscanos.org.br\/noticias\/transparencia-e-responsabilidade-na-questao-dos-abusos.html","name":"Transpar\u00eancia e responsabilidade na quest\u00e3o dos abusos - Not\u00edcias - Franciscanos","isPartOf":{"@id":"https:\/\/franciscanos.org.br\/noticias\/#website"},"primaryImageOfPage":{"@id":"https:\/\/franciscanos.org.br\/noticias\/transparencia-e-responsabilidade-na-questao-dos-abusos.html#primaryimage"},"datePublished":"2018-10-21T11:28:44+00:00","dateModified":"2020-06-06T21:17:38+00:00","author":{"@id":"https:\/\/franciscanos.org.br\/noticias\/#\/schema\/person\/b38fbf43118f02820bd932f2e4b14ad3"},"breadcrumb":{"@id":"https:\/\/franciscanos.org.br\/noticias\/transparencia-e-responsabilidade-na-questao-dos-abusos.html#breadcrumb"},"inLanguage":"pt-BR","potentialAction":[{"@type":"ReadAction","target":["https:\/\/franciscanos.org.br\/noticias\/transparencia-e-responsabilidade-na-questao-dos-abusos.html"]}]},{"@type":"BreadcrumbList","@id":"https:\/\/franciscanos.org.br\/noticias\/transparencia-e-responsabilidade-na-questao-dos-abusos.html#breadcrumb","itemListElement":[{"@type":"ListItem","position":1,"name":"Home","item":"https:\/\/franciscanos.org.br\/noticias"},{"@type":"ListItem","position":2,"name":"Transpar\u00eancia e responsabilidade na quest\u00e3o dos abusos"}]},{"@type":"Person","@id":"https:\/\/franciscanos.org.br\/noticias\/#\/schema\/person\/b38fbf43118f02820bd932f2e4b14ad3","name":"admin","image":{"@type":"ImageObject","inLanguage":"pt-BR","@id":"https:\/\/franciscanos.org.br\/noticias\/#\/schema\/person\/image\/","url":"https:\/\/secure.gravatar.com\/avatar\/e8495742d34d0ba6448ea1c628263b3e?s=96&d=mm&r=g","contentUrl":"https:\/\/secure.gravatar.com\/avatar\/e8495742d34d0ba6448ea1c628263b3e?s=96&d=mm&r=g","caption":"admin"},"url":"https:\/\/franciscanos.org.br\/noticias\/author\/admin"}]}},"_links":{"self":[{"href":"https:\/\/franciscanos.org.br\/noticias\/wp-json\/wp\/v2\/posts\/190053"}],"collection":[{"href":"https:\/\/franciscanos.org.br\/noticias\/wp-json\/wp\/v2\/posts"}],"about":[{"href":"https:\/\/franciscanos.org.br\/noticias\/wp-json\/wp\/v2\/types\/post"}],"author":[{"embeddable":true,"href":"https:\/\/franciscanos.org.br\/noticias\/wp-json\/wp\/v2\/users\/1"}],"replies":[{"embeddable":true,"href":"https:\/\/franciscanos.org.br\/noticias\/wp-json\/wp\/v2\/comments?post=190053"}],"version-history":[{"count":1,"href":"https:\/\/franciscanos.org.br\/noticias\/wp-json\/wp\/v2\/posts\/190053\/revisions"}],"predecessor-version":[{"id":224737,"href":"https:\/\/franciscanos.org.br\/noticias\/wp-json\/wp\/v2\/posts\/190053\/revisions\/224737"}],"wp:featuredmedia":[{"embeddable":true,"href":"https:\/\/franciscanos.org.br\/noticias\/wp-json\/wp\/v2\/media\/191311"}],"wp:attachment":[{"href":"https:\/\/franciscanos.org.br\/noticias\/wp-json\/wp\/v2\/media?parent=190053"}],"wp:term":[{"taxonomy":"category","embeddable":true,"href":"https:\/\/franciscanos.org.br\/noticias\/wp-json\/wp\/v2\/categories?post=190053"},{"taxonomy":"post_tag","embeddable":true,"href":"https:\/\/franciscanos.org.br\/noticias\/wp-json\/wp\/v2\/tags?post=190053"}],"curies":[{"name":"wp","href":"https:\/\/api.w.org\/{rel}","templated":true}]}}