{"id":190048,"date":"2018-10-19T15:49:01","date_gmt":"2018-10-19T18:49:01","guid":{"rendered":"http:\/\/franciscanos.org.br\/?p=174918"},"modified":"2020-06-06T18:18:30","modified_gmt":"2020-06-06T21:18:30","slug":"igreja-precisa-aprender-urgente-a-ocupar-a-rede","status":"publish","type":"post","link":"https:\/\/franciscanos.org.br\/noticias\/igreja-precisa-aprender-urgente-a-ocupar-a-rede.html","title":{"rendered":"Igreja precisa aprender urgente a ocupar a rede"},"content":{"rendered":"<p><strong><img loading=\"lazy\" class=\"alignleft size-full wp-image-191325\" src=\"https:\/\/franciscanos.org.br\/noticias\/wp-content\/uploads\/2018\/10\/sinodo_191018-8301.jpg\" alt=\"\" width=\"830\" height=\"400\" srcset=\"https:\/\/franciscanos.org.br\/noticias\/wp-content\/uploads\/2018\/10\/sinodo_191018-8301.jpg 830w, https:\/\/franciscanos.org.br\/noticias\/wp-content\/uploads\/2018\/10\/sinodo_191018-8301-450x217.jpg 450w, https:\/\/franciscanos.org.br\/noticias\/wp-content\/uploads\/2018\/10\/sinodo_191018-8301-768x370.jpg 768w, https:\/\/franciscanos.org.br\/noticias\/wp-content\/uploads\/2018\/10\/sinodo_191018-8301-150x72.jpg 150w\" sizes=\"(max-width: 830px) 100vw, 830px\" \/>Cidade do Vaticano<\/strong> &#8211; No briefing do S\u00ednodo dos Bispos desta sexta-feira (19), na Sala de Imprensa da Santa S\u00e9, destaque para a proposta do bispo auxiliar de Joubb\u00e9, Sarba e Jounieh dei Maroniti, no L\u00edbano, Dom Joseph Naffah: \u201c\u00e9 preciso colocar na rede todas as experi\u00eancias ativadas no mundo para alcan\u00e7ar os jovens do ambiente digital\u201d e, para isso, pode servir a cria\u00e7\u00e3o de um escrit\u00f3rio especial no Vaticano. Como inspira\u00e7\u00e3o, o bispo contou sobre o projeto que nasceu h\u00e1 5 anos para poder entrar em contato \u201con line\u201d com os jovens libaneses \u201cespalhados pelos quatro cantos do mundo, porque foram obrigados a deixar o seu pa\u00eds para encontrar um lugar tranquilo para viver\u201d.<\/p>\n<p><strong>Mais de 500 estudantes em todo o mundo<\/strong><\/p>\n<p>No Oriente M\u00e9dio, contou Dom Naffah, estamos \u201cnum per\u00edodo dificil\u00edssimo, mas tamb\u00e9m de gra\u00e7a, no qual os jovens testemunham a sua f\u00e9 nas situa\u00e7\u00f5es cr\u00edticas, chegando at\u00e9 o mart\u00edrio\u201d. O projeto ajudou a criar um instituto de ci\u00eancias religiosas \u201con line\u201d: \u201ccome\u00e7amos com pouqu\u00edssimos estudantes e, agora, somos em 550, espalhados em todo o mundo\u201d, disse ele. A l\u00edngua escolhida \u00e9 o \u00e1rabe e, entre os participantes da iniciativa, h\u00e1 inclusive jovens presos que \u201cquiseram percorrer um novo caminho na sua vida\u201d, utilizando as pr\u00f3prias potencialidades da rede.<\/p>\n<p><strong>Um escrit\u00f3rio no Vaticano para criar a rede<\/strong><\/p>\n<p>Entre os estudantes h\u00e1 tamb\u00e9m um jovem paral\u00edtico que, utilizando somente dois dedos, consegue se comunicar com o mundo. \u201cInicialmente a minha vida era em cima de uma cama, agora eu me encontro no espa\u00e7o do mundo\u201d, conta Dom Naffah, usando as pr\u00f3prias palavras do jovem.<\/p>\n<p>O bispo explicou ainda que: \u201cpropus ao Papa criar um escrit\u00f3rio especial no Vaticano que re\u00fana as diversas experi\u00eancias de pastoral digital j\u00e1 presentes em diversos pa\u00edses, como na Fran\u00e7a, na It\u00e1lia e nos Estados Unidos\u201d. \u201cA pastoral digital \u00e9 uma nova agor\u00e0 do Terceiro Mil\u00eanio e precisa dar um reconhecimento oficial a esses sites que levam uma verdadeira posi\u00e7\u00e3o da Igreja cat\u00f3lica\u201d, complementou o prelado.<\/p>\n<p><strong>Os jovens podem inculturar o Evangelho na web<\/strong><\/p>\n<p>O Pe. Valdir Jos\u00e9 de Castro, Superior Geral da Congrega\u00e7\u00e3o dos Padres e Irm\u00e3os Paulinos, abra\u00e7ou a proposta e afirmou que \u201c\u00e9 urgente aprender a ocupar o mundo digital\u201d. O brasileiro explicou que \u201co ambiente digital \u00e9 um campo imprescind\u00edvel da evangeliza\u00e7\u00e3o e \u00e9 necess\u00e1rio adotar um \u2018estilo crist\u00e3o\u2019, que n\u00e3o termina ao inserir conte\u00fados declaradamente cat\u00f3licos na web\u201d. \u201cLiberdade, prud\u00eancia, responsabilidade\u201d: s\u00e3o os tr\u00eas valores aos quais a Igreja deve educar os jovens para uma presen\u00e7a crist\u00e3 na rede. Mas os jovens devem \u201cser os verdadeiros protagonistas e n\u00e3o somente os destinat\u00e1rios\u201d do mundo digital, porque \u201cs\u00e3o aqueles que conhecem melhor a linguagem e a gram\u00e1tica das redes e das m\u00eddias sociais, aqueles que podem melhor inculturar o Evangelho utilizando esses meios\u201d.<\/p>\n<p><strong>Jovens e B\u00edblia, encontro em rede<\/strong><\/p>\n<p>Dom Emmanuel Kofi Fianu, bispo de Ho, em Gana, tamb\u00e9m trouxe a sua experi\u00eancia, em especial, de apostolado b\u00edblico com os jovens, que conseguiu se manter gra\u00e7as \u00e0 rede e \u00e0 liga\u00e7\u00e3o entre o mundo digital e a pastoral b\u00edblica. \u201cOs jovens de hoje vivem no mundo digital, ler livros n\u00e3o est\u00e1 muito na moda\u201d, comentou o bispo africano. \u201cSe quisermos estabelecer um contato entre os jovens e a B\u00edblia, devemos levar a Palavra de Deus tamb\u00e9m para o mundo digital, inclusive atrav\u00e9s dos celulares\u201d.<\/p>\n<p><strong>Jovens LGBT, Deus os ama<\/strong><\/p>\n<p>A pesquisadora, assistente de fam\u00edlias imigrantes e participante do S\u00ednodo como ouvinte, Yadira Vieyra dos Estados Unidos, falou das dificuldades de viver dos jovens migrantes, sobretudo dos mexicanos e latino-americanos, que se depara tamb\u00e9m com problemas de sa\u00fade mental.<\/p>\n<p>A Igreja, explicou ela, deve estar ao lado dos jovens e das fam\u00edlias para ajuda-los a demonstrar a sua capacidade de serem l\u00edderes. Respondendo \u00e0 uma pergunta, a jovem sublinhou que \u00e9 dif\u00edcil trabalhar com quem faz parte da comunidade LGBT, porque \u201cse sentem sob ataque\u201d e pensam \u201cque a Igreja n\u00e3o os quer, mas n\u00e3o \u00e9 verdade\u201d: \u201cdevemos mostrar a eles que Deus os ama, que a Igreja existe para eles\u201d. E prop\u00f5e de \u201cconsiderar a possibilidade de dar \u00e0s religiosas presentes no S\u00ednodo o direito de votar\u201d, como j\u00e1 acontece para os religiosos: \u201c\u00e9 importante reconhecer o trabalho que as mulheres desenvolvem para os mais pobres e os mais vulner\u00e1veis\u201d, acrescentou.<\/p>\n<p><strong>S\u00e1bado de relat\u00f3rios dos c\u00edrculos menores<\/strong><\/p>\n<p>O prefeito do Dicast\u00e9rio para a Comunica\u00e7\u00e3o da Santa S\u00e9, Paolo Ruffini, lembrou que, neste s\u00e1bado (20), os relat\u00f3rios dos 14 c\u00edrculos menores sobre a ter\u00e7a parte do documento ser\u00e3o lidas, enquanto a Comiss\u00e3o para a reda\u00e7\u00e3o do documento final e a Comiss\u00e3o para a \u201ccarta breve\u201d dirigida aos jovens est\u00e3o trabalhando nos respectivos textos.<\/p>\n<hr \/>\n<p><em>Fonte: Vatican News<\/em><\/p>\n","protected":false},"excerpt":{"rendered":"<p>S\u00ednodo dos Jovens<\/p>\n","protected":false},"author":1,"featured_media":191326,"comment_status":"open","ping_status":"open","sticky":false,"template":"","format":"standard","meta":[],"categories":[1428],"tags":[839],"acf":[],"yoast_head":"<!-- This site is optimized with the Yoast SEO plugin v19.2 - https:\/\/yoast.com\/wordpress\/plugins\/seo\/ -->\n<title>Igreja precisa aprender urgente a ocupar a rede - Not\u00edcias - Franciscanos<\/title>\n<meta name=\"robots\" content=\"index, follow, max-snippet:-1, max-image-preview:large, max-video-preview:-1\" \/>\n<link rel=\"canonical\" href=\"https:\/\/franciscanos.org.br\/noticias\/igreja-precisa-aprender-urgente-a-ocupar-a-rede.html\" \/>\n<meta property=\"og:locale\" content=\"pt_BR\" \/>\n<meta property=\"og:type\" content=\"article\" \/>\n<meta property=\"og:title\" content=\"Igreja precisa aprender urgente a ocupar a rede - Not\u00edcias - Franciscanos\" \/>\n<meta property=\"og:description\" content=\"S\u00ednodo dos Jovens\" \/>\n<meta property=\"og:url\" content=\"https:\/\/franciscanos.org.br\/noticias\/igreja-precisa-aprender-urgente-a-ocupar-a-rede.html\" \/>\n<meta property=\"og:site_name\" content=\"Not\u00edcias - Franciscanos\" \/>\n<meta property=\"article:published_time\" content=\"2018-10-19T18:49:01+00:00\" \/>\n<meta property=\"article:modified_time\" content=\"2020-06-06T21:18:30+00:00\" \/>\n<meta property=\"og:image\" content=\"https:\/\/franciscanos.org.br\/noticias\/wp-content\/uploads\/2018\/10\/sinodo_191018-8301-1.jpg\" \/>\n\t<meta property=\"og:image:width\" content=\"273\" \/>\n\t<meta property=\"og:image:height\" content=\"181\" \/>\n\t<meta property=\"og:image:type\" content=\"image\/jpeg\" \/>\n<meta name=\"author\" content=\"admin\" \/>\n<meta name=\"twitter:card\" content=\"summary_large_image\" \/>\n<meta name=\"twitter:label1\" content=\"Escrito por\" \/>\n\t<meta name=\"twitter:data1\" content=\"admin\" \/>\n\t<meta name=\"twitter:label2\" content=\"Est. tempo de leitura\" \/>\n\t<meta name=\"twitter:data2\" content=\"4 minutos\" \/>\n<script type=\"application\/ld+json\" class=\"yoast-schema-graph\">{\"@context\":\"https:\/\/schema.org\",\"@graph\":[{\"@type\":\"WebSite\",\"@id\":\"https:\/\/franciscanos.org.br\/noticias\/#website\",\"url\":\"https:\/\/franciscanos.org.br\/noticias\/\",\"name\":\"Not\u00edcias - Franciscanos\",\"description\":\"Prov\u00edncia Franciscana da Imaculada Concei\u00e7\u00e3o do Brasil - Ordem dos Frades Menores - OFM\",\"potentialAction\":[{\"@type\":\"SearchAction\",\"target\":{\"@type\":\"EntryPoint\",\"urlTemplate\":\"https:\/\/franciscanos.org.br\/noticias\/?s={search_term_string}\"},\"query-input\":\"required name=search_term_string\"}],\"inLanguage\":\"pt-BR\"},{\"@type\":\"ImageObject\",\"inLanguage\":\"pt-BR\",\"@id\":\"https:\/\/franciscanos.org.br\/noticias\/igreja-precisa-aprender-urgente-a-ocupar-a-rede.html#primaryimage\",\"url\":\"https:\/\/franciscanos.org.br\/noticias\/wp-content\/uploads\/2018\/10\/sinodo_191018-8301-1.jpg\",\"contentUrl\":\"https:\/\/franciscanos.org.br\/noticias\/wp-content\/uploads\/2018\/10\/sinodo_191018-8301-1.jpg\",\"width\":273,\"height\":181},{\"@type\":\"WebPage\",\"@id\":\"https:\/\/franciscanos.org.br\/noticias\/igreja-precisa-aprender-urgente-a-ocupar-a-rede.html#webpage\",\"url\":\"https:\/\/franciscanos.org.br\/noticias\/igreja-precisa-aprender-urgente-a-ocupar-a-rede.html\",\"name\":\"Igreja precisa aprender urgente a ocupar a rede - Not\u00edcias - Franciscanos\",\"isPartOf\":{\"@id\":\"https:\/\/franciscanos.org.br\/noticias\/#website\"},\"primaryImageOfPage\":{\"@id\":\"https:\/\/franciscanos.org.br\/noticias\/igreja-precisa-aprender-urgente-a-ocupar-a-rede.html#primaryimage\"},\"datePublished\":\"2018-10-19T18:49:01+00:00\",\"dateModified\":\"2020-06-06T21:18:30+00:00\",\"author\":{\"@id\":\"https:\/\/franciscanos.org.br\/noticias\/#\/schema\/person\/b38fbf43118f02820bd932f2e4b14ad3\"},\"breadcrumb\":{\"@id\":\"https:\/\/franciscanos.org.br\/noticias\/igreja-precisa-aprender-urgente-a-ocupar-a-rede.html#breadcrumb\"},\"inLanguage\":\"pt-BR\",\"potentialAction\":[{\"@type\":\"ReadAction\",\"target\":[\"https:\/\/franciscanos.org.br\/noticias\/igreja-precisa-aprender-urgente-a-ocupar-a-rede.html\"]}]},{\"@type\":\"BreadcrumbList\",\"@id\":\"https:\/\/franciscanos.org.br\/noticias\/igreja-precisa-aprender-urgente-a-ocupar-a-rede.html#breadcrumb\",\"itemListElement\":[{\"@type\":\"ListItem\",\"position\":1,\"name\":\"Home\",\"item\":\"https:\/\/franciscanos.org.br\/noticias\"},{\"@type\":\"ListItem\",\"position\":2,\"name\":\"Igreja precisa aprender urgente a ocupar a rede\"}]},{\"@type\":\"Person\",\"@id\":\"https:\/\/franciscanos.org.br\/noticias\/#\/schema\/person\/b38fbf43118f02820bd932f2e4b14ad3\",\"name\":\"admin\",\"image\":{\"@type\":\"ImageObject\",\"inLanguage\":\"pt-BR\",\"@id\":\"https:\/\/franciscanos.org.br\/noticias\/#\/schema\/person\/image\/\",\"url\":\"https:\/\/secure.gravatar.com\/avatar\/e8495742d34d0ba6448ea1c628263b3e?s=96&d=mm&r=g\",\"contentUrl\":\"https:\/\/secure.gravatar.com\/avatar\/e8495742d34d0ba6448ea1c628263b3e?s=96&d=mm&r=g\",\"caption\":\"admin\"},\"url\":\"https:\/\/franciscanos.org.br\/noticias\/author\/admin\"}]}<\/script>\n<!-- \/ Yoast SEO plugin. -->","yoast_head_json":{"title":"Igreja precisa aprender urgente a ocupar a rede - Not\u00edcias - Franciscanos","robots":{"index":"index","follow":"follow","max-snippet":"max-snippet:-1","max-image-preview":"max-image-preview:large","max-video-preview":"max-video-preview:-1"},"canonical":"https:\/\/franciscanos.org.br\/noticias\/igreja-precisa-aprender-urgente-a-ocupar-a-rede.html","og_locale":"pt_BR","og_type":"article","og_title":"Igreja precisa aprender urgente a ocupar a rede - Not\u00edcias - Franciscanos","og_description":"S\u00ednodo dos Jovens","og_url":"https:\/\/franciscanos.org.br\/noticias\/igreja-precisa-aprender-urgente-a-ocupar-a-rede.html","og_site_name":"Not\u00edcias - Franciscanos","article_published_time":"2018-10-19T18:49:01+00:00","article_modified_time":"2020-06-06T21:18:30+00:00","og_image":[{"width":273,"height":181,"url":"https:\/\/franciscanos.org.br\/noticias\/wp-content\/uploads\/2018\/10\/sinodo_191018-8301-1.jpg","type":"image\/jpeg"}],"author":"admin","twitter_card":"summary_large_image","twitter_misc":{"Escrito por":"admin","Est. tempo de leitura":"4 minutos"},"schema":{"@context":"https:\/\/schema.org","@graph":[{"@type":"WebSite","@id":"https:\/\/franciscanos.org.br\/noticias\/#website","url":"https:\/\/franciscanos.org.br\/noticias\/","name":"Not\u00edcias - Franciscanos","description":"Prov\u00edncia Franciscana da Imaculada Concei\u00e7\u00e3o do Brasil - Ordem dos Frades Menores - OFM","potentialAction":[{"@type":"SearchAction","target":{"@type":"EntryPoint","urlTemplate":"https:\/\/franciscanos.org.br\/noticias\/?s={search_term_string}"},"query-input":"required name=search_term_string"}],"inLanguage":"pt-BR"},{"@type":"ImageObject","inLanguage":"pt-BR","@id":"https:\/\/franciscanos.org.br\/noticias\/igreja-precisa-aprender-urgente-a-ocupar-a-rede.html#primaryimage","url":"https:\/\/franciscanos.org.br\/noticias\/wp-content\/uploads\/2018\/10\/sinodo_191018-8301-1.jpg","contentUrl":"https:\/\/franciscanos.org.br\/noticias\/wp-content\/uploads\/2018\/10\/sinodo_191018-8301-1.jpg","width":273,"height":181},{"@type":"WebPage","@id":"https:\/\/franciscanos.org.br\/noticias\/igreja-precisa-aprender-urgente-a-ocupar-a-rede.html#webpage","url":"https:\/\/franciscanos.org.br\/noticias\/igreja-precisa-aprender-urgente-a-ocupar-a-rede.html","name":"Igreja precisa aprender urgente a ocupar a rede - Not\u00edcias - Franciscanos","isPartOf":{"@id":"https:\/\/franciscanos.org.br\/noticias\/#website"},"primaryImageOfPage":{"@id":"https:\/\/franciscanos.org.br\/noticias\/igreja-precisa-aprender-urgente-a-ocupar-a-rede.html#primaryimage"},"datePublished":"2018-10-19T18:49:01+00:00","dateModified":"2020-06-06T21:18:30+00:00","author":{"@id":"https:\/\/franciscanos.org.br\/noticias\/#\/schema\/person\/b38fbf43118f02820bd932f2e4b14ad3"},"breadcrumb":{"@id":"https:\/\/franciscanos.org.br\/noticias\/igreja-precisa-aprender-urgente-a-ocupar-a-rede.html#breadcrumb"},"inLanguage":"pt-BR","potentialAction":[{"@type":"ReadAction","target":["https:\/\/franciscanos.org.br\/noticias\/igreja-precisa-aprender-urgente-a-ocupar-a-rede.html"]}]},{"@type":"BreadcrumbList","@id":"https:\/\/franciscanos.org.br\/noticias\/igreja-precisa-aprender-urgente-a-ocupar-a-rede.html#breadcrumb","itemListElement":[{"@type":"ListItem","position":1,"name":"Home","item":"https:\/\/franciscanos.org.br\/noticias"},{"@type":"ListItem","position":2,"name":"Igreja precisa aprender urgente a ocupar a rede"}]},{"@type":"Person","@id":"https:\/\/franciscanos.org.br\/noticias\/#\/schema\/person\/b38fbf43118f02820bd932f2e4b14ad3","name":"admin","image":{"@type":"ImageObject","inLanguage":"pt-BR","@id":"https:\/\/franciscanos.org.br\/noticias\/#\/schema\/person\/image\/","url":"https:\/\/secure.gravatar.com\/avatar\/e8495742d34d0ba6448ea1c628263b3e?s=96&d=mm&r=g","contentUrl":"https:\/\/secure.gravatar.com\/avatar\/e8495742d34d0ba6448ea1c628263b3e?s=96&d=mm&r=g","caption":"admin"},"url":"https:\/\/franciscanos.org.br\/noticias\/author\/admin"}]}},"_links":{"self":[{"href":"https:\/\/franciscanos.org.br\/noticias\/wp-json\/wp\/v2\/posts\/190048"}],"collection":[{"href":"https:\/\/franciscanos.org.br\/noticias\/wp-json\/wp\/v2\/posts"}],"about":[{"href":"https:\/\/franciscanos.org.br\/noticias\/wp-json\/wp\/v2\/types\/post"}],"author":[{"embeddable":true,"href":"https:\/\/franciscanos.org.br\/noticias\/wp-json\/wp\/v2\/users\/1"}],"replies":[{"embeddable":true,"href":"https:\/\/franciscanos.org.br\/noticias\/wp-json\/wp\/v2\/comments?post=190048"}],"version-history":[{"count":1,"href":"https:\/\/franciscanos.org.br\/noticias\/wp-json\/wp\/v2\/posts\/190048\/revisions"}],"predecessor-version":[{"id":224738,"href":"https:\/\/franciscanos.org.br\/noticias\/wp-json\/wp\/v2\/posts\/190048\/revisions\/224738"}],"wp:featuredmedia":[{"embeddable":true,"href":"https:\/\/franciscanos.org.br\/noticias\/wp-json\/wp\/v2\/media\/191326"}],"wp:attachment":[{"href":"https:\/\/franciscanos.org.br\/noticias\/wp-json\/wp\/v2\/media?parent=190048"}],"wp:term":[{"taxonomy":"category","embeddable":true,"href":"https:\/\/franciscanos.org.br\/noticias\/wp-json\/wp\/v2\/categories?post=190048"},{"taxonomy":"post_tag","embeddable":true,"href":"https:\/\/franciscanos.org.br\/noticias\/wp-json\/wp\/v2\/tags?post=190048"}],"curies":[{"name":"wp","href":"https:\/\/api.w.org\/{rel}","templated":true}]}}