{"id":190046,"date":"2018-10-19T08:17:49","date_gmt":"2018-10-19T11:17:49","guid":{"rendered":"http:\/\/franciscanos.org.br\/?p=174796"},"modified":"2020-01-17T09:19:27","modified_gmt":"2020-01-17T12:19:27","slug":"o-espirito-santo-e-o-fermento-dos-cristaos-para-a-redencao","status":"publish","type":"post","link":"https:\/\/franciscanos.org.br\/noticias\/o-espirito-santo-e-o-fermento-dos-cristaos-para-a-redencao.html","title":{"rendered":"O Esp\u00edrito Santo \u00e9 o fermento dos crist\u00e3os para a reden\u00e7\u00e3o"},"content":{"rendered":"<p><strong><img loading=\"lazy\" class=\"alignleft\" src=\"http:\/\/franciscanos.org.br\/wp-content\/uploads\/2018\/10\/papa_191018.jpg\" alt=\"papa_191018\" width=\"830\" height=\"400\" \/><\/strong><strong>Cidade do Vaticano &#8211;<\/strong> Seguir em frente com o \u201cfermento do Esp\u00edrito Santo\u201d, que conduz \u00e0 heran\u00e7a que nos foi deixada pelo Senhor. Esta foi a exorta\u00e7\u00e3o do Papa Francisco na homilia da missa celebrada, esta sexta-feira (19\/10), na Casa Santa Marta. Refletindo sobre o Evangelho de Lucas, da liturgia de hoje, o Pont\u00edfice enfatizou dois tipos de pessoas encontradas nesta passagem b\u00edblica que \u201ccrescem de formas diferentes\u201d, \u201copostas\u201d uma da outra.<\/p>\n<p><strong>Cristo n\u00e3o tolera hipocrisia<\/strong><\/p>\n<p>Jesus fala sobre o fermento \u201cque faz levedar\u201d, mas existe tamb\u00e9m o fermento \u201cruim\u201d que \u201cestraga\u201d, que faz crescer \u201cpara dentro\u201d, disse Francisco. \u00c9 o fermento dos fariseus, dos doutores da Lei daquele tempo, dos saduceus, ou seja, a hipocrisia. Trata-se de pessoas fechadas em si mesmas, que pensam em aparecer, em fazer de conta, em dar esmola e depois sair \u201cproclamado sobre os telhados\u201d a fim de que todos saibam.<\/p>\n<p>Essas pessoas se preocupam em \u201cproteger o que t\u00eam dentro, o seu ego\u00edsmo e sua seguran\u00e7a\u201d, frisou ainda o Papa.<\/p>\n<p>\u201cQuando existe alguma coisa que as coloca em dificuldade, como o homem agredido e deixado quase morto pelos ladr\u00f5es ou quando encontram um leproso, elas olham para o outro lado, seguindo suas leis interiores\u201d, disse ainda Francisco.<\/p>\n<p>Este fermento, disse Jesus, \u00e9 perigoso. Tomai cuidado. \u00c9 a hipocrisia. Jesus n\u00e3o tolera a hipocrisia: o querer se aparecer bem, com formas bonitas de educa\u00e7\u00e3o puras, mas com maus h\u00e1bitos por dentro. Jesus diz tamb\u00e9m: \u201cPor fora voc\u00eas s\u00e3o bonitos, como os sepulcros, mas por dentro h\u00e1 putrefa\u00e7\u00e3o e destrui\u00e7\u00e3o, existem escombros\u201d. Este fermento faz levedar para dentro: \u00e9 um fermento que faz crescer sem futuro, porque no ego\u00edsmo, no voltar-se para si mesmo, n\u00e3o h\u00e1 futuro. Outro tipo de pessoa \u00e9 aquela que vemos com outro fermento que \u00e9 o contr\u00e1rio: que faz levedar para fora, nos faz crescer como herdeiros, para termos uma heran\u00e7a.<\/p>\n<p><strong>A promessa de uma felicidade muito grande<\/strong><\/p>\n<p>Francisco recordou que na Carta aos Ef\u00e9sios, S\u00e3o Paulo explica que \u201cem Cristo fomos feitos tamb\u00e9m herdeiros, predestinados\u201d. A refer\u00eancia \u00e9 a pessoas projetadas \u201cpara fora\u201d.<\/p>\n<p>\u00c0s vezes erramos, mas \u00e9 poss\u00edvel corrigir; \u00e0s vezes caem, mas se levantam. \u00c0s vezes pecam, mas se arrependem. Mas sempre para fora, para aquela heran\u00e7a, porque foi prometida. E essas pessoas s\u00e3o pessoas alegres, porque lhes foi prometida uma felicidade muito grande: que ser\u00e3o gl\u00f3ria, louvor de Deus. E \u201co fermento \u2013 afirma Paulo \u2013 dessas pessoas \u00e9 o Espirito Santo\u201d, que nos impulsiona a ser louvor da sua gl\u00f3ria, da gl\u00f3ria de Deus.<\/p>\n<p><strong>Com a alegria no cora\u00e7\u00e3o<\/strong><\/p>\n<p>O \u201cselo do Esp\u00edrito Santo\u201d, que foi \u201cprometido\u201d, \u00e9 \u2013 evidenciou o Papa citando ainda o ap\u00f3stolo &#8211; \u201cpenhor da nossa heran\u00e7a\u201d, \u00e0 espera da \u201ccompleta reden\u00e7\u00e3o\u201d.<\/p>\n<p>Precisamente Jesus, destacou Francisco, nos quer \u201csempre em caminho com o fermento do Esp\u00edrito Santo que jamais faz crescer para dentro, como os doutores da Lei, como os hip\u00f3critas\u201d: o Esp\u00edrito Santo, de fato, \u201cimpulsiona para fora\u201d, \u201cpara o horizonte\u201d. Assim Jesus quer que \u201csejam os crist\u00e3os\u201d: mesmo \u201ccom dificuldades, com sofrimentos, com problemas, com quedas\u201d, sempre avante na esperan\u00e7a \u201cde encontrar a heran\u00e7a, porque tem o fermento que \u00e9 penhor, que \u00e9 o Esp\u00edrito Santo\u201d.<\/p>\n<p>Eis ent\u00e3o as duas pessoas citadas: uma pessoa que, guiada pelo pr\u00f3prio ego\u00edsmo, cresce para dentro. Tem um fermento \u2013 o ego\u00edsmo \u2013 que a faz crescer para dentro, e somente se preocupa em aparecer bem, aparecer equilibrado, bem: que n\u00e3o se vejam os maus h\u00e1bitos que t\u00eam. S\u00e3o os hip\u00f3critas, e Jesus diz: \u201cTomai cuidado\u201d. Os outros s\u00e3o os crist\u00e3os: dever\u00edamos ser os crist\u00e3os, porque existem tamb\u00e9m os crist\u00e3os hip\u00f3critas, que n\u00e3o aceitam o fermento do Esp\u00edrito Santo. Por isso Jesus nos adverte: \u201cTomai cuidado com o fermento dos fariseus\u201d. O fermento dos crist\u00e3os \u00e9 o Esp\u00edrito Santo, que nos leva para fora, nos faz crescer, com todas as dificuldades do caminho, inclusive com todos os pecados, mas sempre com a esperan\u00e7a. O Esp\u00edrito Santo \u00e9 precisamente o penhor daquela esperan\u00e7a, daquele louvor, daquela alegria. No cora\u00e7\u00e3o, essas pessoas que t\u00eam o Esp\u00edrito Santo como fermento, s\u00e3o alegres, mesmo nos problemas e nas dificuldades. Os hip\u00f3critas esqueceram o que significa ser alegre.<\/p>\n","protected":false},"excerpt":{"rendered":"<p>Missa em Santa Marta<\/p>\n","protected":false},"author":1,"featured_media":191333,"comment_status":"open","ping_status":"open","sticky":false,"template":"","format":"standard","meta":[],"categories":[1428],"tags":[829],"acf":[],"yoast_head":"<!-- This site is optimized with the Yoast SEO plugin v19.2 - https:\/\/yoast.com\/wordpress\/plugins\/seo\/ -->\n<title>O Esp\u00edrito Santo \u00e9 o fermento dos crist\u00e3os para a reden\u00e7\u00e3o - Not\u00edcias - Franciscanos<\/title>\n<meta name=\"robots\" content=\"index, follow, max-snippet:-1, max-image-preview:large, max-video-preview:-1\" \/>\n<link rel=\"canonical\" href=\"https:\/\/franciscanos.org.br\/noticias\/o-espirito-santo-e-o-fermento-dos-cristaos-para-a-redencao.html\" \/>\n<meta property=\"og:locale\" content=\"pt_BR\" \/>\n<meta property=\"og:type\" content=\"article\" \/>\n<meta property=\"og:title\" content=\"O Esp\u00edrito Santo \u00e9 o fermento dos crist\u00e3os para a reden\u00e7\u00e3o - Not\u00edcias - Franciscanos\" \/>\n<meta property=\"og:description\" content=\"Missa em Santa Marta\" \/>\n<meta property=\"og:url\" content=\"https:\/\/franciscanos.org.br\/noticias\/o-espirito-santo-e-o-fermento-dos-cristaos-para-a-redencao.html\" \/>\n<meta property=\"og:site_name\" content=\"Not\u00edcias - Franciscanos\" \/>\n<meta property=\"article:published_time\" content=\"2018-10-19T11:17:49+00:00\" \/>\n<meta property=\"article:modified_time\" content=\"2020-01-17T12:19:27+00:00\" \/>\n<meta property=\"og:image\" content=\"https:\/\/franciscanos.org.br\/noticias\/wp-content\/uploads\/2018\/10\/papa_191018.jpg\" \/>\n\t<meta property=\"og:image:width\" content=\"273\" \/>\n\t<meta property=\"og:image:height\" content=\"181\" \/>\n\t<meta property=\"og:image:type\" content=\"image\/jpeg\" \/>\n<meta name=\"author\" content=\"admin\" \/>\n<meta name=\"twitter:card\" content=\"summary_large_image\" \/>\n<meta name=\"twitter:label1\" content=\"Escrito por\" \/>\n\t<meta name=\"twitter:data1\" content=\"admin\" \/>\n\t<meta name=\"twitter:label2\" content=\"Est. tempo de leitura\" \/>\n\t<meta name=\"twitter:data2\" content=\"4 minutos\" \/>\n<script type=\"application\/ld+json\" class=\"yoast-schema-graph\">{\"@context\":\"https:\/\/schema.org\",\"@graph\":[{\"@type\":\"WebSite\",\"@id\":\"https:\/\/franciscanos.org.br\/noticias\/#website\",\"url\":\"https:\/\/franciscanos.org.br\/noticias\/\",\"name\":\"Not\u00edcias - Franciscanos\",\"description\":\"Prov\u00edncia Franciscana da Imaculada Concei\u00e7\u00e3o do Brasil - Ordem dos Frades Menores - OFM\",\"potentialAction\":[{\"@type\":\"SearchAction\",\"target\":{\"@type\":\"EntryPoint\",\"urlTemplate\":\"https:\/\/franciscanos.org.br\/noticias\/?s={search_term_string}\"},\"query-input\":\"required name=search_term_string\"}],\"inLanguage\":\"pt-BR\"},{\"@type\":\"ImageObject\",\"inLanguage\":\"pt-BR\",\"@id\":\"https:\/\/franciscanos.org.br\/noticias\/o-espirito-santo-e-o-fermento-dos-cristaos-para-a-redencao.html#primaryimage\",\"url\":\"https:\/\/franciscanos.org.br\/noticias\/wp-content\/uploads\/2018\/10\/papa_191018.jpg\",\"contentUrl\":\"https:\/\/franciscanos.org.br\/noticias\/wp-content\/uploads\/2018\/10\/papa_191018.jpg\",\"width\":273,\"height\":181},{\"@type\":\"WebPage\",\"@id\":\"https:\/\/franciscanos.org.br\/noticias\/o-espirito-santo-e-o-fermento-dos-cristaos-para-a-redencao.html#webpage\",\"url\":\"https:\/\/franciscanos.org.br\/noticias\/o-espirito-santo-e-o-fermento-dos-cristaos-para-a-redencao.html\",\"name\":\"O Esp\u00edrito Santo \u00e9 o fermento dos crist\u00e3os para a reden\u00e7\u00e3o - Not\u00edcias - Franciscanos\",\"isPartOf\":{\"@id\":\"https:\/\/franciscanos.org.br\/noticias\/#website\"},\"primaryImageOfPage\":{\"@id\":\"https:\/\/franciscanos.org.br\/noticias\/o-espirito-santo-e-o-fermento-dos-cristaos-para-a-redencao.html#primaryimage\"},\"datePublished\":\"2018-10-19T11:17:49+00:00\",\"dateModified\":\"2020-01-17T12:19:27+00:00\",\"author\":{\"@id\":\"https:\/\/franciscanos.org.br\/noticias\/#\/schema\/person\/b38fbf43118f02820bd932f2e4b14ad3\"},\"breadcrumb\":{\"@id\":\"https:\/\/franciscanos.org.br\/noticias\/o-espirito-santo-e-o-fermento-dos-cristaos-para-a-redencao.html#breadcrumb\"},\"inLanguage\":\"pt-BR\",\"potentialAction\":[{\"@type\":\"ReadAction\",\"target\":[\"https:\/\/franciscanos.org.br\/noticias\/o-espirito-santo-e-o-fermento-dos-cristaos-para-a-redencao.html\"]}]},{\"@type\":\"BreadcrumbList\",\"@id\":\"https:\/\/franciscanos.org.br\/noticias\/o-espirito-santo-e-o-fermento-dos-cristaos-para-a-redencao.html#breadcrumb\",\"itemListElement\":[{\"@type\":\"ListItem\",\"position\":1,\"name\":\"Home\",\"item\":\"https:\/\/franciscanos.org.br\/noticias\"},{\"@type\":\"ListItem\",\"position\":2,\"name\":\"O Esp\u00edrito Santo \u00e9 o fermento dos crist\u00e3os para a reden\u00e7\u00e3o\"}]},{\"@type\":\"Person\",\"@id\":\"https:\/\/franciscanos.org.br\/noticias\/#\/schema\/person\/b38fbf43118f02820bd932f2e4b14ad3\",\"name\":\"admin\",\"image\":{\"@type\":\"ImageObject\",\"inLanguage\":\"pt-BR\",\"@id\":\"https:\/\/franciscanos.org.br\/noticias\/#\/schema\/person\/image\/\",\"url\":\"https:\/\/secure.gravatar.com\/avatar\/e8495742d34d0ba6448ea1c628263b3e?s=96&d=mm&r=g\",\"contentUrl\":\"https:\/\/secure.gravatar.com\/avatar\/e8495742d34d0ba6448ea1c628263b3e?s=96&d=mm&r=g\",\"caption\":\"admin\"},\"url\":\"https:\/\/franciscanos.org.br\/noticias\/author\/admin\"}]}<\/script>\n<!-- \/ Yoast SEO plugin. -->","yoast_head_json":{"title":"O Esp\u00edrito Santo \u00e9 o fermento dos crist\u00e3os para a reden\u00e7\u00e3o - Not\u00edcias - Franciscanos","robots":{"index":"index","follow":"follow","max-snippet":"max-snippet:-1","max-image-preview":"max-image-preview:large","max-video-preview":"max-video-preview:-1"},"canonical":"https:\/\/franciscanos.org.br\/noticias\/o-espirito-santo-e-o-fermento-dos-cristaos-para-a-redencao.html","og_locale":"pt_BR","og_type":"article","og_title":"O Esp\u00edrito Santo \u00e9 o fermento dos crist\u00e3os para a reden\u00e7\u00e3o - Not\u00edcias - Franciscanos","og_description":"Missa em Santa Marta","og_url":"https:\/\/franciscanos.org.br\/noticias\/o-espirito-santo-e-o-fermento-dos-cristaos-para-a-redencao.html","og_site_name":"Not\u00edcias - Franciscanos","article_published_time":"2018-10-19T11:17:49+00:00","article_modified_time":"2020-01-17T12:19:27+00:00","og_image":[{"width":273,"height":181,"url":"https:\/\/franciscanos.org.br\/noticias\/wp-content\/uploads\/2018\/10\/papa_191018.jpg","type":"image\/jpeg"}],"author":"admin","twitter_card":"summary_large_image","twitter_misc":{"Escrito por":"admin","Est. tempo de leitura":"4 minutos"},"schema":{"@context":"https:\/\/schema.org","@graph":[{"@type":"WebSite","@id":"https:\/\/franciscanos.org.br\/noticias\/#website","url":"https:\/\/franciscanos.org.br\/noticias\/","name":"Not\u00edcias - Franciscanos","description":"Prov\u00edncia Franciscana da Imaculada Concei\u00e7\u00e3o do Brasil - Ordem dos Frades Menores - OFM","potentialAction":[{"@type":"SearchAction","target":{"@type":"EntryPoint","urlTemplate":"https:\/\/franciscanos.org.br\/noticias\/?s={search_term_string}"},"query-input":"required name=search_term_string"}],"inLanguage":"pt-BR"},{"@type":"ImageObject","inLanguage":"pt-BR","@id":"https:\/\/franciscanos.org.br\/noticias\/o-espirito-santo-e-o-fermento-dos-cristaos-para-a-redencao.html#primaryimage","url":"https:\/\/franciscanos.org.br\/noticias\/wp-content\/uploads\/2018\/10\/papa_191018.jpg","contentUrl":"https:\/\/franciscanos.org.br\/noticias\/wp-content\/uploads\/2018\/10\/papa_191018.jpg","width":273,"height":181},{"@type":"WebPage","@id":"https:\/\/franciscanos.org.br\/noticias\/o-espirito-santo-e-o-fermento-dos-cristaos-para-a-redencao.html#webpage","url":"https:\/\/franciscanos.org.br\/noticias\/o-espirito-santo-e-o-fermento-dos-cristaos-para-a-redencao.html","name":"O Esp\u00edrito Santo \u00e9 o fermento dos crist\u00e3os para a reden\u00e7\u00e3o - Not\u00edcias - Franciscanos","isPartOf":{"@id":"https:\/\/franciscanos.org.br\/noticias\/#website"},"primaryImageOfPage":{"@id":"https:\/\/franciscanos.org.br\/noticias\/o-espirito-santo-e-o-fermento-dos-cristaos-para-a-redencao.html#primaryimage"},"datePublished":"2018-10-19T11:17:49+00:00","dateModified":"2020-01-17T12:19:27+00:00","author":{"@id":"https:\/\/franciscanos.org.br\/noticias\/#\/schema\/person\/b38fbf43118f02820bd932f2e4b14ad3"},"breadcrumb":{"@id":"https:\/\/franciscanos.org.br\/noticias\/o-espirito-santo-e-o-fermento-dos-cristaos-para-a-redencao.html#breadcrumb"},"inLanguage":"pt-BR","potentialAction":[{"@type":"ReadAction","target":["https:\/\/franciscanos.org.br\/noticias\/o-espirito-santo-e-o-fermento-dos-cristaos-para-a-redencao.html"]}]},{"@type":"BreadcrumbList","@id":"https:\/\/franciscanos.org.br\/noticias\/o-espirito-santo-e-o-fermento-dos-cristaos-para-a-redencao.html#breadcrumb","itemListElement":[{"@type":"ListItem","position":1,"name":"Home","item":"https:\/\/franciscanos.org.br\/noticias"},{"@type":"ListItem","position":2,"name":"O Esp\u00edrito Santo \u00e9 o fermento dos crist\u00e3os para a reden\u00e7\u00e3o"}]},{"@type":"Person","@id":"https:\/\/franciscanos.org.br\/noticias\/#\/schema\/person\/b38fbf43118f02820bd932f2e4b14ad3","name":"admin","image":{"@type":"ImageObject","inLanguage":"pt-BR","@id":"https:\/\/franciscanos.org.br\/noticias\/#\/schema\/person\/image\/","url":"https:\/\/secure.gravatar.com\/avatar\/e8495742d34d0ba6448ea1c628263b3e?s=96&d=mm&r=g","contentUrl":"https:\/\/secure.gravatar.com\/avatar\/e8495742d34d0ba6448ea1c628263b3e?s=96&d=mm&r=g","caption":"admin"},"url":"https:\/\/franciscanos.org.br\/noticias\/author\/admin"}]}},"_links":{"self":[{"href":"https:\/\/franciscanos.org.br\/noticias\/wp-json\/wp\/v2\/posts\/190046"}],"collection":[{"href":"https:\/\/franciscanos.org.br\/noticias\/wp-json\/wp\/v2\/posts"}],"about":[{"href":"https:\/\/franciscanos.org.br\/noticias\/wp-json\/wp\/v2\/types\/post"}],"author":[{"embeddable":true,"href":"https:\/\/franciscanos.org.br\/noticias\/wp-json\/wp\/v2\/users\/1"}],"replies":[{"embeddable":true,"href":"https:\/\/franciscanos.org.br\/noticias\/wp-json\/wp\/v2\/comments?post=190046"}],"version-history":[{"count":0,"href":"https:\/\/franciscanos.org.br\/noticias\/wp-json\/wp\/v2\/posts\/190046\/revisions"}],"wp:featuredmedia":[{"embeddable":true,"href":"https:\/\/franciscanos.org.br\/noticias\/wp-json\/wp\/v2\/media\/191333"}],"wp:attachment":[{"href":"https:\/\/franciscanos.org.br\/noticias\/wp-json\/wp\/v2\/media?parent=190046"}],"wp:term":[{"taxonomy":"category","embeddable":true,"href":"https:\/\/franciscanos.org.br\/noticias\/wp-json\/wp\/v2\/categories?post=190046"},{"taxonomy":"post_tag","embeddable":true,"href":"https:\/\/franciscanos.org.br\/noticias\/wp-json\/wp\/v2\/tags?post=190046"}],"curies":[{"name":"wp","href":"https:\/\/api.w.org\/{rel}","templated":true}]}}