{"id":190045,"date":"2018-10-18T16:02:52","date_gmt":"2018-10-18T19:02:52","guid":{"rendered":"http:\/\/franciscanos.org.br\/?p=174785"},"modified":"2020-06-06T18:19:51","modified_gmt":"2020-06-06T21:19:51","slug":"migracoes-o-acolhimento-e-um-dever-cristao","status":"publish","type":"post","link":"https:\/\/franciscanos.org.br\/noticias\/migracoes-o-acolhimento-e-um-dever-cristao.html","title":{"rendered":"Migra\u00e7\u00f5es: o acolhimento \u00e9 um dever crist\u00e3o"},"content":{"rendered":"<p><b><img loading=\"lazy\" class=\"alignleft size-full wp-image-191335\" src=\"https:\/\/franciscanos.org.br\/noticias\/wp-content\/uploads\/2018\/10\/sinodo_181018-830-1.jpg\" alt=\"\" width=\"830\" height=\"400\" srcset=\"https:\/\/franciscanos.org.br\/noticias\/wp-content\/uploads\/2018\/10\/sinodo_181018-830-1.jpg 830w, https:\/\/franciscanos.org.br\/noticias\/wp-content\/uploads\/2018\/10\/sinodo_181018-830-1-450x217.jpg 450w, https:\/\/franciscanos.org.br\/noticias\/wp-content\/uploads\/2018\/10\/sinodo_181018-830-1-768x370.jpg 768w, https:\/\/franciscanos.org.br\/noticias\/wp-content\/uploads\/2018\/10\/sinodo_181018-830-1-150x72.jpg 150w\" sizes=\"(max-width: 830px) 100vw, 830px\" \/>Cidade do Vaticano <\/b>&#8211;\u00a0A maior parte dos meios de comunica\u00e7\u00e3o, quando aborda o tema das migra\u00e7\u00f5es, refere-se em particular aos jovens que partem da \u00c1frica para chegar \u00e0 Europa. Mas essa \u00e9 uma vis\u00e3o limitada porque parte das migra\u00e7\u00f5es dos jovens, 80%, se d\u00e1 internamente na \u00c1frica.<\/p>\n<p>O arcebispo de Adis-Abeba, capital et\u00edope, cardeal Berhaneyesus Demerew Souraphiel, recordou este dado, pouco analisado na m\u00eddia ocidental, ao participar do briefing desta quinta-feira (18\/10) na Sala de Imprensa da Santa S\u00e9 sobre os trabalhos sinodais em andamento no Vaticano.<\/p>\n<p><strong>\u00c9 triste saber que fronteiras s\u00e3o fechadas<\/strong><\/p>\n<p>A \u00c1frica, ressaltou o purpurado, \u00e9 devastada pela corrup\u00e7\u00e3o, pelos conflitos, por guerras civis e pelo com\u00e9rcio de armas. Por causa desse com\u00e9rcio, em particular, morrem muitas crian\u00e7as recrutadas como soldados.<\/p>\n<p>\u201cHoje n\u00e3o \u00e9 f\u00e1cil ser um migrante\u201d, deixar a pr\u00f3pria casa e a fam\u00edlia: um estrangeiro que bate \u00e0 porta deve ser acolhido. Mas \u00e9 triste saber \u201cque algumas fronteiras s\u00e3o fechadas\u201d, disse o cardeal et\u00edope.<\/p>\n<p>\u201cA Igreja est\u00e1 do lado dos deslocados, das pessoas obrigadas a deixar suas casas\u201d, declarou ele. \u201cH\u00e1 40 milh\u00f5es de escravos no mundo e a maior parte \u00e9 de jovens\u201d, recordou.<\/p>\n<p><strong>Ouvir o grito dos jovens<\/strong><\/p>\n<p>Por sua vez, a docente de Economia na Pontif\u00edcia Faculdade de Ci\u00eancias da Educa\u00e7\u00e3o Auxilium, em Roma, Irm\u00e3 Alessandra Smerilli, observou que \u201ceconomia e ecologia t\u00eam a mesma raiz\u201d. A Carta Enc\u00edclica Laudato si\u2019 nos faz entender que \u201cn\u00e3o se pode deixar de ouvir o grito da terra e dos jovens\u201d, disse a religiosa.<\/p>\n<p>Referindo-se ao relat\u00f3rio da Caritas italiana, Irm\u00e3 Smerilli destacou tamb\u00e9m que na It\u00e1lia, pela primeira vez ap\u00f3s a Segunda Guerra Mundial, a incid\u00eancia da pobreza absoluta \u00e9 mais alta entre os jovens do que entre os anci\u00e3os. Na It\u00e1lia 50% dos pobres \u00e9 formado por jovens ou menor de idade. \u201cEsse estado de coisas n\u00e3o poder\u00e1 mudar se n\u00e3o for tomado o caminho da sustentabilidade\u201d, concluiu ela.<\/p>\n<p><strong>S\u00ednodo, experi\u00eancia de comunh\u00e3o<\/strong><\/p>\n<p>O arcebispo de Bolonha, Dom Matteo Zuppi, ressaltou que o S\u00ednodo \u00e9 uma experi\u00eancia de grande comunh\u00e3o, de encontro, tamb\u00e9m de conhecimento e de escuta. \u00c9 um poliedro que apresenta situa\u00e7\u00f5es muito diferentes, acrescentou. Falou-se do di\u00e1logo inter-religioso, dos refugiados, dos migrantes. Muitos desses s\u00e3o jovens, evidenciou o prelado.<\/p>\n<p>Na mesma linha pronunciou-se tamb\u00e9m o secret\u00e1rio do Dicast\u00e9rio Vaticano para os Leigos, a Fam\u00edlia e a Vida, Pe. Alexandre Awi Mello: \u201cO S\u00ednodo \u00e9 por si um sucesso. Valeu a pena estar aqui. Temos respirado um esp\u00edrito de comunh\u00e3o, de esperan\u00e7a\u201d, frisou o sacerdote brasileiro.<\/p>\n<p><strong>A pol\u00edtica seja um servi\u00e7o<\/strong><\/p>\n<p>O prefeito do Dicast\u00e9rio Vaticano para a Comunica\u00e7\u00e3o, Paolo Ruffini, recordou por sua vez que entre os temas surgidos durante as \u00faltimas assembleias sinodais destaca-se o papel da pol\u00edtica como forma de servi\u00e7o.<\/p>\n<p>Os jovens, em particular, est\u00e3o preocupados com a ascens\u00e3o de lideran\u00e7as corruptas. Outra quest\u00e3o abordada foi a da escravid\u00e3o: a Igreja, disse, tem um papel crucial no combate ao tr\u00e1fico de seres humanos. Por fim, Ruffini divulgou que foi composta uma Comiss\u00e3o para a reda\u00e7\u00e3o de uma Carta a ser endere\u00e7ada aos jovens do mundo inteiro.<\/p>\n<hr \/>\n<p><em>Fonte: Vatican News<\/em><\/p>\n","protected":false},"excerpt":{"rendered":"<p>S\u00ednodo dos Jovens<\/p>\n","protected":false},"author":1,"featured_media":191337,"comment_status":"open","ping_status":"open","sticky":false,"template":"","format":"standard","meta":[],"categories":[1428],"tags":[839],"acf":[],"yoast_head":"<!-- This site is optimized with the Yoast SEO plugin v19.2 - https:\/\/yoast.com\/wordpress\/plugins\/seo\/ -->\n<title>Migra\u00e7\u00f5es: o acolhimento \u00e9 um dever crist\u00e3o - Not\u00edcias - Franciscanos<\/title>\n<meta name=\"robots\" content=\"index, follow, max-snippet:-1, max-image-preview:large, max-video-preview:-1\" \/>\n<link rel=\"canonical\" href=\"https:\/\/franciscanos.org.br\/noticias\/migracoes-o-acolhimento-e-um-dever-cristao.html\" \/>\n<meta property=\"og:locale\" content=\"pt_BR\" \/>\n<meta property=\"og:type\" content=\"article\" \/>\n<meta property=\"og:title\" content=\"Migra\u00e7\u00f5es: o acolhimento \u00e9 um dever crist\u00e3o - Not\u00edcias - Franciscanos\" \/>\n<meta property=\"og:description\" content=\"S\u00ednodo dos Jovens\" \/>\n<meta property=\"og:url\" content=\"https:\/\/franciscanos.org.br\/noticias\/migracoes-o-acolhimento-e-um-dever-cristao.html\" \/>\n<meta property=\"og:site_name\" content=\"Not\u00edcias - Franciscanos\" \/>\n<meta property=\"article:published_time\" content=\"2018-10-18T19:02:52+00:00\" \/>\n<meta property=\"article:modified_time\" content=\"2020-06-06T21:19:51+00:00\" \/>\n<meta property=\"og:image\" content=\"https:\/\/franciscanos.org.br\/noticias\/wp-content\/uploads\/2018\/10\/sinodo_181018-830-1-1.jpg\" \/>\n\t<meta property=\"og:image:width\" content=\"273\" \/>\n\t<meta property=\"og:image:height\" content=\"181\" \/>\n\t<meta property=\"og:image:type\" content=\"image\/jpeg\" \/>\n<meta name=\"author\" content=\"admin\" \/>\n<meta name=\"twitter:card\" content=\"summary_large_image\" \/>\n<meta name=\"twitter:label1\" content=\"Escrito por\" \/>\n\t<meta name=\"twitter:data1\" content=\"admin\" \/>\n\t<meta name=\"twitter:label2\" content=\"Est. tempo de leitura\" \/>\n\t<meta name=\"twitter:data2\" content=\"3 minutos\" \/>\n<script type=\"application\/ld+json\" class=\"yoast-schema-graph\">{\"@context\":\"https:\/\/schema.org\",\"@graph\":[{\"@type\":\"WebSite\",\"@id\":\"https:\/\/franciscanos.org.br\/noticias\/#website\",\"url\":\"https:\/\/franciscanos.org.br\/noticias\/\",\"name\":\"Not\u00edcias - Franciscanos\",\"description\":\"Prov\u00edncia Franciscana da Imaculada Concei\u00e7\u00e3o do Brasil - Ordem dos Frades Menores - OFM\",\"potentialAction\":[{\"@type\":\"SearchAction\",\"target\":{\"@type\":\"EntryPoint\",\"urlTemplate\":\"https:\/\/franciscanos.org.br\/noticias\/?s={search_term_string}\"},\"query-input\":\"required name=search_term_string\"}],\"inLanguage\":\"pt-BR\"},{\"@type\":\"ImageObject\",\"inLanguage\":\"pt-BR\",\"@id\":\"https:\/\/franciscanos.org.br\/noticias\/migracoes-o-acolhimento-e-um-dever-cristao.html#primaryimage\",\"url\":\"https:\/\/franciscanos.org.br\/noticias\/wp-content\/uploads\/2018\/10\/sinodo_181018-830-1-1.jpg\",\"contentUrl\":\"https:\/\/franciscanos.org.br\/noticias\/wp-content\/uploads\/2018\/10\/sinodo_181018-830-1-1.jpg\",\"width\":273,\"height\":181},{\"@type\":\"WebPage\",\"@id\":\"https:\/\/franciscanos.org.br\/noticias\/migracoes-o-acolhimento-e-um-dever-cristao.html#webpage\",\"url\":\"https:\/\/franciscanos.org.br\/noticias\/migracoes-o-acolhimento-e-um-dever-cristao.html\",\"name\":\"Migra\u00e7\u00f5es: o acolhimento \u00e9 um dever crist\u00e3o - Not\u00edcias - Franciscanos\",\"isPartOf\":{\"@id\":\"https:\/\/franciscanos.org.br\/noticias\/#website\"},\"primaryImageOfPage\":{\"@id\":\"https:\/\/franciscanos.org.br\/noticias\/migracoes-o-acolhimento-e-um-dever-cristao.html#primaryimage\"},\"datePublished\":\"2018-10-18T19:02:52+00:00\",\"dateModified\":\"2020-06-06T21:19:51+00:00\",\"author\":{\"@id\":\"https:\/\/franciscanos.org.br\/noticias\/#\/schema\/person\/b38fbf43118f02820bd932f2e4b14ad3\"},\"breadcrumb\":{\"@id\":\"https:\/\/franciscanos.org.br\/noticias\/migracoes-o-acolhimento-e-um-dever-cristao.html#breadcrumb\"},\"inLanguage\":\"pt-BR\",\"potentialAction\":[{\"@type\":\"ReadAction\",\"target\":[\"https:\/\/franciscanos.org.br\/noticias\/migracoes-o-acolhimento-e-um-dever-cristao.html\"]}]},{\"@type\":\"BreadcrumbList\",\"@id\":\"https:\/\/franciscanos.org.br\/noticias\/migracoes-o-acolhimento-e-um-dever-cristao.html#breadcrumb\",\"itemListElement\":[{\"@type\":\"ListItem\",\"position\":1,\"name\":\"Home\",\"item\":\"https:\/\/franciscanos.org.br\/noticias\"},{\"@type\":\"ListItem\",\"position\":2,\"name\":\"Migra\u00e7\u00f5es: o acolhimento \u00e9 um dever crist\u00e3o\"}]},{\"@type\":\"Person\",\"@id\":\"https:\/\/franciscanos.org.br\/noticias\/#\/schema\/person\/b38fbf43118f02820bd932f2e4b14ad3\",\"name\":\"admin\",\"image\":{\"@type\":\"ImageObject\",\"inLanguage\":\"pt-BR\",\"@id\":\"https:\/\/franciscanos.org.br\/noticias\/#\/schema\/person\/image\/\",\"url\":\"https:\/\/secure.gravatar.com\/avatar\/e8495742d34d0ba6448ea1c628263b3e?s=96&d=mm&r=g\",\"contentUrl\":\"https:\/\/secure.gravatar.com\/avatar\/e8495742d34d0ba6448ea1c628263b3e?s=96&d=mm&r=g\",\"caption\":\"admin\"},\"url\":\"https:\/\/franciscanos.org.br\/noticias\/author\/admin\"}]}<\/script>\n<!-- \/ Yoast SEO plugin. -->","yoast_head_json":{"title":"Migra\u00e7\u00f5es: o acolhimento \u00e9 um dever crist\u00e3o - Not\u00edcias - Franciscanos","robots":{"index":"index","follow":"follow","max-snippet":"max-snippet:-1","max-image-preview":"max-image-preview:large","max-video-preview":"max-video-preview:-1"},"canonical":"https:\/\/franciscanos.org.br\/noticias\/migracoes-o-acolhimento-e-um-dever-cristao.html","og_locale":"pt_BR","og_type":"article","og_title":"Migra\u00e7\u00f5es: o acolhimento \u00e9 um dever crist\u00e3o - Not\u00edcias - Franciscanos","og_description":"S\u00ednodo dos Jovens","og_url":"https:\/\/franciscanos.org.br\/noticias\/migracoes-o-acolhimento-e-um-dever-cristao.html","og_site_name":"Not\u00edcias - Franciscanos","article_published_time":"2018-10-18T19:02:52+00:00","article_modified_time":"2020-06-06T21:19:51+00:00","og_image":[{"width":273,"height":181,"url":"https:\/\/franciscanos.org.br\/noticias\/wp-content\/uploads\/2018\/10\/sinodo_181018-830-1-1.jpg","type":"image\/jpeg"}],"author":"admin","twitter_card":"summary_large_image","twitter_misc":{"Escrito por":"admin","Est. tempo de leitura":"3 minutos"},"schema":{"@context":"https:\/\/schema.org","@graph":[{"@type":"WebSite","@id":"https:\/\/franciscanos.org.br\/noticias\/#website","url":"https:\/\/franciscanos.org.br\/noticias\/","name":"Not\u00edcias - Franciscanos","description":"Prov\u00edncia Franciscana da Imaculada Concei\u00e7\u00e3o do Brasil - Ordem dos Frades Menores - OFM","potentialAction":[{"@type":"SearchAction","target":{"@type":"EntryPoint","urlTemplate":"https:\/\/franciscanos.org.br\/noticias\/?s={search_term_string}"},"query-input":"required name=search_term_string"}],"inLanguage":"pt-BR"},{"@type":"ImageObject","inLanguage":"pt-BR","@id":"https:\/\/franciscanos.org.br\/noticias\/migracoes-o-acolhimento-e-um-dever-cristao.html#primaryimage","url":"https:\/\/franciscanos.org.br\/noticias\/wp-content\/uploads\/2018\/10\/sinodo_181018-830-1-1.jpg","contentUrl":"https:\/\/franciscanos.org.br\/noticias\/wp-content\/uploads\/2018\/10\/sinodo_181018-830-1-1.jpg","width":273,"height":181},{"@type":"WebPage","@id":"https:\/\/franciscanos.org.br\/noticias\/migracoes-o-acolhimento-e-um-dever-cristao.html#webpage","url":"https:\/\/franciscanos.org.br\/noticias\/migracoes-o-acolhimento-e-um-dever-cristao.html","name":"Migra\u00e7\u00f5es: o acolhimento \u00e9 um dever crist\u00e3o - Not\u00edcias - Franciscanos","isPartOf":{"@id":"https:\/\/franciscanos.org.br\/noticias\/#website"},"primaryImageOfPage":{"@id":"https:\/\/franciscanos.org.br\/noticias\/migracoes-o-acolhimento-e-um-dever-cristao.html#primaryimage"},"datePublished":"2018-10-18T19:02:52+00:00","dateModified":"2020-06-06T21:19:51+00:00","author":{"@id":"https:\/\/franciscanos.org.br\/noticias\/#\/schema\/person\/b38fbf43118f02820bd932f2e4b14ad3"},"breadcrumb":{"@id":"https:\/\/franciscanos.org.br\/noticias\/migracoes-o-acolhimento-e-um-dever-cristao.html#breadcrumb"},"inLanguage":"pt-BR","potentialAction":[{"@type":"ReadAction","target":["https:\/\/franciscanos.org.br\/noticias\/migracoes-o-acolhimento-e-um-dever-cristao.html"]}]},{"@type":"BreadcrumbList","@id":"https:\/\/franciscanos.org.br\/noticias\/migracoes-o-acolhimento-e-um-dever-cristao.html#breadcrumb","itemListElement":[{"@type":"ListItem","position":1,"name":"Home","item":"https:\/\/franciscanos.org.br\/noticias"},{"@type":"ListItem","position":2,"name":"Migra\u00e7\u00f5es: o acolhimento \u00e9 um dever crist\u00e3o"}]},{"@type":"Person","@id":"https:\/\/franciscanos.org.br\/noticias\/#\/schema\/person\/b38fbf43118f02820bd932f2e4b14ad3","name":"admin","image":{"@type":"ImageObject","inLanguage":"pt-BR","@id":"https:\/\/franciscanos.org.br\/noticias\/#\/schema\/person\/image\/","url":"https:\/\/secure.gravatar.com\/avatar\/e8495742d34d0ba6448ea1c628263b3e?s=96&d=mm&r=g","contentUrl":"https:\/\/secure.gravatar.com\/avatar\/e8495742d34d0ba6448ea1c628263b3e?s=96&d=mm&r=g","caption":"admin"},"url":"https:\/\/franciscanos.org.br\/noticias\/author\/admin"}]}},"_links":{"self":[{"href":"https:\/\/franciscanos.org.br\/noticias\/wp-json\/wp\/v2\/posts\/190045"}],"collection":[{"href":"https:\/\/franciscanos.org.br\/noticias\/wp-json\/wp\/v2\/posts"}],"about":[{"href":"https:\/\/franciscanos.org.br\/noticias\/wp-json\/wp\/v2\/types\/post"}],"author":[{"embeddable":true,"href":"https:\/\/franciscanos.org.br\/noticias\/wp-json\/wp\/v2\/users\/1"}],"replies":[{"embeddable":true,"href":"https:\/\/franciscanos.org.br\/noticias\/wp-json\/wp\/v2\/comments?post=190045"}],"version-history":[{"count":1,"href":"https:\/\/franciscanos.org.br\/noticias\/wp-json\/wp\/v2\/posts\/190045\/revisions"}],"predecessor-version":[{"id":224740,"href":"https:\/\/franciscanos.org.br\/noticias\/wp-json\/wp\/v2\/posts\/190045\/revisions\/224740"}],"wp:featuredmedia":[{"embeddable":true,"href":"https:\/\/franciscanos.org.br\/noticias\/wp-json\/wp\/v2\/media\/191337"}],"wp:attachment":[{"href":"https:\/\/franciscanos.org.br\/noticias\/wp-json\/wp\/v2\/media?parent=190045"}],"wp:term":[{"taxonomy":"category","embeddable":true,"href":"https:\/\/franciscanos.org.br\/noticias\/wp-json\/wp\/v2\/categories?post=190045"},{"taxonomy":"post_tag","embeddable":true,"href":"https:\/\/franciscanos.org.br\/noticias\/wp-json\/wp\/v2\/tags?post=190045"}],"curies":[{"name":"wp","href":"https:\/\/api.w.org\/{rel}","templated":true}]}}