{"id":190044,"date":"2018-10-17T16:46:58","date_gmt":"2018-10-17T19:46:58","guid":{"rendered":"http:\/\/franciscanos.org.br\/?p=174727"},"modified":"2020-06-06T18:21:41","modified_gmt":"2020-06-06T21:21:41","slug":"seremos-testemunhas-nao-mensageiros-de-um-documento","status":"publish","type":"post","link":"https:\/\/franciscanos.org.br\/noticias\/seremos-testemunhas-nao-mensageiros-de-um-documento.html","title":{"rendered":"Seremos testemunhas, n\u00e3o mensageiros de um documento"},"content":{"rendered":"<p><strong><img loading=\"lazy\" class=\"alignleft size-full wp-image-191372\" src=\"https:\/\/franciscanos.org.br\/noticias\/wp-content\/uploads\/2018\/10\/sinodo_171018-830-2.jpg\" alt=\"\" width=\"830\" height=\"400\" srcset=\"https:\/\/franciscanos.org.br\/noticias\/wp-content\/uploads\/2018\/10\/sinodo_171018-830-2.jpg 830w, https:\/\/franciscanos.org.br\/noticias\/wp-content\/uploads\/2018\/10\/sinodo_171018-830-2-450x217.jpg 450w, https:\/\/franciscanos.org.br\/noticias\/wp-content\/uploads\/2018\/10\/sinodo_171018-830-2-768x370.jpg 768w, https:\/\/franciscanos.org.br\/noticias\/wp-content\/uploads\/2018\/10\/sinodo_171018-830-2-150x72.jpg 150w\" sizes=\"(max-width: 830px) 100vw, 830px\" \/>Cidade do Vaticano &#8211;\u00a0<\/strong>\u201cCresce em muitos padres sinodais o desejo de deixar o S\u00ednodo n\u00e3o como mensageiros de um texto, mas testemunhas de um evento que n\u00e3o \u00e9 um parlamento.\u201d O abade geral da Ordem Cisterciense, Pe. Mauro Giorgio Giuseppe Lepori, que no S\u00ednodo dos Bispos dedicado aos jovens representa o mundo mon\u00e1stico, falando aos jornalistas no briefing desta quarta-feira (17\/10), na Sala de Imprensa da Santa S\u00e9, j\u00e1 olha para a conclus\u00e3o da Assembleia sinodal, dia 28 de outubro.<\/p>\n<p>O abade destacou aos jornalistas que entre os 267 padres sinodais o evento de comunh\u00e3o \u201cest\u00e1 prevalecendo sobre a preocupa\u00e7\u00e3o de criar um texto\u201d, ou seja, o documento final. \u201c\u00c9 realmente uma experi\u00eancia de Igreja, um testemunho de fraternidade eclesial\u201d, acrescentou o religioso. \u201cUma Igreja que em si mesma \u00e9 resposta aos problemas.\u201d<\/p>\n<p>Os pr\u00f3prios bispos diocesanos \u201cs\u00e3o educados \u00e0 escuta de seu rebanho\u201d, que n\u00e3o quer encontrar demasiados intermedi\u00e1rios para falar com seu pastor, respondeu o abade cisterciense instado por uma das perguntas que lhe foram dirigidas.<\/p>\n<p>Sobre o tema da escuta falou tamb\u00e9m o Irm\u00e3o Alois, prior da Comunidade Ecum\u00eanica de Taiz\u00e9, na Fran\u00e7a, em cuja comunidade o \u201cminist\u00e9rio da escuta\u201d dos jovens \u00e9 fundamental, e \u00e9 exercido tamb\u00e9m por leigos.<\/p>\n<p><strong>Irm\u00e3o Alois: falou-se pouco sobre ecumenismo<\/strong><\/p>\n<p>\u201cEm Paris j\u00e1 existem igrejas abertas, com pessoas dispon\u00edveis \u00e0 escuta. Ficam \u00e0 disposi\u00e7\u00e3o ao t\u00e9rmino da missa, como primeiro contato com que quem pede ajuda ou quer partilhar um sofrimento ou mesmo uma alegria\u201d, contou ele.<\/p>\n<p>As par\u00f3quias deveriam ser comunidades acolhedoras nas quais se reza juntos e nas quais os jovens veem que o Evangelho \u00e9 algo de concreto.<\/p>\n<p>N\u00e3o se falou muito sobre ecumenismo, lamentou o prior de Taiz\u00e9, \u201cmas os jovens querem rezar juntos com os fi\u00e9is de outras confiss\u00f5es crist\u00e3s, pedem isso\u201d. Contudo, a contribui\u00e7\u00e3o dos delegados fraternos nos trabalhos de grupos \u00e9 importante, reconheceu.<\/p>\n<p><strong>O pastor: uma nova linguagem para falar ao mundo<\/strong><\/p>\n<p>Tamb\u00e9m participou do briefing sinodal o delegado fraterno da Comunh\u00e3o Mundial das Igrejas da Reforma, pastor Marco Fornerone. \u201cVivo a surpresa da proximidade que encontrei nos temas abordados, nos desafios da Igreja de hoje. Uma grande proximidade na reflex\u00e3o que se faz sobre a rela\u00e7\u00e3o Igreja\u2013mundo e sobre a necessidade de repensar a linguagem com a qual a Igreja se dirige ao mundo\u201d, explicou aos jornalistas.<\/p>\n<p><strong>Dom Tencer: os jovens preferem a B\u00edblia no celular<\/strong><\/p>\n<p>Por sua vez, o bispo de Reykjav\u00edk, capital da Isl\u00e2ndia, Dom Frei David Bartimej Tencer, frade capuchinho, falou sobre novas linguagens e mundo digital. \u201cSem o digital, n\u00f3s na Isl\u00e2ndia estar\u00edamos perdidos\u201d, ressaltou, contando ter organizado \u201ca escola de catecismo via Skype, porque h\u00e1 paroquianos a 700Km de dist\u00e2ncia. Assim estive em contato muito real com eles\u201d, enfatizou.<\/p>\n<p>\u201cOs jovens da minha diocese preferem baixar a B\u00edblia no smartphone a l\u00ea-la em impresso. A Igreja segue adiante, tamb\u00e9m gra\u00e7as ao mundo digital, na dire\u00e7\u00e3o em que faz os jovens se sentirem sempre mais protagonistas\u201d, acrescentou.<\/p>\n<p><strong>Ruffini: uma Igreja protagonista no mundo digital<\/strong><\/p>\n<p>O prefeito do Dicast\u00e9rio Vaticano para a Comunica\u00e7\u00e3o, Paolo Ruffini, observou por sua vez que o tema do acompanhamento \u00e9 um tema central na Sala do S\u00ednodo: buscar estar onde os jovens se encontram. Portanto, fazer-se presente no mundo digital\u201d.<\/p>\n<p>Falou-se sobre \u201ccomo a Igreja pode estar presente no mundo digital de modo oficial, como protagonista, com liberdade, prud\u00eancia e responsabilidade\u201d. Por conseguinte, foi dito no S\u00ednodo, \u201c\u00e9 preciso dar um passo ulterior para estar presente de modo mais estruturado, com uma plataforma mais oficial\u201d.<\/p>\n<hr \/>\n<p><em>Fonte: Vatican News<\/em><\/p>\n","protected":false},"excerpt":{"rendered":"<p>S\u00ednodo dos Jovens<\/p>\n","protected":false},"author":1,"featured_media":191374,"comment_status":"open","ping_status":"open","sticky":false,"template":"","format":"standard","meta":[],"categories":[1428],"tags":[839],"acf":[],"yoast_head":"<!-- This site is optimized with the Yoast SEO plugin v19.2 - https:\/\/yoast.com\/wordpress\/plugins\/seo\/ -->\n<title>Seremos testemunhas, n\u00e3o mensageiros de um documento - Not\u00edcias - Franciscanos<\/title>\n<meta name=\"robots\" content=\"index, follow, max-snippet:-1, max-image-preview:large, max-video-preview:-1\" \/>\n<link rel=\"canonical\" href=\"https:\/\/franciscanos.org.br\/noticias\/seremos-testemunhas-nao-mensageiros-de-um-documento.html\" \/>\n<meta property=\"og:locale\" content=\"pt_BR\" \/>\n<meta property=\"og:type\" content=\"article\" \/>\n<meta property=\"og:title\" content=\"Seremos testemunhas, n\u00e3o mensageiros de um documento - Not\u00edcias - Franciscanos\" \/>\n<meta property=\"og:description\" content=\"S\u00ednodo dos Jovens\" \/>\n<meta property=\"og:url\" content=\"https:\/\/franciscanos.org.br\/noticias\/seremos-testemunhas-nao-mensageiros-de-um-documento.html\" \/>\n<meta property=\"og:site_name\" content=\"Not\u00edcias - Franciscanos\" \/>\n<meta property=\"article:published_time\" content=\"2018-10-17T19:46:58+00:00\" \/>\n<meta property=\"article:modified_time\" content=\"2020-06-06T21:21:41+00:00\" \/>\n<meta property=\"og:image\" content=\"https:\/\/franciscanos.org.br\/noticias\/wp-content\/uploads\/2018\/10\/sinodo_171018-830-2-1.jpg\" \/>\n\t<meta property=\"og:image:width\" content=\"273\" \/>\n\t<meta property=\"og:image:height\" content=\"181\" \/>\n\t<meta property=\"og:image:type\" content=\"image\/jpeg\" \/>\n<meta name=\"author\" content=\"admin\" \/>\n<meta name=\"twitter:card\" content=\"summary_large_image\" \/>\n<meta name=\"twitter:label1\" content=\"Escrito por\" \/>\n\t<meta name=\"twitter:data1\" content=\"admin\" \/>\n\t<meta name=\"twitter:label2\" content=\"Est. tempo de leitura\" \/>\n\t<meta name=\"twitter:data2\" content=\"3 minutos\" \/>\n<script type=\"application\/ld+json\" class=\"yoast-schema-graph\">{\"@context\":\"https:\/\/schema.org\",\"@graph\":[{\"@type\":\"WebSite\",\"@id\":\"https:\/\/franciscanos.org.br\/noticias\/#website\",\"url\":\"https:\/\/franciscanos.org.br\/noticias\/\",\"name\":\"Not\u00edcias - Franciscanos\",\"description\":\"Prov\u00edncia Franciscana da Imaculada Concei\u00e7\u00e3o do Brasil - Ordem dos Frades Menores - OFM\",\"potentialAction\":[{\"@type\":\"SearchAction\",\"target\":{\"@type\":\"EntryPoint\",\"urlTemplate\":\"https:\/\/franciscanos.org.br\/noticias\/?s={search_term_string}\"},\"query-input\":\"required name=search_term_string\"}],\"inLanguage\":\"pt-BR\"},{\"@type\":\"ImageObject\",\"inLanguage\":\"pt-BR\",\"@id\":\"https:\/\/franciscanos.org.br\/noticias\/seremos-testemunhas-nao-mensageiros-de-um-documento.html#primaryimage\",\"url\":\"https:\/\/franciscanos.org.br\/noticias\/wp-content\/uploads\/2018\/10\/sinodo_171018-830-2-1.jpg\",\"contentUrl\":\"https:\/\/franciscanos.org.br\/noticias\/wp-content\/uploads\/2018\/10\/sinodo_171018-830-2-1.jpg\",\"width\":273,\"height\":181},{\"@type\":\"WebPage\",\"@id\":\"https:\/\/franciscanos.org.br\/noticias\/seremos-testemunhas-nao-mensageiros-de-um-documento.html#webpage\",\"url\":\"https:\/\/franciscanos.org.br\/noticias\/seremos-testemunhas-nao-mensageiros-de-um-documento.html\",\"name\":\"Seremos testemunhas, n\u00e3o mensageiros de um documento - Not\u00edcias - Franciscanos\",\"isPartOf\":{\"@id\":\"https:\/\/franciscanos.org.br\/noticias\/#website\"},\"primaryImageOfPage\":{\"@id\":\"https:\/\/franciscanos.org.br\/noticias\/seremos-testemunhas-nao-mensageiros-de-um-documento.html#primaryimage\"},\"datePublished\":\"2018-10-17T19:46:58+00:00\",\"dateModified\":\"2020-06-06T21:21:41+00:00\",\"author\":{\"@id\":\"https:\/\/franciscanos.org.br\/noticias\/#\/schema\/person\/b38fbf43118f02820bd932f2e4b14ad3\"},\"breadcrumb\":{\"@id\":\"https:\/\/franciscanos.org.br\/noticias\/seremos-testemunhas-nao-mensageiros-de-um-documento.html#breadcrumb\"},\"inLanguage\":\"pt-BR\",\"potentialAction\":[{\"@type\":\"ReadAction\",\"target\":[\"https:\/\/franciscanos.org.br\/noticias\/seremos-testemunhas-nao-mensageiros-de-um-documento.html\"]}]},{\"@type\":\"BreadcrumbList\",\"@id\":\"https:\/\/franciscanos.org.br\/noticias\/seremos-testemunhas-nao-mensageiros-de-um-documento.html#breadcrumb\",\"itemListElement\":[{\"@type\":\"ListItem\",\"position\":1,\"name\":\"Home\",\"item\":\"https:\/\/franciscanos.org.br\/noticias\"},{\"@type\":\"ListItem\",\"position\":2,\"name\":\"Seremos testemunhas, n\u00e3o mensageiros de um documento\"}]},{\"@type\":\"Person\",\"@id\":\"https:\/\/franciscanos.org.br\/noticias\/#\/schema\/person\/b38fbf43118f02820bd932f2e4b14ad3\",\"name\":\"admin\",\"image\":{\"@type\":\"ImageObject\",\"inLanguage\":\"pt-BR\",\"@id\":\"https:\/\/franciscanos.org.br\/noticias\/#\/schema\/person\/image\/\",\"url\":\"https:\/\/secure.gravatar.com\/avatar\/e8495742d34d0ba6448ea1c628263b3e?s=96&d=mm&r=g\",\"contentUrl\":\"https:\/\/secure.gravatar.com\/avatar\/e8495742d34d0ba6448ea1c628263b3e?s=96&d=mm&r=g\",\"caption\":\"admin\"},\"url\":\"https:\/\/franciscanos.org.br\/noticias\/author\/admin\"}]}<\/script>\n<!-- \/ Yoast SEO plugin. -->","yoast_head_json":{"title":"Seremos testemunhas, n\u00e3o mensageiros de um documento - Not\u00edcias - Franciscanos","robots":{"index":"index","follow":"follow","max-snippet":"max-snippet:-1","max-image-preview":"max-image-preview:large","max-video-preview":"max-video-preview:-1"},"canonical":"https:\/\/franciscanos.org.br\/noticias\/seremos-testemunhas-nao-mensageiros-de-um-documento.html","og_locale":"pt_BR","og_type":"article","og_title":"Seremos testemunhas, n\u00e3o mensageiros de um documento - Not\u00edcias - Franciscanos","og_description":"S\u00ednodo dos Jovens","og_url":"https:\/\/franciscanos.org.br\/noticias\/seremos-testemunhas-nao-mensageiros-de-um-documento.html","og_site_name":"Not\u00edcias - Franciscanos","article_published_time":"2018-10-17T19:46:58+00:00","article_modified_time":"2020-06-06T21:21:41+00:00","og_image":[{"width":273,"height":181,"url":"https:\/\/franciscanos.org.br\/noticias\/wp-content\/uploads\/2018\/10\/sinodo_171018-830-2-1.jpg","type":"image\/jpeg"}],"author":"admin","twitter_card":"summary_large_image","twitter_misc":{"Escrito por":"admin","Est. tempo de leitura":"3 minutos"},"schema":{"@context":"https:\/\/schema.org","@graph":[{"@type":"WebSite","@id":"https:\/\/franciscanos.org.br\/noticias\/#website","url":"https:\/\/franciscanos.org.br\/noticias\/","name":"Not\u00edcias - Franciscanos","description":"Prov\u00edncia Franciscana da Imaculada Concei\u00e7\u00e3o do Brasil - Ordem dos Frades Menores - OFM","potentialAction":[{"@type":"SearchAction","target":{"@type":"EntryPoint","urlTemplate":"https:\/\/franciscanos.org.br\/noticias\/?s={search_term_string}"},"query-input":"required name=search_term_string"}],"inLanguage":"pt-BR"},{"@type":"ImageObject","inLanguage":"pt-BR","@id":"https:\/\/franciscanos.org.br\/noticias\/seremos-testemunhas-nao-mensageiros-de-um-documento.html#primaryimage","url":"https:\/\/franciscanos.org.br\/noticias\/wp-content\/uploads\/2018\/10\/sinodo_171018-830-2-1.jpg","contentUrl":"https:\/\/franciscanos.org.br\/noticias\/wp-content\/uploads\/2018\/10\/sinodo_171018-830-2-1.jpg","width":273,"height":181},{"@type":"WebPage","@id":"https:\/\/franciscanos.org.br\/noticias\/seremos-testemunhas-nao-mensageiros-de-um-documento.html#webpage","url":"https:\/\/franciscanos.org.br\/noticias\/seremos-testemunhas-nao-mensageiros-de-um-documento.html","name":"Seremos testemunhas, n\u00e3o mensageiros de um documento - Not\u00edcias - Franciscanos","isPartOf":{"@id":"https:\/\/franciscanos.org.br\/noticias\/#website"},"primaryImageOfPage":{"@id":"https:\/\/franciscanos.org.br\/noticias\/seremos-testemunhas-nao-mensageiros-de-um-documento.html#primaryimage"},"datePublished":"2018-10-17T19:46:58+00:00","dateModified":"2020-06-06T21:21:41+00:00","author":{"@id":"https:\/\/franciscanos.org.br\/noticias\/#\/schema\/person\/b38fbf43118f02820bd932f2e4b14ad3"},"breadcrumb":{"@id":"https:\/\/franciscanos.org.br\/noticias\/seremos-testemunhas-nao-mensageiros-de-um-documento.html#breadcrumb"},"inLanguage":"pt-BR","potentialAction":[{"@type":"ReadAction","target":["https:\/\/franciscanos.org.br\/noticias\/seremos-testemunhas-nao-mensageiros-de-um-documento.html"]}]},{"@type":"BreadcrumbList","@id":"https:\/\/franciscanos.org.br\/noticias\/seremos-testemunhas-nao-mensageiros-de-um-documento.html#breadcrumb","itemListElement":[{"@type":"ListItem","position":1,"name":"Home","item":"https:\/\/franciscanos.org.br\/noticias"},{"@type":"ListItem","position":2,"name":"Seremos testemunhas, n\u00e3o mensageiros de um documento"}]},{"@type":"Person","@id":"https:\/\/franciscanos.org.br\/noticias\/#\/schema\/person\/b38fbf43118f02820bd932f2e4b14ad3","name":"admin","image":{"@type":"ImageObject","inLanguage":"pt-BR","@id":"https:\/\/franciscanos.org.br\/noticias\/#\/schema\/person\/image\/","url":"https:\/\/secure.gravatar.com\/avatar\/e8495742d34d0ba6448ea1c628263b3e?s=96&d=mm&r=g","contentUrl":"https:\/\/secure.gravatar.com\/avatar\/e8495742d34d0ba6448ea1c628263b3e?s=96&d=mm&r=g","caption":"admin"},"url":"https:\/\/franciscanos.org.br\/noticias\/author\/admin"}]}},"_links":{"self":[{"href":"https:\/\/franciscanos.org.br\/noticias\/wp-json\/wp\/v2\/posts\/190044"}],"collection":[{"href":"https:\/\/franciscanos.org.br\/noticias\/wp-json\/wp\/v2\/posts"}],"about":[{"href":"https:\/\/franciscanos.org.br\/noticias\/wp-json\/wp\/v2\/types\/post"}],"author":[{"embeddable":true,"href":"https:\/\/franciscanos.org.br\/noticias\/wp-json\/wp\/v2\/users\/1"}],"replies":[{"embeddable":true,"href":"https:\/\/franciscanos.org.br\/noticias\/wp-json\/wp\/v2\/comments?post=190044"}],"version-history":[{"count":1,"href":"https:\/\/franciscanos.org.br\/noticias\/wp-json\/wp\/v2\/posts\/190044\/revisions"}],"predecessor-version":[{"id":224742,"href":"https:\/\/franciscanos.org.br\/noticias\/wp-json\/wp\/v2\/posts\/190044\/revisions\/224742"}],"wp:featuredmedia":[{"embeddable":true,"href":"https:\/\/franciscanos.org.br\/noticias\/wp-json\/wp\/v2\/media\/191374"}],"wp:attachment":[{"href":"https:\/\/franciscanos.org.br\/noticias\/wp-json\/wp\/v2\/media?parent=190044"}],"wp:term":[{"taxonomy":"category","embeddable":true,"href":"https:\/\/franciscanos.org.br\/noticias\/wp-json\/wp\/v2\/categories?post=190044"},{"taxonomy":"post_tag","embeddable":true,"href":"https:\/\/franciscanos.org.br\/noticias\/wp-json\/wp\/v2\/tags?post=190044"}],"curies":[{"name":"wp","href":"https:\/\/api.w.org\/{rel}","templated":true}]}}