{"id":190043,"date":"2018-10-16T19:52:25","date_gmt":"2018-10-16T22:52:25","guid":{"rendered":"http:\/\/franciscanos.org.br\/?p=174705"},"modified":"2020-06-06T18:22:17","modified_gmt":"2020-06-06T21:22:17","slug":"o-testemunho-dos-jovens-santos-e-martires-de-nosso-tempo","status":"publish","type":"post","link":"https:\/\/franciscanos.org.br\/noticias\/o-testemunho-dos-jovens-santos-e-martires-de-nosso-tempo.html","title":{"rendered":"O testemunho dos jovens santos e m\u00e1rtires de nosso tempo"},"content":{"rendered":"<p><img loading=\"lazy\" class=\"alignleft size-full wp-image-191377\" src=\"https:\/\/franciscanos.org.br\/noticias\/wp-content\/uploads\/2018\/10\/sinodo05102018.jpg\" alt=\"\" width=\"820\" height=\"432\" srcset=\"https:\/\/franciscanos.org.br\/noticias\/wp-content\/uploads\/2018\/10\/sinodo05102018.jpg 820w, https:\/\/franciscanos.org.br\/noticias\/wp-content\/uploads\/2018\/10\/sinodo05102018-450x237.jpg 450w, https:\/\/franciscanos.org.br\/noticias\/wp-content\/uploads\/2018\/10\/sinodo05102018-768x405.jpg 768w, https:\/\/franciscanos.org.br\/noticias\/wp-content\/uploads\/2018\/10\/sinodo05102018-150x79.jpg 150w\" sizes=\"(max-width: 820px) 100vw, 820px\" \/><\/p>\n<p><strong>Cidade do Vaticano &#8211;<\/strong>\u00a0A\u00a013\u00aa Congrega\u00e7\u00e3o Geral do S\u00ednodo sobre os jovens, na tarde desta ter\u00e7a-feira, 16\/10, continuou o debate, que come\u00e7ou na parte da manh\u00e3, sobre a terceira parte do Instrumento de Trabalho:\u00a0Escolher, caminhos de convers\u00e3o pastoral e mission\u00e1ria. 251 padres sinodais estavam presentes na Aula.<\/p>\n<p>A santidade n\u00e3o \u00e9 somente um ideal. De fato, muitos jovens s\u00e3o testemunhas\u00a0em nossos dias. Os padres que participaram da 13\u00aa Congrega\u00e7\u00e3o Geral deram exemplos comovedores de pessoas que vivem em \u00e1reas do mundo onde os crist\u00e3os s\u00e3o minoria, e por isso, perseguidos. O pensamento se dirigiu primeiro ao Oriente M\u00e9dio, onde h\u00e1 muita gente assassinada por sua f\u00e9 em Jesus Cristo. Depois os <em>dalits<\/em>, na \u00cdndia, os \u00faltimos da sociedade, gente sem direitos, que para preservar a f\u00e9 e a dignidade dos filhos de Deus, sua \u00fanica riqueza, est\u00e3o dispostos ao mart\u00edrio.<\/p>\n<p><strong>O testemunho crist\u00e3o inspira novas convers\u00f5es<\/strong><\/p>\n<p>Do exemplo destes santos de nosso tempo, surgem novas convers\u00f5es. Cada jovem &#8211; destaca o S\u00ednodo &#8211; deseja a santidade e\u00a0s\u00e3o exigentes: precisam de testemunhos aut\u00eanticos, pontos de refer\u00eancia em quem se inspirar, querem encontrar pastores que vivam o esp\u00edrito das bem-aventuran\u00e7as, que orem, meditem e que n\u00e3o sejam somente empregados ou funcion\u00e1rios de uma institui\u00e7\u00e3o. Para isso, precisamos de convers\u00e3o. Os jovens n\u00e3o querem somente palavras bonitas e sentem-se ofendidos pelo esc\u00e2ndalo dos abusos. Os bispos exortam \u00e0 Igreja a ser transparente e dizer com alegria que o celibato e a castidade s\u00e3o op\u00e7\u00f5es poss\u00edveis, com a gra\u00e7a de Deus.<\/p>\n<p><strong>Igreja em um mundo, n\u00e3o do mundo: mostrar a verdade com miseric\u00f3rdia<\/strong><\/p>\n<p>No mundo, sem estar no mundo: a Igreja seja menos discursiva e mais acolhedora, dedicando tempo e recursos aos jovens. Verdade e miseric\u00f3rdia &#8211; destacam os Padres sinodais &#8211; s\u00e3o insepar\u00e1veis e t\u00eam seu centro em Cristo: neste sentido, \u00e9 decisiva a figura de um bom diretor espiritual que, condenando o pecado, acompanha-o com amor. &#8220;Deus &#8211; destaca o S\u00ednodo &#8211; aceita-nos como somos, mas n\u00e3o nos deixa tal como somos&#8221;, transforma-nos em homens e mulheres novos. A compara\u00e7\u00e3o entre a Igreja e a barca em busca dos jovens perdidos em seus trabalhos \u00e9 incisiva. Cristo &#8211; afirmam os padres &#8211; \u00e9 a \u00e2ncora que n\u00e3o naufraga.<\/p>\n<p><strong>Que a Igreja n\u00e3o renuncie a falar a partir da Cruz<\/strong><\/p>\n<p>Os bispos denunciam a cultura materialista e hedonista de hoje, que busca expulsar Deus do cora\u00e7\u00e3o do homem propondo falsos \u00eddolos como o dinheiro, os v\u00edcios (em jogos, pornografia, etc), os prazeres ef\u00eameros e a recusa dos ideais e valores crist\u00e3os como a fam\u00edlia. N\u00e3o se tratam de desafios aos quais a Igreja deve renunciar, indicando a for\u00e7a de Cristo ressuscitado e an\u00fancio do <em>Kerigma<\/em>. A cruz, na realidade, n\u00e3o assusta aos jovens que, ao contr\u00e1rio, desejam um an\u00fancio claro e menos vago do Evangelho. A chamada de Jesus crucificado &#8211; a esperan\u00e7a &#8211; deve ressoar forte, n\u00e3o d\u00e9bil e an\u00eamica. Para ter uma Igreja rejuvenescida, o S\u00ednodo se prop\u00f5e a animar os jovens a rezar o ros\u00e1rio e participar nos sacramentos da reconcilia\u00e7\u00e3o e Eucaristia.<\/p>\n<p><strong>O drama do desemprego e a imigra\u00e7\u00e3o<\/strong><\/p>\n<p>A trag\u00e9dia do desemprego tamb\u00e9m foi destacada na Aula. A Igreja deve ser uma fam\u00edlia atenta a ajudar aos que n\u00e3o tem trabalho. Um exemplo virtuoso \u00e9 o apoio eclesial aos projetos de microcr\u00e9dito, convencidos que uma ocupa\u00e7\u00e3o ajuda a dar sentido \u00e0 vida e \u00e9 a premissa para um futuro sereno da sociedade. Por isso, os pastores devem incentivar as institui\u00e7\u00f5es a que prestem maior aten\u00e7\u00e3o \u00e0s novas gera\u00e7\u00f5es, especialmente aquelas que se veem obrigadas a emigrar, abandonando suas fam\u00edlias e ra\u00edzes. Os bispos advertem que &#8220;\u00c9 justo fazer dos jovens protagonistas do desenvolvimento humano integral da sociedade: em diversas partes do mundo mostram uma grande responsabilidade pelos mais fracos e pelo meio ambiente&#8221;.<\/p>\n<p><strong>A Igreja n\u00e3o renuncie \u00e0 educa\u00e7\u00e3o crist\u00e3<\/strong><\/p>\n<p>O S\u00ednodo pede tamb\u00e9m \u00e0 Igreja que n\u00e3o renuncie ao direito de educar os jovens nas escolas e universidades: lugares de abertura, de di\u00e1logo, de forma\u00e7\u00e3o de consci\u00eancias e de fortalecimento de valores morais. A recomenda\u00e7\u00e3o \u00e9 salvar as escolas que existem antes de criar outras novas. N\u00e3o ao proselitismo, mas os programas escolares de inspira\u00e7\u00e3o cat\u00f3lica devem ser refor\u00e7ados porque &#8211; explicam os padres &#8211; &#8220;n\u00e3o se acende uma l\u00e2mpada para coloc\u00e1-la debaixo da vasilha&#8221;. Tamb\u00e9m pedimos que n\u00e3o esque\u00e7amos as muitas fam\u00edlias pobres e desfavorecidas que, por raz\u00f5es econ\u00f4micas, n\u00e3o podem oferecer seus filhos uma boa educa\u00e7\u00e3o.<\/p>\n<p><strong>Testemunhos dos Auditores<\/strong><\/p>\n<p>Ao final da Congrega\u00e7\u00e3o, alguns ouvintes tomaram a palavra. Entre eles, h\u00e1 quem compartilhou com a Aula a experi\u00eancia de uma conversa madura nos novos movimentos. Outros destacaram a necessidade de dar uma maior responsabilidade eclesial aos leigos, \u00e0s mulheres e \u00e0s fam\u00edlias. Entre as propostas que surgiram, estava a ideia de fomentar formas de resid\u00eancia comunit\u00e1ria, formadas por jovens comprometidos com uma regra de vida comum e dedicados \u00e0 iniciativas de evangeliza\u00e7\u00e3o. Tamb\u00e9m \u00e9 preciso destacar a chamada\u00a0\u00e0 renova\u00e7\u00e3o do modelo de forma\u00e7\u00e3o dos semin\u00e1rios, de maneira menos te\u00f3rica e mais experiencial, ou seja, pr\u00f3xima a realidade da juventude.<\/p>\n","protected":false},"excerpt":{"rendered":"<p>S\u00ednodo dos Jovens<\/p>\n","protected":false},"author":1,"featured_media":191378,"comment_status":"open","ping_status":"open","sticky":false,"template":"","format":"standard","meta":[],"categories":[1428],"tags":[839],"acf":[],"yoast_head":"<!-- This site is optimized with the Yoast SEO plugin v19.2 - https:\/\/yoast.com\/wordpress\/plugins\/seo\/ -->\n<title>O testemunho dos jovens santos e m\u00e1rtires de nosso tempo - Not\u00edcias - Franciscanos<\/title>\n<meta name=\"robots\" content=\"index, follow, max-snippet:-1, max-image-preview:large, max-video-preview:-1\" \/>\n<link rel=\"canonical\" href=\"https:\/\/franciscanos.org.br\/noticias\/o-testemunho-dos-jovens-santos-e-martires-de-nosso-tempo.html\" \/>\n<meta property=\"og:locale\" content=\"pt_BR\" \/>\n<meta property=\"og:type\" content=\"article\" \/>\n<meta property=\"og:title\" content=\"O testemunho dos jovens santos e m\u00e1rtires de nosso tempo - Not\u00edcias - Franciscanos\" \/>\n<meta property=\"og:description\" content=\"S\u00ednodo dos Jovens\" \/>\n<meta property=\"og:url\" content=\"https:\/\/franciscanos.org.br\/noticias\/o-testemunho-dos-jovens-santos-e-martires-de-nosso-tempo.html\" \/>\n<meta property=\"og:site_name\" content=\"Not\u00edcias - Franciscanos\" \/>\n<meta property=\"article:published_time\" content=\"2018-10-16T22:52:25+00:00\" \/>\n<meta property=\"article:modified_time\" content=\"2020-06-06T21:22:17+00:00\" \/>\n<meta property=\"og:image\" content=\"https:\/\/franciscanos.org.br\/noticias\/wp-content\/uploads\/2018\/10\/sinodo05102018-1.jpg\" \/>\n\t<meta property=\"og:image:width\" content=\"273\" \/>\n\t<meta property=\"og:image:height\" content=\"181\" \/>\n\t<meta property=\"og:image:type\" content=\"image\/jpeg\" \/>\n<meta name=\"author\" content=\"admin\" \/>\n<meta name=\"twitter:card\" content=\"summary_large_image\" \/>\n<meta name=\"twitter:label1\" content=\"Escrito por\" \/>\n\t<meta name=\"twitter:data1\" content=\"admin\" \/>\n\t<meta name=\"twitter:label2\" content=\"Est. tempo de leitura\" \/>\n\t<meta name=\"twitter:data2\" content=\"5 minutos\" \/>\n<script type=\"application\/ld+json\" class=\"yoast-schema-graph\">{\"@context\":\"https:\/\/schema.org\",\"@graph\":[{\"@type\":\"WebSite\",\"@id\":\"https:\/\/franciscanos.org.br\/noticias\/#website\",\"url\":\"https:\/\/franciscanos.org.br\/noticias\/\",\"name\":\"Not\u00edcias - Franciscanos\",\"description\":\"Prov\u00edncia Franciscana da Imaculada Concei\u00e7\u00e3o do Brasil - Ordem dos Frades Menores - OFM\",\"potentialAction\":[{\"@type\":\"SearchAction\",\"target\":{\"@type\":\"EntryPoint\",\"urlTemplate\":\"https:\/\/franciscanos.org.br\/noticias\/?s={search_term_string}\"},\"query-input\":\"required name=search_term_string\"}],\"inLanguage\":\"pt-BR\"},{\"@type\":\"ImageObject\",\"inLanguage\":\"pt-BR\",\"@id\":\"https:\/\/franciscanos.org.br\/noticias\/o-testemunho-dos-jovens-santos-e-martires-de-nosso-tempo.html#primaryimage\",\"url\":\"https:\/\/franciscanos.org.br\/noticias\/wp-content\/uploads\/2018\/10\/sinodo05102018-1.jpg\",\"contentUrl\":\"https:\/\/franciscanos.org.br\/noticias\/wp-content\/uploads\/2018\/10\/sinodo05102018-1.jpg\",\"width\":273,\"height\":181},{\"@type\":\"WebPage\",\"@id\":\"https:\/\/franciscanos.org.br\/noticias\/o-testemunho-dos-jovens-santos-e-martires-de-nosso-tempo.html#webpage\",\"url\":\"https:\/\/franciscanos.org.br\/noticias\/o-testemunho-dos-jovens-santos-e-martires-de-nosso-tempo.html\",\"name\":\"O testemunho dos jovens santos e m\u00e1rtires de nosso tempo - Not\u00edcias - Franciscanos\",\"isPartOf\":{\"@id\":\"https:\/\/franciscanos.org.br\/noticias\/#website\"},\"primaryImageOfPage\":{\"@id\":\"https:\/\/franciscanos.org.br\/noticias\/o-testemunho-dos-jovens-santos-e-martires-de-nosso-tempo.html#primaryimage\"},\"datePublished\":\"2018-10-16T22:52:25+00:00\",\"dateModified\":\"2020-06-06T21:22:17+00:00\",\"author\":{\"@id\":\"https:\/\/franciscanos.org.br\/noticias\/#\/schema\/person\/b38fbf43118f02820bd932f2e4b14ad3\"},\"breadcrumb\":{\"@id\":\"https:\/\/franciscanos.org.br\/noticias\/o-testemunho-dos-jovens-santos-e-martires-de-nosso-tempo.html#breadcrumb\"},\"inLanguage\":\"pt-BR\",\"potentialAction\":[{\"@type\":\"ReadAction\",\"target\":[\"https:\/\/franciscanos.org.br\/noticias\/o-testemunho-dos-jovens-santos-e-martires-de-nosso-tempo.html\"]}]},{\"@type\":\"BreadcrumbList\",\"@id\":\"https:\/\/franciscanos.org.br\/noticias\/o-testemunho-dos-jovens-santos-e-martires-de-nosso-tempo.html#breadcrumb\",\"itemListElement\":[{\"@type\":\"ListItem\",\"position\":1,\"name\":\"Home\",\"item\":\"https:\/\/franciscanos.org.br\/noticias\"},{\"@type\":\"ListItem\",\"position\":2,\"name\":\"O testemunho dos jovens santos e m\u00e1rtires de nosso tempo\"}]},{\"@type\":\"Person\",\"@id\":\"https:\/\/franciscanos.org.br\/noticias\/#\/schema\/person\/b38fbf43118f02820bd932f2e4b14ad3\",\"name\":\"admin\",\"image\":{\"@type\":\"ImageObject\",\"inLanguage\":\"pt-BR\",\"@id\":\"https:\/\/franciscanos.org.br\/noticias\/#\/schema\/person\/image\/\",\"url\":\"https:\/\/secure.gravatar.com\/avatar\/e8495742d34d0ba6448ea1c628263b3e?s=96&d=mm&r=g\",\"contentUrl\":\"https:\/\/secure.gravatar.com\/avatar\/e8495742d34d0ba6448ea1c628263b3e?s=96&d=mm&r=g\",\"caption\":\"admin\"},\"url\":\"https:\/\/franciscanos.org.br\/noticias\/author\/admin\"}]}<\/script>\n<!-- \/ Yoast SEO plugin. -->","yoast_head_json":{"title":"O testemunho dos jovens santos e m\u00e1rtires de nosso tempo - Not\u00edcias - Franciscanos","robots":{"index":"index","follow":"follow","max-snippet":"max-snippet:-1","max-image-preview":"max-image-preview:large","max-video-preview":"max-video-preview:-1"},"canonical":"https:\/\/franciscanos.org.br\/noticias\/o-testemunho-dos-jovens-santos-e-martires-de-nosso-tempo.html","og_locale":"pt_BR","og_type":"article","og_title":"O testemunho dos jovens santos e m\u00e1rtires de nosso tempo - Not\u00edcias - Franciscanos","og_description":"S\u00ednodo dos Jovens","og_url":"https:\/\/franciscanos.org.br\/noticias\/o-testemunho-dos-jovens-santos-e-martires-de-nosso-tempo.html","og_site_name":"Not\u00edcias - Franciscanos","article_published_time":"2018-10-16T22:52:25+00:00","article_modified_time":"2020-06-06T21:22:17+00:00","og_image":[{"width":273,"height":181,"url":"https:\/\/franciscanos.org.br\/noticias\/wp-content\/uploads\/2018\/10\/sinodo05102018-1.jpg","type":"image\/jpeg"}],"author":"admin","twitter_card":"summary_large_image","twitter_misc":{"Escrito por":"admin","Est. tempo de leitura":"5 minutos"},"schema":{"@context":"https:\/\/schema.org","@graph":[{"@type":"WebSite","@id":"https:\/\/franciscanos.org.br\/noticias\/#website","url":"https:\/\/franciscanos.org.br\/noticias\/","name":"Not\u00edcias - Franciscanos","description":"Prov\u00edncia Franciscana da Imaculada Concei\u00e7\u00e3o do Brasil - Ordem dos Frades Menores - OFM","potentialAction":[{"@type":"SearchAction","target":{"@type":"EntryPoint","urlTemplate":"https:\/\/franciscanos.org.br\/noticias\/?s={search_term_string}"},"query-input":"required name=search_term_string"}],"inLanguage":"pt-BR"},{"@type":"ImageObject","inLanguage":"pt-BR","@id":"https:\/\/franciscanos.org.br\/noticias\/o-testemunho-dos-jovens-santos-e-martires-de-nosso-tempo.html#primaryimage","url":"https:\/\/franciscanos.org.br\/noticias\/wp-content\/uploads\/2018\/10\/sinodo05102018-1.jpg","contentUrl":"https:\/\/franciscanos.org.br\/noticias\/wp-content\/uploads\/2018\/10\/sinodo05102018-1.jpg","width":273,"height":181},{"@type":"WebPage","@id":"https:\/\/franciscanos.org.br\/noticias\/o-testemunho-dos-jovens-santos-e-martires-de-nosso-tempo.html#webpage","url":"https:\/\/franciscanos.org.br\/noticias\/o-testemunho-dos-jovens-santos-e-martires-de-nosso-tempo.html","name":"O testemunho dos jovens santos e m\u00e1rtires de nosso tempo - Not\u00edcias - Franciscanos","isPartOf":{"@id":"https:\/\/franciscanos.org.br\/noticias\/#website"},"primaryImageOfPage":{"@id":"https:\/\/franciscanos.org.br\/noticias\/o-testemunho-dos-jovens-santos-e-martires-de-nosso-tempo.html#primaryimage"},"datePublished":"2018-10-16T22:52:25+00:00","dateModified":"2020-06-06T21:22:17+00:00","author":{"@id":"https:\/\/franciscanos.org.br\/noticias\/#\/schema\/person\/b38fbf43118f02820bd932f2e4b14ad3"},"breadcrumb":{"@id":"https:\/\/franciscanos.org.br\/noticias\/o-testemunho-dos-jovens-santos-e-martires-de-nosso-tempo.html#breadcrumb"},"inLanguage":"pt-BR","potentialAction":[{"@type":"ReadAction","target":["https:\/\/franciscanos.org.br\/noticias\/o-testemunho-dos-jovens-santos-e-martires-de-nosso-tempo.html"]}]},{"@type":"BreadcrumbList","@id":"https:\/\/franciscanos.org.br\/noticias\/o-testemunho-dos-jovens-santos-e-martires-de-nosso-tempo.html#breadcrumb","itemListElement":[{"@type":"ListItem","position":1,"name":"Home","item":"https:\/\/franciscanos.org.br\/noticias"},{"@type":"ListItem","position":2,"name":"O testemunho dos jovens santos e m\u00e1rtires de nosso tempo"}]},{"@type":"Person","@id":"https:\/\/franciscanos.org.br\/noticias\/#\/schema\/person\/b38fbf43118f02820bd932f2e4b14ad3","name":"admin","image":{"@type":"ImageObject","inLanguage":"pt-BR","@id":"https:\/\/franciscanos.org.br\/noticias\/#\/schema\/person\/image\/","url":"https:\/\/secure.gravatar.com\/avatar\/e8495742d34d0ba6448ea1c628263b3e?s=96&d=mm&r=g","contentUrl":"https:\/\/secure.gravatar.com\/avatar\/e8495742d34d0ba6448ea1c628263b3e?s=96&d=mm&r=g","caption":"admin"},"url":"https:\/\/franciscanos.org.br\/noticias\/author\/admin"}]}},"_links":{"self":[{"href":"https:\/\/franciscanos.org.br\/noticias\/wp-json\/wp\/v2\/posts\/190043"}],"collection":[{"href":"https:\/\/franciscanos.org.br\/noticias\/wp-json\/wp\/v2\/posts"}],"about":[{"href":"https:\/\/franciscanos.org.br\/noticias\/wp-json\/wp\/v2\/types\/post"}],"author":[{"embeddable":true,"href":"https:\/\/franciscanos.org.br\/noticias\/wp-json\/wp\/v2\/users\/1"}],"replies":[{"embeddable":true,"href":"https:\/\/franciscanos.org.br\/noticias\/wp-json\/wp\/v2\/comments?post=190043"}],"version-history":[{"count":1,"href":"https:\/\/franciscanos.org.br\/noticias\/wp-json\/wp\/v2\/posts\/190043\/revisions"}],"predecessor-version":[{"id":224743,"href":"https:\/\/franciscanos.org.br\/noticias\/wp-json\/wp\/v2\/posts\/190043\/revisions\/224743"}],"wp:featuredmedia":[{"embeddable":true,"href":"https:\/\/franciscanos.org.br\/noticias\/wp-json\/wp\/v2\/media\/191378"}],"wp:attachment":[{"href":"https:\/\/franciscanos.org.br\/noticias\/wp-json\/wp\/v2\/media?parent=190043"}],"wp:term":[{"taxonomy":"category","embeddable":true,"href":"https:\/\/franciscanos.org.br\/noticias\/wp-json\/wp\/v2\/categories?post=190043"},{"taxonomy":"post_tag","embeddable":true,"href":"https:\/\/franciscanos.org.br\/noticias\/wp-json\/wp\/v2\/tags?post=190043"}],"curies":[{"name":"wp","href":"https:\/\/api.w.org\/{rel}","templated":true}]}}