{"id":190041,"date":"2018-10-16T14:05:40","date_gmt":"2018-10-16T17:05:40","guid":{"rendered":"http:\/\/franciscanos.org.br\/?p=174655"},"modified":"2020-08-04T14:23:45","modified_gmt":"2020-08-04T17:23:45","slug":"fao-um-mundo-com-fome-zero-em-2030-e-possivel","status":"publish","type":"post","link":"https:\/\/franciscanos.org.br\/noticias\/fao-um-mundo-com-fome-zero-em-2030-e-possivel.html","title":{"rendered":"FAO: Um mundo com Fome Zero at\u00e9 2030 \u00e9 poss\u00edvel"},"content":{"rendered":"<p style=\"text-align: left;\" align=\"center\">\n<p align=\"center\"><img loading=\"lazy\" class=\"alignnone size-full wp-image-227448\" src=\"https:\/\/franciscanos.org.br\/noticias\/wp-content\/uploads\/2018\/10\/fome.jpg\" alt=\"\" width=\"890\" height=\"755\" srcset=\"https:\/\/franciscanos.org.br\/noticias\/wp-content\/uploads\/2018\/10\/fome.jpg 890w, https:\/\/franciscanos.org.br\/noticias\/wp-content\/uploads\/2018\/10\/fome-450x382.jpg 450w, https:\/\/franciscanos.org.br\/noticias\/wp-content\/uploads\/2018\/10\/fome-768x652.jpg 768w, https:\/\/franciscanos.org.br\/noticias\/wp-content\/uploads\/2018\/10\/fome-150x127.jpg 150w\" sizes=\"(max-width: 890px) 100vw, 890px\" \/><\/p>\n<blockquote>\n<p style=\"text-align: left;\" align=\"center\">A FAO \u2013 Fundo das Na\u00e7\u00f5es Unidas para a Alimenta\u00e7\u00e3o e a Agricultura \u2013 celebra neste dia 16 de outubro, o Dia Mundial da Alimenta\u00e7\u00e3o, para comemorar a funda\u00e7\u00e3o da sua Organiza\u00e7\u00e3o, em 1945. O tema da edi\u00e7\u00e3o deste ano \u00e9 \u201cAs nossas a\u00e7\u00f5es s\u00e3o o nosso futuro: um mundo #FomeZero at\u00e9 2030 \u00e9 poss\u00edvel\u201d.<\/p>\n<p style=\"text-align: left;\" align=\"center\">Em mensagem divulgada nesta ter\u00e7a-feira, o Papa Francisco afirma: &#8220;A luta contra a fome reclama imperiosamente um financiamento generoso, a aboli\u00e7\u00e3o das barreiras comerciais e sobretudo o aumento da resili\u00eancia face \u00e0s altera\u00e7\u00f5es clim\u00e1ticas, \u00e0s crises econ\u00f4micas e aos conflitos armados&#8221;.<\/p>\n<p>Leia na \u00edntegra:<\/p><\/blockquote>\n<p>Ilustr\u00edssimo Senhor!<\/p>\n<p><strong>1.<\/strong> A celebra\u00e7\u00e3o anual do\u00a0<i>Dia Mundial da Alimenta\u00e7\u00e3o<\/i>\u00a0traz \u00e0 ribalta da atualidade internacional as necessidades, ansiedades e esperan\u00e7as de milh\u00f5es de pessoas que carecem do p\u00e3o cotidiano. Infelizmente, n\u00e3o cessa de aumentar o n\u00famero imenso de seres humanos que n\u00e3o t\u00eam nada, ou quase nada, para levar \u00e0 boca. Deveria ser o contr\u00e1rio, mas as estat\u00edsticas recentes mostram, com evid\u00eancia desconcertante, como parece resfriar a solidariedade internacional. E, quando falta a solidariedade, todos estamos cientes hoje de que as solu\u00e7\u00f5es t\u00e9cnicas e os projetos, mesmo os mais elaborados, n\u00e3o s\u00e3o capazes de enfrentar a tristeza e a amargura de quem sofre por n\u00e3o conseguir alimentar-se de maneira suficiente e saud\u00e1vel.<\/p>\n<p>O tema de que nos ocupamos este ano \u2013 \u00ab<i>As nossas a\u00e7\u00f5es s\u00e3o o nosso futuro. Um mundo com Fome Zero em 2030 \u00e9 poss\u00edvel<\/i>\u00bb \u2013 torna-se um apelo urgente \u00e0 responsabilidade de todos os atores que compartilham os objetivos da\u00a0<i>Agenda 2030 para o Desenvolvimento Sustent\u00e1vel<\/i>, um grito para nos tirar do torpor que frequentemente nos paralisa e inibe. Este n\u00e3o pode ser simplesmente mais um Dia, contentando-nos com recolher informa\u00e7\u00f5es ou satisfazer a nossa curiosidade. Devemos \u00abtomar dolorosa consci\u00eancia, ousar transformar em sofrimento pessoal aquilo que acontece ao mundo e, assim, reconhecer a contribui\u00e7\u00e3o que cada um lhe pode dar\u00bb (Carta Enc.\u00a0<i><a href=\"http:\/\/w2.vatican.va\/content\/francesco\/pt\/encyclicals\/documents\/papa-francesco_20150524_enciclica-laudato-si.html\">Laudato si\u2019<\/a><\/i>, 19). Por conseguinte, somos convidados todos, mas de modo especial a FAO, os seus Estados-membros, os organismos e institui\u00e7\u00f5es nacionais e internacionais, bem com a sociedade civil e todas as pessoas de boa vontade, a redobrar os nossos esfor\u00e7os para que a ningu\u00e9m falte, em quantidade e qualidade, o alimento necess\u00e1rio.<\/p>\n<p><strong>2.<\/strong> De n\u00f3s, os pobres esperam uma ajuda eficaz que os tire da sua prostra\u00e7\u00e3o, e n\u00e3o meros prop\u00f3sitos ou conv\u00eanios que, depois de estudar detalhadamente as causas da sua mis\u00e9ria, tenham como \u00fanico resultado a celebra\u00e7\u00e3o de eventos solenes, compromissos que nunca se concretizam ou vistosas publica\u00e7\u00f5es destinadas a engrossar os cat\u00e1logos das bibliotecas. Neste s\u00e9culo XXI, que registou avan\u00e7os consider\u00e1veis nos campos da tecnologia, da ci\u00eancia, das comunica\u00e7\u00f5es e das infraestruturas, dever\u00edamos corar de vergonha por n\u00e3o ter obtido id\u00eanticos avan\u00e7os em humanidade e solidariedade que nos levem a satisfazer as necessidades prim\u00e1rias dos mais desfavorecidos. Tamb\u00e9m n\u00e3o podemos ficar tranquilos por ter enfrentado as emerg\u00eancias e as situa\u00e7\u00f5es desesperadas dos necessitados. Todos somos chamados a ir mais longe. Podemos e devemos fazer melhor com os desvalidos. Para isso, \u00e9 preciso passar \u00e0 a\u00e7\u00e3o, de modo que desapare\u00e7a completamente o flagelo da fome. Isto requer pol\u00edticas de coopera\u00e7\u00e3o no desenvolvimento que estejam, como indica a\u00a0<i>Agenda 2030<\/i>, orientadas para as necessidades concretas dos indigentes. \u00c9 necess\u00e1rio tamb\u00e9m uma aten\u00e7\u00e3o particular aos n\u00edveis de produ\u00e7\u00e3o agr\u00edcola, ao acesso ao mercado dos produtos alimentares, \u00e0 participa\u00e7\u00e3o nas iniciativas e a\u00e7\u00f5es e sobretudo \u00e9 preciso reconhecer que, na hora de tomar decis\u00f5es, os pa\u00edses possuem igual dignidade. Ao mesmo tempo, \u00e9 essencial compreender que, quando se trata de enfrentar eficazmente as causas da fome, n\u00e3o s\u00e3o as solenes declara\u00e7\u00f5es que far\u00e3o erradicar definitivamente este flagelo. A luta contra a fome reclama imperiosamente um financiamento generoso, a aboli\u00e7\u00e3o das barreiras comerciais e sobretudo o aumento da resili\u00eancia face \u00e0s altera\u00e7\u00f5es clim\u00e1ticas, \u00e0s crises econ\u00f4micas e aos conflitos armados.<\/p>\n<p><strong>3.<\/strong> Um dos princ\u00edpios que deve guiar a nossa vida e o nosso compromisso \u00e9 a convic\u00e7\u00e3o de que \u00abo tempo \u00e9 superior ao espa\u00e7o\u00bb (Exort. ap.\u00a0<a href=\"https:\/\/w2.vatican.va\/content\/francesco\/pt\/apost_exhortations\/documents\/papa-francesco_esortazione-ap_20131124_evangelii-gaudium.html#O_tempo_%C3%A9_superior_ao_espa%C3%A7o\"><i>Evangelii gaudium<\/i>, 222<\/a>), o que significa que devemos dar impulso, com clareza, convic\u00e7\u00e3o e tenacidade, a processos prolongados no tempo. O futuro n\u00e3o habita nas nuvens, mas constr\u00f3i-se suscitando e acompanhando processos de maior humaniza\u00e7\u00e3o. Podemos sonhar um futuro sem fome, mas isso s\u00f3 \u00e9 leg\u00edtimo se nos envolvermos em processos tang\u00edveis, rela\u00e7\u00f5es vitais, planos operativos e compromissos reais. Para tal envolvimento, a iniciativa\u00a0<i>Fome Zero 2030<\/i>\u00a0oferece um quadro prop\u00edcio e servir\u00e1, sem d\u00favida, para realizar o segundo dos\u00a0<i>Objetivos de Desenvolvimento Sustent\u00e1vel da Agenda 2030<\/i>, que visa \u00aberradicar a fome, obter a seguran\u00e7a alimentar e a melhoria da nutri\u00e7\u00e3o, e promover a agricultura sustent\u00e1vel\u00bb. Algu\u00e9m poderia observar que ainda temos \u00e0 nossa frente doze anos para realizar este plano. Mas, os pobres n\u00e3o podem esperar; n\u00e3o o permite a sua situa\u00e7\u00e3o calamitosa. Por isso, \u00e9 necess\u00e1rio agir de modo urgente, coordenado e sistem\u00e1tico. Uma vantagem destas propostas \u00e9 ter conseguido estabelecer metas espec\u00edficas, objetivos quantific\u00e1veis e indicadores precisos. Sabemos que \u00e9 necess\u00e1rio harmonizar uma dupla via de aten\u00e7\u00e3o, ou seja, a\u00e7\u00f5es a longo prazo e a curto prazo, para enfrentar as condi\u00e7\u00f5es concretas daqueles que, hoje, padecem as dilacerantes e pungentes aguilhoadas da fome e da malnutri\u00e7\u00e3o.<\/p>\n<p><strong>4.<\/strong> Se, nos anos passados, as atividades da FAO e doutras institui\u00e7\u00f5es internacionais estiveram caraterizadas pela tens\u00e3o entre os planos a curto e a longo prazo, podendo convergir, na mesma \u00e1rea, v\u00e1rios programas e interven\u00e7\u00f5es, hoje sabemos que \u00e9 igualmente essencial articular os n\u00edveis global e local na resposta ao desafio da fome. Neste sentido, a\u00a0<i>Agenda 2030<\/i>, com os\u00a0<i>Objetivos de Desenvolvimento Sustent\u00e1vel<\/i>, e a iniciativa\u00a0<i>Fome Zero<\/i>\u00a0exigem que as organiza\u00e7\u00f5es internacionais, como a FAO, envolvam responsavelmente os Estados-membros a fim de empreenderem e levarem a cabo a\u00e7\u00f5es a n\u00edvel local. Os indicadores globais s\u00e3o in\u00fateis, se a realidade efetiva no terreno estiver longe desse compromisso. Por esta raz\u00e3o, \u00e9 fundamental que as prioridades e medidas contidas nos grandes programas se enra\u00edzem e difundam por toda a parte, a fim de que n\u00e3o haja dissocia\u00e7\u00f5es mas todos aceitem o desafio de combater a fome e a mis\u00e9ria de forma s\u00e9ria e compartilhada, com uma adequada arquitetura institucional, social e econ\u00f4mica que leve a bom termo iniciativas capazes de oferecer solu\u00e7\u00f5es pratic\u00e1veis, de modo que os pobres n\u00e3o continuem a sentir-se transcurados.<\/p>\n<p><strong><img loading=\"lazy\" class=\"size-full wp-image-191383 alignright\" src=\"https:\/\/franciscanos.org.br\/noticias\/wp-content\/uploads\/2018\/10\/fatos-fao-01-e1539713411456.jpg\" alt=\"\" width=\"650\" height=\"607\" srcset=\"https:\/\/franciscanos.org.br\/noticias\/wp-content\/uploads\/2018\/10\/fatos-fao-01-e1539713411456.jpg 650w, https:\/\/franciscanos.org.br\/noticias\/wp-content\/uploads\/2018\/10\/fatos-fao-01-e1539713411456-450x420.jpg 450w, https:\/\/franciscanos.org.br\/noticias\/wp-content\/uploads\/2018\/10\/fatos-fao-01-e1539713411456-150x140.jpg 150w\" sizes=\"(max-width: 650px) 100vw, 650px\" \/>5.<\/strong> Temos, portanto, os instrumentos adequados e um quadro de referimento para que as belas palavras e os bons prop\u00f3sitos se transformem num verdadeiro programa de a\u00e7\u00e3o que culmine, efetivamente, na erradica\u00e7\u00e3o da fome no nosso mundo. Para o tornar realidade, requer-se uni\u00e3o de esfor\u00e7os, nobreza de cora\u00e7\u00e3o e constante preocupa\u00e7\u00e3o por assumir, com firmeza e determina\u00e7\u00e3o, o problema do outro. E todavia, \u00e0 semelhan\u00e7a de outras problem\u00e1ticas s\u00e9rias que afetam a humanidade, muitas vezes embatemos em enormes obst\u00e1culos na solu\u00e7\u00e3o dos problemas, com barreiras inelut\u00e1veis fruto de indecis\u00f5es ou atrasos, com a falta de determina\u00e7\u00e3o dos respons\u00e1veis pol\u00edticos, muitas vezes mergulhados apenas em interesses eleitorais ou insidiados por opini\u00f5es vesgas, perent\u00f3rias ou mesquinhas. Falta realmente vontade pol\u00edtica. \u00c9 preciso querer de verdade acabar com a fome, mas isto n\u00e3o acontecer\u00e1 se, em \u00faltima inst\u00e2ncia e antes de tudo, n\u00e3o houver a convic\u00e7\u00e3o \u00e9tica, comum a todos os povos e \u00e0s diferentes vis\u00f5es religiosas, que coloca no centro de qualquer iniciativa o bem integral da pessoa e que consiste em fazer ao outro aquilo que gostar\u00edamos que nos fosse feito a n\u00f3s. Trata-se de uma a\u00e7\u00e3o fundada na solidariedade entre todas as na\u00e7\u00f5es e de medidas que traduzam o sentir da popula\u00e7\u00e3o.<\/p>\n<p><strong>6.<\/strong> Passar das palavras \u00e0 a\u00e7\u00e3o na erradica\u00e7\u00e3o da fome n\u00e3o requer apenas decis\u00e3o pol\u00edtica e planos operacionais; \u00e9 necess\u00e1rio tamb\u00e9m superar uma abordagem reativa, para passar a uma vis\u00e3o proativa. Um olhar superficial e passageiro pode, no melhor dos casos, suscitar rea\u00e7\u00f5es pontuais. Esquecemos assim a dimens\u00e3o estrutural que o drama da fome esconde: a desigualdade extrema, a m\u00e1 distribui\u00e7\u00e3o dos recursos do planeta, as consequ\u00eancias das mudan\u00e7as clim\u00e1ticas ou os infind\u00e1veis e sangrentos conflitos que devastam muitas regi\u00f5es, para mencionar apenas algumas das suas principais motiva\u00e7\u00f5es. Precisamos de desenvolver uma abordagem mais proativa e mais constante no tempo, precisamos de aumentar os fundos destinados \u00e0 promo\u00e7\u00e3o da paz e do desenvolvimento dos povos. Precisamos de silenciar as armas e seu pernicioso com\u00e9rcio, para escutar a voz daqueles que choram desesperados por se sentir abandonados \u00e0 margem da vida e do progresso. Se queremos verdadeiramente que a popula\u00e7\u00e3o mundial adote esta perspetiva, \u00e9 essencial que a sociedade civil organizada, os meios de comunica\u00e7\u00e3o e as institui\u00e7\u00f5es educacionais unam as suas for\u00e7as na justa dire\u00e7\u00e3o. Daqui a 2030, temos uma d\u00fazia de anos para desenvolver uma a\u00e7\u00e3o vigorosa e consistente; n\u00e3o para nos deixarmos arrastar, aos solavancos, pelos t\u00edtulos intermitentes e passageiros dos jornais, mas para enfrentar sem tr\u00e9guas, de m\u00e3os dadas com a solidariedade, a justi\u00e7a e a coer\u00eancia, a fome e as causas que a provocam.<\/p>\n<p><strong>7.<\/strong> Estas s\u00e3o, Senhor Diretor Geral, algumas reflex\u00f5es que desejo partilhar com aqueles que n\u00e3o se deixam vencer pela indiferen\u00e7a e escutam o grito de quantos n\u00e3o disp\u00f5em do m\u00ednimo para uma exist\u00eancia digna. Por sua parte, a Igreja Cat\u00f3lica, no exerc\u00edcio da miss\u00e3o que lhe confiou o seu Fundador Divino, combate diariamente no mundo inteiro contra a fome e a malnutri\u00e7\u00e3o, de m\u00faltiplas formas e atrav\u00e9s das suas variadas estruturas e associa\u00e7\u00f5es, lembrando que aqueles que sofrem a mis\u00e9ria n\u00e3o s\u00e3o diferentes de n\u00f3s. T\u00eam a mesma carne e sangue que n\u00f3s. Por isso, merecem que uma m\u00e3o amiga os socorra e ajude, de modo que ningu\u00e9m seja deixado para tr\u00e1s e, no nosso mundo, a fraternidade tenha direito de cidadania e seja algo mais que um <em>slogan<\/em> sugestivo, sem consist\u00eancia real.<\/p>\n<p>Pe\u00e7o ao Todo-Poderoso que este percurso, visando abrir a estrada para a\u00e7\u00f5es concretas e eficazes em ordem a um futuro de conviv\u00eancia serena e construtiva, seja cumulado das suas b\u00ean\u00e7\u00e3os, para benef\u00edcio nosso e das gera\u00e7\u00f5es vindouras.<br \/>\n<i><\/i><\/p>\n<p><i>Vaticano, 16 de outubro de 2018.<\/i><\/p>\n<p><a href=\"http:\/\/w2.vatican.va\/content\/francesco\/pt\/messages\/food\/documents\/papa-francesco_20181016_messaggio-giornata-alimentazione.pdf\" target=\"_blank\" rel=\"noopener noreferrer\">\u00a0Papa Francisco<\/a><\/p>\n<p style=\"font-size: 20px;\"><a href=\"http:\/\/www.fao.org\/fileadmin\/user_upload\/FAO-countries\/Portugal\/Brochure.pdf\" target=\"_blank\" rel=\"noopener noreferrer\">CONFIRA O SUBS\u00cdDIO DA FAO<\/a><\/p>\n","protected":false},"excerpt":{"rendered":"<p>Mensagem do Papa para o Dia Mundial da Alimenta\u00e7\u00e3o<\/p>\n","protected":false},"author":1,"featured_media":227448,"comment_status":"open","ping_status":"open","sticky":false,"template":"","format":"standard","meta":[],"categories":[1428],"tags":[1235,1234],"acf":[],"yoast_head":"<!-- This site is optimized with the Yoast SEO plugin v19.2 - https:\/\/yoast.com\/wordpress\/plugins\/seo\/ -->\n<title>FAO: Um mundo com Fome Zero at\u00e9 2030 \u00e9 poss\u00edvel - Not\u00edcias - Franciscanos<\/title>\n<meta name=\"robots\" content=\"index, follow, max-snippet:-1, max-image-preview:large, max-video-preview:-1\" \/>\n<link rel=\"canonical\" href=\"https:\/\/franciscanos.org.br\/noticias\/fao-um-mundo-com-fome-zero-em-2030-e-possivel.html\" \/>\n<meta property=\"og:locale\" content=\"pt_BR\" \/>\n<meta property=\"og:type\" content=\"article\" \/>\n<meta property=\"og:title\" content=\"FAO: Um mundo com Fome Zero at\u00e9 2030 \u00e9 poss\u00edvel - Not\u00edcias - Franciscanos\" \/>\n<meta property=\"og:description\" content=\"Mensagem do Papa para o Dia Mundial da Alimenta\u00e7\u00e3o\" \/>\n<meta property=\"og:url\" content=\"https:\/\/franciscanos.org.br\/noticias\/fao-um-mundo-com-fome-zero-em-2030-e-possivel.html\" \/>\n<meta property=\"og:site_name\" content=\"Not\u00edcias - Franciscanos\" \/>\n<meta property=\"article:published_time\" content=\"2018-10-16T17:05:40+00:00\" \/>\n<meta property=\"article:modified_time\" content=\"2020-08-04T17:23:45+00:00\" \/>\n<meta property=\"og:image\" content=\"https:\/\/franciscanos.org.br\/noticias\/wp-content\/uploads\/2018\/10\/fome.jpg\" \/>\n\t<meta property=\"og:image:width\" content=\"890\" \/>\n\t<meta property=\"og:image:height\" content=\"755\" \/>\n\t<meta property=\"og:image:type\" content=\"image\/jpeg\" \/>\n<meta name=\"author\" content=\"admin\" \/>\n<meta name=\"twitter:card\" content=\"summary_large_image\" \/>\n<meta name=\"twitter:label1\" content=\"Escrito por\" \/>\n\t<meta name=\"twitter:data1\" content=\"admin\" \/>\n\t<meta name=\"twitter:label2\" content=\"Est. tempo de leitura\" \/>\n\t<meta name=\"twitter:data2\" content=\"9 minutos\" \/>\n<script type=\"application\/ld+json\" class=\"yoast-schema-graph\">{\"@context\":\"https:\/\/schema.org\",\"@graph\":[{\"@type\":\"WebSite\",\"@id\":\"https:\/\/franciscanos.org.br\/noticias\/#website\",\"url\":\"https:\/\/franciscanos.org.br\/noticias\/\",\"name\":\"Not\u00edcias - Franciscanos\",\"description\":\"Prov\u00edncia Franciscana da Imaculada Concei\u00e7\u00e3o do Brasil - Ordem dos Frades Menores - OFM\",\"potentialAction\":[{\"@type\":\"SearchAction\",\"target\":{\"@type\":\"EntryPoint\",\"urlTemplate\":\"https:\/\/franciscanos.org.br\/noticias\/?s={search_term_string}\"},\"query-input\":\"required name=search_term_string\"}],\"inLanguage\":\"pt-BR\"},{\"@type\":\"ImageObject\",\"inLanguage\":\"pt-BR\",\"@id\":\"https:\/\/franciscanos.org.br\/noticias\/fao-um-mundo-com-fome-zero-em-2030-e-possivel.html#primaryimage\",\"url\":\"https:\/\/franciscanos.org.br\/noticias\/wp-content\/uploads\/2018\/10\/fome.jpg\",\"contentUrl\":\"https:\/\/franciscanos.org.br\/noticias\/wp-content\/uploads\/2018\/10\/fome.jpg\",\"width\":890,\"height\":755},{\"@type\":\"WebPage\",\"@id\":\"https:\/\/franciscanos.org.br\/noticias\/fao-um-mundo-com-fome-zero-em-2030-e-possivel.html#webpage\",\"url\":\"https:\/\/franciscanos.org.br\/noticias\/fao-um-mundo-com-fome-zero-em-2030-e-possivel.html\",\"name\":\"FAO: Um mundo com Fome Zero at\u00e9 2030 \u00e9 poss\u00edvel - Not\u00edcias - Franciscanos\",\"isPartOf\":{\"@id\":\"https:\/\/franciscanos.org.br\/noticias\/#website\"},\"primaryImageOfPage\":{\"@id\":\"https:\/\/franciscanos.org.br\/noticias\/fao-um-mundo-com-fome-zero-em-2030-e-possivel.html#primaryimage\"},\"datePublished\":\"2018-10-16T17:05:40+00:00\",\"dateModified\":\"2020-08-04T17:23:45+00:00\",\"author\":{\"@id\":\"https:\/\/franciscanos.org.br\/noticias\/#\/schema\/person\/b38fbf43118f02820bd932f2e4b14ad3\"},\"breadcrumb\":{\"@id\":\"https:\/\/franciscanos.org.br\/noticias\/fao-um-mundo-com-fome-zero-em-2030-e-possivel.html#breadcrumb\"},\"inLanguage\":\"pt-BR\",\"potentialAction\":[{\"@type\":\"ReadAction\",\"target\":[\"https:\/\/franciscanos.org.br\/noticias\/fao-um-mundo-com-fome-zero-em-2030-e-possivel.html\"]}]},{\"@type\":\"BreadcrumbList\",\"@id\":\"https:\/\/franciscanos.org.br\/noticias\/fao-um-mundo-com-fome-zero-em-2030-e-possivel.html#breadcrumb\",\"itemListElement\":[{\"@type\":\"ListItem\",\"position\":1,\"name\":\"Home\",\"item\":\"https:\/\/franciscanos.org.br\/noticias\"},{\"@type\":\"ListItem\",\"position\":2,\"name\":\"FAO: Um mundo com Fome Zero at\u00e9 2030 \u00e9 poss\u00edvel\"}]},{\"@type\":\"Person\",\"@id\":\"https:\/\/franciscanos.org.br\/noticias\/#\/schema\/person\/b38fbf43118f02820bd932f2e4b14ad3\",\"name\":\"admin\",\"image\":{\"@type\":\"ImageObject\",\"inLanguage\":\"pt-BR\",\"@id\":\"https:\/\/franciscanos.org.br\/noticias\/#\/schema\/person\/image\/\",\"url\":\"https:\/\/secure.gravatar.com\/avatar\/e8495742d34d0ba6448ea1c628263b3e?s=96&d=mm&r=g\",\"contentUrl\":\"https:\/\/secure.gravatar.com\/avatar\/e8495742d34d0ba6448ea1c628263b3e?s=96&d=mm&r=g\",\"caption\":\"admin\"},\"url\":\"https:\/\/franciscanos.org.br\/noticias\/author\/admin\"}]}<\/script>\n<!-- \/ Yoast SEO plugin. -->","yoast_head_json":{"title":"FAO: Um mundo com Fome Zero at\u00e9 2030 \u00e9 poss\u00edvel - Not\u00edcias - Franciscanos","robots":{"index":"index","follow":"follow","max-snippet":"max-snippet:-1","max-image-preview":"max-image-preview:large","max-video-preview":"max-video-preview:-1"},"canonical":"https:\/\/franciscanos.org.br\/noticias\/fao-um-mundo-com-fome-zero-em-2030-e-possivel.html","og_locale":"pt_BR","og_type":"article","og_title":"FAO: Um mundo com Fome Zero at\u00e9 2030 \u00e9 poss\u00edvel - Not\u00edcias - Franciscanos","og_description":"Mensagem do Papa para o Dia Mundial da Alimenta\u00e7\u00e3o","og_url":"https:\/\/franciscanos.org.br\/noticias\/fao-um-mundo-com-fome-zero-em-2030-e-possivel.html","og_site_name":"Not\u00edcias - Franciscanos","article_published_time":"2018-10-16T17:05:40+00:00","article_modified_time":"2020-08-04T17:23:45+00:00","og_image":[{"width":890,"height":755,"url":"https:\/\/franciscanos.org.br\/noticias\/wp-content\/uploads\/2018\/10\/fome.jpg","type":"image\/jpeg"}],"author":"admin","twitter_card":"summary_large_image","twitter_misc":{"Escrito por":"admin","Est. tempo de leitura":"9 minutos"},"schema":{"@context":"https:\/\/schema.org","@graph":[{"@type":"WebSite","@id":"https:\/\/franciscanos.org.br\/noticias\/#website","url":"https:\/\/franciscanos.org.br\/noticias\/","name":"Not\u00edcias - Franciscanos","description":"Prov\u00edncia Franciscana da Imaculada Concei\u00e7\u00e3o do Brasil - Ordem dos Frades Menores - OFM","potentialAction":[{"@type":"SearchAction","target":{"@type":"EntryPoint","urlTemplate":"https:\/\/franciscanos.org.br\/noticias\/?s={search_term_string}"},"query-input":"required name=search_term_string"}],"inLanguage":"pt-BR"},{"@type":"ImageObject","inLanguage":"pt-BR","@id":"https:\/\/franciscanos.org.br\/noticias\/fao-um-mundo-com-fome-zero-em-2030-e-possivel.html#primaryimage","url":"https:\/\/franciscanos.org.br\/noticias\/wp-content\/uploads\/2018\/10\/fome.jpg","contentUrl":"https:\/\/franciscanos.org.br\/noticias\/wp-content\/uploads\/2018\/10\/fome.jpg","width":890,"height":755},{"@type":"WebPage","@id":"https:\/\/franciscanos.org.br\/noticias\/fao-um-mundo-com-fome-zero-em-2030-e-possivel.html#webpage","url":"https:\/\/franciscanos.org.br\/noticias\/fao-um-mundo-com-fome-zero-em-2030-e-possivel.html","name":"FAO: Um mundo com Fome Zero at\u00e9 2030 \u00e9 poss\u00edvel - Not\u00edcias - Franciscanos","isPartOf":{"@id":"https:\/\/franciscanos.org.br\/noticias\/#website"},"primaryImageOfPage":{"@id":"https:\/\/franciscanos.org.br\/noticias\/fao-um-mundo-com-fome-zero-em-2030-e-possivel.html#primaryimage"},"datePublished":"2018-10-16T17:05:40+00:00","dateModified":"2020-08-04T17:23:45+00:00","author":{"@id":"https:\/\/franciscanos.org.br\/noticias\/#\/schema\/person\/b38fbf43118f02820bd932f2e4b14ad3"},"breadcrumb":{"@id":"https:\/\/franciscanos.org.br\/noticias\/fao-um-mundo-com-fome-zero-em-2030-e-possivel.html#breadcrumb"},"inLanguage":"pt-BR","potentialAction":[{"@type":"ReadAction","target":["https:\/\/franciscanos.org.br\/noticias\/fao-um-mundo-com-fome-zero-em-2030-e-possivel.html"]}]},{"@type":"BreadcrumbList","@id":"https:\/\/franciscanos.org.br\/noticias\/fao-um-mundo-com-fome-zero-em-2030-e-possivel.html#breadcrumb","itemListElement":[{"@type":"ListItem","position":1,"name":"Home","item":"https:\/\/franciscanos.org.br\/noticias"},{"@type":"ListItem","position":2,"name":"FAO: Um mundo com Fome Zero at\u00e9 2030 \u00e9 poss\u00edvel"}]},{"@type":"Person","@id":"https:\/\/franciscanos.org.br\/noticias\/#\/schema\/person\/b38fbf43118f02820bd932f2e4b14ad3","name":"admin","image":{"@type":"ImageObject","inLanguage":"pt-BR","@id":"https:\/\/franciscanos.org.br\/noticias\/#\/schema\/person\/image\/","url":"https:\/\/secure.gravatar.com\/avatar\/e8495742d34d0ba6448ea1c628263b3e?s=96&d=mm&r=g","contentUrl":"https:\/\/secure.gravatar.com\/avatar\/e8495742d34d0ba6448ea1c628263b3e?s=96&d=mm&r=g","caption":"admin"},"url":"https:\/\/franciscanos.org.br\/noticias\/author\/admin"}]}},"_links":{"self":[{"href":"https:\/\/franciscanos.org.br\/noticias\/wp-json\/wp\/v2\/posts\/190041"}],"collection":[{"href":"https:\/\/franciscanos.org.br\/noticias\/wp-json\/wp\/v2\/posts"}],"about":[{"href":"https:\/\/franciscanos.org.br\/noticias\/wp-json\/wp\/v2\/types\/post"}],"author":[{"embeddable":true,"href":"https:\/\/franciscanos.org.br\/noticias\/wp-json\/wp\/v2\/users\/1"}],"replies":[{"embeddable":true,"href":"https:\/\/franciscanos.org.br\/noticias\/wp-json\/wp\/v2\/comments?post=190041"}],"version-history":[{"count":2,"href":"https:\/\/franciscanos.org.br\/noticias\/wp-json\/wp\/v2\/posts\/190041\/revisions"}],"predecessor-version":[{"id":227449,"href":"https:\/\/franciscanos.org.br\/noticias\/wp-json\/wp\/v2\/posts\/190041\/revisions\/227449"}],"wp:featuredmedia":[{"embeddable":true,"href":"https:\/\/franciscanos.org.br\/noticias\/wp-json\/wp\/v2\/media\/227448"}],"wp:attachment":[{"href":"https:\/\/franciscanos.org.br\/noticias\/wp-json\/wp\/v2\/media?parent=190041"}],"wp:term":[{"taxonomy":"category","embeddable":true,"href":"https:\/\/franciscanos.org.br\/noticias\/wp-json\/wp\/v2\/categories?post=190041"},{"taxonomy":"post_tag","embeddable":true,"href":"https:\/\/franciscanos.org.br\/noticias\/wp-json\/wp\/v2\/tags?post=190041"}],"curies":[{"name":"wp","href":"https:\/\/api.w.org\/{rel}","templated":true}]}}