{"id":190037,"date":"2018-10-16T08:29:56","date_gmt":"2018-10-16T11:29:56","guid":{"rendered":"http:\/\/franciscanos.org.br\/?p=174568"},"modified":"2020-06-06T18:24:20","modified_gmt":"2020-06-06T21:24:20","slug":"ter-cuidado-com-cristaos-que-se-apresentam-como-perfeitos-e-rigidos","status":"publish","type":"post","link":"https:\/\/franciscanos.org.br\/noticias\/ter-cuidado-com-cristaos-que-se-apresentam-como-perfeitos-e-rigidos.html","title":{"rendered":"Cuidado com crist\u00e3os que se apresentam perfeitos e r\u00edgidos"},"content":{"rendered":"<p><img loading=\"lazy\" class=\"alignleft\" src=\"http:\/\/franciscanos.org.br\/wp-content\/uploads\/2018\/10\/marta_161018-830.jpg\" alt=\"marta_161018 830\" width=\"830\" height=\"401\" \/><strong>Cidade do Vaticano &#8211;<\/strong> \u201cA salva\u00e7\u00e3o \u00e9 um dom do Senhor\u201d, Ele nos d\u00e1 \u201co esp\u00edrito da liberdade\u201d, disse o Papa na missa celebrada na manh\u00e3 desta ter\u00e7a-feira, 16, na Capela da Casa Santa Marta. Francisco comenta a passagem do Evangelho de Lucas, que narra o epis\u00f3dio em que Jesus d\u00e1 uma dura resposta ao fariseu que fica admirado com o fato de que Jesus p\u00f5e-se \u00e0 mesa sem ter lavado as m\u00e3os antes da refei\u00e7\u00e3o, como prescrito pela Lei.<\/p>\n<p>O Papa enfatiza a diferen\u00e7a existente entre o amor do povo por Jesus \u2013 porque chega aos seus cora\u00e7\u00f5es, e tamb\u00e9m um pouco por interesse \u2013 e o \u00f3dio dos doutores da Lei, Escribas, Saduceus, Fariseus que o seguiam para peg\u00e1-lo em alguma falta. Eram os \u201cpuros\u201d: \u201cEram realmente um exemplo de formalidade. Mas faltava vida a eles. Eram, por assim dizer &#8211; \u201cengomados\u201d. Eram os r\u00edgidos. E Jesus conhecia a alma deles. Isto nos escandaliza, porque eles se escandalizavam das coisas que Jesus fazia quando perdoava os pecados, quando curava no s\u00e1bado. Rasgavam as suas vestes: \u201cOh! Que esc\u00e2ndalo! Isto n\u00e3o \u00e9 de Deus, porque se deve fazer assim\u201d. Eles n\u00e3o se importavam com as pessoas: importava a Lei, as prescri\u00e7\u00f5es, os preceitos\u201d.<\/p>\n<p>Mas Jesus aceita o convite do fariseu para o almo\u00e7o, porque \u00e9 livre, e vai ter com ele. Ao fariseu, escandalizado pelo seu comportamento, Jesus diz: \u201c&#8217;V\u00f3s fariseus, limpais o copo e o prato por fora, mas o vosso interior est\u00e1 cheio de roubos e maldades\u201d: \u201cN\u00e3o s\u00e3o palavras bonitas, hein! Jesus falava claro, n\u00e3o era hip\u00f3crita. Falava claro. E disse a ele: \u201cMas por que voc\u00ea olha para o exterior? Olha o que tem dentro\u201d. Outra vez havia dito a eles: \u201cVoc\u00eas s\u00e3o sepulcros caiados\u201d. Belo elogio, hein! Belos por fora, todos perfeitos&#8230;todos perfeitos&#8230; Mas dentro cheios de podrid\u00f5es, ou seja, roubos e maldades, diz. Jesus faz a distin\u00e7\u00e3o entre a apar\u00eancia e a realidade interior. Estes senhores s\u00e3o \u201cos doutores das apar\u00eancias\u201d: sempre perfeitos, mas dentro, o que h\u00e1?\u201d.<\/p>\n<p>Francisco recorda outras passagens do Evangelho em que Jesus condena estas pessoas, como a par\u00e1bola do Bom Samaritano ou onde fala de seu modo de jejuar e dar esmolas com ostenta\u00e7\u00e3o. Porque \u2013 afirma o Papa \u2013 a eles o que importava era \u201ca apar\u00eancia\u201d. \u201cJesus qualifica estas pessoas com uma palavra: \u2018hip\u00f3crita!\u2019\u201d. Pessoas com uma alma gananciosa, capazes de matar. \u201cE capazes de pagar para matar ou caluniar, como se faz hoje. Tamb\u00e9m hoje se faz assim: se paga para dar m\u00e1s not\u00edcias, not\u00edcias que sujam os outros\u201d.<\/p>\n<p>Em uma palavra \u2013 continua Francisco \u2013 eram pessoas \u201cr\u00edgidas\u201d, que n\u00e3o estavam dispostas a mudar. \u201cMas sempre, por tr\u00e1s de uma rigidez, existem problemas, problemas graves &#8211; observa. Por tr\u00e1s das apar\u00eancias de bom crist\u00e3o &#8211; apar\u00eancias, hein!, que sempre procura aparecer, de maquiar a alma &#8211; existem problemas. Ali n\u00e3o est\u00e1 Jesus. Ali est\u00e1 o esp\u00edrito do mundo\u201d.<\/p>\n<p>Jesus os chama de \u201cinsensatos\u201d, aconselhando-os a abrirem sua alma ao amor para que a gra\u00e7a entre. Porque a salva\u00e7\u00e3o \u201c\u00e9 um dom gratuito de Deus. Ningu\u00e9m salva a si\u00a0 mesmo, ningu\u00e9m. Ningu\u00e9m salva a si mesmo, nem com as pr\u00e1ticas destas pessoas\u201d: \u201cTenham cuidado com os r\u00edgidos. Tenham cuidado com os crist\u00e3os \u2013 sejam eles leigos, padres, bispos \u2013 que se apresentam como \u201cperfeitos\u201d, r\u00edgidos. Tenham cuidado. N\u00e3o h\u00e1 o Esp\u00edrito de Deus ali. Falta o esp\u00edrito da liberdade. E tenhamos cuidado com n\u00f3s mesmos, porque isso deve nos levar a pensar em nossa vida. Eu procuro olhar somente para as apar\u00eancias? E n\u00e3o mudo o cora\u00e7\u00e3o? N\u00e3o abro o meu cora\u00e7\u00e3o \u00e0 ora\u00e7\u00e3o, \u00e0 liberdade da ora\u00e7\u00e3o, \u00e0 liberdade da esmola, \u00e0 liberdade das obras de miseric\u00f3rdia?\u201d<\/p>\n<hr \/>\n<p><em>Fonte: Vatican News<\/em><\/p>\n","protected":false},"excerpt":{"rendered":"<p>Missa em Santa Marta<\/p>\n","protected":false},"author":1,"featured_media":191393,"comment_status":"open","ping_status":"open","sticky":false,"template":"","format":"standard","meta":[],"categories":[1428],"tags":[1586],"acf":[],"yoast_head":"<!-- This site is optimized with the Yoast SEO plugin v19.2 - https:\/\/yoast.com\/wordpress\/plugins\/seo\/ -->\n<title>Cuidado com crist\u00e3os que se apresentam perfeitos e r\u00edgidos - Not\u00edcias - Franciscanos<\/title>\n<meta name=\"robots\" content=\"index, follow, max-snippet:-1, max-image-preview:large, max-video-preview:-1\" \/>\n<link rel=\"canonical\" href=\"https:\/\/franciscanos.org.br\/noticias\/ter-cuidado-com-cristaos-que-se-apresentam-como-perfeitos-e-rigidos.html\" \/>\n<meta property=\"og:locale\" content=\"pt_BR\" \/>\n<meta property=\"og:type\" content=\"article\" \/>\n<meta property=\"og:title\" content=\"Cuidado com crist\u00e3os que se apresentam perfeitos e r\u00edgidos - Not\u00edcias - Franciscanos\" \/>\n<meta property=\"og:description\" content=\"Missa em Santa Marta\" \/>\n<meta property=\"og:url\" content=\"https:\/\/franciscanos.org.br\/noticias\/ter-cuidado-com-cristaos-que-se-apresentam-como-perfeitos-e-rigidos.html\" \/>\n<meta property=\"og:site_name\" content=\"Not\u00edcias - Franciscanos\" \/>\n<meta property=\"article:published_time\" content=\"2018-10-16T11:29:56+00:00\" \/>\n<meta property=\"article:modified_time\" content=\"2020-06-06T21:24:20+00:00\" \/>\n<meta property=\"og:image\" content=\"https:\/\/franciscanos.org.br\/noticias\/wp-content\/uploads\/2018\/10\/marta_161018-830.jpg\" \/>\n\t<meta property=\"og:image:width\" content=\"273\" \/>\n\t<meta property=\"og:image:height\" content=\"181\" \/>\n\t<meta property=\"og:image:type\" content=\"image\/jpeg\" \/>\n<meta name=\"author\" content=\"admin\" \/>\n<meta name=\"twitter:card\" content=\"summary_large_image\" \/>\n<meta name=\"twitter:label1\" content=\"Escrito por\" \/>\n\t<meta name=\"twitter:data1\" content=\"admin\" \/>\n\t<meta name=\"twitter:label2\" content=\"Est. tempo de leitura\" \/>\n\t<meta name=\"twitter:data2\" content=\"3 minutos\" \/>\n<script type=\"application\/ld+json\" class=\"yoast-schema-graph\">{\"@context\":\"https:\/\/schema.org\",\"@graph\":[{\"@type\":\"WebSite\",\"@id\":\"https:\/\/franciscanos.org.br\/noticias\/#website\",\"url\":\"https:\/\/franciscanos.org.br\/noticias\/\",\"name\":\"Not\u00edcias - Franciscanos\",\"description\":\"Prov\u00edncia Franciscana da Imaculada Concei\u00e7\u00e3o do Brasil - Ordem dos Frades Menores - OFM\",\"potentialAction\":[{\"@type\":\"SearchAction\",\"target\":{\"@type\":\"EntryPoint\",\"urlTemplate\":\"https:\/\/franciscanos.org.br\/noticias\/?s={search_term_string}\"},\"query-input\":\"required name=search_term_string\"}],\"inLanguage\":\"pt-BR\"},{\"@type\":\"ImageObject\",\"inLanguage\":\"pt-BR\",\"@id\":\"https:\/\/franciscanos.org.br\/noticias\/ter-cuidado-com-cristaos-que-se-apresentam-como-perfeitos-e-rigidos.html#primaryimage\",\"url\":\"https:\/\/franciscanos.org.br\/noticias\/wp-content\/uploads\/2018\/10\/marta_161018-830.jpg\",\"contentUrl\":\"https:\/\/franciscanos.org.br\/noticias\/wp-content\/uploads\/2018\/10\/marta_161018-830.jpg\",\"width\":273,\"height\":181},{\"@type\":\"WebPage\",\"@id\":\"https:\/\/franciscanos.org.br\/noticias\/ter-cuidado-com-cristaos-que-se-apresentam-como-perfeitos-e-rigidos.html#webpage\",\"url\":\"https:\/\/franciscanos.org.br\/noticias\/ter-cuidado-com-cristaos-que-se-apresentam-como-perfeitos-e-rigidos.html\",\"name\":\"Cuidado com crist\u00e3os que se apresentam perfeitos e r\u00edgidos - Not\u00edcias - Franciscanos\",\"isPartOf\":{\"@id\":\"https:\/\/franciscanos.org.br\/noticias\/#website\"},\"primaryImageOfPage\":{\"@id\":\"https:\/\/franciscanos.org.br\/noticias\/ter-cuidado-com-cristaos-que-se-apresentam-como-perfeitos-e-rigidos.html#primaryimage\"},\"datePublished\":\"2018-10-16T11:29:56+00:00\",\"dateModified\":\"2020-06-06T21:24:20+00:00\",\"author\":{\"@id\":\"https:\/\/franciscanos.org.br\/noticias\/#\/schema\/person\/b38fbf43118f02820bd932f2e4b14ad3\"},\"breadcrumb\":{\"@id\":\"https:\/\/franciscanos.org.br\/noticias\/ter-cuidado-com-cristaos-que-se-apresentam-como-perfeitos-e-rigidos.html#breadcrumb\"},\"inLanguage\":\"pt-BR\",\"potentialAction\":[{\"@type\":\"ReadAction\",\"target\":[\"https:\/\/franciscanos.org.br\/noticias\/ter-cuidado-com-cristaos-que-se-apresentam-como-perfeitos-e-rigidos.html\"]}]},{\"@type\":\"BreadcrumbList\",\"@id\":\"https:\/\/franciscanos.org.br\/noticias\/ter-cuidado-com-cristaos-que-se-apresentam-como-perfeitos-e-rigidos.html#breadcrumb\",\"itemListElement\":[{\"@type\":\"ListItem\",\"position\":1,\"name\":\"Home\",\"item\":\"https:\/\/franciscanos.org.br\/noticias\"},{\"@type\":\"ListItem\",\"position\":2,\"name\":\"Cuidado com crist\u00e3os que se apresentam perfeitos e r\u00edgidos\"}]},{\"@type\":\"Person\",\"@id\":\"https:\/\/franciscanos.org.br\/noticias\/#\/schema\/person\/b38fbf43118f02820bd932f2e4b14ad3\",\"name\":\"admin\",\"image\":{\"@type\":\"ImageObject\",\"inLanguage\":\"pt-BR\",\"@id\":\"https:\/\/franciscanos.org.br\/noticias\/#\/schema\/person\/image\/\",\"url\":\"https:\/\/secure.gravatar.com\/avatar\/e8495742d34d0ba6448ea1c628263b3e?s=96&d=mm&r=g\",\"contentUrl\":\"https:\/\/secure.gravatar.com\/avatar\/e8495742d34d0ba6448ea1c628263b3e?s=96&d=mm&r=g\",\"caption\":\"admin\"},\"url\":\"https:\/\/franciscanos.org.br\/noticias\/author\/admin\"}]}<\/script>\n<!-- \/ Yoast SEO plugin. -->","yoast_head_json":{"title":"Cuidado com crist\u00e3os que se apresentam perfeitos e r\u00edgidos - Not\u00edcias - Franciscanos","robots":{"index":"index","follow":"follow","max-snippet":"max-snippet:-1","max-image-preview":"max-image-preview:large","max-video-preview":"max-video-preview:-1"},"canonical":"https:\/\/franciscanos.org.br\/noticias\/ter-cuidado-com-cristaos-que-se-apresentam-como-perfeitos-e-rigidos.html","og_locale":"pt_BR","og_type":"article","og_title":"Cuidado com crist\u00e3os que se apresentam perfeitos e r\u00edgidos - Not\u00edcias - Franciscanos","og_description":"Missa em Santa Marta","og_url":"https:\/\/franciscanos.org.br\/noticias\/ter-cuidado-com-cristaos-que-se-apresentam-como-perfeitos-e-rigidos.html","og_site_name":"Not\u00edcias - Franciscanos","article_published_time":"2018-10-16T11:29:56+00:00","article_modified_time":"2020-06-06T21:24:20+00:00","og_image":[{"width":273,"height":181,"url":"https:\/\/franciscanos.org.br\/noticias\/wp-content\/uploads\/2018\/10\/marta_161018-830.jpg","type":"image\/jpeg"}],"author":"admin","twitter_card":"summary_large_image","twitter_misc":{"Escrito por":"admin","Est. tempo de leitura":"3 minutos"},"schema":{"@context":"https:\/\/schema.org","@graph":[{"@type":"WebSite","@id":"https:\/\/franciscanos.org.br\/noticias\/#website","url":"https:\/\/franciscanos.org.br\/noticias\/","name":"Not\u00edcias - Franciscanos","description":"Prov\u00edncia Franciscana da Imaculada Concei\u00e7\u00e3o do Brasil - Ordem dos Frades Menores - OFM","potentialAction":[{"@type":"SearchAction","target":{"@type":"EntryPoint","urlTemplate":"https:\/\/franciscanos.org.br\/noticias\/?s={search_term_string}"},"query-input":"required name=search_term_string"}],"inLanguage":"pt-BR"},{"@type":"ImageObject","inLanguage":"pt-BR","@id":"https:\/\/franciscanos.org.br\/noticias\/ter-cuidado-com-cristaos-que-se-apresentam-como-perfeitos-e-rigidos.html#primaryimage","url":"https:\/\/franciscanos.org.br\/noticias\/wp-content\/uploads\/2018\/10\/marta_161018-830.jpg","contentUrl":"https:\/\/franciscanos.org.br\/noticias\/wp-content\/uploads\/2018\/10\/marta_161018-830.jpg","width":273,"height":181},{"@type":"WebPage","@id":"https:\/\/franciscanos.org.br\/noticias\/ter-cuidado-com-cristaos-que-se-apresentam-como-perfeitos-e-rigidos.html#webpage","url":"https:\/\/franciscanos.org.br\/noticias\/ter-cuidado-com-cristaos-que-se-apresentam-como-perfeitos-e-rigidos.html","name":"Cuidado com crist\u00e3os que se apresentam perfeitos e r\u00edgidos - Not\u00edcias - Franciscanos","isPartOf":{"@id":"https:\/\/franciscanos.org.br\/noticias\/#website"},"primaryImageOfPage":{"@id":"https:\/\/franciscanos.org.br\/noticias\/ter-cuidado-com-cristaos-que-se-apresentam-como-perfeitos-e-rigidos.html#primaryimage"},"datePublished":"2018-10-16T11:29:56+00:00","dateModified":"2020-06-06T21:24:20+00:00","author":{"@id":"https:\/\/franciscanos.org.br\/noticias\/#\/schema\/person\/b38fbf43118f02820bd932f2e4b14ad3"},"breadcrumb":{"@id":"https:\/\/franciscanos.org.br\/noticias\/ter-cuidado-com-cristaos-que-se-apresentam-como-perfeitos-e-rigidos.html#breadcrumb"},"inLanguage":"pt-BR","potentialAction":[{"@type":"ReadAction","target":["https:\/\/franciscanos.org.br\/noticias\/ter-cuidado-com-cristaos-que-se-apresentam-como-perfeitos-e-rigidos.html"]}]},{"@type":"BreadcrumbList","@id":"https:\/\/franciscanos.org.br\/noticias\/ter-cuidado-com-cristaos-que-se-apresentam-como-perfeitos-e-rigidos.html#breadcrumb","itemListElement":[{"@type":"ListItem","position":1,"name":"Home","item":"https:\/\/franciscanos.org.br\/noticias"},{"@type":"ListItem","position":2,"name":"Cuidado com crist\u00e3os que se apresentam perfeitos e r\u00edgidos"}]},{"@type":"Person","@id":"https:\/\/franciscanos.org.br\/noticias\/#\/schema\/person\/b38fbf43118f02820bd932f2e4b14ad3","name":"admin","image":{"@type":"ImageObject","inLanguage":"pt-BR","@id":"https:\/\/franciscanos.org.br\/noticias\/#\/schema\/person\/image\/","url":"https:\/\/secure.gravatar.com\/avatar\/e8495742d34d0ba6448ea1c628263b3e?s=96&d=mm&r=g","contentUrl":"https:\/\/secure.gravatar.com\/avatar\/e8495742d34d0ba6448ea1c628263b3e?s=96&d=mm&r=g","caption":"admin"},"url":"https:\/\/franciscanos.org.br\/noticias\/author\/admin"}]}},"_links":{"self":[{"href":"https:\/\/franciscanos.org.br\/noticias\/wp-json\/wp\/v2\/posts\/190037"}],"collection":[{"href":"https:\/\/franciscanos.org.br\/noticias\/wp-json\/wp\/v2\/posts"}],"about":[{"href":"https:\/\/franciscanos.org.br\/noticias\/wp-json\/wp\/v2\/types\/post"}],"author":[{"embeddable":true,"href":"https:\/\/franciscanos.org.br\/noticias\/wp-json\/wp\/v2\/users\/1"}],"replies":[{"embeddable":true,"href":"https:\/\/franciscanos.org.br\/noticias\/wp-json\/wp\/v2\/comments?post=190037"}],"version-history":[{"count":1,"href":"https:\/\/franciscanos.org.br\/noticias\/wp-json\/wp\/v2\/posts\/190037\/revisions"}],"predecessor-version":[{"id":224745,"href":"https:\/\/franciscanos.org.br\/noticias\/wp-json\/wp\/v2\/posts\/190037\/revisions\/224745"}],"wp:featuredmedia":[{"embeddable":true,"href":"https:\/\/franciscanos.org.br\/noticias\/wp-json\/wp\/v2\/media\/191393"}],"wp:attachment":[{"href":"https:\/\/franciscanos.org.br\/noticias\/wp-json\/wp\/v2\/media?parent=190037"}],"wp:term":[{"taxonomy":"category","embeddable":true,"href":"https:\/\/franciscanos.org.br\/noticias\/wp-json\/wp\/v2\/categories?post=190037"},{"taxonomy":"post_tag","embeddable":true,"href":"https:\/\/franciscanos.org.br\/noticias\/wp-json\/wp\/v2\/tags?post=190037"}],"curies":[{"name":"wp","href":"https:\/\/api.w.org\/{rel}","templated":true}]}}