{"id":190036,"date":"2018-10-15T15:22:55","date_gmt":"2018-10-15T18:22:55","guid":{"rendered":"http:\/\/franciscanos.org.br\/?p=174543"},"modified":"2020-06-06T18:26:51","modified_gmt":"2020-06-06T21:26:51","slug":"pe-arturo-sosa-ser-povo-de-deus-e-comunidade","status":"publish","type":"post","link":"https:\/\/franciscanos.org.br\/noticias\/pe-arturo-sosa-ser-povo-de-deus-e-comunidade.html","title":{"rendered":"Pe. Arturo Sosa: ser povo de Deus e comunidade"},"content":{"rendered":"<p><strong><img loading=\"lazy\" class=\"alignleft size-full wp-image-191402\" src=\"https:\/\/franciscanos.org.br\/noticias\/wp-content\/uploads\/2018\/10\/sinodo_151018-830.jpg\" alt=\"\" width=\"830\" height=\"400\" srcset=\"https:\/\/franciscanos.org.br\/noticias\/wp-content\/uploads\/2018\/10\/sinodo_151018-830.jpg 830w, https:\/\/franciscanos.org.br\/noticias\/wp-content\/uploads\/2018\/10\/sinodo_151018-830-450x217.jpg 450w, https:\/\/franciscanos.org.br\/noticias\/wp-content\/uploads\/2018\/10\/sinodo_151018-830-768x370.jpg 768w, https:\/\/franciscanos.org.br\/noticias\/wp-content\/uploads\/2018\/10\/sinodo_151018-830-150x72.jpg 150w\" sizes=\"(max-width: 830px) 100vw, 830px\" \/>Cidade do Vaticano<\/strong> &#8211; A \u201ccolegialidade na Igreja\u201d expressa cada vez mais a sua \u201criqueza\u201d, passo a passo. Certamente, h\u00e1 \u201csinais de mal-estar\u201d, mas isto de que estamos falando \u00e9 o \u201cS\u00ednodo dos Bispos\u201d.<\/p>\n<p>Assim se expressou o Prep\u00f3sito Geral da Companhia de Jesus, Pe. Arturo Sosa Abascal, falando no in\u00edcio da tarde desta segunda-feira (15\/10) no briefing na Sala de Imprensa da Santa S\u00e9 sobre os trabalhos da XV Assembleia Geral Ordin\u00e1ria do S\u00ednodo dos Bispos, a qual tem como tema \u201cOs jovens, a f\u00e9 e o discernimento vocacional\u201d.<\/p>\n<p>O jesu\u00edta, respondendo a uma pergunta sobre a eventualidade de permitir o voto tamb\u00e9m das mulheres que est\u00e3o participando do S\u00ednodo, esclareceu que \u201co modelo\u201d auspiciado pelo Conc\u00edlio Vaticano II \u201ccom o povo de Deus no centro ainda n\u00e3o se encarnou plenamente na hist\u00f3ria\u201d, mas a Igreja est\u00e1 em caminho e as mudan\u00e7as est\u00e3o se realizando.<\/p>\n<p><strong>Ser povo de Deus e comunidade<\/strong><\/p>\n<p>Uma Igreja \u00e0 escuta que v\u00ea a participa\u00e7\u00e3o ativa dos leigos e das leigas \u201cj\u00e1 \u00e9 realidade\u201d: precisou por sua vez o ministro-geral da Ordem dos Frades Franciscanos Menores Conventuais, Frei Marco Tasca.<\/p>\n<p>\u201cNos S\u00ednodos diocesanos h\u00e1 esta presen\u00e7a\u201d, acrescentou o franciscano, com toda a contribui\u00e7\u00e3o que disso deriva: deveria talvez crescer \u201ca n\u00edvel episcopal\u201d. Tamb\u00e9m o mestre-geral da Ordem dos Frades Pregadores, Frei Bruno Cador\u00e9, pronunciou-se sobre a quest\u00e3o.<\/p>\n<p>Segundo o dominicano, \u00e9 preciso sobretudo valorizar as \u201ccelebra\u00e7\u00f5es\u201d, n\u00e3o tanto as \u201cassembleias estruturadas\u201d. O que a Igreja deveria ser \u00e9, sobretudo, uma comunidade. \u201cOs jovens\u201d, insistiu, \u201cprecisam de um lugar de perten\u00e7a, de \u201cuma fam\u00edlia, como costuma se dizer na \u00c1frica\u201d: \u00e9 preciso voltar a aten\u00e7\u00e3o para as \u201ccerim\u00f4nias comunit\u00e1rias\u201d.<\/p>\n<p><strong>Promover uma \u201ccidadania universal\u201d<\/strong><\/p>\n<p>Entre os temas surgidos durante o encontro com os jornalistas foi dado amplo espa\u00e7o ao das migra\u00e7\u00f5es e do acolhimento. Trazendo tamb\u00e9m a experi\u00eancia do Servi\u00e7o Jesu\u00edta para Refugiados (Jesuit Refugee Service), Pe. Arturo Sosa, evidenciou \u201ctr\u00eas sinais dos tempos\u201d.<\/p>\n<p>Um \u201cprocesso de seculariza\u00e7\u00e3o\u201d cada vez mais difuso; o \u201cmundo digital\u201d, que estimula novos processos \u201ceducacionais\u201d; e o mundo multicultural com suas migra\u00e7\u00f5es.<br \/>\n\u201cPensando naqueles que s\u00e3o obrigados a deixar tudo \u2013 disse \u2013, pensemos como estamos nos tornando desumanos.\u201d O prep\u00f3sito geral da Companhia de Jesus insistiu que s\u00e3o dois \u00e2mbitos de investiga\u00e7\u00e3o: os motivos que est\u00e3o por tr\u00e1s dos fluxos, e como promover uma cultura do acolhimento.<\/p>\n<p>Dois extremos de um tema delicado, em cujo centro est\u00e3o outras problem\u00e1ticas a serem consideradas. Em primeiro lugar, o tempo de perman\u00eancia nos campos de refugiados. Algumas pessoas que acabam nestes lugares ficam at\u00e9 dezessete anos, disse o jesu\u00edta, um tempo infinito no qual \u00e9 extremamente importante oferecer tamb\u00e9m \u201cum servi\u00e7o educacional\u201d.<\/p>\n<p><strong>O S\u00ednodo est\u00e1 se alimentando da variedade juvenil<\/strong><\/p>\n<p>A enorme variedade do mundo juvenil, que est\u00e1 emergindo durante o encontro, foi delineada pelo Frei Bruno Cador\u00e9, o qual auspiciou que o documento final possa absorver toda a sua riqueza.<\/p>\n<p>O texto conclusivo, como precisou o prefeito do Dicast\u00e9rio Vaticano para a Comunica\u00e7\u00e3o e presidente da Comiss\u00e3o sinodal para a informa\u00e7\u00e3o, Paolo Ruffini, ser\u00e1 votado ponto por ponto e adotado com a maioria dos 2\/3. Provavelmente, acrescentou, ser\u00e1 acompanhado de uma mensagem dirigida aos jovens.<\/p>\n<p><strong>Encontrar o alvorecer ao cair da tarde<\/strong><\/p>\n<p>Frei Marco\u00a0Tasca\u00a0destacou o tema ecol\u00f3gico e o tema da escuta, que seja capaz de acolher tamb\u00e9m \u201cas corre\u00e7\u00f5es\u201d que os jovens prop\u00f5em \u201ccom a sensibilidade deles\u201d. Este S\u00ednodo n\u00e3o \u00e9 um S\u00ednodo das \u201clam\u00farias\u201d, acrescentou o ministro-geral da Ordem Franciscana dos Frades Menores Conventuais, mas o lugar \u201conde construir juntos\u201d.<br \/>\nDe fato, os jovens \u201cquerem participar da vida da Igreja\u201d e buscar \u201cperspectivas para o futuro\u201d. Por fim, citando uma can\u00e7\u00e3o do renomado cantor e compositor italiano Franco Battiato, acrescentou que \u00e9 \u201cpreciso encontrar o alvorecer ao cair da tarde\u201d.<\/p>\n<p><strong>O primeiro mandato da Igreja \u00e9 o amor<\/strong><\/p>\n<p>Esteve tamb\u00e9m presente na Sala de Imprensa da Santa S\u00e9, no Vaticano, Silvia Teresa Retamales Morales, membro do Observat\u00f3rio s\u00f3cio-pastoral dos jovens no Chile. A jovem auditora falou da alegria de participar deste encontro, bem como sobre a urg\u00eancia da Igreja de ser cada vez mais \u201cinclusiva\u201d.<\/p>\n<p>Em rela\u00e7\u00e3o \u00e0 quest\u00e3o dos abusos no Chile, o advogada ressaltou que os jovens no pa\u00eds tiveram uma \u201ccrise de confian\u00e7a\u201d, mas que essa dram\u00e1tica quest\u00e3o poder\u00e1 ser ocasi\u00e3o para \u201crepensar as estruturas eclesiais\u201d, de modo a evitar que o que ocorreu possa repetir-se.<\/p>\n<hr \/>\n<p><em>Fonte: Vatican News<\/em><\/p>\n","protected":false},"excerpt":{"rendered":"<p>S\u00ednodo dos Jovens<\/p>\n","protected":false},"author":1,"featured_media":191404,"comment_status":"open","ping_status":"open","sticky":false,"template":"","format":"standard","meta":[],"categories":[1428],"tags":[839],"acf":[],"yoast_head":"<!-- This site is optimized with the Yoast SEO plugin v19.2 - https:\/\/yoast.com\/wordpress\/plugins\/seo\/ -->\n<title>Pe. Arturo Sosa: ser povo de Deus e comunidade - Not\u00edcias - Franciscanos<\/title>\n<meta name=\"robots\" content=\"index, follow, max-snippet:-1, max-image-preview:large, max-video-preview:-1\" \/>\n<link rel=\"canonical\" href=\"https:\/\/franciscanos.org.br\/noticias\/pe-arturo-sosa-ser-povo-de-deus-e-comunidade.html\" \/>\n<meta property=\"og:locale\" content=\"pt_BR\" \/>\n<meta property=\"og:type\" content=\"article\" \/>\n<meta property=\"og:title\" content=\"Pe. Arturo Sosa: ser povo de Deus e comunidade - Not\u00edcias - Franciscanos\" \/>\n<meta property=\"og:description\" content=\"S\u00ednodo dos Jovens\" \/>\n<meta property=\"og:url\" content=\"https:\/\/franciscanos.org.br\/noticias\/pe-arturo-sosa-ser-povo-de-deus-e-comunidade.html\" \/>\n<meta property=\"og:site_name\" content=\"Not\u00edcias - Franciscanos\" \/>\n<meta property=\"article:published_time\" content=\"2018-10-15T18:22:55+00:00\" \/>\n<meta property=\"article:modified_time\" content=\"2020-06-06T21:26:51+00:00\" \/>\n<meta property=\"og:image\" content=\"https:\/\/franciscanos.org.br\/noticias\/wp-content\/uploads\/2018\/10\/sinodo_151018-830-1.jpg\" \/>\n\t<meta property=\"og:image:width\" content=\"273\" \/>\n\t<meta property=\"og:image:height\" content=\"181\" \/>\n\t<meta property=\"og:image:type\" content=\"image\/jpeg\" \/>\n<meta name=\"author\" content=\"admin\" \/>\n<meta name=\"twitter:card\" content=\"summary_large_image\" \/>\n<meta name=\"twitter:label1\" content=\"Escrito por\" \/>\n\t<meta name=\"twitter:data1\" content=\"admin\" \/>\n\t<meta name=\"twitter:label2\" content=\"Est. tempo de leitura\" \/>\n\t<meta name=\"twitter:data2\" content=\"4 minutos\" \/>\n<script type=\"application\/ld+json\" class=\"yoast-schema-graph\">{\"@context\":\"https:\/\/schema.org\",\"@graph\":[{\"@type\":\"WebSite\",\"@id\":\"https:\/\/franciscanos.org.br\/noticias\/#website\",\"url\":\"https:\/\/franciscanos.org.br\/noticias\/\",\"name\":\"Not\u00edcias - Franciscanos\",\"description\":\"Prov\u00edncia Franciscana da Imaculada Concei\u00e7\u00e3o do Brasil - Ordem dos Frades Menores - OFM\",\"potentialAction\":[{\"@type\":\"SearchAction\",\"target\":{\"@type\":\"EntryPoint\",\"urlTemplate\":\"https:\/\/franciscanos.org.br\/noticias\/?s={search_term_string}\"},\"query-input\":\"required name=search_term_string\"}],\"inLanguage\":\"pt-BR\"},{\"@type\":\"ImageObject\",\"inLanguage\":\"pt-BR\",\"@id\":\"https:\/\/franciscanos.org.br\/noticias\/pe-arturo-sosa-ser-povo-de-deus-e-comunidade.html#primaryimage\",\"url\":\"https:\/\/franciscanos.org.br\/noticias\/wp-content\/uploads\/2018\/10\/sinodo_151018-830-1.jpg\",\"contentUrl\":\"https:\/\/franciscanos.org.br\/noticias\/wp-content\/uploads\/2018\/10\/sinodo_151018-830-1.jpg\",\"width\":273,\"height\":181},{\"@type\":\"WebPage\",\"@id\":\"https:\/\/franciscanos.org.br\/noticias\/pe-arturo-sosa-ser-povo-de-deus-e-comunidade.html#webpage\",\"url\":\"https:\/\/franciscanos.org.br\/noticias\/pe-arturo-sosa-ser-povo-de-deus-e-comunidade.html\",\"name\":\"Pe. Arturo Sosa: ser povo de Deus e comunidade - Not\u00edcias - Franciscanos\",\"isPartOf\":{\"@id\":\"https:\/\/franciscanos.org.br\/noticias\/#website\"},\"primaryImageOfPage\":{\"@id\":\"https:\/\/franciscanos.org.br\/noticias\/pe-arturo-sosa-ser-povo-de-deus-e-comunidade.html#primaryimage\"},\"datePublished\":\"2018-10-15T18:22:55+00:00\",\"dateModified\":\"2020-06-06T21:26:51+00:00\",\"author\":{\"@id\":\"https:\/\/franciscanos.org.br\/noticias\/#\/schema\/person\/b38fbf43118f02820bd932f2e4b14ad3\"},\"breadcrumb\":{\"@id\":\"https:\/\/franciscanos.org.br\/noticias\/pe-arturo-sosa-ser-povo-de-deus-e-comunidade.html#breadcrumb\"},\"inLanguage\":\"pt-BR\",\"potentialAction\":[{\"@type\":\"ReadAction\",\"target\":[\"https:\/\/franciscanos.org.br\/noticias\/pe-arturo-sosa-ser-povo-de-deus-e-comunidade.html\"]}]},{\"@type\":\"BreadcrumbList\",\"@id\":\"https:\/\/franciscanos.org.br\/noticias\/pe-arturo-sosa-ser-povo-de-deus-e-comunidade.html#breadcrumb\",\"itemListElement\":[{\"@type\":\"ListItem\",\"position\":1,\"name\":\"Home\",\"item\":\"https:\/\/franciscanos.org.br\/noticias\"},{\"@type\":\"ListItem\",\"position\":2,\"name\":\"Pe. Arturo Sosa: ser povo de Deus e comunidade\"}]},{\"@type\":\"Person\",\"@id\":\"https:\/\/franciscanos.org.br\/noticias\/#\/schema\/person\/b38fbf43118f02820bd932f2e4b14ad3\",\"name\":\"admin\",\"image\":{\"@type\":\"ImageObject\",\"inLanguage\":\"pt-BR\",\"@id\":\"https:\/\/franciscanos.org.br\/noticias\/#\/schema\/person\/image\/\",\"url\":\"https:\/\/secure.gravatar.com\/avatar\/e8495742d34d0ba6448ea1c628263b3e?s=96&d=mm&r=g\",\"contentUrl\":\"https:\/\/secure.gravatar.com\/avatar\/e8495742d34d0ba6448ea1c628263b3e?s=96&d=mm&r=g\",\"caption\":\"admin\"},\"url\":\"https:\/\/franciscanos.org.br\/noticias\/author\/admin\"}]}<\/script>\n<!-- \/ Yoast SEO plugin. -->","yoast_head_json":{"title":"Pe. Arturo Sosa: ser povo de Deus e comunidade - Not\u00edcias - Franciscanos","robots":{"index":"index","follow":"follow","max-snippet":"max-snippet:-1","max-image-preview":"max-image-preview:large","max-video-preview":"max-video-preview:-1"},"canonical":"https:\/\/franciscanos.org.br\/noticias\/pe-arturo-sosa-ser-povo-de-deus-e-comunidade.html","og_locale":"pt_BR","og_type":"article","og_title":"Pe. Arturo Sosa: ser povo de Deus e comunidade - Not\u00edcias - Franciscanos","og_description":"S\u00ednodo dos Jovens","og_url":"https:\/\/franciscanos.org.br\/noticias\/pe-arturo-sosa-ser-povo-de-deus-e-comunidade.html","og_site_name":"Not\u00edcias - Franciscanos","article_published_time":"2018-10-15T18:22:55+00:00","article_modified_time":"2020-06-06T21:26:51+00:00","og_image":[{"width":273,"height":181,"url":"https:\/\/franciscanos.org.br\/noticias\/wp-content\/uploads\/2018\/10\/sinodo_151018-830-1.jpg","type":"image\/jpeg"}],"author":"admin","twitter_card":"summary_large_image","twitter_misc":{"Escrito por":"admin","Est. tempo de leitura":"4 minutos"},"schema":{"@context":"https:\/\/schema.org","@graph":[{"@type":"WebSite","@id":"https:\/\/franciscanos.org.br\/noticias\/#website","url":"https:\/\/franciscanos.org.br\/noticias\/","name":"Not\u00edcias - Franciscanos","description":"Prov\u00edncia Franciscana da Imaculada Concei\u00e7\u00e3o do Brasil - Ordem dos Frades Menores - OFM","potentialAction":[{"@type":"SearchAction","target":{"@type":"EntryPoint","urlTemplate":"https:\/\/franciscanos.org.br\/noticias\/?s={search_term_string}"},"query-input":"required name=search_term_string"}],"inLanguage":"pt-BR"},{"@type":"ImageObject","inLanguage":"pt-BR","@id":"https:\/\/franciscanos.org.br\/noticias\/pe-arturo-sosa-ser-povo-de-deus-e-comunidade.html#primaryimage","url":"https:\/\/franciscanos.org.br\/noticias\/wp-content\/uploads\/2018\/10\/sinodo_151018-830-1.jpg","contentUrl":"https:\/\/franciscanos.org.br\/noticias\/wp-content\/uploads\/2018\/10\/sinodo_151018-830-1.jpg","width":273,"height":181},{"@type":"WebPage","@id":"https:\/\/franciscanos.org.br\/noticias\/pe-arturo-sosa-ser-povo-de-deus-e-comunidade.html#webpage","url":"https:\/\/franciscanos.org.br\/noticias\/pe-arturo-sosa-ser-povo-de-deus-e-comunidade.html","name":"Pe. Arturo Sosa: ser povo de Deus e comunidade - Not\u00edcias - Franciscanos","isPartOf":{"@id":"https:\/\/franciscanos.org.br\/noticias\/#website"},"primaryImageOfPage":{"@id":"https:\/\/franciscanos.org.br\/noticias\/pe-arturo-sosa-ser-povo-de-deus-e-comunidade.html#primaryimage"},"datePublished":"2018-10-15T18:22:55+00:00","dateModified":"2020-06-06T21:26:51+00:00","author":{"@id":"https:\/\/franciscanos.org.br\/noticias\/#\/schema\/person\/b38fbf43118f02820bd932f2e4b14ad3"},"breadcrumb":{"@id":"https:\/\/franciscanos.org.br\/noticias\/pe-arturo-sosa-ser-povo-de-deus-e-comunidade.html#breadcrumb"},"inLanguage":"pt-BR","potentialAction":[{"@type":"ReadAction","target":["https:\/\/franciscanos.org.br\/noticias\/pe-arturo-sosa-ser-povo-de-deus-e-comunidade.html"]}]},{"@type":"BreadcrumbList","@id":"https:\/\/franciscanos.org.br\/noticias\/pe-arturo-sosa-ser-povo-de-deus-e-comunidade.html#breadcrumb","itemListElement":[{"@type":"ListItem","position":1,"name":"Home","item":"https:\/\/franciscanos.org.br\/noticias"},{"@type":"ListItem","position":2,"name":"Pe. Arturo Sosa: ser povo de Deus e comunidade"}]},{"@type":"Person","@id":"https:\/\/franciscanos.org.br\/noticias\/#\/schema\/person\/b38fbf43118f02820bd932f2e4b14ad3","name":"admin","image":{"@type":"ImageObject","inLanguage":"pt-BR","@id":"https:\/\/franciscanos.org.br\/noticias\/#\/schema\/person\/image\/","url":"https:\/\/secure.gravatar.com\/avatar\/e8495742d34d0ba6448ea1c628263b3e?s=96&d=mm&r=g","contentUrl":"https:\/\/secure.gravatar.com\/avatar\/e8495742d34d0ba6448ea1c628263b3e?s=96&d=mm&r=g","caption":"admin"},"url":"https:\/\/franciscanos.org.br\/noticias\/author\/admin"}]}},"_links":{"self":[{"href":"https:\/\/franciscanos.org.br\/noticias\/wp-json\/wp\/v2\/posts\/190036"}],"collection":[{"href":"https:\/\/franciscanos.org.br\/noticias\/wp-json\/wp\/v2\/posts"}],"about":[{"href":"https:\/\/franciscanos.org.br\/noticias\/wp-json\/wp\/v2\/types\/post"}],"author":[{"embeddable":true,"href":"https:\/\/franciscanos.org.br\/noticias\/wp-json\/wp\/v2\/users\/1"}],"replies":[{"embeddable":true,"href":"https:\/\/franciscanos.org.br\/noticias\/wp-json\/wp\/v2\/comments?post=190036"}],"version-history":[{"count":1,"href":"https:\/\/franciscanos.org.br\/noticias\/wp-json\/wp\/v2\/posts\/190036\/revisions"}],"predecessor-version":[{"id":224748,"href":"https:\/\/franciscanos.org.br\/noticias\/wp-json\/wp\/v2\/posts\/190036\/revisions\/224748"}],"wp:featuredmedia":[{"embeddable":true,"href":"https:\/\/franciscanos.org.br\/noticias\/wp-json\/wp\/v2\/media\/191404"}],"wp:attachment":[{"href":"https:\/\/franciscanos.org.br\/noticias\/wp-json\/wp\/v2\/media?parent=190036"}],"wp:term":[{"taxonomy":"category","embeddable":true,"href":"https:\/\/franciscanos.org.br\/noticias\/wp-json\/wp\/v2\/categories?post=190036"},{"taxonomy":"post_tag","embeddable":true,"href":"https:\/\/franciscanos.org.br\/noticias\/wp-json\/wp\/v2\/tags?post=190036"}],"curies":[{"name":"wp","href":"https:\/\/api.w.org\/{rel}","templated":true}]}}