{"id":190034,"date":"2018-10-14T10:30:54","date_gmt":"2018-10-14T13:30:54","guid":{"rendered":"http:\/\/franciscanos.org.br\/?p=174446"},"modified":"2020-06-06T18:30:22","modified_gmt":"2020-06-06T21:30:22","slug":"jesus-e-radical-da-tudo-e-pede-tudo-disse-o-papa-na-missa-com-canonizacoes-2","status":"publish","type":"post","link":"https:\/\/franciscanos.org.br\/noticias\/jesus-e-radical-da-tudo-e-pede-tudo-disse-o-papa-na-missa-com-canonizacoes-2.html","title":{"rendered":"Papa: &#8220;Jesus \u00e9 radical, d\u00e1 tudo e pede tudo&#8221;"},"content":{"rendered":"<p><strong>Cidade do Vaticano<\/strong> &#8211; \u201cJesus \u00e9 radical. D\u00e1 tudo e pede tudo (\u2026). N\u00e3o Se contenta com uma \u00abpercentagem de amor\u00bb: n\u00e3o podemos am\u00e1-Lo a vinte, cinquenta ou sessenta por cento. Ou tudo ou nada\u201d. Dirigindo-se aos mais de 70 mil fi\u00e9is presentes na Pra\u00e7a S\u00e3o Pedro na Missa em que foram proclamados sete novos Santos, o Papa Francisco recordou que somos chamados a viver a \u201cvoca\u00e7\u00e3o comum \u00e0 santidade, n\u00e3o \u00e0s meias medidas, mas \u00e0 santidade\u201d.\u00a0E os novos santos, \u201cem diferentes contextos, traduziram na vida a Palavra de hoje: sem tibieza, nem c\u00e1lculos, com o ardor de arriscar e deixar tudo. Que o Senhor nos ajude a imitar os seus exemplos\u201d, foi o convite do Santo Padre.<\/p>\n<p>Ap\u00f3s o canto do <em>Veni Creator<\/em>, no in\u00edcio da celebra\u00e7\u00e3o, o cardeal Angelo Becciu, prefeito da Congrega\u00e7\u00e3o para as Causas dos Santos, acompanhado pelos postuladores, dirigiu-se ao Santo Padre pedindo que se procedesse \u00e0 canoniza\u00e7\u00e3o dos sete Beatos, lendo ent\u00e3o a biografia de cada um deles. Foi ent\u00e3o cantada a Ladainha de todos os Santos e ao final o Papa Francisco leu a f\u00f3rmula da canoniza\u00e7\u00e3o, inserindo-os assim no \u00e1lbum dos Santos, para ent\u00e3o serem venerados por toda a Igreja. Seguiu-se o canto do Jubilate.<\/p>\n<p>As rel\u00edquias de cada Santo apresentadas na cerim\u00f4nia foram: de Paulo VI, a camiseta com manchas de sangue das feridas provocadas pelo atentado ocorrido em Manilla, nas Filipinas; de Dom \u00d3scar Arnulfo Romero, parte de um osso; de Francisco Spinelli, osso do p\u00e9; de Vicente Romano, uma v\u00e9rtebra; de N\u00fancio Sulprizio, o fragmento do osso do dedo da m\u00e3o; de Maria Catarina Kasper, osso da espinha dorsal e de Naz\u00e1ria In\u00e1cia de Santa Teresa de Jesus, mecha de cabelos.<br \/>\n<img loading=\"lazy\" src=\"http:\/\/franciscanos.org.br\/wp-content\/uploads\/2018\/10\/missa_141018.jpg\" alt=\"missa_141018\" width=\"820\" height=\"546\" \/><br \/>\n<strong>Da observ\u00e2ncia da lei ao dom de si mesmo<\/strong><\/p>\n<p>\u201cO que devo fazer para ter em heran\u00e7a a vida eterna?\u201d. A pergunta deste desconhecido \u2013 que pode ser cada um de n\u00f3s \u2013 narrada no Evangelho de Marcos, ofereceu ao Pont\u00edfice a inspira\u00e7\u00e3o para falar em sua homilia sobre a radicalidade exigida no seguimento sincero de Jesus.<\/p>\n<p>Jesus fixou o olhar no homem e amou-o, mudando-lhe a perspectiva, \u201cpede-lhe para passar da observ\u00e2ncia das leis ao dom de si mesmo, do trabalhar para si ao estar com Ele. E faz-lhe uma proposta \u00abcortante\u00bb de vida: \u00abVende tudo o que tens, d\u00e1 o dinheiro aos pobres (\u2026), vem e segue-Me\u00bb\u201d. A mesma proposta Jesus faz a cada um de n\u00f3s. E para ser dele \u2013 observa o Papa \u2013 \u201cn\u00e3o basta n\u00e3o fazer nada de mal\u201d, ou segui-lo apenas quando nos apetece, ou ainda &#8220;ficar contentes com observar preceitos, dar esmolas e recitar algumas ora\u00e7\u00f5es\u201d, mas devemos encontrar n\u2019Ele o Deus que sempre nos ama, o sentido da nossa vida, a for\u00e7a para nos entregarmos.<br \/>\n<img loading=\"lazy\" src=\"http:\/\/franciscanos.org.br\/wp-content\/uploads\/2018\/10\/missa_141018_1.jpg\" alt=\"missa_141018_1\" width=\"820\" height=\"440\" \/><br \/>\n<strong>Abandonar o que deixa pesado o cora\u00e7\u00e3o<\/strong><br \/>\nAo dizer para vender tudo o que tem e dar o dinheiro aos pobres, Jesus pede a cada um de n\u00f3s \u201cpara deixar aquilo que torna pesado o cora\u00e7\u00e3o, esvaziar-se de bens para dar lugar a Ele, \u00fanico bem\u201d: \u201cN\u00e3o se pode seguir verdadeiramente a Jesus, quando se est\u00e1 estivado de coisas. Pois, se o cora\u00e7\u00e3o estiver repleto de bens, n\u00e3o haver\u00e1 espa\u00e7o para o Senhor, que Se tornar\u00e1 uma coisa mais entre as outras. Por isso, a riqueza \u00e9 perigosa e \u2013 di-lo Jesus \u2013 torna dif\u00edcil at\u00e9 mesmo salvar-se. N\u00e3o, porque Deus seja severo; n\u00e3o! O problema est\u00e1 do nosso lado: o muito que temos e o muito que ambicionamos sufocam-nos o cora\u00e7\u00e3o e tornam-nos incapazes de amar (\u2026). Quando se coloca no centro o dinheiro, vemos que n\u00e3o h\u00e1 lugar para Deus; e n\u00e3o h\u00e1 lugar sequer para o homem\u201d.<\/p>\n<p><img loading=\"lazy\" src=\"http:\/\/franciscanos.org.br\/wp-content\/uploads\/2018\/10\/missa_141018_5.jpg\" alt=\"missa_141018_5\" width=\"820\" height=\"546\" \/><br \/>\n<strong>Ou tudo ou nada<\/strong><br \/>\n\u201cJesus \u00e9 radical \u2013 reitera o Papa &#8211; d\u00e1 tudo e pede tudo: d\u00e1 um amor total e pede um cora\u00e7\u00e3o indiviso\u201d. E pergunta: \u201cTamb\u00e9m hoje Se nos d\u00e1 como P\u00e3o vivo; poderemos n\u00f3s, em troca, dar-Lhe as migalhas? A Ele, que Se fez nosso servo at\u00e9 ao ponto de Se deixar crucificar por n\u00f3s, n\u00e3o Lhe podemos responder apenas com a observ\u00e2ncia de alguns preceitos. A Ele, que nos oferece a vida eterna, n\u00e3o podemos dar qualquer bocado de tempo. Jesus n\u00e3o Se contenta com uma \u00abpercentagem de amor\u00bb: n\u00e3o podemos am\u00e1-Lo a vinte, cinquenta ou sessenta por cento. Ou tudo ou nada\u201d.<br \/>\n\u201cO nosso cora\u00e7\u00e3o \u00e9 como um \u00edman: deixa-se atrair pelo amor, mas s\u00f3 se pode apegar a um lado e tem de escolher: amar a Deus ou as riquezas do mundo; viver para amar ou viver para si mesmo\u201d, disse o Papa. E Prosseguiu: \u201cO nosso cora\u00e7\u00e3o \u00e9 como um \u00edman: deixa-se atrair pelo amor, mas s\u00f3 se pode apegar a um lado e tem de escolher: amar a Deus ou as riquezas do mundo; viver para amar ou viver para si mesmo. Perguntemo-nos de que lado estamos n\u00f3s&#8230; Perguntemo-nos a que ponto nos encontramos na nossa hist\u00f3ria de amor com Deus&#8230; Contentamo-nos com alguns preceitos ou seguimos Jesus como enamorados, prontos verdadeiramente a deixar tudo por Ele? Jesus pergunta a cada um e a todos n\u00f3s como Igreja em caminho: somos uma Igreja que se limita a pregar bons preceitos ou uma Igreja-esposa, que pelo seu Senhor se lan\u00e7a no amor? Seguimo-Lo verdadeiramente ou voltamos aos passos do mundo, como aquele homem? Em suma, basta-nos Jesus ou procuramos as seguran\u00e7as do mundo?\u201d<\/p>\n<p>Pe\u00e7amos a gra\u00e7a \u2013 foi a exorta\u00e7\u00e3o de Francisco &#8211; de saber deixar por amor do Senhor &#8220;as riquezas, os sonhos de fun\u00e7\u00f5es e poderes, as estruturas j\u00e1 inadequadas para o an\u00fancio do Evangelho, os pesos que travam a miss\u00e3o, os la\u00e7os que nos ligam ao mundo\u201d.<\/p>\n<p><strong>Autocomplac\u00eancia egoc\u00eantrica<\/strong><br \/>\n\u201cSem um salto em frente no amor &#8211; disse o Papa &#8211; a nossa vida e a nossa Igreja adoecem de \u00abautocomplac\u00eancia egoc\u00eantrica\u00bb\u201d, procurando a alegria em qualquer prazer passageiro. \u201cFechamo-nos numa tagarelice est\u00e9ril, acomodamo-nos na monotonia duma vida crist\u00e3 sem ardor, onde um pouco de narcisismo cobre a tristeza de permanecermos inacabados\u201d.<br \/>\n\u201cSem um salto em frente no amor, a nossa vida e a nossa Igreja adoecem de \u00abautocomplac\u00eancia egoc\u00eantrica\u201d. Foi o que aconteceu com aquele homem que \u201cretirou-se pesaroso\u201d \u2013 disse o Papa. \u201cEmbora tivesse encontrado Jesus e recebido o seu olhar amoroso, foi-se embora triste. A tristeza \u00e9 a prova do amor inacabado. \u00c9 o sinal dum cora\u00e7\u00e3o t\u00edbio. Pelo contr\u00e1rio, um cora\u00e7\u00e3o aliviado dos bens, que ama livremente o Senhor, espalha sempre a alegria, aquela alegria de que hoje temos tanta necessidade\u201d.<\/p>\n<p><img loading=\"lazy\" src=\"http:\/\/franciscanos.org.br\/wp-content\/uploads\/2018\/10\/missa_141018_4.jpg\" alt=\"missa_141018_4\" width=\"820\" height=\"546\" \/><br \/>\n<strong>Voltar \u00e0s fontes da alegria<\/strong><br \/>\n\u201cHoje &#8211; prosseguiu o Santo Padre &#8211; Jesus convida-nos a voltar \u00e0s fontes da alegria, que s\u00e3o o encontro com Ele, a op\u00e7\u00e3o corajosa de arriscar para O seguir, o gosto de deixar tudo para abra\u00e7ar o seu caminho. Os Santos percorreram este caminho\u201d: \u201cPaulo VI fez isso, seguindo o exemplo do Ap\u00f3stolo cujo nome assumira. Como ele, consumiu a vida pelo Evangelho de Cristo, cruzando novas fronteiras e fazendo-se testemunha d\u2019Ele no an\u00fancio e no di\u00e1logo, profeta duma Igreja extroversa que olha para os distantes e cuida dos pobres. Mesmo nas fadigas e no meio das incompreens\u00f5es, Paulo VI testemunhou de forma apaixonada a beleza e a alegria de seguir totalmente Jesus. Hoje continua a exortar-nos, juntamente com o Conc\u00edlio de que foi s\u00e1bio timoneiro, a que vivamos a nossa voca\u00e7\u00e3o comum: a voca\u00e7\u00e3o universal \u00e0 santidade; n\u00e3o \u00e0s meias medidas, mas \u00e0 santidade\u201d.<\/p>\n<p>O Papa recorda que \u00e9 significativo que ao lado dos outros Santos proclamados neste dia, est\u00e1 Dom \u00d3scar Romero, \u201cque deixou as seguran\u00e7as do mundo, incluindo a pr\u00f3pria incolumidade, para consumir a vida \u2013 como pede o Evangelho \u2013 junto dos pobres e do seu povo, com o cora\u00e7\u00e3o fascinado por Jesus e pelos irm\u00e3os\u201d.<\/p>\n<p>O mesmo aconteceu com os outros santos &#8211; observou o Pont\u00edfice, citando um a um &#8211; &#8220;que em diferentes contextos, traduziram na vida a Palavra de hoje: sem tibieza, nem c\u00e1lculos, com o ardor de arriscar e deixar tudo. Que o Senhor nos ajude a imitar os seus exemplos!\u201d<\/p>\n<hr \/>\n<h2>ANGELUS<\/h2>\n<p>Gratid\u00e3o! Este \u00e9 o sentimento que resume as palavras do Santo Padre ao final da celebra\u00e7\u00e3o de canoniza\u00e7\u00e3o e antes de rezar o Angelus com os milhares de fi\u00e9is reunidos na Pra\u00e7a S\u00e3o Pedro em um domingo de festa para a Igreja.\u00a0Francisco iniciou agradecendo aos cardeais, bispos e sacerdotes de todo o mundo, assim como \u201c\u00e0s Delega\u00e7\u00f5es oficiais de muitos pa\u00edses, que vieram prestar homenagem aos novos santos, que contribu\u00edram para o progresso espiritual e social de suas respectivas na\u00e7\u00f5es\u201d.<\/p>\n<p>Em particular, o Papa saudou a Rainha Sofia, o Presidente da Rep\u00fablica Italiana, os Presidentes do Chile, El Salvador e Panam\u00e1, presentes na Missa. Tamb\u00e9m foi dirigido um \u201cpensamento especial (\u2026) a Sua Gra\u00e7a Rowan Williams e \u00e0 delega\u00e7\u00e3o do Arcebispo de Cantu\u00e1ria, com profunda gratid\u00e3o por sua presen\u00e7a\u201d. O Pont\u00edfice tamb\u00e9m agradeceu a todos os peregrinos presentes e a todos que acompanharam a cerim\u00f4nia pela r\u00e1dio e televis\u00e3o. \u201cEm particular, sa\u00fado o grande grupo da ACLI, muito agradecidos ao Papa Paulo VI.\u201d<\/p>\n<p>Antes de rezar o Angelus, o Papa pediu a Virgem Maria, \u201ca primeira e perfeita disc\u00edpula do Senhor, para nos ajudar a seguir o exemplo dos novos santos\u201d.<\/p>\n<hr \/>\n<p><img loading=\"lazy\" src=\"http:\/\/franciscanos.org.br\/wp-content\/uploads\/2018\/10\/missa_141018_6.jpg\" alt=\"missa_141018_6\" width=\"820\" height=\"461\" \/><\/p>\n<h2>\u00cdNTEGRA DA HOMILIA DA SANTA MISSA<\/h2>\n<p>A segunda Leitura disse-nos que \u00aba palavra de Deus \u00e9 viva, eficaz e cortante\u00bb (cf. Heb 4, 12). \u00c9 mesmo assim: a Palavra de Deus n\u00e3o \u00e9 apenas um conjunto de verdades ou uma hist\u00f3ria espiritual edificante. N\u00e3o! \u00c9 Palavra viva que toca a vida, que a transforma. Nela, Jesus pessoalmente \u2013 Ele que \u00e9 a Palavra viva de Deus \u2013 fala aos nossos cora\u00e7\u00f5es.<\/p>\n<p>Particularmente o Evangelho convida-nos a ir ao encontro do Senhor, a exemplo daquele \u00abalgu\u00e9m\u00bb que \u00abcorreu para Ele\u00bb (cf. Mc 10, 17). Podemo-nos identificar com aquele homem, de quem o texto n\u00e3o diz o nome parecendo sugerir-nos que pode representar cada um de n\u00f3s. Ele pergunta a Jesus como deve fazer para \u00abter em heran\u00e7a a vida eterna\u00bb (10, 17). Pede vida para sempre, vida em plenitude; e qual de n\u00f3s n\u00e3o a quereria? Mas pede-a \u2013 notemos bem \u2013 como uma heran\u00e7a a possuir, como um bem a alcan\u00e7ar, a conquistar com as suas for\u00e7as. De facto, para possuir este bem, observou os mandamentos desde a inf\u00e2ncia e, para alcan\u00e7ar tal objetivo, est\u00e1 disposto a observar ainda outros; por isso, pergunta: \u00abQue devo fazer para ter\u2026?\u00bb<\/p>\n<p>A resposta de Jesus mexe com ele. O Senhor fixa nele o olhar e ama-o (cf. 10, 21). Jesus muda-lhe a perspetiva: passar dos preceitos observados para obter recompensas ao amor gratuito e total. Aquele homem falava em termos de procura e oferta; Jesus prop\u00f5e-lhe uma hist\u00f3ria de amor. Pede-lhe para passar da observ\u00e2ncia das leis ao dom de si mesmo, do trabalhar para si ao estar com Ele. E faz-lhe uma proposta \u00abcortante\u00bb de vida: \u00abVende tudo o que tens, d\u00e1 o dinheiro aos pobres (\u2026), vem e segue-Me\u00bb (10, 21). E Jesus diz tamb\u00e9m a ti: \u00abVem e segue-Me\u00bb. Vem: n\u00e3o fiques parado, porque n\u00e3o basta n\u00e3o fazer nada de mal para ser de Jesus. Segue-Me: n\u00e3o v\u00e1s atr\u00e1s de Jesus s\u00f3 quando te apetece, mas procura-O todos os dias; n\u00e3o te contentes com observar preceitos, dar esmolas e recitar algumas ora\u00e7\u00f5es: encontra n\u2019Ele o Deus que sempre te ama, o sentido da tua vida, a for\u00e7a para te entregares.<\/p>\n<p>E Jesus diz mais: \u00abVende tudo o que tens, d\u00e1 o dinheiro aos pobres\u00bb. O Senhor n\u00e3o faz teorias sobre pobreza e riqueza, mas vai direto \u00e0 vida. Pede-te para deixar aquilo que torna pesado o cora\u00e7\u00e3o, esvaziar-te de bens para dar lugar a Ele, \u00fanico bem. N\u00e3o se pode seguir verdadeiramente a Jesus, quando se est\u00e1 estivado de coisas. Pois, se o cora\u00e7\u00e3o estiver repleto de bens, n\u00e3o haver\u00e1 espa\u00e7o para o Senhor, que Se tornar\u00e1 uma coisa mais entre as outras. Por isso, a riqueza \u00e9 perigosa e \u2013 di-lo Jesus \u2013 torna dif\u00edcil at\u00e9 mesmo salvar-se. N\u00e3o, porque Deus seja severo; n\u00e3o! O problema est\u00e1 do nosso lado: o muito que temos e o muito que ambicionamos sufocam-nos; sufocam-nos o cora\u00e7\u00e3o e tornam-nos incapazes de amar. Neste sentido, S\u00e3o Paulo recorda-nos que \u00aba raiz de todos os males \u00e9 a gan\u00e2ncia do dinheiro\u00bb (1 Tim 6, 10). Quando se coloca no centro o dinheiro, vemos que n\u00e3o h\u00e1 lugar para Deus; e n\u00e3o h\u00e1 lugar sequer para o homem.<\/p>\n<p>Jesus \u00e9 radical. D\u00e1 tudo e pede tudo: d\u00e1 um amor total e pede um cora\u00e7\u00e3o indiviso. Tamb\u00e9m hoje Se nos d\u00e1 como P\u00e3o vivo; poderemos n\u00f3s, em troca, dar-Lhe as migalhas? A Ele, que Se fez nosso servo at\u00e9 ao ponto de Se deixar crucificar por n\u00f3s, n\u00e3o Lhe podemos responder apenas com a observ\u00e2ncia de alguns preceitos. A Ele, que nos oferece a vida eterna, n\u00e3o podemos dar qualquer bocado de tempo. Jesus n\u00e3o Se contenta com uma \u00abpercentagem de amor\u00bb: n\u00e3o podemos am\u00e1-Lo a vinte, cinquenta ou sessenta por cento. Ou tudo ou nada.<\/p>\n<p>Queridos irm\u00e3os e irm\u00e3s, o nosso cora\u00e7\u00e3o \u00e9 como um \u00edman: deixa-se atrair pelo amor, mas s\u00f3 se pode apegar a um lado e tem de escolher: amar a Deus ou as riquezas do mundo (cf. Mt 6, 24); viver para amar ou viver para si mesmo (cf. Mc 8, 35). Perguntemo-nos de que lado estamos n\u00f3s&#8230; Perguntemo-nos a que ponto nos encontramos na nossa hist\u00f3ria de amor com Deus&#8230;<\/p>\n<p>Contentamo-nos com alguns preceitos ou seguimos Jesus como enamorados, prontos verdadeiramente a deixar tudo por Ele? Jesus pergunta a cada um e a todos n\u00f3s como Igreja em caminho: somos uma Igreja que se limita a pregar bons preceitos ou uma Igreja-esposa, que pelo seu Senhor se lan\u00e7a no amor? Seguimo-Lo verdadeiramente ou voltamos aos passos do mundo, como aquele homem? Em suma, basta-nos Jesus ou procuramos as seguran\u00e7as do mundo? Pe\u00e7amos a gra\u00e7a de saber deixar por amor do Senhor: deixar riquezas, deixar sonhos de fun\u00e7\u00f5es e poderes, deixar estruturas j\u00e1 inadequadas para o an\u00fancio do Evangelho, os pesos que travam a miss\u00e3o, os la\u00e7os que nos ligam ao mundo. Sem um salto em frente no amor, a nossa vida e a nossa Igreja adoecem de \u00abautocomplac\u00eancia egoc\u00eantrica\u00bb (Exort. ap. Evangelii gaudium, 95): procura-se a alegria em qualquer prazer passageiro, fechamo-nos numa tagarelice est\u00e9ril, acomodamo-nos na monotonia duma vida crist\u00e3 sem ardor, onde um pouco de narcisismo cobre a tristeza de permanecermos inacabados.<\/p>\n<p>Aconteceu assim com aquele homem que \u2013 diz o Evangelho \u2013 \u00abretirou-se pesaroso\u00bb (10, 22). Ancorara-se aos preceitos e aos seus muitos bens, n\u00e3o oferecera o cora\u00e7\u00e3o. E, embora tivesse encontrado Jesus e recebido o seu olhar amoroso, foi-se embora triste. A tristeza \u00e9 a prova do amor inacabado. \u00c9 o sinal dum cora\u00e7\u00e3o t\u00edbio. Pelo contr\u00e1rio, um cora\u00e7\u00e3o aliviado dos bens, que ama livremente o Senhor, espalha sempre a alegria, aquela alegria de que hoje temos tanta necessidade. O Santo Papa Paulo VI escreveu: \u00ab\u00c9 no meio das suas desgra\u00e7as que os nossos contempor\u00e2neos precisam de conhecer a alegria e de ouvir o seu canto\u00bb (Exort. ap. Gaudete in Domino, I). Hoje, Jesus convida-nos a voltar \u00e0s fontes da alegria, que s\u00e3o o encontro com Ele, a op\u00e7\u00e3o corajosa de arriscar para O seguir, o gosto de deixar tudo para abra\u00e7ar o seu caminho. Os Santos percorreram este caminho.<\/p>\n<p>F\u00ea-lo Paulo VI, seguindo o exemplo do Ap\u00f3stolo cujo nome assumira. Como ele, consumiu a vida pelo Evangelho de Cristo, cruzando novas fronteiras e fazendo-se testemunha d\u2019Ele no an\u00fancio e no di\u00e1logo, profeta duma Igreja extroversa que olha para os distantes e cuida dos pobres. Mesmo nas fadigas e no meio das incompreens\u00f5es, Paulo VI testemunhou de forma apaixonada a beleza e a alegria de seguir totalmente Jesus. Hoje continua a exortar-nos, juntamente com o Conc\u00edlio de que foi s\u00e1bio timoneiro, a que vivamos a nossa voca\u00e7\u00e3o comum: a voca\u00e7\u00e3o universal \u00e0 santidade; n\u00e3o \u00e0s meias medidas, mas \u00e0 santidade. \u00c9 significativo que, juntamente com ele e demais Santos e Santas hodiernos, tenhamos D. \u00d3scar Romero, que deixou as seguran\u00e7as do mundo, incluindo a pr\u00f3pria incolumidade, para consumir a vida \u2013 como pede o Evangelho \u2013 junto dos pobres e do seu povo, com o cora\u00e7\u00e3o fascinado por Jesus e pelos irm\u00e3os. E o mesmo podemos dizer de Francisco Spinelli, Vincente Romano, Maria Catarina Kasper, Naz\u00e1ria In\u00e1cia de Santa Teresa de Jesus e tamb\u00e9m do nosso jovem abruzo-napolitano, N\u00fancio Sulprizio: o santo jovem, corajoso, humilde que soube encontrar Jesus no sofrimento, no sil\u00eancio e no dom de si mesmo. Todos estes Santos, em diferentes contextos, traduziram na vida a Palavra de hoje: sem tibieza, nem c\u00e1lculos, com o ardor de arriscar e deixar tudo. Irm\u00e3os e irm\u00e3s, que o Senhor nos ajude a imitar os seus exemplos!<\/p>\n<p>SANTA MISSA E CANONIZA\u00c7\u00c3O DOS BEATOS:<br \/>\nPAULO VI, OSCAR ROMERO, FRANCISCO SPINELLI,<br \/>\nVICENTE ROMANO, MARIA CATARINA KASPER,<br \/>\nNAZ\u00c1RIA IN\u00c1CIA DE SANTA TERESA DE JESUS, N\u00daNCIO SULPRIZIO<\/p>\n<p>Pra\u00e7a S\u00e3o Pedro<br \/>\nDomingo, 14 de outubro de 2018<\/p>\n<hr \/>\n<p><em>Fonte: Vatican News<\/em><\/p>\n","protected":false},"excerpt":{"rendered":"<p>Santa Missa e canoniza\u00e7\u00e3o de sete beatos, entre eles Paulo VI e Oscar Romero.<\/p>\n","protected":false},"author":1,"featured_media":205068,"comment_status":"open","ping_status":"open","sticky":false,"template":"","format":"standard","meta":[],"categories":[1428],"tags":[1135,1137],"acf":[],"yoast_head":"<!-- This site is optimized with the Yoast SEO plugin v19.2 - https:\/\/yoast.com\/wordpress\/plugins\/seo\/ -->\n<title>Papa: &quot;Jesus \u00e9 radical, d\u00e1 tudo e pede tudo&quot; - Not\u00edcias - Franciscanos<\/title>\n<meta name=\"robots\" content=\"index, follow, max-snippet:-1, max-image-preview:large, max-video-preview:-1\" \/>\n<link rel=\"canonical\" href=\"https:\/\/franciscanos.org.br\/noticias\/jesus-e-radical-da-tudo-e-pede-tudo-disse-o-papa-na-missa-com-canonizacoes-2.html\" \/>\n<meta property=\"og:locale\" content=\"pt_BR\" \/>\n<meta property=\"og:type\" content=\"article\" \/>\n<meta property=\"og:title\" content=\"Papa: &quot;Jesus \u00e9 radical, d\u00e1 tudo e pede tudo&quot; - Not\u00edcias - Franciscanos\" \/>\n<meta property=\"og:description\" content=\"Santa Missa e canoniza\u00e7\u00e3o de sete beatos, entre eles Paulo VI e Oscar Romero.\" \/>\n<meta property=\"og:url\" content=\"https:\/\/franciscanos.org.br\/noticias\/jesus-e-radical-da-tudo-e-pede-tudo-disse-o-papa-na-missa-com-canonizacoes-2.html\" \/>\n<meta property=\"og:site_name\" content=\"Not\u00edcias - Franciscanos\" \/>\n<meta property=\"article:published_time\" content=\"2018-10-14T13:30:54+00:00\" \/>\n<meta property=\"article:modified_time\" content=\"2020-06-06T21:30:22+00:00\" \/>\n<meta property=\"og:image\" content=\"https:\/\/franciscanos.org.br\/noticias\/wp-content\/uploads\/2018\/10\/missa_141018.jpg\" \/>\n\t<meta property=\"og:image:width\" content=\"273\" \/>\n\t<meta property=\"og:image:height\" content=\"181\" \/>\n\t<meta property=\"og:image:type\" content=\"image\/jpeg\" \/>\n<meta name=\"author\" content=\"admin\" \/>\n<meta name=\"twitter:card\" content=\"summary_large_image\" \/>\n<meta name=\"twitter:label1\" content=\"Escrito por\" \/>\n\t<meta name=\"twitter:data1\" content=\"admin\" \/>\n\t<meta name=\"twitter:label2\" content=\"Est. tempo de leitura\" \/>\n\t<meta name=\"twitter:data2\" content=\"15 minutos\" \/>\n<script type=\"application\/ld+json\" class=\"yoast-schema-graph\">{\"@context\":\"https:\/\/schema.org\",\"@graph\":[{\"@type\":\"WebSite\",\"@id\":\"https:\/\/franciscanos.org.br\/noticias\/#website\",\"url\":\"https:\/\/franciscanos.org.br\/noticias\/\",\"name\":\"Not\u00edcias - Franciscanos\",\"description\":\"Prov\u00edncia Franciscana da Imaculada Concei\u00e7\u00e3o do Brasil - Ordem dos Frades Menores - OFM\",\"potentialAction\":[{\"@type\":\"SearchAction\",\"target\":{\"@type\":\"EntryPoint\",\"urlTemplate\":\"https:\/\/franciscanos.org.br\/noticias\/?s={search_term_string}\"},\"query-input\":\"required name=search_term_string\"}],\"inLanguage\":\"pt-BR\"},{\"@type\":\"ImageObject\",\"inLanguage\":\"pt-BR\",\"@id\":\"https:\/\/franciscanos.org.br\/noticias\/jesus-e-radical-da-tudo-e-pede-tudo-disse-o-papa-na-missa-com-canonizacoes-2.html#primaryimage\",\"url\":\"https:\/\/franciscanos.org.br\/noticias\/wp-content\/uploads\/2018\/10\/missa_141018.jpg\",\"contentUrl\":\"https:\/\/franciscanos.org.br\/noticias\/wp-content\/uploads\/2018\/10\/missa_141018.jpg\",\"width\":273,\"height\":181},{\"@type\":\"WebPage\",\"@id\":\"https:\/\/franciscanos.org.br\/noticias\/jesus-e-radical-da-tudo-e-pede-tudo-disse-o-papa-na-missa-com-canonizacoes-2.html#webpage\",\"url\":\"https:\/\/franciscanos.org.br\/noticias\/jesus-e-radical-da-tudo-e-pede-tudo-disse-o-papa-na-missa-com-canonizacoes-2.html\",\"name\":\"Papa: \\\"Jesus \u00e9 radical, d\u00e1 tudo e pede tudo\\\" - Not\u00edcias - Franciscanos\",\"isPartOf\":{\"@id\":\"https:\/\/franciscanos.org.br\/noticias\/#website\"},\"primaryImageOfPage\":{\"@id\":\"https:\/\/franciscanos.org.br\/noticias\/jesus-e-radical-da-tudo-e-pede-tudo-disse-o-papa-na-missa-com-canonizacoes-2.html#primaryimage\"},\"datePublished\":\"2018-10-14T13:30:54+00:00\",\"dateModified\":\"2020-06-06T21:30:22+00:00\",\"author\":{\"@id\":\"https:\/\/franciscanos.org.br\/noticias\/#\/schema\/person\/b38fbf43118f02820bd932f2e4b14ad3\"},\"breadcrumb\":{\"@id\":\"https:\/\/franciscanos.org.br\/noticias\/jesus-e-radical-da-tudo-e-pede-tudo-disse-o-papa-na-missa-com-canonizacoes-2.html#breadcrumb\"},\"inLanguage\":\"pt-BR\",\"potentialAction\":[{\"@type\":\"ReadAction\",\"target\":[\"https:\/\/franciscanos.org.br\/noticias\/jesus-e-radical-da-tudo-e-pede-tudo-disse-o-papa-na-missa-com-canonizacoes-2.html\"]}]},{\"@type\":\"BreadcrumbList\",\"@id\":\"https:\/\/franciscanos.org.br\/noticias\/jesus-e-radical-da-tudo-e-pede-tudo-disse-o-papa-na-missa-com-canonizacoes-2.html#breadcrumb\",\"itemListElement\":[{\"@type\":\"ListItem\",\"position\":1,\"name\":\"Home\",\"item\":\"https:\/\/franciscanos.org.br\/noticias\"},{\"@type\":\"ListItem\",\"position\":2,\"name\":\"Papa: &#8220;Jesus \u00e9 radical, d\u00e1 tudo e pede tudo&#8221;\"}]},{\"@type\":\"Person\",\"@id\":\"https:\/\/franciscanos.org.br\/noticias\/#\/schema\/person\/b38fbf43118f02820bd932f2e4b14ad3\",\"name\":\"admin\",\"image\":{\"@type\":\"ImageObject\",\"inLanguage\":\"pt-BR\",\"@id\":\"https:\/\/franciscanos.org.br\/noticias\/#\/schema\/person\/image\/\",\"url\":\"https:\/\/secure.gravatar.com\/avatar\/e8495742d34d0ba6448ea1c628263b3e?s=96&d=mm&r=g\",\"contentUrl\":\"https:\/\/secure.gravatar.com\/avatar\/e8495742d34d0ba6448ea1c628263b3e?s=96&d=mm&r=g\",\"caption\":\"admin\"},\"url\":\"https:\/\/franciscanos.org.br\/noticias\/author\/admin\"}]}<\/script>\n<!-- \/ Yoast SEO plugin. -->","yoast_head_json":{"title":"Papa: \"Jesus \u00e9 radical, d\u00e1 tudo e pede tudo\" - Not\u00edcias - Franciscanos","robots":{"index":"index","follow":"follow","max-snippet":"max-snippet:-1","max-image-preview":"max-image-preview:large","max-video-preview":"max-video-preview:-1"},"canonical":"https:\/\/franciscanos.org.br\/noticias\/jesus-e-radical-da-tudo-e-pede-tudo-disse-o-papa-na-missa-com-canonizacoes-2.html","og_locale":"pt_BR","og_type":"article","og_title":"Papa: \"Jesus \u00e9 radical, d\u00e1 tudo e pede tudo\" - Not\u00edcias - Franciscanos","og_description":"Santa Missa e canoniza\u00e7\u00e3o de sete beatos, entre eles Paulo VI e Oscar Romero.","og_url":"https:\/\/franciscanos.org.br\/noticias\/jesus-e-radical-da-tudo-e-pede-tudo-disse-o-papa-na-missa-com-canonizacoes-2.html","og_site_name":"Not\u00edcias - Franciscanos","article_published_time":"2018-10-14T13:30:54+00:00","article_modified_time":"2020-06-06T21:30:22+00:00","og_image":[{"width":273,"height":181,"url":"https:\/\/franciscanos.org.br\/noticias\/wp-content\/uploads\/2018\/10\/missa_141018.jpg","type":"image\/jpeg"}],"author":"admin","twitter_card":"summary_large_image","twitter_misc":{"Escrito por":"admin","Est. tempo de leitura":"15 minutos"},"schema":{"@context":"https:\/\/schema.org","@graph":[{"@type":"WebSite","@id":"https:\/\/franciscanos.org.br\/noticias\/#website","url":"https:\/\/franciscanos.org.br\/noticias\/","name":"Not\u00edcias - Franciscanos","description":"Prov\u00edncia Franciscana da Imaculada Concei\u00e7\u00e3o do Brasil - Ordem dos Frades Menores - OFM","potentialAction":[{"@type":"SearchAction","target":{"@type":"EntryPoint","urlTemplate":"https:\/\/franciscanos.org.br\/noticias\/?s={search_term_string}"},"query-input":"required name=search_term_string"}],"inLanguage":"pt-BR"},{"@type":"ImageObject","inLanguage":"pt-BR","@id":"https:\/\/franciscanos.org.br\/noticias\/jesus-e-radical-da-tudo-e-pede-tudo-disse-o-papa-na-missa-com-canonizacoes-2.html#primaryimage","url":"https:\/\/franciscanos.org.br\/noticias\/wp-content\/uploads\/2018\/10\/missa_141018.jpg","contentUrl":"https:\/\/franciscanos.org.br\/noticias\/wp-content\/uploads\/2018\/10\/missa_141018.jpg","width":273,"height":181},{"@type":"WebPage","@id":"https:\/\/franciscanos.org.br\/noticias\/jesus-e-radical-da-tudo-e-pede-tudo-disse-o-papa-na-missa-com-canonizacoes-2.html#webpage","url":"https:\/\/franciscanos.org.br\/noticias\/jesus-e-radical-da-tudo-e-pede-tudo-disse-o-papa-na-missa-com-canonizacoes-2.html","name":"Papa: \"Jesus \u00e9 radical, d\u00e1 tudo e pede tudo\" - Not\u00edcias - Franciscanos","isPartOf":{"@id":"https:\/\/franciscanos.org.br\/noticias\/#website"},"primaryImageOfPage":{"@id":"https:\/\/franciscanos.org.br\/noticias\/jesus-e-radical-da-tudo-e-pede-tudo-disse-o-papa-na-missa-com-canonizacoes-2.html#primaryimage"},"datePublished":"2018-10-14T13:30:54+00:00","dateModified":"2020-06-06T21:30:22+00:00","author":{"@id":"https:\/\/franciscanos.org.br\/noticias\/#\/schema\/person\/b38fbf43118f02820bd932f2e4b14ad3"},"breadcrumb":{"@id":"https:\/\/franciscanos.org.br\/noticias\/jesus-e-radical-da-tudo-e-pede-tudo-disse-o-papa-na-missa-com-canonizacoes-2.html#breadcrumb"},"inLanguage":"pt-BR","potentialAction":[{"@type":"ReadAction","target":["https:\/\/franciscanos.org.br\/noticias\/jesus-e-radical-da-tudo-e-pede-tudo-disse-o-papa-na-missa-com-canonizacoes-2.html"]}]},{"@type":"BreadcrumbList","@id":"https:\/\/franciscanos.org.br\/noticias\/jesus-e-radical-da-tudo-e-pede-tudo-disse-o-papa-na-missa-com-canonizacoes-2.html#breadcrumb","itemListElement":[{"@type":"ListItem","position":1,"name":"Home","item":"https:\/\/franciscanos.org.br\/noticias"},{"@type":"ListItem","position":2,"name":"Papa: &#8220;Jesus \u00e9 radical, d\u00e1 tudo e pede tudo&#8221;"}]},{"@type":"Person","@id":"https:\/\/franciscanos.org.br\/noticias\/#\/schema\/person\/b38fbf43118f02820bd932f2e4b14ad3","name":"admin","image":{"@type":"ImageObject","inLanguage":"pt-BR","@id":"https:\/\/franciscanos.org.br\/noticias\/#\/schema\/person\/image\/","url":"https:\/\/secure.gravatar.com\/avatar\/e8495742d34d0ba6448ea1c628263b3e?s=96&d=mm&r=g","contentUrl":"https:\/\/secure.gravatar.com\/avatar\/e8495742d34d0ba6448ea1c628263b3e?s=96&d=mm&r=g","caption":"admin"},"url":"https:\/\/franciscanos.org.br\/noticias\/author\/admin"}]}},"_links":{"self":[{"href":"https:\/\/franciscanos.org.br\/noticias\/wp-json\/wp\/v2\/posts\/190034"}],"collection":[{"href":"https:\/\/franciscanos.org.br\/noticias\/wp-json\/wp\/v2\/posts"}],"about":[{"href":"https:\/\/franciscanos.org.br\/noticias\/wp-json\/wp\/v2\/types\/post"}],"author":[{"embeddable":true,"href":"https:\/\/franciscanos.org.br\/noticias\/wp-json\/wp\/v2\/users\/1"}],"replies":[{"embeddable":true,"href":"https:\/\/franciscanos.org.br\/noticias\/wp-json\/wp\/v2\/comments?post=190034"}],"version-history":[{"count":2,"href":"https:\/\/franciscanos.org.br\/noticias\/wp-json\/wp\/v2\/posts\/190034\/revisions"}],"predecessor-version":[{"id":224752,"href":"https:\/\/franciscanos.org.br\/noticias\/wp-json\/wp\/v2\/posts\/190034\/revisions\/224752"}],"wp:featuredmedia":[{"embeddable":true,"href":"https:\/\/franciscanos.org.br\/noticias\/wp-json\/wp\/v2\/media\/205068"}],"wp:attachment":[{"href":"https:\/\/franciscanos.org.br\/noticias\/wp-json\/wp\/v2\/media?parent=190034"}],"wp:term":[{"taxonomy":"category","embeddable":true,"href":"https:\/\/franciscanos.org.br\/noticias\/wp-json\/wp\/v2\/categories?post=190034"},{"taxonomy":"post_tag","embeddable":true,"href":"https:\/\/franciscanos.org.br\/noticias\/wp-json\/wp\/v2\/tags?post=190034"}],"curies":[{"name":"wp","href":"https:\/\/api.w.org\/{rel}","templated":true}]}}