{"id":190033,"date":"2018-10-11T17:01:04","date_gmt":"2018-10-11T20:01:04","guid":{"rendered":"http:\/\/franciscanos.org.br\/?p=174363"},"modified":"2020-06-06T18:31:16","modified_gmt":"2020-06-06T21:31:16","slug":"igreja-repudie-imigracao-ilegal-e-trafico-de-pessoas","status":"publish","type":"post","link":"https:\/\/franciscanos.org.br\/noticias\/igreja-repudie-imigracao-ilegal-e-trafico-de-pessoas.html","title":{"rendered":"Igreja repudie imigra\u00e7\u00e3o ilegal e tr\u00e1fico de pessoas"},"content":{"rendered":"<p><img loading=\"lazy\" src=\"https:\/\/franciscanos.org.br\/noticias\/wp-content\/uploads\/2018\/10\/sinodo_1110181.jpg\" alt=\"\" width=\"830\" height=\"400\" \/><\/p>\n<p><b>Cidade do Vaticano &#8211;\u00a0<\/b>Desencorajar e repudiar, com um magist\u00e9rio claro e inequ\u00edvoco, os promotores da imigra\u00e7\u00e3o ilegal e do tr\u00e1fico de seres humanos: \u00e9 o que foi reiterado na manh\u00e3 desta quinta-feira (11\/10) na nona Congrega\u00e7\u00e3o Geral, na Sala do S\u00ednodo, no Vaticano, como uma das tarefas da Igreja.<br \/>\nDiante de centenas de jovens que veem seus sonhos, suas potencialidades, seus talentos afogados no Mediterr\u00e2neo, os padres sinodais reiteram a necessidade que a Igreja exorte as na\u00e7\u00f5es mais industrializadas a investir nas na\u00e7\u00f5es mais pobres, sobretudo em termos de tecnologia e\u00a0<i>know-how<\/i>, a fim de que todos os jovens possam contribuir para o desenvolvimento do pr\u00f3prio pa\u00eds de origem, sem ser obrigado\u00a0a emigrar.<\/p>\n<p><strong>A import\u00e2ncia do exame de consci\u00eancia<\/strong><br \/>\nEm seguida, os padres sinodais refletiram sobre o sacramento da Reconcilia\u00e7\u00e3o, reiterando que o perd\u00e3o deve ser libertado de todo fardo e redescoberto na sua dimens\u00e3o de dom. Nisso o exame de consci\u00eancia \u00e9 essencial, fundamental para evangelizar e educar os jovens para a ideia clara do que s\u00e3o o pecado e o sup\u00e9rfluo, e para ajud\u00e1-los a reconhecer os sinais da presen\u00e7a de Deus na pr\u00f3pria vida.<\/p>\n<p>Os jovens n\u00e3o s\u00e3o chamados a permanecer jovens para sempre, mas a tornar-se adultos, a ocupar este lugar para contribuir na constru\u00e7\u00e3o da Igreja. Porque no fundo, afirmaram os padres sinodais, n\u00e3o importa se se trata de sacerdotes, profissionais, pais, solteiros: responder ao chamado de Deus significa seguir a voca\u00e7\u00e3o a ser santos em toda e qualquer escolha de vida.<br \/>\nPortanto, a pastoral vocacional dever\u00e1 ser repensada e refor\u00e7ada em todos os \u00e2mbitos gra\u00e7as a testemunhos vivificantes, a fim de que todo jovem compreenda a pr\u00f3pria voca\u00e7\u00e3o na vida.<\/p>\n<p><strong>Educar os jovens para a liberdade<\/strong><br \/>\nDa\u00ed, tamb\u00e9m o chamado dos padres sinodais \u00e0 liberdade interior que impede que os jovens sejam manipulados pelos outros, que se deixem ser levados pela massa. Segundo Jesus e seus mandamentos, com uma consci\u00eancia reta se \u00e9 mais livres.<\/p>\n<p>Mas educar os jovens\u00a0<i>para<\/i>\u00a0e\u00a0<i>\u00e0<\/i>\u00a0liberdade pressup\u00f5e a busca da verdade, porque os jovens buscam a autenticidade em seus educadores, querem pastores mais coerentes com o que pregam, pastores que saibam viver a Palavra e comprometer-se com os pobres, gra\u00e7as a uma verdadeira convers\u00e3o interior e a uma f\u00e9 apaixonada.<\/p>\n<p><strong>Cora\u00e7\u00e3o aberto e interesse concreto<\/strong><br \/>\nO justo acompanhamento da Igreja, ent\u00e3o, consistir\u00e1 em ouvir com cora\u00e7\u00e3o aberto e interesse concreto, no dar coragem e esperan\u00e7a, no cuidar da pessoa em todas as fases de seu desenvolvimento.<br \/>\nEfetivamente, diante do \u00f3dio, viol\u00eancia, corrup\u00e7\u00e3o, injusti\u00e7a, guerras t\u00e3o difusas no mundo, os jovens experimentam uma fragmenta\u00e7\u00e3o existencial que mina sua autoestima e a confian\u00e7a.<br \/>\nPortanto, a Igreja deve acompanhar e acolher constantemente os jovens, estimulando-os \u00e0 liberdade e \u00e0 responsabilidade, a assumir compromissos duradouros. Este \u00e9 o desafio da Igreja: fazer uma op\u00e7\u00e3o preferencial efetiva pelos jovens, saindo para ir ao encontro deles e oferecendo ideais de uma f\u00e9 vivida concretamente, junto a uma autoridade eficaz que os fa\u00e7a amadurecer verdadeiramente.<\/p>\n<p><strong>Acompanhamento seja mai\u00eautico<\/strong><br \/>\nAdemais, como o pai misericordioso da par\u00e1bola do filho pr\u00f3digo, a Igreja espere com paci\u00eancia e esperan\u00e7a tamb\u00e9m os jovens desaparecidos ou perdidos; n\u00e3o os fa\u00e7a sentir-se abandonados nas dificuldades, mas os encoraje caminhando com eles, os ajude a realizar-se deixando-os livres em sua liberdade, sem impor escolhas determinadas, sem manipula\u00e7\u00f5es ou clericalismo.<br \/>\nSomente assim o acompanhamento ser\u00e1 realmente mai\u00eautico e far\u00e1 sempre emergir a verdade j\u00e1 presente na juventude, de modo a ajud\u00e1-la a compreender a beleza do seguimento de Cristo.<\/p>\n<p><strong>A Igreja concorra junto com os jovens no ter grandes sonhos<\/strong><br \/>\nTamb\u00e9m \u00e9 preciso uma comunidade unida, alegre, que saiba redescobrir seu sentido mission\u00e1rio e permita enamorar-se pelo Evangelho: de fato, um clima de fechamento e preconceito n\u00e3o ajuda os jovens a sentir-se acolhidos, a viver a fraternidade num contexto de calor e estima rec\u00edproca, afirmou-se na Sala do S\u00ednodo.<br \/>\nPortanto, as comunidades sejam concretas, simples e pobres, transparentes. A Igreja concorra junto com a juventude no ter grandes sonhos, porque se os pastores sonham, tamb\u00e9m os jovens ser\u00e3o capazes faz\u00ea-lo.<\/p>\n<p><strong>V\u00edtimas de abusos estejam no centro da miss\u00e3o da Igreja<\/strong><br \/>\nO tema dos abusos retornou no seio da reflex\u00e3o sinodal: os jovens esperam que a Igreja coloque as v\u00edtimas no centro de sua atua\u00e7\u00e3o e que os bispos sejam submetidos a processos rigorosos, ressaltaram os padres sinodais, sugerindo que uma ajuda v\u00e1lida pode extirpar este mal e que para sair da crise atual um aux\u00edlio pode ser dado tamb\u00e9m por especialistas leigos e pelo g\u00eanio feminino, em particular, pelas m\u00e3es que podem ensinar aos pastores o sentido da ternura, de amor e prote\u00e7\u00e3o aos mais pequeninos.<\/p>\n<p><strong>A seculariza\u00e7\u00e3o e seus desdobramentos positivos<\/strong><br \/>\nFoi central, por fim, a reflex\u00e3o sobre a rela\u00e7\u00e3o da Igreja com a realidade atual, em particular, com a seculariza\u00e7\u00e3o: os padres sinodais convidaram a se ter a coragem de consider\u00e1-la um sinal dos tempos que ajuda a libertar-se do ser crist\u00e3os automaticamente ou por h\u00e1bito, e leva a ser crist\u00e3os por escolha, por desejo. Mais ainda: a sociedade secular evita tamb\u00e9m que a religi\u00e3o se fundamente na identidade tribal ou nacional, levando a recuperar a import\u00e2ncia do an\u00fancio da f\u00e9.<\/p>\n<hr \/>\n<p><em>Fonte: Vatican News<\/em><\/p>\n","protected":false},"excerpt":{"rendered":"<p>S\u00ednodo dos Jovens<\/p>\n","protected":false},"author":1,"featured_media":199487,"comment_status":"open","ping_status":"open","sticky":false,"template":"","format":"standard","meta":[],"categories":[1428],"tags":[839],"acf":[],"yoast_head":"<!-- This site is optimized with the Yoast SEO plugin v19.2 - https:\/\/yoast.com\/wordpress\/plugins\/seo\/ -->\n<title>Igreja repudie imigra\u00e7\u00e3o ilegal e tr\u00e1fico de pessoas - Not\u00edcias - Franciscanos<\/title>\n<meta name=\"robots\" content=\"index, follow, max-snippet:-1, max-image-preview:large, max-video-preview:-1\" \/>\n<link rel=\"canonical\" href=\"https:\/\/franciscanos.org.br\/noticias\/igreja-repudie-imigracao-ilegal-e-trafico-de-pessoas.html\" \/>\n<meta property=\"og:locale\" content=\"pt_BR\" \/>\n<meta property=\"og:type\" content=\"article\" \/>\n<meta property=\"og:title\" content=\"Igreja repudie imigra\u00e7\u00e3o ilegal e tr\u00e1fico de pessoas - Not\u00edcias - Franciscanos\" \/>\n<meta property=\"og:description\" content=\"S\u00ednodo dos Jovens\" \/>\n<meta property=\"og:url\" content=\"https:\/\/franciscanos.org.br\/noticias\/igreja-repudie-imigracao-ilegal-e-trafico-de-pessoas.html\" \/>\n<meta property=\"og:site_name\" content=\"Not\u00edcias - Franciscanos\" \/>\n<meta property=\"article:published_time\" content=\"2018-10-11T20:01:04+00:00\" \/>\n<meta property=\"article:modified_time\" content=\"2020-06-06T21:31:16+00:00\" \/>\n<meta property=\"og:image\" content=\"https:\/\/franciscanos.org.br\/noticias\/wp-content\/uploads\/2018\/10\/273.jpg\" \/>\n\t<meta property=\"og:image:width\" content=\"273\" \/>\n\t<meta property=\"og:image:height\" content=\"181\" \/>\n\t<meta property=\"og:image:type\" content=\"image\/jpeg\" \/>\n<meta name=\"author\" content=\"admin\" \/>\n<meta name=\"twitter:card\" content=\"summary_large_image\" \/>\n<meta name=\"twitter:label1\" content=\"Escrito por\" \/>\n\t<meta name=\"twitter:data1\" content=\"admin\" \/>\n\t<meta name=\"twitter:label2\" content=\"Est. tempo de leitura\" \/>\n\t<meta name=\"twitter:data2\" content=\"5 minutos\" \/>\n<script type=\"application\/ld+json\" class=\"yoast-schema-graph\">{\"@context\":\"https:\/\/schema.org\",\"@graph\":[{\"@type\":\"WebSite\",\"@id\":\"https:\/\/franciscanos.org.br\/noticias\/#website\",\"url\":\"https:\/\/franciscanos.org.br\/noticias\/\",\"name\":\"Not\u00edcias - Franciscanos\",\"description\":\"Prov\u00edncia Franciscana da Imaculada Concei\u00e7\u00e3o do Brasil - Ordem dos Frades Menores - OFM\",\"potentialAction\":[{\"@type\":\"SearchAction\",\"target\":{\"@type\":\"EntryPoint\",\"urlTemplate\":\"https:\/\/franciscanos.org.br\/noticias\/?s={search_term_string}\"},\"query-input\":\"required name=search_term_string\"}],\"inLanguage\":\"pt-BR\"},{\"@type\":\"ImageObject\",\"inLanguage\":\"pt-BR\",\"@id\":\"https:\/\/franciscanos.org.br\/noticias\/igreja-repudie-imigracao-ilegal-e-trafico-de-pessoas.html#primaryimage\",\"url\":\"https:\/\/franciscanos.org.br\/noticias\/wp-content\/uploads\/2018\/10\/273.jpg\",\"contentUrl\":\"https:\/\/franciscanos.org.br\/noticias\/wp-content\/uploads\/2018\/10\/273.jpg\",\"width\":273,\"height\":181},{\"@type\":\"WebPage\",\"@id\":\"https:\/\/franciscanos.org.br\/noticias\/igreja-repudie-imigracao-ilegal-e-trafico-de-pessoas.html#webpage\",\"url\":\"https:\/\/franciscanos.org.br\/noticias\/igreja-repudie-imigracao-ilegal-e-trafico-de-pessoas.html\",\"name\":\"Igreja repudie imigra\u00e7\u00e3o ilegal e tr\u00e1fico de pessoas - Not\u00edcias - Franciscanos\",\"isPartOf\":{\"@id\":\"https:\/\/franciscanos.org.br\/noticias\/#website\"},\"primaryImageOfPage\":{\"@id\":\"https:\/\/franciscanos.org.br\/noticias\/igreja-repudie-imigracao-ilegal-e-trafico-de-pessoas.html#primaryimage\"},\"datePublished\":\"2018-10-11T20:01:04+00:00\",\"dateModified\":\"2020-06-06T21:31:16+00:00\",\"author\":{\"@id\":\"https:\/\/franciscanos.org.br\/noticias\/#\/schema\/person\/b38fbf43118f02820bd932f2e4b14ad3\"},\"breadcrumb\":{\"@id\":\"https:\/\/franciscanos.org.br\/noticias\/igreja-repudie-imigracao-ilegal-e-trafico-de-pessoas.html#breadcrumb\"},\"inLanguage\":\"pt-BR\",\"potentialAction\":[{\"@type\":\"ReadAction\",\"target\":[\"https:\/\/franciscanos.org.br\/noticias\/igreja-repudie-imigracao-ilegal-e-trafico-de-pessoas.html\"]}]},{\"@type\":\"BreadcrumbList\",\"@id\":\"https:\/\/franciscanos.org.br\/noticias\/igreja-repudie-imigracao-ilegal-e-trafico-de-pessoas.html#breadcrumb\",\"itemListElement\":[{\"@type\":\"ListItem\",\"position\":1,\"name\":\"Home\",\"item\":\"https:\/\/franciscanos.org.br\/noticias\"},{\"@type\":\"ListItem\",\"position\":2,\"name\":\"Igreja repudie imigra\u00e7\u00e3o ilegal e tr\u00e1fico de pessoas\"}]},{\"@type\":\"Person\",\"@id\":\"https:\/\/franciscanos.org.br\/noticias\/#\/schema\/person\/b38fbf43118f02820bd932f2e4b14ad3\",\"name\":\"admin\",\"image\":{\"@type\":\"ImageObject\",\"inLanguage\":\"pt-BR\",\"@id\":\"https:\/\/franciscanos.org.br\/noticias\/#\/schema\/person\/image\/\",\"url\":\"https:\/\/secure.gravatar.com\/avatar\/e8495742d34d0ba6448ea1c628263b3e?s=96&d=mm&r=g\",\"contentUrl\":\"https:\/\/secure.gravatar.com\/avatar\/e8495742d34d0ba6448ea1c628263b3e?s=96&d=mm&r=g\",\"caption\":\"admin\"},\"url\":\"https:\/\/franciscanos.org.br\/noticias\/author\/admin\"}]}<\/script>\n<!-- \/ Yoast SEO plugin. -->","yoast_head_json":{"title":"Igreja repudie imigra\u00e7\u00e3o ilegal e tr\u00e1fico de pessoas - Not\u00edcias - Franciscanos","robots":{"index":"index","follow":"follow","max-snippet":"max-snippet:-1","max-image-preview":"max-image-preview:large","max-video-preview":"max-video-preview:-1"},"canonical":"https:\/\/franciscanos.org.br\/noticias\/igreja-repudie-imigracao-ilegal-e-trafico-de-pessoas.html","og_locale":"pt_BR","og_type":"article","og_title":"Igreja repudie imigra\u00e7\u00e3o ilegal e tr\u00e1fico de pessoas - Not\u00edcias - Franciscanos","og_description":"S\u00ednodo dos Jovens","og_url":"https:\/\/franciscanos.org.br\/noticias\/igreja-repudie-imigracao-ilegal-e-trafico-de-pessoas.html","og_site_name":"Not\u00edcias - Franciscanos","article_published_time":"2018-10-11T20:01:04+00:00","article_modified_time":"2020-06-06T21:31:16+00:00","og_image":[{"width":273,"height":181,"url":"https:\/\/franciscanos.org.br\/noticias\/wp-content\/uploads\/2018\/10\/273.jpg","type":"image\/jpeg"}],"author":"admin","twitter_card":"summary_large_image","twitter_misc":{"Escrito por":"admin","Est. tempo de leitura":"5 minutos"},"schema":{"@context":"https:\/\/schema.org","@graph":[{"@type":"WebSite","@id":"https:\/\/franciscanos.org.br\/noticias\/#website","url":"https:\/\/franciscanos.org.br\/noticias\/","name":"Not\u00edcias - Franciscanos","description":"Prov\u00edncia Franciscana da Imaculada Concei\u00e7\u00e3o do Brasil - Ordem dos Frades Menores - OFM","potentialAction":[{"@type":"SearchAction","target":{"@type":"EntryPoint","urlTemplate":"https:\/\/franciscanos.org.br\/noticias\/?s={search_term_string}"},"query-input":"required name=search_term_string"}],"inLanguage":"pt-BR"},{"@type":"ImageObject","inLanguage":"pt-BR","@id":"https:\/\/franciscanos.org.br\/noticias\/igreja-repudie-imigracao-ilegal-e-trafico-de-pessoas.html#primaryimage","url":"https:\/\/franciscanos.org.br\/noticias\/wp-content\/uploads\/2018\/10\/273.jpg","contentUrl":"https:\/\/franciscanos.org.br\/noticias\/wp-content\/uploads\/2018\/10\/273.jpg","width":273,"height":181},{"@type":"WebPage","@id":"https:\/\/franciscanos.org.br\/noticias\/igreja-repudie-imigracao-ilegal-e-trafico-de-pessoas.html#webpage","url":"https:\/\/franciscanos.org.br\/noticias\/igreja-repudie-imigracao-ilegal-e-trafico-de-pessoas.html","name":"Igreja repudie imigra\u00e7\u00e3o ilegal e tr\u00e1fico de pessoas - Not\u00edcias - Franciscanos","isPartOf":{"@id":"https:\/\/franciscanos.org.br\/noticias\/#website"},"primaryImageOfPage":{"@id":"https:\/\/franciscanos.org.br\/noticias\/igreja-repudie-imigracao-ilegal-e-trafico-de-pessoas.html#primaryimage"},"datePublished":"2018-10-11T20:01:04+00:00","dateModified":"2020-06-06T21:31:16+00:00","author":{"@id":"https:\/\/franciscanos.org.br\/noticias\/#\/schema\/person\/b38fbf43118f02820bd932f2e4b14ad3"},"breadcrumb":{"@id":"https:\/\/franciscanos.org.br\/noticias\/igreja-repudie-imigracao-ilegal-e-trafico-de-pessoas.html#breadcrumb"},"inLanguage":"pt-BR","potentialAction":[{"@type":"ReadAction","target":["https:\/\/franciscanos.org.br\/noticias\/igreja-repudie-imigracao-ilegal-e-trafico-de-pessoas.html"]}]},{"@type":"BreadcrumbList","@id":"https:\/\/franciscanos.org.br\/noticias\/igreja-repudie-imigracao-ilegal-e-trafico-de-pessoas.html#breadcrumb","itemListElement":[{"@type":"ListItem","position":1,"name":"Home","item":"https:\/\/franciscanos.org.br\/noticias"},{"@type":"ListItem","position":2,"name":"Igreja repudie imigra\u00e7\u00e3o ilegal e tr\u00e1fico de pessoas"}]},{"@type":"Person","@id":"https:\/\/franciscanos.org.br\/noticias\/#\/schema\/person\/b38fbf43118f02820bd932f2e4b14ad3","name":"admin","image":{"@type":"ImageObject","inLanguage":"pt-BR","@id":"https:\/\/franciscanos.org.br\/noticias\/#\/schema\/person\/image\/","url":"https:\/\/secure.gravatar.com\/avatar\/e8495742d34d0ba6448ea1c628263b3e?s=96&d=mm&r=g","contentUrl":"https:\/\/secure.gravatar.com\/avatar\/e8495742d34d0ba6448ea1c628263b3e?s=96&d=mm&r=g","caption":"admin"},"url":"https:\/\/franciscanos.org.br\/noticias\/author\/admin"}]}},"_links":{"self":[{"href":"https:\/\/franciscanos.org.br\/noticias\/wp-json\/wp\/v2\/posts\/190033"}],"collection":[{"href":"https:\/\/franciscanos.org.br\/noticias\/wp-json\/wp\/v2\/posts"}],"about":[{"href":"https:\/\/franciscanos.org.br\/noticias\/wp-json\/wp\/v2\/types\/post"}],"author":[{"embeddable":true,"href":"https:\/\/franciscanos.org.br\/noticias\/wp-json\/wp\/v2\/users\/1"}],"replies":[{"embeddable":true,"href":"https:\/\/franciscanos.org.br\/noticias\/wp-json\/wp\/v2\/comments?post=190033"}],"version-history":[{"count":1,"href":"https:\/\/franciscanos.org.br\/noticias\/wp-json\/wp\/v2\/posts\/190033\/revisions"}],"predecessor-version":[{"id":224753,"href":"https:\/\/franciscanos.org.br\/noticias\/wp-json\/wp\/v2\/posts\/190033\/revisions\/224753"}],"wp:featuredmedia":[{"embeddable":true,"href":"https:\/\/franciscanos.org.br\/noticias\/wp-json\/wp\/v2\/media\/199487"}],"wp:attachment":[{"href":"https:\/\/franciscanos.org.br\/noticias\/wp-json\/wp\/v2\/media?parent=190033"}],"wp:term":[{"taxonomy":"category","embeddable":true,"href":"https:\/\/franciscanos.org.br\/noticias\/wp-json\/wp\/v2\/categories?post=190033"},{"taxonomy":"post_tag","embeddable":true,"href":"https:\/\/franciscanos.org.br\/noticias\/wp-json\/wp\/v2\/tags?post=190033"}],"curies":[{"name":"wp","href":"https:\/\/api.w.org\/{rel}","templated":true}]}}