{"id":190032,"date":"2018-10-11T15:49:32","date_gmt":"2018-10-11T18:49:32","guid":{"rendered":"http:\/\/franciscanos.org.br\/?p=174330"},"modified":"2020-06-06T18:32:00","modified_gmt":"2020-06-06T21:32:00","slug":"paulo-vi-e-oscar-romero-os-novos-santos-da-igreja","status":"publish","type":"post","link":"https:\/\/franciscanos.org.br\/noticias\/paulo-vi-e-oscar-romero-os-novos-santos-da-igreja.html","title":{"rendered":"Paulo VI e Oscar Romero: santos da Igreja"},"content":{"rendered":"<p><img loading=\"lazy\" class=\"size-full wp-image-191418 aligncenter\" src=\"https:\/\/franciscanos.org.br\/noticias\/wp-content\/uploads\/2018\/10\/especial_corte-830-1.jpg\" alt=\"\" width=\"830\" height=\"400\" srcset=\"https:\/\/franciscanos.org.br\/noticias\/wp-content\/uploads\/2018\/10\/especial_corte-830-1.jpg 830w, https:\/\/franciscanos.org.br\/noticias\/wp-content\/uploads\/2018\/10\/especial_corte-830-1-450x217.jpg 450w, https:\/\/franciscanos.org.br\/noticias\/wp-content\/uploads\/2018\/10\/especial_corte-830-1-768x370.jpg 768w, https:\/\/franciscanos.org.br\/noticias\/wp-content\/uploads\/2018\/10\/especial_corte-830-1-150x72.jpg 150w\" sizes=\"(max-width: 830px) 100vw, 830px\" \/><\/p>\n<p>No domingo, 14 de outubro, o Papa Francisco canonizou 7 novos santos e santas da Igreja: Paulo VI, Oscar Arnulfo Romero Gald\u00e1mez, Francisco Spinelli, Vicente Romano, Maria Catarina Kasper, Naz\u00e1ria In\u00e1cia de Santa Teresa de Jesus e N\u00fancio Sulprizio.<\/p>\n<p>Entre eles, destacam-se dois grandes homens da hist\u00f3ria da Igreja: Paulo VI e Oscar Romero.<\/p>\n<p>O Papa Paulo VI conduziu a Igreja entre 1963 e 1978. Ele foi o primeiro pont\u00edfice a viajar de avi\u00e3o.\u00a0Em seu papado,\u00a0visitou os cinco continentes, fato que lhe concedeu o apelido de \u201cPapa Peregrino\u201d. Foi o primeiro Papa a visitar a Terra Santa, em 1964. L\u00e1, encontrou-se com o patriarca ortodoxo Aten\u00e1goras I.<\/p>\n<p>\u201cSe todo bispo, todo p\u00e1roco e todo crist\u00e3o tivessem feito, em propor\u00e7\u00e3o, o que ele realizou como anima\u00e7\u00e3o e renova\u00e7\u00e3o, a Igreja estaria hoje muito mais adiantada em seu caminho&#8221;, afirmou o\u00a0Arcebispo Romeo Panciroli, ex-diretor da Sala de Imprensa do Vaticano sobre Paulo VI.<\/p>\n<p>Entre suas Enc\u00edclicas, destacam-se a<em> Humanae Vitae<\/em>, sobre a regula\u00e7\u00e3o da natalidade e a <em>Populorum progressio<\/em>, sobre o desenvolvimento dos povos. Entre as Exorta\u00e7\u00f5es Apost\u00f3licas,\u00a0ganhou \u00eanfase\u00a0a <em>Evangelii Nuntiandi<\/em>, sobre a evangeliza\u00e7\u00e3o, lan\u00e7ada em 8 de dezembro de 1975.<\/p>\n<p>Chamado por Papa Francisco como o &#8220;Papa da modernidade&#8221;, Paulo VI ficou conhecido por sua abertura ao di\u00e1logo, aproximando-se da Igreja Anglicana e de diversos l\u00edderes das Igrejas Ortodoxas do Oriente.<\/p>\n<p><strong>Romero:\u00a0o primeiro santo de El Salvador<\/strong><\/p>\n<p>A\u00a0Igreja da Am\u00e9rica Latina tamb\u00e9m ganhar\u00e1 mais um santo. Na realidade, para o povo, Oscar Romero j\u00e1 \u00e9 considerado santo desde o seu mart\u00edrio, em 24 de mar\u00e7o de 1980. Ele \u00e9 o primeiro santo de El Salvador, pa\u00eds localizado na Am\u00e9rica Central com pouco mais de 6 milh\u00f5es de habitantes.<\/p>\n<p>A a\u00e7\u00e3o pastoral do bispo visava ao entendimento m\u00fatuo entre os salvadorenhos. Criticava duramente tanto a in\u00e9rcia do governo, as interfer\u00eancias estrangeiras, como as injusti\u00e7as praticadas pelos grupos &#8220;revolucion\u00e1rios&#8221;. O Arcebispo Dom Oscar Arnulfo Romero foi fiel a Igreja, e pagou com a vida o pre\u00e7o de ser disc\u00edpulo de Cristo. O seu nome foi inclu\u00eddo na rela\u00e7\u00e3o dos 1015 salvadorenhos que foram assassinados, em 1980.<\/p>\n<p>Nas palavras do Papa Francisco por ocasi\u00e3o de sua beatifica\u00e7\u00e3o, &#8220;Romero convida-nos ao bom senso e \u00e0 reflex\u00e3o, ao respeito pela vida e \u00e0 conc\u00f3rdia. \u00c9 necess\u00e1rio renunciar \u00e0 viol\u00eancia da espada, do \u00f3dio, e viver a viol\u00eancia do amor, que nos deixou Cristo pregado numa cruz, aquela que cada um deve fazer a si mesmo para vencer os pr\u00f3prios ego\u00edsmos e a fim de que n\u00e3o haja desigualdades t\u00e3o cru\u00e9is entre n\u00f3s. Ele soube ver e experimentou na sua pr\u00f3pria carne o ego\u00edsmo que se insinua em quantos n\u00e3o querem ceder o que \u00e9 seu para alcan\u00e7ar os outros. E, com um cora\u00e7\u00e3o de pai, preocupou-se com as maiorias pobres, pedindo aos poderosos que transformassem as armas em foices para o trabalho&#8221;.<\/p>\n","protected":false},"excerpt":{"rendered":"<p>Canoniza\u00e7\u00e3o<\/p>\n","protected":false},"author":1,"featured_media":191419,"comment_status":"open","ping_status":"open","sticky":false,"template":"","format":"standard","meta":[],"categories":[1428],"tags":[216,1135,1137],"acf":[],"yoast_head":"<!-- This site is optimized with the Yoast SEO plugin v19.2 - https:\/\/yoast.com\/wordpress\/plugins\/seo\/ -->\n<title>Paulo VI e Oscar Romero: santos da Igreja - Not\u00edcias - Franciscanos<\/title>\n<meta name=\"robots\" content=\"index, follow, max-snippet:-1, max-image-preview:large, max-video-preview:-1\" \/>\n<link rel=\"canonical\" href=\"https:\/\/franciscanos.org.br\/noticias\/paulo-vi-e-oscar-romero-os-novos-santos-da-igreja.html\" \/>\n<meta property=\"og:locale\" content=\"pt_BR\" \/>\n<meta property=\"og:type\" content=\"article\" \/>\n<meta property=\"og:title\" content=\"Paulo VI e Oscar Romero: santos da Igreja - Not\u00edcias - Franciscanos\" \/>\n<meta property=\"og:description\" content=\"Canoniza\u00e7\u00e3o\" \/>\n<meta property=\"og:url\" content=\"https:\/\/franciscanos.org.br\/noticias\/paulo-vi-e-oscar-romero-os-novos-santos-da-igreja.html\" \/>\n<meta property=\"og:site_name\" content=\"Not\u00edcias - Franciscanos\" \/>\n<meta property=\"article:published_time\" content=\"2018-10-11T18:49:32+00:00\" \/>\n<meta property=\"article:modified_time\" content=\"2020-06-06T21:32:00+00:00\" \/>\n<meta property=\"og:image\" content=\"https:\/\/franciscanos.org.br\/noticias\/wp-content\/uploads\/2018\/10\/paulo-VI-e-Oscar-Romero.jpg\" \/>\n\t<meta property=\"og:image:width\" content=\"273\" \/>\n\t<meta property=\"og:image:height\" content=\"181\" \/>\n\t<meta property=\"og:image:type\" content=\"image\/jpeg\" \/>\n<meta name=\"author\" content=\"admin\" \/>\n<meta name=\"twitter:card\" content=\"summary_large_image\" \/>\n<meta name=\"twitter:label1\" content=\"Escrito por\" \/>\n\t<meta name=\"twitter:data1\" content=\"admin\" \/>\n\t<meta name=\"twitter:label2\" content=\"Est. tempo de leitura\" \/>\n\t<meta name=\"twitter:data2\" content=\"3 minutos\" \/>\n<script type=\"application\/ld+json\" class=\"yoast-schema-graph\">{\"@context\":\"https:\/\/schema.org\",\"@graph\":[{\"@type\":\"WebSite\",\"@id\":\"https:\/\/franciscanos.org.br\/noticias\/#website\",\"url\":\"https:\/\/franciscanos.org.br\/noticias\/\",\"name\":\"Not\u00edcias - Franciscanos\",\"description\":\"Prov\u00edncia Franciscana da Imaculada Concei\u00e7\u00e3o do Brasil - Ordem dos Frades Menores - OFM\",\"potentialAction\":[{\"@type\":\"SearchAction\",\"target\":{\"@type\":\"EntryPoint\",\"urlTemplate\":\"https:\/\/franciscanos.org.br\/noticias\/?s={search_term_string}\"},\"query-input\":\"required name=search_term_string\"}],\"inLanguage\":\"pt-BR\"},{\"@type\":\"ImageObject\",\"inLanguage\":\"pt-BR\",\"@id\":\"https:\/\/franciscanos.org.br\/noticias\/paulo-vi-e-oscar-romero-os-novos-santos-da-igreja.html#primaryimage\",\"url\":\"https:\/\/franciscanos.org.br\/noticias\/wp-content\/uploads\/2018\/10\/paulo-VI-e-Oscar-Romero.jpg\",\"contentUrl\":\"https:\/\/franciscanos.org.br\/noticias\/wp-content\/uploads\/2018\/10\/paulo-VI-e-Oscar-Romero.jpg\",\"width\":273,\"height\":181},{\"@type\":\"WebPage\",\"@id\":\"https:\/\/franciscanos.org.br\/noticias\/paulo-vi-e-oscar-romero-os-novos-santos-da-igreja.html#webpage\",\"url\":\"https:\/\/franciscanos.org.br\/noticias\/paulo-vi-e-oscar-romero-os-novos-santos-da-igreja.html\",\"name\":\"Paulo VI e Oscar Romero: santos da Igreja - Not\u00edcias - Franciscanos\",\"isPartOf\":{\"@id\":\"https:\/\/franciscanos.org.br\/noticias\/#website\"},\"primaryImageOfPage\":{\"@id\":\"https:\/\/franciscanos.org.br\/noticias\/paulo-vi-e-oscar-romero-os-novos-santos-da-igreja.html#primaryimage\"},\"datePublished\":\"2018-10-11T18:49:32+00:00\",\"dateModified\":\"2020-06-06T21:32:00+00:00\",\"author\":{\"@id\":\"https:\/\/franciscanos.org.br\/noticias\/#\/schema\/person\/b38fbf43118f02820bd932f2e4b14ad3\"},\"breadcrumb\":{\"@id\":\"https:\/\/franciscanos.org.br\/noticias\/paulo-vi-e-oscar-romero-os-novos-santos-da-igreja.html#breadcrumb\"},\"inLanguage\":\"pt-BR\",\"potentialAction\":[{\"@type\":\"ReadAction\",\"target\":[\"https:\/\/franciscanos.org.br\/noticias\/paulo-vi-e-oscar-romero-os-novos-santos-da-igreja.html\"]}]},{\"@type\":\"BreadcrumbList\",\"@id\":\"https:\/\/franciscanos.org.br\/noticias\/paulo-vi-e-oscar-romero-os-novos-santos-da-igreja.html#breadcrumb\",\"itemListElement\":[{\"@type\":\"ListItem\",\"position\":1,\"name\":\"Home\",\"item\":\"https:\/\/franciscanos.org.br\/noticias\"},{\"@type\":\"ListItem\",\"position\":2,\"name\":\"Paulo VI e Oscar Romero: santos da Igreja\"}]},{\"@type\":\"Person\",\"@id\":\"https:\/\/franciscanos.org.br\/noticias\/#\/schema\/person\/b38fbf43118f02820bd932f2e4b14ad3\",\"name\":\"admin\",\"image\":{\"@type\":\"ImageObject\",\"inLanguage\":\"pt-BR\",\"@id\":\"https:\/\/franciscanos.org.br\/noticias\/#\/schema\/person\/image\/\",\"url\":\"https:\/\/secure.gravatar.com\/avatar\/e8495742d34d0ba6448ea1c628263b3e?s=96&d=mm&r=g\",\"contentUrl\":\"https:\/\/secure.gravatar.com\/avatar\/e8495742d34d0ba6448ea1c628263b3e?s=96&d=mm&r=g\",\"caption\":\"admin\"},\"url\":\"https:\/\/franciscanos.org.br\/noticias\/author\/admin\"}]}<\/script>\n<!-- \/ Yoast SEO plugin. -->","yoast_head_json":{"title":"Paulo VI e Oscar Romero: santos da Igreja - Not\u00edcias - Franciscanos","robots":{"index":"index","follow":"follow","max-snippet":"max-snippet:-1","max-image-preview":"max-image-preview:large","max-video-preview":"max-video-preview:-1"},"canonical":"https:\/\/franciscanos.org.br\/noticias\/paulo-vi-e-oscar-romero-os-novos-santos-da-igreja.html","og_locale":"pt_BR","og_type":"article","og_title":"Paulo VI e Oscar Romero: santos da Igreja - Not\u00edcias - Franciscanos","og_description":"Canoniza\u00e7\u00e3o","og_url":"https:\/\/franciscanos.org.br\/noticias\/paulo-vi-e-oscar-romero-os-novos-santos-da-igreja.html","og_site_name":"Not\u00edcias - Franciscanos","article_published_time":"2018-10-11T18:49:32+00:00","article_modified_time":"2020-06-06T21:32:00+00:00","og_image":[{"width":273,"height":181,"url":"https:\/\/franciscanos.org.br\/noticias\/wp-content\/uploads\/2018\/10\/paulo-VI-e-Oscar-Romero.jpg","type":"image\/jpeg"}],"author":"admin","twitter_card":"summary_large_image","twitter_misc":{"Escrito por":"admin","Est. tempo de leitura":"3 minutos"},"schema":{"@context":"https:\/\/schema.org","@graph":[{"@type":"WebSite","@id":"https:\/\/franciscanos.org.br\/noticias\/#website","url":"https:\/\/franciscanos.org.br\/noticias\/","name":"Not\u00edcias - Franciscanos","description":"Prov\u00edncia Franciscana da Imaculada Concei\u00e7\u00e3o do Brasil - Ordem dos Frades Menores - OFM","potentialAction":[{"@type":"SearchAction","target":{"@type":"EntryPoint","urlTemplate":"https:\/\/franciscanos.org.br\/noticias\/?s={search_term_string}"},"query-input":"required name=search_term_string"}],"inLanguage":"pt-BR"},{"@type":"ImageObject","inLanguage":"pt-BR","@id":"https:\/\/franciscanos.org.br\/noticias\/paulo-vi-e-oscar-romero-os-novos-santos-da-igreja.html#primaryimage","url":"https:\/\/franciscanos.org.br\/noticias\/wp-content\/uploads\/2018\/10\/paulo-VI-e-Oscar-Romero.jpg","contentUrl":"https:\/\/franciscanos.org.br\/noticias\/wp-content\/uploads\/2018\/10\/paulo-VI-e-Oscar-Romero.jpg","width":273,"height":181},{"@type":"WebPage","@id":"https:\/\/franciscanos.org.br\/noticias\/paulo-vi-e-oscar-romero-os-novos-santos-da-igreja.html#webpage","url":"https:\/\/franciscanos.org.br\/noticias\/paulo-vi-e-oscar-romero-os-novos-santos-da-igreja.html","name":"Paulo VI e Oscar Romero: santos da Igreja - Not\u00edcias - Franciscanos","isPartOf":{"@id":"https:\/\/franciscanos.org.br\/noticias\/#website"},"primaryImageOfPage":{"@id":"https:\/\/franciscanos.org.br\/noticias\/paulo-vi-e-oscar-romero-os-novos-santos-da-igreja.html#primaryimage"},"datePublished":"2018-10-11T18:49:32+00:00","dateModified":"2020-06-06T21:32:00+00:00","author":{"@id":"https:\/\/franciscanos.org.br\/noticias\/#\/schema\/person\/b38fbf43118f02820bd932f2e4b14ad3"},"breadcrumb":{"@id":"https:\/\/franciscanos.org.br\/noticias\/paulo-vi-e-oscar-romero-os-novos-santos-da-igreja.html#breadcrumb"},"inLanguage":"pt-BR","potentialAction":[{"@type":"ReadAction","target":["https:\/\/franciscanos.org.br\/noticias\/paulo-vi-e-oscar-romero-os-novos-santos-da-igreja.html"]}]},{"@type":"BreadcrumbList","@id":"https:\/\/franciscanos.org.br\/noticias\/paulo-vi-e-oscar-romero-os-novos-santos-da-igreja.html#breadcrumb","itemListElement":[{"@type":"ListItem","position":1,"name":"Home","item":"https:\/\/franciscanos.org.br\/noticias"},{"@type":"ListItem","position":2,"name":"Paulo VI e Oscar Romero: santos da Igreja"}]},{"@type":"Person","@id":"https:\/\/franciscanos.org.br\/noticias\/#\/schema\/person\/b38fbf43118f02820bd932f2e4b14ad3","name":"admin","image":{"@type":"ImageObject","inLanguage":"pt-BR","@id":"https:\/\/franciscanos.org.br\/noticias\/#\/schema\/person\/image\/","url":"https:\/\/secure.gravatar.com\/avatar\/e8495742d34d0ba6448ea1c628263b3e?s=96&d=mm&r=g","contentUrl":"https:\/\/secure.gravatar.com\/avatar\/e8495742d34d0ba6448ea1c628263b3e?s=96&d=mm&r=g","caption":"admin"},"url":"https:\/\/franciscanos.org.br\/noticias\/author\/admin"}]}},"_links":{"self":[{"href":"https:\/\/franciscanos.org.br\/noticias\/wp-json\/wp\/v2\/posts\/190032"}],"collection":[{"href":"https:\/\/franciscanos.org.br\/noticias\/wp-json\/wp\/v2\/posts"}],"about":[{"href":"https:\/\/franciscanos.org.br\/noticias\/wp-json\/wp\/v2\/types\/post"}],"author":[{"embeddable":true,"href":"https:\/\/franciscanos.org.br\/noticias\/wp-json\/wp\/v2\/users\/1"}],"replies":[{"embeddable":true,"href":"https:\/\/franciscanos.org.br\/noticias\/wp-json\/wp\/v2\/comments?post=190032"}],"version-history":[{"count":1,"href":"https:\/\/franciscanos.org.br\/noticias\/wp-json\/wp\/v2\/posts\/190032\/revisions"}],"predecessor-version":[{"id":224754,"href":"https:\/\/franciscanos.org.br\/noticias\/wp-json\/wp\/v2\/posts\/190032\/revisions\/224754"}],"wp:featuredmedia":[{"embeddable":true,"href":"https:\/\/franciscanos.org.br\/noticias\/wp-json\/wp\/v2\/media\/191419"}],"wp:attachment":[{"href":"https:\/\/franciscanos.org.br\/noticias\/wp-json\/wp\/v2\/media?parent=190032"}],"wp:term":[{"taxonomy":"category","embeddable":true,"href":"https:\/\/franciscanos.org.br\/noticias\/wp-json\/wp\/v2\/categories?post=190032"},{"taxonomy":"post_tag","embeddable":true,"href":"https:\/\/franciscanos.org.br\/noticias\/wp-json\/wp\/v2\/tags?post=190032"}],"curies":[{"name":"wp","href":"https:\/\/api.w.org\/{rel}","templated":true}]}}