{"id":190031,"date":"2018-10-09T13:35:52","date_gmt":"2018-10-09T16:35:52","guid":{"rendered":"http:\/\/franciscanos.org.br\/?p=174180"},"modified":"2020-06-06T18:33:00","modified_gmt":"2020-06-06T21:33:00","slug":"circulos-menores-sinodo-jovens","status":"publish","type":"post","link":"https:\/\/franciscanos.org.br\/noticias\/circulos-menores-sinodo-jovens.html","title":{"rendered":"Temas atuais s\u00e3o trabalhados nos c\u00edrculos menores"},"content":{"rendered":"<p style=\"text-align: left;\"><strong><img loading=\"lazy\" class=\"alignleft size-full wp-image-191443\" src=\"https:\/\/franciscanos.org.br\/noticias\/wp-content\/uploads\/2018\/10\/papa_091018-830.jpg\" alt=\"\" width=\"830\" height=\"400\" srcset=\"https:\/\/franciscanos.org.br\/noticias\/wp-content\/uploads\/2018\/10\/papa_091018-830.jpg 830w, https:\/\/franciscanos.org.br\/noticias\/wp-content\/uploads\/2018\/10\/papa_091018-830-450x217.jpg 450w, https:\/\/franciscanos.org.br\/noticias\/wp-content\/uploads\/2018\/10\/papa_091018-830-768x370.jpg 768w, https:\/\/franciscanos.org.br\/noticias\/wp-content\/uploads\/2018\/10\/papa_091018-830-150x72.jpg 150w\" sizes=\"(max-width: 830px) 100vw, 830px\" \/>Cidade do Vaticano<\/strong> &#8211; Catorze s\u00ednteses, seis l\u00ednguas, e um tema: a escuta. Deste modo articula-se o trabalho dos C\u00edrculos Menores sinodais, centrado na primeira parte do <em>Instrumentum Laboris<\/em>, na quinta Congrega\u00e7\u00e3o geral do S\u00ednodo, realizada na manh\u00e3 desta ter\u00e7a-feira (09\/10).<\/p>\n<p>A necessidade de uma Igreja emp\u00e1tica, em di\u00e1logo, que evite auto-referencialidade, preconceitos, e pontos sobre a credibilidade do testemunho. \u201cOs jovens devem ser valorizados\u201d, dizem os Padres Sinodais. \u201cA sua participa\u00e7\u00e3o ativa na vida eclesial deve ser promovida e relan\u00e7ada, o seu compromisso deve ser bem aproveitado numa perspectiva de verdadeira sinodalidade, para que sejam protagonistas, com responsabilidade, de processos e n\u00e3o de eventos individuais. Deste modo, eles ser\u00e3o evangelizadores de seus coet\u00e2neos.<\/p>\n<p><strong>Os jovens, \u201csism\u00f3grafo\u201d da realidade<\/strong><\/p>\n<p>\u201cSism\u00f3grafo da realidade, os jovens s\u00e3o Igreja\u201d, reitera o S\u00ednodo. \u00c9 preciso oferecer-lhes com alegria, as raz\u00f5es para viver e esperar, evitando moralismos e mostrando que a vida \u00e9 a resposta \u00e0 voca\u00e7\u00e3o que Deus d\u00e1 a cada um de n\u00f3s. \u201cNo fundo, a vida \u00e9 bonita porque tem sentido. Os jovens s\u00e3o capazes de tomar decis\u00f5es, mas \u00e9 preciso ajud\u00e1-los a tomar decis\u00f5es a longo prazo\u201d, afirmam os Padres sinodais.<\/p>\n<p><strong>O risco de \u201cdem\u00eancia digital\u201d<\/strong><\/p>\n<p>Os C\u00edrculos menores se det\u00eam sobre o tema da cultura digital, presente na vida dos jovens, rica de luz, mas tamb\u00e9m de sombras, como o aumento do sentimento de solid\u00e3o, o risco de uma atitude compulsiva para com a \u201ccultura da tela\u201d, de uma \u201cdem\u00eancia digital\u201d que implica a incapacidade de concentra\u00e7\u00e3o e compreens\u00e3o de textos complexos, de uma \u201cmigra\u00e7\u00e3o virtual\u201d que transporta os jovens para um mundo pr\u00f3prio, \u00e0s vezes fruto da inven\u00e7\u00e3o. Nesse contexto, a presen\u00e7a da Igreja \u00e9 essencial para acompanhar os jovens, ensinando-lhes que a internet deve ser usada, mas sem que sejam usados. \u00c9 bom recordar que muitos jovens \u201cn\u00e3o conectados\u201d vivem em \u00e1reas rurais sem internet.<\/p>\n<p><strong>Enfrentar o esc\u00e2ndalo dos abusos<\/strong><\/p>\n<p>O tema dos abusos tamb\u00e9m foi examinado pelos 14 C\u00edrculos menores: esc\u00e2ndalo que amea\u00e7a a credibilidade da Igreja e deve ser abordado de forma profunda, reconquistando a confian\u00e7a dos fi\u00e9is, sem se esquecer o que j\u00e1 foi feito pela Igreja para combater e prevenir esse crime e evitar outras faltas catastr\u00f3ficas. \u00c9 importante ajudar os sobreviventes dos abusos a encontrar o caminho do perd\u00e3o e da reconcilia\u00e7\u00e3o. Os C\u00edrculos menores sublinham a necessidade de uma articula\u00e7\u00e3o melhor da quest\u00e3o da sexualidade, que deve ser enfrentada com clareza e humanidade, sem negligenciar a linguagem teol\u00f3gica.<\/p>\n<p><strong>Migrantes: defender a sua causa no \u00e2mbito internacional<\/strong><\/p>\n<p>O olhar da Sala Sinodal se dirige ao tema da migra\u00e7\u00e3o, que tamb\u00e9m afeta muitos jovens: a migra\u00e7\u00e3o \u00e9 o paradigma do interesse que os jovens dedicam ao compromisso da Igreja no campo da justi\u00e7a e da pol\u00edtica. Por isso, \u00e9 necess\u00e1rio uma pastoral adequada ao setor e um envolvimento conjunto das Confer\u00eancias Episcopais afetadas diretamente por esse fen\u00f4meno. \u00c9 necess\u00e1rio defender a causa do migrante internacionalmente, criando canais de legalidade e seguran\u00e7a. \u00c9 importante promover oportunidade nos pa\u00edses de proveni\u00eancia e nos de acolhimento. N\u00e3o devemos esquecer as pessoas deslocadas e os migrantes internos nas na\u00e7\u00f5es, assim como os perseguidos e martirizados em muitas \u00e1reas do mundo.<\/p>\n<p><strong>Educa\u00e7\u00e3o seja s\u00f3lida, interdisciplinar e integral<\/strong><\/p>\n<p>Os Padres sinodais enfrentam o tema da forma\u00e7\u00e3o e da educa\u00e7\u00e3o que deve ser s\u00f3lida, interdisciplinar e integral. Recordando a import\u00e2ncia das escolas e universidades cat\u00f3licas, que devem ser valorizadas, e n\u00e3o instrumentalizadas, para que possam formar os jovens na f\u00e9 e na vida crist\u00e3, se reitera que o ensinamento \u00e9 uma das tarefas principais da Igreja e que muitas vezes, diante de fen\u00f4menos como o fundamentalismo e a intoler\u00e2ncia, a resposta melhor est\u00e1 na promo\u00e7\u00e3o de uma educa\u00e7\u00e3o ao respeito e ao di\u00e1logo inter-religioso e ecum\u00eanico.<\/p>\n<p><strong>Refor\u00e7ar a fam\u00edlia<\/strong><\/p>\n<p>A quest\u00e3o da forma\u00e7\u00e3o passa tamb\u00e9m atrav\u00e9s do desafio de uma pastoral familiar adequada, que ajude na transmiss\u00e3o da f\u00e9 entre as v\u00e1rias gera\u00e7\u00f5es. \u201cHoje\u201d, afirmam os participantes do S\u00ednodo, \u201ca fam\u00edlia est\u00e1 passando por uma fase de crise, devido \u00e0 sua desestrutura\u00e7\u00e3o e ao enfraquecimento da figura paterna\u201d.<br \/>\nOs adultos, em geral, muito jovens e individualistas, n\u00e3o ajudaram a percep\u00e7\u00e3o da Boa Nova entre os adolescentes. Em vez disso, \u00e9 responsabilidade de todo fiel acompanhar os jovens ao encontro pessoal com Jesus, porque a juventude se constr\u00f3i com base no que recebe na fam\u00edlia. Por isso, a Igreja, \u201cfam\u00edlia de fam\u00edlias\u201d, deve oferecer aos jovens uma verdadeira experi\u00eancia familiar, na qual se sintam acolhidos, amados, cuidados e acompanhados em seu crescimento, em seu desenvolvimento integral e na realiza\u00e7\u00e3o de seus sonhos e esperan\u00e7as.<\/p>\n<p><strong>A Igreja, escola de ensino<\/strong><\/p>\n<p>A forma\u00e7\u00e3o correta tamb\u00e9m diz respeito aos pastores, afirma o S\u00ednodo: na verdade, \u00e9 necess\u00e1rio um novo estilo de vida sacerdotal e s\u00e3o necess\u00e1rios bispos que saibam acompanhar de maneira competente os jovens, porque no momento parecem faltar estrat\u00e9gias pastorais eficazes, capazes de se confrontar com o secularismo, e com a globaliza\u00e7\u00e3o, que apresenta oportunidades para conciliar modernidade e tradi\u00e7\u00e3o. No fundo, a Igreja, m\u00e3e e mestra, deve ser uma escola de ensino para cada jovem, superando a falta de sintonia entre ela e os adolescentes.<\/p>\n<p><strong>Proposta uma mensagem para os jovens<\/strong><\/p>\n<p>Al\u00e9m disso, de v\u00e1rios C\u00edrculos surge a proposta de que do S\u00ednodo saia uma mensagem aos jovens e que tenha um estilo narrativo adequado para transmitir-lhes a esperan\u00e7a crist\u00e3 com palavras prof\u00e9ticas que relatam o olhar de Deus sobre a juventude. Desta \u00f3tica, o uso de multim\u00eddia tamb\u00e9m \u00e9 sugerido, a fim de se dirigir aos jovens n\u00e3o apenas com um texto escrito, mas tamb\u00e9m com v\u00eddeos e imagens.<br \/>\n<big><\/big><\/p>\n<p><big><strong>S\u00ednodo: queremos dar esperan\u00e7a aos jovens, diz Dom Baldisseri<\/strong><\/big><\/p>\n<p>Nesta ter\u00e7a-feira (9), conclui-se a primeira fase dos trabalhos do S\u00ednodo dos Bispos.<br \/>\nA primeira parte do Documento de Trabalho foi de reconhecimento, com a Igreja \u201cescutando\u201d a realidade, como explica o secret\u00e1rio-geral do S\u00ednodo, Cardeal Lorenzo Baldisseri:<\/p>\n<p>\u201cEste \u00e9 o momento em que os Padres apresentam os relat\u00f3rios ao p\u00fablico, porque j\u00e1 est\u00e3o efetivamente publicados a todos os c\u00edrculos menores, entre os grupos de trabalho. E j\u00e1 temos uma ideia de como os Padres s\u00e3o concernentes e profundamente inclu\u00eddos no assunto que estamos trabalhando, atrav\u00e9s dos modos e emendas do texto-base, do <em>Instrumentum Laboris<\/em>, muito importantes e eficazes.\u201d<\/p>\n<p>A segunda fase de interpreta\u00e7\u00e3o ser\u00e1 feita \u201cpor uma comiss\u00e3o de integra\u00e7\u00e3o do <em>Instrumentum Laboris<\/em>, inicialmente de car\u00e1ter provis\u00f3rio, mas fundamentalmente para ver como os Padres Sinodais interpretam o texto-base, acrescenta Dom Baldisseri. Todos procedimentos do S\u00ednodo est\u00e3o regulamentados para facilitar os debates e a troca de opini\u00f5es, de modo que possa emergir a voz das Igrejas espalhadas pelo mundo ao refletir a realidade atual da juventude: \u201cestamos dentro deste grande tema que \u00e9 global e n\u00e3o como uma forma, mas uma indica\u00e7\u00e3o substancial da realidade de hoje em que os jovens, infelizmente, n\u00e3o t\u00eam espa\u00e7o. N\u00f3s queremos dar espa\u00e7o suficiente seja na Igreja, seja na sociedade e no mundo da pol\u00edtica e da economia. Esses jovens, como consequ\u00eancia, n\u00e3o veem um futuro. E n\u00f3s queremos dar-lhes esperan\u00e7a\u201d, finaliza Baldisseri.<\/p>\n<p><em><strong>Na foto ao alto, o Papa Francisco com os bispos brasileiros no S\u00ednodo<\/strong><\/em><\/p>\n<hr \/>\n<p><em>Fonte: Vatican News<\/em><\/p>\n","protected":false},"excerpt":{"rendered":"<p>S\u00ednodo dos Jovens<\/p>\n","protected":false},"author":1,"featured_media":191444,"comment_status":"open","ping_status":"open","sticky":false,"template":"","format":"standard","meta":[],"categories":[1428],"tags":[29,839],"acf":[],"yoast_head":"<!-- This site is optimized with the Yoast SEO plugin v19.2 - https:\/\/yoast.com\/wordpress\/plugins\/seo\/ -->\n<title>Temas atuais s\u00e3o trabalhados nos c\u00edrculos menores - Not\u00edcias - Franciscanos<\/title>\n<meta name=\"robots\" content=\"index, follow, max-snippet:-1, max-image-preview:large, max-video-preview:-1\" \/>\n<link rel=\"canonical\" href=\"https:\/\/franciscanos.org.br\/noticias\/circulos-menores-sinodo-jovens.html\" \/>\n<meta property=\"og:locale\" content=\"pt_BR\" \/>\n<meta property=\"og:type\" content=\"article\" \/>\n<meta property=\"og:title\" content=\"Temas atuais s\u00e3o trabalhados nos c\u00edrculos menores - Not\u00edcias - Franciscanos\" \/>\n<meta property=\"og:description\" content=\"S\u00ednodo dos Jovens\" \/>\n<meta property=\"og:url\" content=\"https:\/\/franciscanos.org.br\/noticias\/circulos-menores-sinodo-jovens.html\" \/>\n<meta property=\"og:site_name\" content=\"Not\u00edcias - Franciscanos\" \/>\n<meta property=\"article:published_time\" content=\"2018-10-09T16:35:52+00:00\" \/>\n<meta property=\"article:modified_time\" content=\"2020-06-06T21:33:00+00:00\" \/>\n<meta property=\"og:image\" content=\"https:\/\/franciscanos.org.br\/noticias\/wp-content\/uploads\/2018\/10\/papa_091018-830-1.jpg\" \/>\n\t<meta property=\"og:image:width\" content=\"273\" \/>\n\t<meta property=\"og:image:height\" content=\"181\" \/>\n\t<meta property=\"og:image:type\" content=\"image\/jpeg\" \/>\n<meta name=\"author\" content=\"admin\" \/>\n<meta name=\"twitter:card\" content=\"summary_large_image\" \/>\n<meta name=\"twitter:label1\" content=\"Escrito por\" \/>\n\t<meta name=\"twitter:data1\" content=\"admin\" \/>\n\t<meta name=\"twitter:label2\" content=\"Est. tempo de leitura\" \/>\n\t<meta name=\"twitter:data2\" content=\"7 minutos\" \/>\n<script type=\"application\/ld+json\" class=\"yoast-schema-graph\">{\"@context\":\"https:\/\/schema.org\",\"@graph\":[{\"@type\":\"WebSite\",\"@id\":\"https:\/\/franciscanos.org.br\/noticias\/#website\",\"url\":\"https:\/\/franciscanos.org.br\/noticias\/\",\"name\":\"Not\u00edcias - Franciscanos\",\"description\":\"Prov\u00edncia Franciscana da Imaculada Concei\u00e7\u00e3o do Brasil - Ordem dos Frades Menores - OFM\",\"potentialAction\":[{\"@type\":\"SearchAction\",\"target\":{\"@type\":\"EntryPoint\",\"urlTemplate\":\"https:\/\/franciscanos.org.br\/noticias\/?s={search_term_string}\"},\"query-input\":\"required name=search_term_string\"}],\"inLanguage\":\"pt-BR\"},{\"@type\":\"ImageObject\",\"inLanguage\":\"pt-BR\",\"@id\":\"https:\/\/franciscanos.org.br\/noticias\/circulos-menores-sinodo-jovens.html#primaryimage\",\"url\":\"https:\/\/franciscanos.org.br\/noticias\/wp-content\/uploads\/2018\/10\/papa_091018-830-1.jpg\",\"contentUrl\":\"https:\/\/franciscanos.org.br\/noticias\/wp-content\/uploads\/2018\/10\/papa_091018-830-1.jpg\",\"width\":273,\"height\":181},{\"@type\":\"WebPage\",\"@id\":\"https:\/\/franciscanos.org.br\/noticias\/circulos-menores-sinodo-jovens.html#webpage\",\"url\":\"https:\/\/franciscanos.org.br\/noticias\/circulos-menores-sinodo-jovens.html\",\"name\":\"Temas atuais s\u00e3o trabalhados nos c\u00edrculos menores - Not\u00edcias - Franciscanos\",\"isPartOf\":{\"@id\":\"https:\/\/franciscanos.org.br\/noticias\/#website\"},\"primaryImageOfPage\":{\"@id\":\"https:\/\/franciscanos.org.br\/noticias\/circulos-menores-sinodo-jovens.html#primaryimage\"},\"datePublished\":\"2018-10-09T16:35:52+00:00\",\"dateModified\":\"2020-06-06T21:33:00+00:00\",\"author\":{\"@id\":\"https:\/\/franciscanos.org.br\/noticias\/#\/schema\/person\/b38fbf43118f02820bd932f2e4b14ad3\"},\"breadcrumb\":{\"@id\":\"https:\/\/franciscanos.org.br\/noticias\/circulos-menores-sinodo-jovens.html#breadcrumb\"},\"inLanguage\":\"pt-BR\",\"potentialAction\":[{\"@type\":\"ReadAction\",\"target\":[\"https:\/\/franciscanos.org.br\/noticias\/circulos-menores-sinodo-jovens.html\"]}]},{\"@type\":\"BreadcrumbList\",\"@id\":\"https:\/\/franciscanos.org.br\/noticias\/circulos-menores-sinodo-jovens.html#breadcrumb\",\"itemListElement\":[{\"@type\":\"ListItem\",\"position\":1,\"name\":\"Home\",\"item\":\"https:\/\/franciscanos.org.br\/noticias\"},{\"@type\":\"ListItem\",\"position\":2,\"name\":\"Temas atuais s\u00e3o trabalhados nos c\u00edrculos menores\"}]},{\"@type\":\"Person\",\"@id\":\"https:\/\/franciscanos.org.br\/noticias\/#\/schema\/person\/b38fbf43118f02820bd932f2e4b14ad3\",\"name\":\"admin\",\"image\":{\"@type\":\"ImageObject\",\"inLanguage\":\"pt-BR\",\"@id\":\"https:\/\/franciscanos.org.br\/noticias\/#\/schema\/person\/image\/\",\"url\":\"https:\/\/secure.gravatar.com\/avatar\/e8495742d34d0ba6448ea1c628263b3e?s=96&d=mm&r=g\",\"contentUrl\":\"https:\/\/secure.gravatar.com\/avatar\/e8495742d34d0ba6448ea1c628263b3e?s=96&d=mm&r=g\",\"caption\":\"admin\"},\"url\":\"https:\/\/franciscanos.org.br\/noticias\/author\/admin\"}]}<\/script>\n<!-- \/ Yoast SEO plugin. -->","yoast_head_json":{"title":"Temas atuais s\u00e3o trabalhados nos c\u00edrculos menores - Not\u00edcias - Franciscanos","robots":{"index":"index","follow":"follow","max-snippet":"max-snippet:-1","max-image-preview":"max-image-preview:large","max-video-preview":"max-video-preview:-1"},"canonical":"https:\/\/franciscanos.org.br\/noticias\/circulos-menores-sinodo-jovens.html","og_locale":"pt_BR","og_type":"article","og_title":"Temas atuais s\u00e3o trabalhados nos c\u00edrculos menores - Not\u00edcias - Franciscanos","og_description":"S\u00ednodo dos Jovens","og_url":"https:\/\/franciscanos.org.br\/noticias\/circulos-menores-sinodo-jovens.html","og_site_name":"Not\u00edcias - Franciscanos","article_published_time":"2018-10-09T16:35:52+00:00","article_modified_time":"2020-06-06T21:33:00+00:00","og_image":[{"width":273,"height":181,"url":"https:\/\/franciscanos.org.br\/noticias\/wp-content\/uploads\/2018\/10\/papa_091018-830-1.jpg","type":"image\/jpeg"}],"author":"admin","twitter_card":"summary_large_image","twitter_misc":{"Escrito por":"admin","Est. tempo de leitura":"7 minutos"},"schema":{"@context":"https:\/\/schema.org","@graph":[{"@type":"WebSite","@id":"https:\/\/franciscanos.org.br\/noticias\/#website","url":"https:\/\/franciscanos.org.br\/noticias\/","name":"Not\u00edcias - Franciscanos","description":"Prov\u00edncia Franciscana da Imaculada Concei\u00e7\u00e3o do Brasil - Ordem dos Frades Menores - OFM","potentialAction":[{"@type":"SearchAction","target":{"@type":"EntryPoint","urlTemplate":"https:\/\/franciscanos.org.br\/noticias\/?s={search_term_string}"},"query-input":"required name=search_term_string"}],"inLanguage":"pt-BR"},{"@type":"ImageObject","inLanguage":"pt-BR","@id":"https:\/\/franciscanos.org.br\/noticias\/circulos-menores-sinodo-jovens.html#primaryimage","url":"https:\/\/franciscanos.org.br\/noticias\/wp-content\/uploads\/2018\/10\/papa_091018-830-1.jpg","contentUrl":"https:\/\/franciscanos.org.br\/noticias\/wp-content\/uploads\/2018\/10\/papa_091018-830-1.jpg","width":273,"height":181},{"@type":"WebPage","@id":"https:\/\/franciscanos.org.br\/noticias\/circulos-menores-sinodo-jovens.html#webpage","url":"https:\/\/franciscanos.org.br\/noticias\/circulos-menores-sinodo-jovens.html","name":"Temas atuais s\u00e3o trabalhados nos c\u00edrculos menores - Not\u00edcias - Franciscanos","isPartOf":{"@id":"https:\/\/franciscanos.org.br\/noticias\/#website"},"primaryImageOfPage":{"@id":"https:\/\/franciscanos.org.br\/noticias\/circulos-menores-sinodo-jovens.html#primaryimage"},"datePublished":"2018-10-09T16:35:52+00:00","dateModified":"2020-06-06T21:33:00+00:00","author":{"@id":"https:\/\/franciscanos.org.br\/noticias\/#\/schema\/person\/b38fbf43118f02820bd932f2e4b14ad3"},"breadcrumb":{"@id":"https:\/\/franciscanos.org.br\/noticias\/circulos-menores-sinodo-jovens.html#breadcrumb"},"inLanguage":"pt-BR","potentialAction":[{"@type":"ReadAction","target":["https:\/\/franciscanos.org.br\/noticias\/circulos-menores-sinodo-jovens.html"]}]},{"@type":"BreadcrumbList","@id":"https:\/\/franciscanos.org.br\/noticias\/circulos-menores-sinodo-jovens.html#breadcrumb","itemListElement":[{"@type":"ListItem","position":1,"name":"Home","item":"https:\/\/franciscanos.org.br\/noticias"},{"@type":"ListItem","position":2,"name":"Temas atuais s\u00e3o trabalhados nos c\u00edrculos menores"}]},{"@type":"Person","@id":"https:\/\/franciscanos.org.br\/noticias\/#\/schema\/person\/b38fbf43118f02820bd932f2e4b14ad3","name":"admin","image":{"@type":"ImageObject","inLanguage":"pt-BR","@id":"https:\/\/franciscanos.org.br\/noticias\/#\/schema\/person\/image\/","url":"https:\/\/secure.gravatar.com\/avatar\/e8495742d34d0ba6448ea1c628263b3e?s=96&d=mm&r=g","contentUrl":"https:\/\/secure.gravatar.com\/avatar\/e8495742d34d0ba6448ea1c628263b3e?s=96&d=mm&r=g","caption":"admin"},"url":"https:\/\/franciscanos.org.br\/noticias\/author\/admin"}]}},"_links":{"self":[{"href":"https:\/\/franciscanos.org.br\/noticias\/wp-json\/wp\/v2\/posts\/190031"}],"collection":[{"href":"https:\/\/franciscanos.org.br\/noticias\/wp-json\/wp\/v2\/posts"}],"about":[{"href":"https:\/\/franciscanos.org.br\/noticias\/wp-json\/wp\/v2\/types\/post"}],"author":[{"embeddable":true,"href":"https:\/\/franciscanos.org.br\/noticias\/wp-json\/wp\/v2\/users\/1"}],"replies":[{"embeddable":true,"href":"https:\/\/franciscanos.org.br\/noticias\/wp-json\/wp\/v2\/comments?post=190031"}],"version-history":[{"count":1,"href":"https:\/\/franciscanos.org.br\/noticias\/wp-json\/wp\/v2\/posts\/190031\/revisions"}],"predecessor-version":[{"id":224755,"href":"https:\/\/franciscanos.org.br\/noticias\/wp-json\/wp\/v2\/posts\/190031\/revisions\/224755"}],"wp:featuredmedia":[{"embeddable":true,"href":"https:\/\/franciscanos.org.br\/noticias\/wp-json\/wp\/v2\/media\/191444"}],"wp:attachment":[{"href":"https:\/\/franciscanos.org.br\/noticias\/wp-json\/wp\/v2\/media?parent=190031"}],"wp:term":[{"taxonomy":"category","embeddable":true,"href":"https:\/\/franciscanos.org.br\/noticias\/wp-json\/wp\/v2\/categories?post=190031"},{"taxonomy":"post_tag","embeddable":true,"href":"https:\/\/franciscanos.org.br\/noticias\/wp-json\/wp\/v2\/tags?post=190031"}],"curies":[{"name":"wp","href":"https:\/\/api.w.org\/{rel}","templated":true}]}}