{"id":190030,"date":"2018-10-08T16:01:53","date_gmt":"2018-10-08T19:01:53","guid":{"rendered":"http:\/\/franciscanos.org.br\/?p=173945"},"modified":"2020-06-06T18:33:55","modified_gmt":"2020-06-06T21:33:55","slug":"dom-scicluna-sobre-abusos-essencial-buscar-a-verdade","status":"publish","type":"post","link":"https:\/\/franciscanos.org.br\/noticias\/dom-scicluna-sobre-abusos-essencial-buscar-a-verdade.html","title":{"rendered":"Dom Scicluna sobre abusos: essencial buscar a verdade"},"content":{"rendered":"<p><strong><img loading=\"lazy\" class=\"alignleft size-full wp-image-191458\" src=\"https:\/\/franciscanos.org.br\/noticias\/wp-content\/uploads\/2018\/10\/sinodo_081018-830-1.jpg\" alt=\"\" width=\"830\" height=\"400\" srcset=\"https:\/\/franciscanos.org.br\/noticias\/wp-content\/uploads\/2018\/10\/sinodo_081018-830-1.jpg 830w, https:\/\/franciscanos.org.br\/noticias\/wp-content\/uploads\/2018\/10\/sinodo_081018-830-1-450x217.jpg 450w, https:\/\/franciscanos.org.br\/noticias\/wp-content\/uploads\/2018\/10\/sinodo_081018-830-1-768x370.jpg 768w, https:\/\/franciscanos.org.br\/noticias\/wp-content\/uploads\/2018\/10\/sinodo_081018-830-1-150x72.jpg 150w\" sizes=\"(max-width: 830px) 100vw, 830px\" \/>Cidade do Vaticano &#8211;<\/strong> \u201cSem justi\u00e7a n\u00e3o se pode viver\u201d, por isso no caso dos abusos \u201cbuscar a verdade \u00e9 essencial\u201d. Assim se expressou o padre sinodal e arcebispo metropolitano de Malta, Dom Charles Scicluna, no briefing desta segunda-feira (08\/10) na Sala de Imprensa da Santa S\u00e9 sobre os trabalhos da XV Assembleia Geral ordin\u00e1ria do S\u00ednodo dos Bispos, que tem como tema \u201cOs jovens, a f\u00e9 e o discernimento vocacional\u201d.<\/p>\n<p>Respondendo aos jornalistas credenciados, o prelado disse que este esc\u00e2ndalo, que figura tamb\u00e9m \u201cno <em>Instrumentum laboris<\/em> (Instrumento de trabalho) no par\u00e1grafo 66\u201d \u00e9 fonte de \u201cvergonha\u201d, sobretudo porque \u201ca maior parte das v\u00edtimas \u00e9 constitu\u00edda de jovens, com feridas infligidas por quem deveria cur\u00e1-las\u201d e que \u00e9 preciso elevar o \u201cn\u00edvel de responsabilidade\u201d.<\/p>\n<p><strong>Sede de justi\u00e7a e de verdade<\/strong><\/p>\n<p>O arcebispo Scicluna disse que a \u201cjusti\u00e7a n\u00e3o deve tomar para si um tempo exagerado\u201d e que o Papa Francisco sofre com esta morosidade, embora consciente dos tempos necess\u00e1rios da \u201cjurisdi\u00e7\u00e3o civil\u201d.<\/p>\n<p>O prelado insistiu sobre o fato de que \u201ctodos precisamos de miseric\u00f3rdia\u201d, mas que \u201ca miseric\u00f3rdia \u00e9 vazia se n\u00e3o respeita a verdade e a justi\u00e7a\u201d.<\/p>\n<p>Pensando no encontro convocado no Vaticano para os dias 21 a 24 de fevereiro de 2019, para discutir sobre a prote\u00e7\u00e3o dos menores e a preven\u00e7\u00e3o aos abusos, acrescentou que \u00e9 importante ir \u00e0 \u201craiz\u201d do problema, recordando que o \u201cminist\u00e9rio deve ser um servi\u00e7o e n\u00e3o um abuso de poder\u201d.<\/p>\n<p>Por fim, o arcebispo de Malta quis recordar tamb\u00e9m aqueles muitos sacerdotes \u201csantos\u201d que trabalham e \u201cconfiam no Senhor\u201d. \u201cA santidade \u00e9 o encontro entre a fraqueza do homem e a miseric\u00f3rdia de Deus\u201d, concluiu.<\/p>\n<p><strong>Os jovens e a busca da felicidade<\/strong><\/p>\n<p>Durante o briefing o padre sinodal e bispo auxiliar de Lyon, Dom Emmanuel Gobilliard, recordou tamb\u00e9m outros temas que surgiram at\u00e9 ent\u00e3o durante o S\u00ednodo: a solidariedade entre as gera\u00e7\u00f5es, a contribui\u00e7\u00e3o das mulheres na miss\u00e3o da Igreja, a quest\u00e3o das migra\u00e7\u00f5es e da sexualidade, bem como da santidade.<\/p>\n<p>\u201cTodo jovem \u00e9 chamado \u00e0 felicidade, \u00e0 santidade, ao encontro com Cristo\u201d, disse, recordando tamb\u00e9m as recomenda\u00e7\u00f5es do Papa Francisco aos bispos. Portanto, o ser humano \u201cdeve ser acolhido em sua complexidade e n\u00e3o encerrado numa simples identidade\u201d, deve \u201cser substantivo e n\u00e3o adjetivo\u201d.<\/p>\n<p><strong>Uma Igreja que se coloca \u00e0 escuta buscando respostas<\/strong><\/p>\n<p>Encontrava-se tamb\u00e9m presente na Sala de Imprensa da Santa S\u00e9 o auditor, escritor, estudioso de modelos psicol\u00f3gicos e sociais na It\u00e1lia Thomas Leoncini, 33 anos. Ele expressou satisfa\u00e7\u00e3o por este encontro sinodal, que manifesta a vontade da Igreja de colocar-se \u00e0 escuta, n\u00e3o limitando-se a uma \u201csimples tomada de consci\u00eancia\u201d, mas buscando \u201crespostas radicais\u201d.<\/p>\n<p>Um S\u00ednodo, acrescentou, que n\u00e3o se dirige somente aos jovens cat\u00f3licos, mas tamb\u00e9m \u201caos ateus, aos agn\u00f3sticos\u201d, a todos \u201caqueles jovens que buscam uma esperan\u00e7a e um futuro\u201d nestas sociedades \u201cl\u00edquidas\u201d.<\/p>\n<hr \/>\n<p><em>Fonte: Vatican News<\/em><\/p>\n","protected":false},"excerpt":{"rendered":"<p>S\u00ednodo dos Jovens<\/p>\n","protected":false},"author":1,"featured_media":191459,"comment_status":"open","ping_status":"open","sticky":false,"template":"","format":"standard","meta":[],"categories":[1428],"tags":[839],"acf":[],"yoast_head":"<!-- This site is optimized with the Yoast SEO plugin v19.2 - https:\/\/yoast.com\/wordpress\/plugins\/seo\/ -->\n<title>Dom Scicluna sobre abusos: essencial buscar a verdade - Not\u00edcias - Franciscanos<\/title>\n<meta name=\"robots\" content=\"index, follow, max-snippet:-1, max-image-preview:large, max-video-preview:-1\" \/>\n<link rel=\"canonical\" href=\"https:\/\/franciscanos.org.br\/noticias\/dom-scicluna-sobre-abusos-essencial-buscar-a-verdade.html\" \/>\n<meta property=\"og:locale\" content=\"pt_BR\" \/>\n<meta property=\"og:type\" content=\"article\" \/>\n<meta property=\"og:title\" content=\"Dom Scicluna sobre abusos: essencial buscar a verdade - Not\u00edcias - Franciscanos\" \/>\n<meta property=\"og:description\" content=\"S\u00ednodo dos Jovens\" \/>\n<meta property=\"og:url\" content=\"https:\/\/franciscanos.org.br\/noticias\/dom-scicluna-sobre-abusos-essencial-buscar-a-verdade.html\" \/>\n<meta property=\"og:site_name\" content=\"Not\u00edcias - Franciscanos\" \/>\n<meta property=\"article:published_time\" content=\"2018-10-08T19:01:53+00:00\" \/>\n<meta property=\"article:modified_time\" content=\"2020-06-06T21:33:55+00:00\" \/>\n<meta property=\"og:image\" content=\"https:\/\/franciscanos.org.br\/noticias\/wp-content\/uploads\/2018\/10\/sinodo_081018-830.jpg\" \/>\n\t<meta property=\"og:image:width\" content=\"273\" \/>\n\t<meta property=\"og:image:height\" content=\"181\" \/>\n\t<meta property=\"og:image:type\" content=\"image\/jpeg\" \/>\n<meta name=\"author\" content=\"admin\" \/>\n<meta name=\"twitter:card\" content=\"summary_large_image\" \/>\n<meta name=\"twitter:label1\" content=\"Escrito por\" \/>\n\t<meta name=\"twitter:data1\" content=\"admin\" \/>\n\t<meta name=\"twitter:label2\" content=\"Est. tempo de leitura\" \/>\n\t<meta name=\"twitter:data2\" content=\"3 minutos\" \/>\n<script type=\"application\/ld+json\" class=\"yoast-schema-graph\">{\"@context\":\"https:\/\/schema.org\",\"@graph\":[{\"@type\":\"WebSite\",\"@id\":\"https:\/\/franciscanos.org.br\/noticias\/#website\",\"url\":\"https:\/\/franciscanos.org.br\/noticias\/\",\"name\":\"Not\u00edcias - Franciscanos\",\"description\":\"Prov\u00edncia Franciscana da Imaculada Concei\u00e7\u00e3o do Brasil - Ordem dos Frades Menores - OFM\",\"potentialAction\":[{\"@type\":\"SearchAction\",\"target\":{\"@type\":\"EntryPoint\",\"urlTemplate\":\"https:\/\/franciscanos.org.br\/noticias\/?s={search_term_string}\"},\"query-input\":\"required name=search_term_string\"}],\"inLanguage\":\"pt-BR\"},{\"@type\":\"ImageObject\",\"inLanguage\":\"pt-BR\",\"@id\":\"https:\/\/franciscanos.org.br\/noticias\/dom-scicluna-sobre-abusos-essencial-buscar-a-verdade.html#primaryimage\",\"url\":\"https:\/\/franciscanos.org.br\/noticias\/wp-content\/uploads\/2018\/10\/sinodo_081018-830.jpg\",\"contentUrl\":\"https:\/\/franciscanos.org.br\/noticias\/wp-content\/uploads\/2018\/10\/sinodo_081018-830.jpg\",\"width\":273,\"height\":181},{\"@type\":\"WebPage\",\"@id\":\"https:\/\/franciscanos.org.br\/noticias\/dom-scicluna-sobre-abusos-essencial-buscar-a-verdade.html#webpage\",\"url\":\"https:\/\/franciscanos.org.br\/noticias\/dom-scicluna-sobre-abusos-essencial-buscar-a-verdade.html\",\"name\":\"Dom Scicluna sobre abusos: essencial buscar a verdade - Not\u00edcias - Franciscanos\",\"isPartOf\":{\"@id\":\"https:\/\/franciscanos.org.br\/noticias\/#website\"},\"primaryImageOfPage\":{\"@id\":\"https:\/\/franciscanos.org.br\/noticias\/dom-scicluna-sobre-abusos-essencial-buscar-a-verdade.html#primaryimage\"},\"datePublished\":\"2018-10-08T19:01:53+00:00\",\"dateModified\":\"2020-06-06T21:33:55+00:00\",\"author\":{\"@id\":\"https:\/\/franciscanos.org.br\/noticias\/#\/schema\/person\/b38fbf43118f02820bd932f2e4b14ad3\"},\"breadcrumb\":{\"@id\":\"https:\/\/franciscanos.org.br\/noticias\/dom-scicluna-sobre-abusos-essencial-buscar-a-verdade.html#breadcrumb\"},\"inLanguage\":\"pt-BR\",\"potentialAction\":[{\"@type\":\"ReadAction\",\"target\":[\"https:\/\/franciscanos.org.br\/noticias\/dom-scicluna-sobre-abusos-essencial-buscar-a-verdade.html\"]}]},{\"@type\":\"BreadcrumbList\",\"@id\":\"https:\/\/franciscanos.org.br\/noticias\/dom-scicluna-sobre-abusos-essencial-buscar-a-verdade.html#breadcrumb\",\"itemListElement\":[{\"@type\":\"ListItem\",\"position\":1,\"name\":\"Home\",\"item\":\"https:\/\/franciscanos.org.br\/noticias\"},{\"@type\":\"ListItem\",\"position\":2,\"name\":\"Dom Scicluna sobre abusos: essencial buscar a verdade\"}]},{\"@type\":\"Person\",\"@id\":\"https:\/\/franciscanos.org.br\/noticias\/#\/schema\/person\/b38fbf43118f02820bd932f2e4b14ad3\",\"name\":\"admin\",\"image\":{\"@type\":\"ImageObject\",\"inLanguage\":\"pt-BR\",\"@id\":\"https:\/\/franciscanos.org.br\/noticias\/#\/schema\/person\/image\/\",\"url\":\"https:\/\/secure.gravatar.com\/avatar\/e8495742d34d0ba6448ea1c628263b3e?s=96&d=mm&r=g\",\"contentUrl\":\"https:\/\/secure.gravatar.com\/avatar\/e8495742d34d0ba6448ea1c628263b3e?s=96&d=mm&r=g\",\"caption\":\"admin\"},\"url\":\"https:\/\/franciscanos.org.br\/noticias\/author\/admin\"}]}<\/script>\n<!-- \/ Yoast SEO plugin. -->","yoast_head_json":{"title":"Dom Scicluna sobre abusos: essencial buscar a verdade - Not\u00edcias - Franciscanos","robots":{"index":"index","follow":"follow","max-snippet":"max-snippet:-1","max-image-preview":"max-image-preview:large","max-video-preview":"max-video-preview:-1"},"canonical":"https:\/\/franciscanos.org.br\/noticias\/dom-scicluna-sobre-abusos-essencial-buscar-a-verdade.html","og_locale":"pt_BR","og_type":"article","og_title":"Dom Scicluna sobre abusos: essencial buscar a verdade - Not\u00edcias - Franciscanos","og_description":"S\u00ednodo dos Jovens","og_url":"https:\/\/franciscanos.org.br\/noticias\/dom-scicluna-sobre-abusos-essencial-buscar-a-verdade.html","og_site_name":"Not\u00edcias - Franciscanos","article_published_time":"2018-10-08T19:01:53+00:00","article_modified_time":"2020-06-06T21:33:55+00:00","og_image":[{"width":273,"height":181,"url":"https:\/\/franciscanos.org.br\/noticias\/wp-content\/uploads\/2018\/10\/sinodo_081018-830.jpg","type":"image\/jpeg"}],"author":"admin","twitter_card":"summary_large_image","twitter_misc":{"Escrito por":"admin","Est. tempo de leitura":"3 minutos"},"schema":{"@context":"https:\/\/schema.org","@graph":[{"@type":"WebSite","@id":"https:\/\/franciscanos.org.br\/noticias\/#website","url":"https:\/\/franciscanos.org.br\/noticias\/","name":"Not\u00edcias - Franciscanos","description":"Prov\u00edncia Franciscana da Imaculada Concei\u00e7\u00e3o do Brasil - Ordem dos Frades Menores - OFM","potentialAction":[{"@type":"SearchAction","target":{"@type":"EntryPoint","urlTemplate":"https:\/\/franciscanos.org.br\/noticias\/?s={search_term_string}"},"query-input":"required name=search_term_string"}],"inLanguage":"pt-BR"},{"@type":"ImageObject","inLanguage":"pt-BR","@id":"https:\/\/franciscanos.org.br\/noticias\/dom-scicluna-sobre-abusos-essencial-buscar-a-verdade.html#primaryimage","url":"https:\/\/franciscanos.org.br\/noticias\/wp-content\/uploads\/2018\/10\/sinodo_081018-830.jpg","contentUrl":"https:\/\/franciscanos.org.br\/noticias\/wp-content\/uploads\/2018\/10\/sinodo_081018-830.jpg","width":273,"height":181},{"@type":"WebPage","@id":"https:\/\/franciscanos.org.br\/noticias\/dom-scicluna-sobre-abusos-essencial-buscar-a-verdade.html#webpage","url":"https:\/\/franciscanos.org.br\/noticias\/dom-scicluna-sobre-abusos-essencial-buscar-a-verdade.html","name":"Dom Scicluna sobre abusos: essencial buscar a verdade - Not\u00edcias - Franciscanos","isPartOf":{"@id":"https:\/\/franciscanos.org.br\/noticias\/#website"},"primaryImageOfPage":{"@id":"https:\/\/franciscanos.org.br\/noticias\/dom-scicluna-sobre-abusos-essencial-buscar-a-verdade.html#primaryimage"},"datePublished":"2018-10-08T19:01:53+00:00","dateModified":"2020-06-06T21:33:55+00:00","author":{"@id":"https:\/\/franciscanos.org.br\/noticias\/#\/schema\/person\/b38fbf43118f02820bd932f2e4b14ad3"},"breadcrumb":{"@id":"https:\/\/franciscanos.org.br\/noticias\/dom-scicluna-sobre-abusos-essencial-buscar-a-verdade.html#breadcrumb"},"inLanguage":"pt-BR","potentialAction":[{"@type":"ReadAction","target":["https:\/\/franciscanos.org.br\/noticias\/dom-scicluna-sobre-abusos-essencial-buscar-a-verdade.html"]}]},{"@type":"BreadcrumbList","@id":"https:\/\/franciscanos.org.br\/noticias\/dom-scicluna-sobre-abusos-essencial-buscar-a-verdade.html#breadcrumb","itemListElement":[{"@type":"ListItem","position":1,"name":"Home","item":"https:\/\/franciscanos.org.br\/noticias"},{"@type":"ListItem","position":2,"name":"Dom Scicluna sobre abusos: essencial buscar a verdade"}]},{"@type":"Person","@id":"https:\/\/franciscanos.org.br\/noticias\/#\/schema\/person\/b38fbf43118f02820bd932f2e4b14ad3","name":"admin","image":{"@type":"ImageObject","inLanguage":"pt-BR","@id":"https:\/\/franciscanos.org.br\/noticias\/#\/schema\/person\/image\/","url":"https:\/\/secure.gravatar.com\/avatar\/e8495742d34d0ba6448ea1c628263b3e?s=96&d=mm&r=g","contentUrl":"https:\/\/secure.gravatar.com\/avatar\/e8495742d34d0ba6448ea1c628263b3e?s=96&d=mm&r=g","caption":"admin"},"url":"https:\/\/franciscanos.org.br\/noticias\/author\/admin"}]}},"_links":{"self":[{"href":"https:\/\/franciscanos.org.br\/noticias\/wp-json\/wp\/v2\/posts\/190030"}],"collection":[{"href":"https:\/\/franciscanos.org.br\/noticias\/wp-json\/wp\/v2\/posts"}],"about":[{"href":"https:\/\/franciscanos.org.br\/noticias\/wp-json\/wp\/v2\/types\/post"}],"author":[{"embeddable":true,"href":"https:\/\/franciscanos.org.br\/noticias\/wp-json\/wp\/v2\/users\/1"}],"replies":[{"embeddable":true,"href":"https:\/\/franciscanos.org.br\/noticias\/wp-json\/wp\/v2\/comments?post=190030"}],"version-history":[{"count":1,"href":"https:\/\/franciscanos.org.br\/noticias\/wp-json\/wp\/v2\/posts\/190030\/revisions"}],"predecessor-version":[{"id":224756,"href":"https:\/\/franciscanos.org.br\/noticias\/wp-json\/wp\/v2\/posts\/190030\/revisions\/224756"}],"wp:featuredmedia":[{"embeddable":true,"href":"https:\/\/franciscanos.org.br\/noticias\/wp-json\/wp\/v2\/media\/191459"}],"wp:attachment":[{"href":"https:\/\/franciscanos.org.br\/noticias\/wp-json\/wp\/v2\/media?parent=190030"}],"wp:term":[{"taxonomy":"category","embeddable":true,"href":"https:\/\/franciscanos.org.br\/noticias\/wp-json\/wp\/v2\/categories?post=190030"},{"taxonomy":"post_tag","embeddable":true,"href":"https:\/\/franciscanos.org.br\/noticias\/wp-json\/wp\/v2\/tags?post=190030"}],"curies":[{"name":"wp","href":"https:\/\/api.w.org\/{rel}","templated":true}]}}