{"id":190029,"date":"2018-10-09T08:46:50","date_gmt":"2018-10-09T11:46:50","guid":{"rendered":"http:\/\/franciscanos.org.br\/?p=173879"},"modified":"2018-11-26T14:40:02","modified_gmt":"2018-11-26T16:40:02","slug":"o-cristao-franciscano-e-um-pacificador-2","status":"publish","type":"post","link":"https:\/\/franciscanos.org.br\/noticias\/o-cristao-franciscano-e-um-pacificador-2.html","title":{"rendered":"Carlos Fernandes: &#8220;O crist\u00e3o franciscano \u00e9 um pacificador&#8221;"},"content":{"rendered":"<p><em><img loading=\"lazy\" class=\"size-full wp-image-191447 aligncenter\" src=\"https:\/\/franciscanos.org.br\/noticias\/wp-content\/uploads\/2018\/10\/carlos-8301.jpg\" alt=\"\" width=\"830\" height=\"513\" srcset=\"https:\/\/franciscanos.org.br\/noticias\/wp-content\/uploads\/2018\/10\/carlos-8301.jpg 830w, https:\/\/franciscanos.org.br\/noticias\/wp-content\/uploads\/2018\/10\/carlos-8301-450x278.jpg 450w, https:\/\/franciscanos.org.br\/noticias\/wp-content\/uploads\/2018\/10\/carlos-8301-768x475.jpg 768w, https:\/\/franciscanos.org.br\/noticias\/wp-content\/uploads\/2018\/10\/carlos-8301-150x93.jpg 150w\" sizes=\"(max-width: 830px) 100vw, 830px\" \/><\/em><\/p>\n<p><em>O jovem Carlos Fernandes tem 32 anos, \u00e9 formado em Rela\u00e7\u00f5es P\u00fablicas e reside atualmente na cidade de Bauru, interior de S\u00e3o Paulo, embora tenha nascido na Capital. Sua devo\u00e7\u00e3o a S\u00e3o Francisco \u00e9 heran\u00e7a do pai, muito devoto do santo de Assis. Atuante na Igreja junto \u00e0 Pastoral da Juventude, teve a oportunidade de se aproximar ainda mais do carisma franciscano quando conheceu sua noiva, que \u00e9 da cidade de Agudos, onde se localiza o Semin\u00e1rio Santo Ant\u00f4nio.\u00a0 \u201cAos poucos, tive contato com a Ordem Franciscana Secular (OFS), onde fui muito bem acolhido. Essa acolhida fez com que nos interess\u00e1ssemos em conhecer mais a vida de Francisco\u201d, explica. Atualmente Carlos Fernandes est\u00e1 no processo de Forma\u00e7\u00e3o da OFS, participa ativamente das iniciativas da Prov\u00edncia junto \u00e0 juventude e tem se destacado pelo interesse no estudo e aprofundamento das Fontes Franciscanas. Nesta entrevista ele traz um pouco de sua experi\u00eancia de jovem leigo franciscano na vida da Igreja e da sociedade.<\/em><\/p>\n<p><strong>Site Franciscanos<\/strong> \u2013 <em>Como nasceu o seu interesse em rela\u00e7\u00e3o \u00e0 figura de S\u00e3o Francisco de Assis e \u00e0 Espiritualidade Franciscana?<\/em><\/p>\n<p><strong>Carlos Fernandes<\/strong> &#8211; Foi de uma forma muito natural, estudando a hist\u00f3ria dos santos. Muitos deles nos remetem a S\u00e3o Francisco, acabam convergindo na pessoa de S\u00e3o Francisco. Meu pai \u00e9 muito devoto dele, e por isso desenvolvi, a princ\u00edpio, uma f\u00e9 devocional. Sempre gostei, admirei S\u00e3o Francisco pela hist\u00f3ria de vida que temos nos relatos, da ren\u00fancia, isso me chamou a aten\u00e7\u00e3o. Em determinado momento, tive a oportunidade de ir at\u00e9 Agudos (SP), no interior, bem perto de minha cidade [Carlos atualmente reside em Bauru]. A fam\u00edlia da minha noiva \u00e9 da cidade de Agudos e l\u00e1 tivemos contato com os frades. Eu ia \u00e0s missas no Semin\u00e1rio e me sentia muito mais \u00e0 vontade. Aos poucos, tive contato com a Ordem Franciscana Secular (OFS), onde fui muito bem acolhido. Essa acolhida fez com que nos interess\u00e1ssemos em conhecer mais a vida de Francisco. A cada dia desvendo uma caracter\u00edstica nova desta espiritualidade que encanta e apaixona.<\/p>\n<p><strong>Site Franciscanos<\/strong>\u00a0<em>\u2013 Dentre os aprendizados que voc\u00ea alcan\u00e7ou a partir do aprofundamento em rela\u00e7\u00e3o \u00e0 vida e \u00e0 sabedoria de Francisco de Assis, qual deles voc\u00ea destaca?<\/em><\/p>\n<p><strong>Carlos<\/strong> &#8211; Para mim, o contato com S\u00e3o Francisco leva \u00e0 proximidade com o irm\u00e3o de uma forma diferente, o contato com o pr\u00f3ximo, n\u00e3o s\u00f3 por respeito, mas por ver no meu irm\u00e3o o rosto de Deus, o rosto de Cristo, que pode ser o Cristo Sofredor. Em determinados momentos da vida O encontramos de diferentes formas. Saber que Jesus pode ser encontrado no pr\u00f3ximo muda completamente a rela\u00e7\u00e3o que eu tenho com as pessoas. Deixa de ser um relacionamento instrumental, meramente interesseiro, para ser a constru\u00e7\u00e3o de uma comunh\u00e3o, que \u00e9 aquilo que constru\u00edmos com Deus.<\/p>\n<p><strong>Site Franciscanos<\/strong>\u00a0<em>\u2013 O que mudou em voc\u00ea a partir desse encontro mais profundo com a espiritualidade franciscana?<\/em><\/p>\n<p><strong>Carlos<\/strong> &#8211; Em primeiro lugar, acho que o relacionamento com aqueles que est\u00e3o mais pr\u00f3ximos. \u00c0s vezes, o relacionamento vai se tornando dif\u00edcil por causa da conviv\u00eancia, com pais, irm\u00e3os, colegas de trabalho, vizinhos. As rela\u00e7\u00f5es v\u00e3o se desgastando, esquecemos que aquela pessoa \u00e9 sinal de Deus tamb\u00e9m. O relacionamento com a minha fam\u00edlia come\u00e7ou a melhorar, passei a entender certos aspectos a partir de uma \u00f3tica nova, de olhar para aquele irm\u00e3o como quem olhava para a face de Deus. Quando isso atinge a nossa vida profissional, tamb\u00e9m temos um ganho muito produtivo. Isso incentiva o trabalho em equipe, passamos a ser mais produtivos, entender as limita\u00e7\u00f5es do nosso irm\u00e3o e entender que n\u00f3s tamb\u00e9m temos limita\u00e7\u00f5es e que \u00e0s vezes n\u00e3o as vemos e cobramos do outro. O relacionamento interpessoal no trabalho fica muito mais produtivo.<\/p>\n<p><strong>Site Franciscanos<\/strong>\u00a0<em>\u2013 Que influ\u00eancia a espiritualidade de Francisco e Clara de Assis trouxe para seu entendimento em rela\u00e7\u00e3o \u00e0 quest\u00e3o social?<\/em><\/p>\n<p><strong>Carlos<\/strong> &#8211; Saindo da realidade da minha fam\u00edlia, vi que o mundo precisa tamb\u00e9m dessa convers\u00e3o de vis\u00e3o. Eu fazia visitas \u00e0 popula\u00e7\u00e3o em situa\u00e7\u00e3o de rua e crian\u00e7as em bairros carentes com um grupo de jovens do qual participava. Sabemos que n\u00e3o conseguimos resolver todos os problemas da pessoa que passa por esse tipo de dificuldade: emocional, financeira, ou outras que nem podemos imaginar. No primeiro momento, \u00e9 preciso um acolhimento fraterno e uma proximidade. Aos poucos, come\u00e7amos a entender que algumas estruturas precisam ser mudadas para que essas pessoas consigam ter a possibilidade de sair da situa\u00e7\u00e3o em que se encontram. A princ\u00edpio, \u00e9 fazer-se pr\u00f3ximo e aos poucos entender que existe tamb\u00e9m muita responsabilidade das autoridades, dos Poderes P\u00fablicos e que eles precisam ser cobrados disso. Os nossos esfor\u00e7os s\u00e3o dirigidos nesses dois sentidos. Estar junto com quem realmente precisa e ter um olhar fraterno pra dor do irm\u00e3o, mas tamb\u00e9m cobrar de quem \u00e9 respons\u00e1vel pela dor das pessoas.<\/p>\n<p><strong>Site Franciscanos<\/strong>\u00a0<em>\u2013 Quais s\u00e3o as influ\u00eancias pr\u00e1ticas que este seguimento a Cristo, no modo de Francisco de Assis, traz para a vida de uma pessoa?<\/em><\/p>\n<p><strong>Carlos<\/strong> &#8211; O crist\u00e3o batizado que tamb\u00e9m encontra a f\u00e9 a partir da espiritualidade de S\u00e3o Francisco \u00e9 um pacificador. Na vida pr\u00e1tica, a gente tenta apaziguar os \u00e2nimos e os relacionamentos. Eu tenho visto amigos debatendo alguns assuntos nas redes sociais, por exemplo. Fico tentando colocar um pouco de tranquilidade nos \u00e2nimos. \u00c9 importante ter um debate, expor as ideias e ter liberdade pra isso. Sinto que as rea\u00e7\u00f5es t\u00eam sido exageradas. \u00c0s vezes digo alguma coisa, tentado levantar o valor daquela pessoa, e nunca tentando diminuir. Na vida pr\u00e1tica, acho que \u00e9 isso que acontece. Temos que procurar sempre valorizar o que as pessoas t\u00eam de bom, a ideia do outro. N\u00e3o precisamos deixar de ser n\u00f3s mesmos, mas valorizar aquilo que vem do outro, porque isso nos enriquece.<\/p>\n<p><strong>Site Franciscanos<\/strong>\u00a0<em>\u2013 De que maneira voc\u00ea analisa o pontificado do Papa, que desde o in\u00edcio quis ter como marca uma Igreja em sa\u00edda, o amor aos pobres, a den\u00fancia <\/em><em>de todo esp\u00edrito de destrui\u00e7\u00e3o, corrup\u00e7\u00e3o e assumiu esse nome de Francisco?<\/em><\/p>\n<p><strong>Carlos<\/strong> &#8211; Eu sempre recebo muitas cr\u00edticas de pessoas que dizem que a Igreja precisa mudar. No meu ponto de vista, a Igreja tem dois mil anos de mudan\u00e7a, ela est\u00e1 sempre se atualizando, sempre mudando. N\u00e3o podemos fechar os olhos para as mudan\u00e7as que a Igreja tem realizado e s\u00e3o muito produtivas. O Papa Francisco tem voltado os olhos para os mais pobres e convidado a Igreja a ser Igreja, os fi\u00e9is a serem Igreja. Lembra-me S\u00e3o Francisco, quando dialogou com o Crucifixo de S\u00e3o Dami\u00e3o e recebeu a miss\u00e3o de restaurar a Igreja. Em um primeiro momento, ele entende que era para restaurar a igreja de pedra, mas depois, aos poucos, ele entende que a miss\u00e3o dele \u00e9 muito maior, que \u00e9 reconstruir a Igreja como pessoa que n\u00f3s somos. O Papa Francisco retomou isso muito bem. Ele nos convida a sermos Igreja onde precisamos ser Igreja. Ocupar espa\u00e7os que n\u00f3s deixamos de ocupar ao longo dos anos. S\u00f3 por preencher estes espa\u00e7os, sendo Igreja nesses lugares, a gente j\u00e1 promove uma mudan\u00e7a social, j\u00e1 convida a uma mudan\u00e7a. A presen\u00e7a do Papa e o pontificado dele t\u00eam sido muito producentes por causa disso.<\/p>\n<p><strong>Site Franciscanos<\/strong>\u00a0<em>\u2013 Enquanto seguidor de S\u00e3o Francisco, que leitura voc\u00ea faz da Enc\u00edclica Laudato Si\u2019?<\/em><\/p>\n<p><strong>Carlos<\/strong> &#8211; Impressiona muito a vis\u00e3o do Papa Francisco, a percep\u00e7\u00e3o de que n\u00f3s n\u00e3o temos diversas crises: econ\u00f4mica, financeira, valores, identidade, ambiental. \u00c9 tudo parte da mesma crise. A quest\u00e3o ambiental, que \u00e9 tratada na Laudato Si\u2019, ela \u00e9 importante, mas remonta a uma outra crise, que \u00e9 a crise econ\u00f4mica. A crise ambiental decorre da crise econ\u00f4mica. Existem grandes grupos que se beneficiam da extra\u00e7\u00e3o de produtos naturais e essas extra\u00e7\u00f5es prejudicam principalmente as pessoas mais pobres. Voc\u00ea percebe como tudo est\u00e1 interligado, tudo faz parte da mesma crise. O mais importante \u00e9 que h\u00e1 esperan\u00e7a e isso \u00e9 bem trabalhado na Laudato Si\u2019. Celebramos tr\u00eas anos desta enc\u00edclica. \u00c9 momento de celebrar e comemorar as conquistas que tivemos como crist\u00e3os. A partir desse documento, devemos continuar e renovar o nosso esfor\u00e7o para evitar os desgastes que temos provocado para a M\u00e3e Terra.<\/p>\n<p><strong>Site Franciscanos<\/strong>\u00a0<em>\u2013 Como voc\u00ea encara este compromisso do crist\u00e3o batizado leigo que assume viver a espiritualidade e os valores franciscanos no mundo secular, no mundo do trabalho, como chefe de fam\u00edlia ou constituindo fam\u00edlia?<\/em><\/p>\n<p><strong>Carlos<\/strong> &#8211; A quest\u00e3o de ser um franciscano secular \u00e9 interessante, pois levamos a espiritualidade franciscana e a presen\u00e7a de Cristo em todos os ambientes, no trabalho, na vida social, entre os amigos. Acho que \u00e9 um grande testemunho, \u00e9 uma voca\u00e7\u00e3o muito atual e precisa ser presen\u00e7a para ser sal e luz no mundo, como diz o Documento 105 da CNBB. Propagar um pouco daquilo de bom que temos a oferecer por causa do Evangelho. Tudo o que n\u00f3s podemos oferecer de bom para o mundo, n\u00e3o s\u00f3 o que podemos adquirir do que o mundo tem para nos oferecer, mas levar um pouco daquilo que o Evangelho modifica na gente e pode modificar nas nossas estruturas.<\/p>\n<p><strong>Site Franciscanos<\/strong>\u00a0<em>\u2013 Deixe uma mensagem para os que nos acompanham.<\/em><\/p>\n<p><strong>Carlos<\/strong> &#8211; Vivemos um momento especial, onde vamos escolher nossos representantes do pa\u00eds. Pode parecer um ano de crise, de dificuldades, mas \u00e9 um terreno muito f\u00e9rtil para podermos semear e em pouco tempo colher. Em v\u00e1rios momentos da Hist\u00f3ria passamos por momentos dif\u00edceis e n\u00e3o podemos desanimar em vista dessas dificuldades, mas procurar a melhor sa\u00edda, que pra mim \u00e9 sempre o di\u00e1logo. Um di\u00e1logo respeitoso, mantendo o afeto, a ternura na Palavra, e reconhecer no outro os valores e a import\u00e2ncia da ideia que ele tem. Que os nossos di\u00e1logos e os nossos debates deste ano sejam movidos por esse valor. Todos n\u00f3s queremos um Brasil melhor, uma sociedade melhor. A nossa inten\u00e7\u00e3o \u00e9 essa. Se todos queremos isso, n\u00e3o precisamos caminhar todos pelo mesmo caminho, mas temos o mesmo objetivo. Que sejamos felizes e respeitosos nesse caminho.<\/p>\n","protected":false},"excerpt":{"rendered":"<p>Ano do Laicato<\/p>\n","protected":false},"author":1,"featured_media":191448,"comment_status":"open","ping_status":"open","sticky":false,"template":"","format":"standard","meta":[],"categories":[758],"tags":[483,681,17,60,285,552],"acf":[],"yoast_head":"<!-- This site is optimized with the Yoast SEO plugin v19.2 - https:\/\/yoast.com\/wordpress\/plugins\/seo\/ -->\n<title>Carlos Fernandes: &quot;O crist\u00e3o franciscano \u00e9 um pacificador&quot; - Not\u00edcias - Franciscanos<\/title>\n<meta name=\"robots\" content=\"index, follow, max-snippet:-1, max-image-preview:large, max-video-preview:-1\" \/>\n<link rel=\"canonical\" href=\"https:\/\/franciscanos.org.br\/noticias\/o-cristao-franciscano-e-um-pacificador-2.html\" \/>\n<meta property=\"og:locale\" content=\"pt_BR\" \/>\n<meta property=\"og:type\" content=\"article\" \/>\n<meta property=\"og:title\" content=\"Carlos Fernandes: &quot;O crist\u00e3o franciscano \u00e9 um pacificador&quot; - Not\u00edcias - Franciscanos\" \/>\n<meta property=\"og:description\" content=\"Ano do Laicato\" \/>\n<meta property=\"og:url\" content=\"https:\/\/franciscanos.org.br\/noticias\/o-cristao-franciscano-e-um-pacificador-2.html\" \/>\n<meta property=\"og:site_name\" content=\"Not\u00edcias - Franciscanos\" \/>\n<meta property=\"article:published_time\" content=\"2018-10-09T11:46:50+00:00\" \/>\n<meta property=\"article:modified_time\" content=\"2018-11-26T16:40:02+00:00\" \/>\n<meta property=\"og:image\" content=\"https:\/\/franciscanos.org.br\/noticias\/wp-content\/uploads\/2018\/10\/carlos-8301-1.jpg\" \/>\n\t<meta property=\"og:image:width\" content=\"273\" \/>\n\t<meta property=\"og:image:height\" content=\"181\" \/>\n\t<meta property=\"og:image:type\" content=\"image\/jpeg\" \/>\n<meta name=\"author\" content=\"admin\" \/>\n<meta name=\"twitter:card\" content=\"summary_large_image\" \/>\n<meta name=\"twitter:label1\" content=\"Escrito por\" \/>\n\t<meta name=\"twitter:data1\" content=\"admin\" \/>\n\t<meta name=\"twitter:label2\" content=\"Est. tempo de leitura\" \/>\n\t<meta name=\"twitter:data2\" content=\"9 minutos\" \/>\n<script type=\"application\/ld+json\" class=\"yoast-schema-graph\">{\"@context\":\"https:\/\/schema.org\",\"@graph\":[{\"@type\":\"WebSite\",\"@id\":\"https:\/\/franciscanos.org.br\/noticias\/#website\",\"url\":\"https:\/\/franciscanos.org.br\/noticias\/\",\"name\":\"Not\u00edcias - Franciscanos\",\"description\":\"Prov\u00edncia Franciscana da Imaculada Concei\u00e7\u00e3o do Brasil - Ordem dos Frades Menores - OFM\",\"potentialAction\":[{\"@type\":\"SearchAction\",\"target\":{\"@type\":\"EntryPoint\",\"urlTemplate\":\"https:\/\/franciscanos.org.br\/noticias\/?s={search_term_string}\"},\"query-input\":\"required name=search_term_string\"}],\"inLanguage\":\"pt-BR\"},{\"@type\":\"ImageObject\",\"inLanguage\":\"pt-BR\",\"@id\":\"https:\/\/franciscanos.org.br\/noticias\/o-cristao-franciscano-e-um-pacificador-2.html#primaryimage\",\"url\":\"https:\/\/franciscanos.org.br\/noticias\/wp-content\/uploads\/2018\/10\/carlos-8301-1.jpg\",\"contentUrl\":\"https:\/\/franciscanos.org.br\/noticias\/wp-content\/uploads\/2018\/10\/carlos-8301-1.jpg\",\"width\":273,\"height\":181},{\"@type\":\"WebPage\",\"@id\":\"https:\/\/franciscanos.org.br\/noticias\/o-cristao-franciscano-e-um-pacificador-2.html#webpage\",\"url\":\"https:\/\/franciscanos.org.br\/noticias\/o-cristao-franciscano-e-um-pacificador-2.html\",\"name\":\"Carlos Fernandes: \\\"O crist\u00e3o franciscano \u00e9 um pacificador\\\" - Not\u00edcias - Franciscanos\",\"isPartOf\":{\"@id\":\"https:\/\/franciscanos.org.br\/noticias\/#website\"},\"primaryImageOfPage\":{\"@id\":\"https:\/\/franciscanos.org.br\/noticias\/o-cristao-franciscano-e-um-pacificador-2.html#primaryimage\"},\"datePublished\":\"2018-10-09T11:46:50+00:00\",\"dateModified\":\"2018-11-26T16:40:02+00:00\",\"author\":{\"@id\":\"https:\/\/franciscanos.org.br\/noticias\/#\/schema\/person\/b38fbf43118f02820bd932f2e4b14ad3\"},\"breadcrumb\":{\"@id\":\"https:\/\/franciscanos.org.br\/noticias\/o-cristao-franciscano-e-um-pacificador-2.html#breadcrumb\"},\"inLanguage\":\"pt-BR\",\"potentialAction\":[{\"@type\":\"ReadAction\",\"target\":[\"https:\/\/franciscanos.org.br\/noticias\/o-cristao-franciscano-e-um-pacificador-2.html\"]}]},{\"@type\":\"BreadcrumbList\",\"@id\":\"https:\/\/franciscanos.org.br\/noticias\/o-cristao-franciscano-e-um-pacificador-2.html#breadcrumb\",\"itemListElement\":[{\"@type\":\"ListItem\",\"position\":1,\"name\":\"Home\",\"item\":\"https:\/\/franciscanos.org.br\/noticias\"},{\"@type\":\"ListItem\",\"position\":2,\"name\":\"Carlos Fernandes: &#8220;O crist\u00e3o franciscano \u00e9 um pacificador&#8221;\"}]},{\"@type\":\"Person\",\"@id\":\"https:\/\/franciscanos.org.br\/noticias\/#\/schema\/person\/b38fbf43118f02820bd932f2e4b14ad3\",\"name\":\"admin\",\"image\":{\"@type\":\"ImageObject\",\"inLanguage\":\"pt-BR\",\"@id\":\"https:\/\/franciscanos.org.br\/noticias\/#\/schema\/person\/image\/\",\"url\":\"https:\/\/secure.gravatar.com\/avatar\/e8495742d34d0ba6448ea1c628263b3e?s=96&d=mm&r=g\",\"contentUrl\":\"https:\/\/secure.gravatar.com\/avatar\/e8495742d34d0ba6448ea1c628263b3e?s=96&d=mm&r=g\",\"caption\":\"admin\"},\"url\":\"https:\/\/franciscanos.org.br\/noticias\/author\/admin\"}]}<\/script>\n<!-- \/ Yoast SEO plugin. -->","yoast_head_json":{"title":"Carlos Fernandes: \"O crist\u00e3o franciscano \u00e9 um pacificador\" - Not\u00edcias - Franciscanos","robots":{"index":"index","follow":"follow","max-snippet":"max-snippet:-1","max-image-preview":"max-image-preview:large","max-video-preview":"max-video-preview:-1"},"canonical":"https:\/\/franciscanos.org.br\/noticias\/o-cristao-franciscano-e-um-pacificador-2.html","og_locale":"pt_BR","og_type":"article","og_title":"Carlos Fernandes: \"O crist\u00e3o franciscano \u00e9 um pacificador\" - Not\u00edcias - Franciscanos","og_description":"Ano do Laicato","og_url":"https:\/\/franciscanos.org.br\/noticias\/o-cristao-franciscano-e-um-pacificador-2.html","og_site_name":"Not\u00edcias - Franciscanos","article_published_time":"2018-10-09T11:46:50+00:00","article_modified_time":"2018-11-26T16:40:02+00:00","og_image":[{"width":273,"height":181,"url":"https:\/\/franciscanos.org.br\/noticias\/wp-content\/uploads\/2018\/10\/carlos-8301-1.jpg","type":"image\/jpeg"}],"author":"admin","twitter_card":"summary_large_image","twitter_misc":{"Escrito por":"admin","Est. tempo de leitura":"9 minutos"},"schema":{"@context":"https:\/\/schema.org","@graph":[{"@type":"WebSite","@id":"https:\/\/franciscanos.org.br\/noticias\/#website","url":"https:\/\/franciscanos.org.br\/noticias\/","name":"Not\u00edcias - Franciscanos","description":"Prov\u00edncia Franciscana da Imaculada Concei\u00e7\u00e3o do Brasil - Ordem dos Frades Menores - OFM","potentialAction":[{"@type":"SearchAction","target":{"@type":"EntryPoint","urlTemplate":"https:\/\/franciscanos.org.br\/noticias\/?s={search_term_string}"},"query-input":"required name=search_term_string"}],"inLanguage":"pt-BR"},{"@type":"ImageObject","inLanguage":"pt-BR","@id":"https:\/\/franciscanos.org.br\/noticias\/o-cristao-franciscano-e-um-pacificador-2.html#primaryimage","url":"https:\/\/franciscanos.org.br\/noticias\/wp-content\/uploads\/2018\/10\/carlos-8301-1.jpg","contentUrl":"https:\/\/franciscanos.org.br\/noticias\/wp-content\/uploads\/2018\/10\/carlos-8301-1.jpg","width":273,"height":181},{"@type":"WebPage","@id":"https:\/\/franciscanos.org.br\/noticias\/o-cristao-franciscano-e-um-pacificador-2.html#webpage","url":"https:\/\/franciscanos.org.br\/noticias\/o-cristao-franciscano-e-um-pacificador-2.html","name":"Carlos Fernandes: \"O crist\u00e3o franciscano \u00e9 um pacificador\" - Not\u00edcias - Franciscanos","isPartOf":{"@id":"https:\/\/franciscanos.org.br\/noticias\/#website"},"primaryImageOfPage":{"@id":"https:\/\/franciscanos.org.br\/noticias\/o-cristao-franciscano-e-um-pacificador-2.html#primaryimage"},"datePublished":"2018-10-09T11:46:50+00:00","dateModified":"2018-11-26T16:40:02+00:00","author":{"@id":"https:\/\/franciscanos.org.br\/noticias\/#\/schema\/person\/b38fbf43118f02820bd932f2e4b14ad3"},"breadcrumb":{"@id":"https:\/\/franciscanos.org.br\/noticias\/o-cristao-franciscano-e-um-pacificador-2.html#breadcrumb"},"inLanguage":"pt-BR","potentialAction":[{"@type":"ReadAction","target":["https:\/\/franciscanos.org.br\/noticias\/o-cristao-franciscano-e-um-pacificador-2.html"]}]},{"@type":"BreadcrumbList","@id":"https:\/\/franciscanos.org.br\/noticias\/o-cristao-franciscano-e-um-pacificador-2.html#breadcrumb","itemListElement":[{"@type":"ListItem","position":1,"name":"Home","item":"https:\/\/franciscanos.org.br\/noticias"},{"@type":"ListItem","position":2,"name":"Carlos Fernandes: &#8220;O crist\u00e3o franciscano \u00e9 um pacificador&#8221;"}]},{"@type":"Person","@id":"https:\/\/franciscanos.org.br\/noticias\/#\/schema\/person\/b38fbf43118f02820bd932f2e4b14ad3","name":"admin","image":{"@type":"ImageObject","inLanguage":"pt-BR","@id":"https:\/\/franciscanos.org.br\/noticias\/#\/schema\/person\/image\/","url":"https:\/\/secure.gravatar.com\/avatar\/e8495742d34d0ba6448ea1c628263b3e?s=96&d=mm&r=g","contentUrl":"https:\/\/secure.gravatar.com\/avatar\/e8495742d34d0ba6448ea1c628263b3e?s=96&d=mm&r=g","caption":"admin"},"url":"https:\/\/franciscanos.org.br\/noticias\/author\/admin"}]}},"_links":{"self":[{"href":"https:\/\/franciscanos.org.br\/noticias\/wp-json\/wp\/v2\/posts\/190029"}],"collection":[{"href":"https:\/\/franciscanos.org.br\/noticias\/wp-json\/wp\/v2\/posts"}],"about":[{"href":"https:\/\/franciscanos.org.br\/noticias\/wp-json\/wp\/v2\/types\/post"}],"author":[{"embeddable":true,"href":"https:\/\/franciscanos.org.br\/noticias\/wp-json\/wp\/v2\/users\/1"}],"replies":[{"embeddable":true,"href":"https:\/\/franciscanos.org.br\/noticias\/wp-json\/wp\/v2\/comments?post=190029"}],"version-history":[{"count":0,"href":"https:\/\/franciscanos.org.br\/noticias\/wp-json\/wp\/v2\/posts\/190029\/revisions"}],"wp:featuredmedia":[{"embeddable":true,"href":"https:\/\/franciscanos.org.br\/noticias\/wp-json\/wp\/v2\/media\/191448"}],"wp:attachment":[{"href":"https:\/\/franciscanos.org.br\/noticias\/wp-json\/wp\/v2\/media?parent=190029"}],"wp:term":[{"taxonomy":"category","embeddable":true,"href":"https:\/\/franciscanos.org.br\/noticias\/wp-json\/wp\/v2\/categories?post=190029"},{"taxonomy":"post_tag","embeddable":true,"href":"https:\/\/franciscanos.org.br\/noticias\/wp-json\/wp\/v2\/tags?post=190029"}],"curies":[{"name":"wp","href":"https:\/\/api.w.org\/{rel}","templated":true}]}}