{"id":190023,"date":"2018-10-05T08:45:25","date_gmt":"2018-10-05T11:45:25","guid":{"rendered":"http:\/\/franciscanos.org.br\/?p=173781"},"modified":"2019-07-02T08:46:31","modified_gmt":"2019-07-02T11:46:31","slug":"ai-dos-cristaos-hipocritas-que-deixam-jesus-na-igreja-2","status":"publish","type":"post","link":"https:\/\/franciscanos.org.br\/noticias\/ai-dos-cristaos-hipocritas-que-deixam-jesus-na-igreja-2.html","title":{"rendered":"&#8220;A hipocrisia dos justos \u00e9 o medo ao amor de Jesus&#8221;"},"content":{"rendered":"<p><img loading=\"lazy\" class=\"alignleft\" src=\"http:\/\/franciscanos.org.br\/wp-content\/uploads\/2018\/10\/marta_051018_1.jpg\" alt=\"marta_051018_1\" width=\"820\" height=\"461\" \/><strong>Cidade do Vaticano<\/strong> &#8211; N\u00f3s que nascemos numa sociedade crist\u00e3, corremos o risco de viver o cristianismo \u201ccomo um costume social\u201d, formalmente, com a \u201chipocrisia dos justos\u201d, que t\u00eam \u201cmedo de deixar-se amar\u201d. Na homilia da missa celebrada na Casa Santa Marta, o Papa convida todos a um exame de consci\u00eancia, comentando o Evangelho de S\u00e3o Lucas e a advert\u00eancia de Jesus aos habitantes de Betsaida, Corazim e Cafarnaum, que n\u00e3o acreditaram nele n\u00e3o obstante os milagres.<br \/>\nJesus \u201cest\u00e1 triste por ter sido rejeitado\u201d, explicou Francisco, enquanto cidades pag\u00e3s como Tiro e Sid\u00f4nia, vendo os seus milagres \u201ccom certeza teriam acreditado\u201d. E chora, \u201cporque essas pessoas n\u00e3o foram capaz de amar\u201d, enquanto Ele \u201cqueria chegar a todos os cora\u00e7\u00f5es com uma mensagem que n\u00e3o era uma mensagem ditatorial, mas era uma mensagem de amor\u201d.<\/p>\n<p><strong>Cristianismo formal<\/strong><\/p>\n<p>Vamos nos colocar no lugar dos habitantes das tr\u00eas cidades, prosseguiu o Papa. \u201cEu que recebi muito do Senhor, nasci numa sociedade crist\u00e3, conheci Jesus Cristo, conheci a salva\u00e7\u00e3o\u201d, fui educado \u00e0 f\u00e9. E com muita facilidade me esque\u00e7o de Jesus. Depois, ao inv\u00e9s, \u201couvimos not\u00edcias de outras pessoas que ouviram o an\u00fancio de Jesus, se converte e o segue\u201d. Mas n\u00f3s, comentou o Pont\u00edfice, estamos \u201cacostumados\u201d.<\/p>\n<p>E esta \u00e9 uma atitude que nos faz mal, porque reduzimos o Evangelho a um fato social, sociol\u00f3gico, e n\u00e3o a uma rela\u00e7\u00e3o pessoal com Jesus. Jesus fala a mim, fala a voc\u00ea, fala a cada um de n\u00f3s. A prega\u00e7\u00e3o de Jesus \u00e9 para cada um de n\u00f3s. Como \u00e9 poss\u00edvel que aqueles pag\u00e3os, que ao ouvirem a prega\u00e7\u00e3o de Jesus o seguem, e eu, que nasci aqui, numa sociedade crist\u00e3, me acostumo, e o cristianismo \u00e9 como se fosse um costume social, uma veste que visto e depois a deixo? E Jesus chora sobre cada um de n\u00f3s quando n\u00f3s vivemos o cristianismo formalmente, n\u00e3o realmente.<\/p>\n<p><strong>Hipocrisia dos justos<\/strong><\/p>\n<p>Se agimos assim, esclareceu Francisco, somos um pouco hip\u00f3critas, com a hipocrisia dos justos.<\/p>\n<p>H\u00e1 a hipocrisia dos pecadores, mas a hipocrisia dos justos \u00e9 o medo ao amor de Jesus, o medo de deixar-se amar. E, na realidade, quando n\u00f3s fazemos isso, n\u00f3s tentamos administrar a rela\u00e7\u00e3o com Jesus. \u201cSim, eu vou \u00e0 Missa, mas voc\u00ea fique na Igreja que eu depois vou para casa\u201d. E Jesus n\u00e3o volta conosco para casa: na fam\u00edlia, na educa\u00e7\u00e3o dos filhos, na escola, no bairro\u2026<\/p>\n<p><strong>Exame de consci\u00eancia<\/strong><\/p>\n<p>E assim Jesus permanece l\u00e1 na Igreja, comentou Francisco amargurado, \u201cou permanece no crucifixo ou na imagem\u201d.<\/p>\n<p>Hoje pode ser para n\u00f3s um dia de exame de consci\u00eancia, com este refr\u00e3o: \u201cAi de ti, ai de ti\u201d, porque eu dei muito, dei a mim mesmo, escolhi voc\u00ea para ser crist\u00e3o, ser crist\u00e3, e voc\u00ea prefere uma vida pela metade, uma vida superficial: um pouco sim de cristianismo e \u00e1gua benta, mas nada mais. Na realidade, quando se vive esta hipocrisia crist\u00e3, o que n\u00f3s fazemos \u00e9 expulsar Jesus do nosso cora\u00e7\u00e3o. Fazemos de conta t\u00ea-lo conosco, mas o expulsamos. \u201cSomos crist\u00e3os, orgulhosos de sermos crist\u00e3os\u201d, mas vivemos como pag\u00e3os.<\/p>\n<p>Cada um de n\u00f3s, concluiu o Papa, deve pensar: \u201cSou Corazim? Sou Betsaida? Sou Cafarnaum?\u201d. E se Jesus chora, pedir a gra\u00e7a de chorar tamb\u00e9m n\u00f3s. Com esta ora\u00e7\u00e3o: \u201cO Senhor me deu muito. O meu cora\u00e7\u00e3o \u00e9 t\u00e3o duro que n\u00e3o o deixa entrar. Pequei de ingratid\u00e3o, sou um ingrato, sou uma ingrata\u201d. \u201cE pe\u00e7amos ao Esp\u00edrito Santo que nos escancare as portas do cora\u00e7\u00e3o, de modo que Jesus possa entrar e n\u00e3o s\u00f3 ou\u00e7amos Jesus, mas ou\u00e7amos a sua mensagem de salva\u00e7\u00e3o e \u201cassim dar gra\u00e7as por tantas coisas boas que ele fez por cada um de n\u00f3s\u201d.<\/p>\n","protected":false},"excerpt":{"rendered":"<p>Missa em Santa Marta<\/p>\n","protected":false},"author":1,"featured_media":191498,"comment_status":"open","ping_status":"open","sticky":false,"template":"","format":"standard","meta":[],"categories":[1428],"tags":[829],"acf":[],"yoast_head":"<!-- This site is optimized with the Yoast SEO plugin v19.2 - https:\/\/yoast.com\/wordpress\/plugins\/seo\/ -->\n<title>&quot;A hipocrisia dos justos \u00e9 o medo ao amor de Jesus&quot; - Not\u00edcias - Franciscanos<\/title>\n<meta name=\"robots\" content=\"index, follow, max-snippet:-1, max-image-preview:large, max-video-preview:-1\" \/>\n<link rel=\"canonical\" href=\"https:\/\/franciscanos.org.br\/noticias\/ai-dos-cristaos-hipocritas-que-deixam-jesus-na-igreja-2.html\" \/>\n<meta property=\"og:locale\" content=\"pt_BR\" \/>\n<meta property=\"og:type\" content=\"article\" \/>\n<meta property=\"og:title\" content=\"&quot;A hipocrisia dos justos \u00e9 o medo ao amor de Jesus&quot; - Not\u00edcias - Franciscanos\" \/>\n<meta property=\"og:description\" content=\"Missa em Santa Marta\" \/>\n<meta property=\"og:url\" content=\"https:\/\/franciscanos.org.br\/noticias\/ai-dos-cristaos-hipocritas-que-deixam-jesus-na-igreja-2.html\" \/>\n<meta property=\"og:site_name\" content=\"Not\u00edcias - Franciscanos\" \/>\n<meta property=\"article:published_time\" content=\"2018-10-05T11:45:25+00:00\" \/>\n<meta property=\"article:modified_time\" content=\"2019-07-02T11:46:31+00:00\" \/>\n<meta property=\"og:image\" content=\"https:\/\/franciscanos.org.br\/noticias\/wp-content\/uploads\/2018\/10\/marta_051018_1.jpg\" \/>\n\t<meta property=\"og:image:width\" content=\"273\" \/>\n\t<meta property=\"og:image:height\" content=\"181\" \/>\n\t<meta property=\"og:image:type\" content=\"image\/jpeg\" \/>\n<meta name=\"author\" content=\"admin\" \/>\n<meta name=\"twitter:card\" content=\"summary_large_image\" \/>\n<meta name=\"twitter:label1\" content=\"Escrito por\" \/>\n\t<meta name=\"twitter:data1\" content=\"admin\" \/>\n\t<meta name=\"twitter:label2\" content=\"Est. tempo de leitura\" \/>\n\t<meta name=\"twitter:data2\" content=\"3 minutos\" \/>\n<script type=\"application\/ld+json\" class=\"yoast-schema-graph\">{\"@context\":\"https:\/\/schema.org\",\"@graph\":[{\"@type\":\"WebSite\",\"@id\":\"https:\/\/franciscanos.org.br\/noticias\/#website\",\"url\":\"https:\/\/franciscanos.org.br\/noticias\/\",\"name\":\"Not\u00edcias - Franciscanos\",\"description\":\"Prov\u00edncia Franciscana da Imaculada Concei\u00e7\u00e3o do Brasil - Ordem dos Frades Menores - OFM\",\"potentialAction\":[{\"@type\":\"SearchAction\",\"target\":{\"@type\":\"EntryPoint\",\"urlTemplate\":\"https:\/\/franciscanos.org.br\/noticias\/?s={search_term_string}\"},\"query-input\":\"required name=search_term_string\"}],\"inLanguage\":\"pt-BR\"},{\"@type\":\"ImageObject\",\"inLanguage\":\"pt-BR\",\"@id\":\"https:\/\/franciscanos.org.br\/noticias\/ai-dos-cristaos-hipocritas-que-deixam-jesus-na-igreja-2.html#primaryimage\",\"url\":\"https:\/\/franciscanos.org.br\/noticias\/wp-content\/uploads\/2018\/10\/marta_051018_1.jpg\",\"contentUrl\":\"https:\/\/franciscanos.org.br\/noticias\/wp-content\/uploads\/2018\/10\/marta_051018_1.jpg\",\"width\":273,\"height\":181},{\"@type\":\"WebPage\",\"@id\":\"https:\/\/franciscanos.org.br\/noticias\/ai-dos-cristaos-hipocritas-que-deixam-jesus-na-igreja-2.html#webpage\",\"url\":\"https:\/\/franciscanos.org.br\/noticias\/ai-dos-cristaos-hipocritas-que-deixam-jesus-na-igreja-2.html\",\"name\":\"\\\"A hipocrisia dos justos \u00e9 o medo ao amor de Jesus\\\" - Not\u00edcias - Franciscanos\",\"isPartOf\":{\"@id\":\"https:\/\/franciscanos.org.br\/noticias\/#website\"},\"primaryImageOfPage\":{\"@id\":\"https:\/\/franciscanos.org.br\/noticias\/ai-dos-cristaos-hipocritas-que-deixam-jesus-na-igreja-2.html#primaryimage\"},\"datePublished\":\"2018-10-05T11:45:25+00:00\",\"dateModified\":\"2019-07-02T11:46:31+00:00\",\"author\":{\"@id\":\"https:\/\/franciscanos.org.br\/noticias\/#\/schema\/person\/b38fbf43118f02820bd932f2e4b14ad3\"},\"breadcrumb\":{\"@id\":\"https:\/\/franciscanos.org.br\/noticias\/ai-dos-cristaos-hipocritas-que-deixam-jesus-na-igreja-2.html#breadcrumb\"},\"inLanguage\":\"pt-BR\",\"potentialAction\":[{\"@type\":\"ReadAction\",\"target\":[\"https:\/\/franciscanos.org.br\/noticias\/ai-dos-cristaos-hipocritas-que-deixam-jesus-na-igreja-2.html\"]}]},{\"@type\":\"BreadcrumbList\",\"@id\":\"https:\/\/franciscanos.org.br\/noticias\/ai-dos-cristaos-hipocritas-que-deixam-jesus-na-igreja-2.html#breadcrumb\",\"itemListElement\":[{\"@type\":\"ListItem\",\"position\":1,\"name\":\"Home\",\"item\":\"https:\/\/franciscanos.org.br\/noticias\"},{\"@type\":\"ListItem\",\"position\":2,\"name\":\"&#8220;A hipocrisia dos justos \u00e9 o medo ao amor de Jesus&#8221;\"}]},{\"@type\":\"Person\",\"@id\":\"https:\/\/franciscanos.org.br\/noticias\/#\/schema\/person\/b38fbf43118f02820bd932f2e4b14ad3\",\"name\":\"admin\",\"image\":{\"@type\":\"ImageObject\",\"inLanguage\":\"pt-BR\",\"@id\":\"https:\/\/franciscanos.org.br\/noticias\/#\/schema\/person\/image\/\",\"url\":\"https:\/\/secure.gravatar.com\/avatar\/e8495742d34d0ba6448ea1c628263b3e?s=96&d=mm&r=g\",\"contentUrl\":\"https:\/\/secure.gravatar.com\/avatar\/e8495742d34d0ba6448ea1c628263b3e?s=96&d=mm&r=g\",\"caption\":\"admin\"},\"url\":\"https:\/\/franciscanos.org.br\/noticias\/author\/admin\"}]}<\/script>\n<!-- \/ Yoast SEO plugin. -->","yoast_head_json":{"title":"\"A hipocrisia dos justos \u00e9 o medo ao amor de Jesus\" - Not\u00edcias - Franciscanos","robots":{"index":"index","follow":"follow","max-snippet":"max-snippet:-1","max-image-preview":"max-image-preview:large","max-video-preview":"max-video-preview:-1"},"canonical":"https:\/\/franciscanos.org.br\/noticias\/ai-dos-cristaos-hipocritas-que-deixam-jesus-na-igreja-2.html","og_locale":"pt_BR","og_type":"article","og_title":"\"A hipocrisia dos justos \u00e9 o medo ao amor de Jesus\" - Not\u00edcias - Franciscanos","og_description":"Missa em Santa Marta","og_url":"https:\/\/franciscanos.org.br\/noticias\/ai-dos-cristaos-hipocritas-que-deixam-jesus-na-igreja-2.html","og_site_name":"Not\u00edcias - Franciscanos","article_published_time":"2018-10-05T11:45:25+00:00","article_modified_time":"2019-07-02T11:46:31+00:00","og_image":[{"width":273,"height":181,"url":"https:\/\/franciscanos.org.br\/noticias\/wp-content\/uploads\/2018\/10\/marta_051018_1.jpg","type":"image\/jpeg"}],"author":"admin","twitter_card":"summary_large_image","twitter_misc":{"Escrito por":"admin","Est. tempo de leitura":"3 minutos"},"schema":{"@context":"https:\/\/schema.org","@graph":[{"@type":"WebSite","@id":"https:\/\/franciscanos.org.br\/noticias\/#website","url":"https:\/\/franciscanos.org.br\/noticias\/","name":"Not\u00edcias - Franciscanos","description":"Prov\u00edncia Franciscana da Imaculada Concei\u00e7\u00e3o do Brasil - Ordem dos Frades Menores - OFM","potentialAction":[{"@type":"SearchAction","target":{"@type":"EntryPoint","urlTemplate":"https:\/\/franciscanos.org.br\/noticias\/?s={search_term_string}"},"query-input":"required name=search_term_string"}],"inLanguage":"pt-BR"},{"@type":"ImageObject","inLanguage":"pt-BR","@id":"https:\/\/franciscanos.org.br\/noticias\/ai-dos-cristaos-hipocritas-que-deixam-jesus-na-igreja-2.html#primaryimage","url":"https:\/\/franciscanos.org.br\/noticias\/wp-content\/uploads\/2018\/10\/marta_051018_1.jpg","contentUrl":"https:\/\/franciscanos.org.br\/noticias\/wp-content\/uploads\/2018\/10\/marta_051018_1.jpg","width":273,"height":181},{"@type":"WebPage","@id":"https:\/\/franciscanos.org.br\/noticias\/ai-dos-cristaos-hipocritas-que-deixam-jesus-na-igreja-2.html#webpage","url":"https:\/\/franciscanos.org.br\/noticias\/ai-dos-cristaos-hipocritas-que-deixam-jesus-na-igreja-2.html","name":"\"A hipocrisia dos justos \u00e9 o medo ao amor de Jesus\" - Not\u00edcias - Franciscanos","isPartOf":{"@id":"https:\/\/franciscanos.org.br\/noticias\/#website"},"primaryImageOfPage":{"@id":"https:\/\/franciscanos.org.br\/noticias\/ai-dos-cristaos-hipocritas-que-deixam-jesus-na-igreja-2.html#primaryimage"},"datePublished":"2018-10-05T11:45:25+00:00","dateModified":"2019-07-02T11:46:31+00:00","author":{"@id":"https:\/\/franciscanos.org.br\/noticias\/#\/schema\/person\/b38fbf43118f02820bd932f2e4b14ad3"},"breadcrumb":{"@id":"https:\/\/franciscanos.org.br\/noticias\/ai-dos-cristaos-hipocritas-que-deixam-jesus-na-igreja-2.html#breadcrumb"},"inLanguage":"pt-BR","potentialAction":[{"@type":"ReadAction","target":["https:\/\/franciscanos.org.br\/noticias\/ai-dos-cristaos-hipocritas-que-deixam-jesus-na-igreja-2.html"]}]},{"@type":"BreadcrumbList","@id":"https:\/\/franciscanos.org.br\/noticias\/ai-dos-cristaos-hipocritas-que-deixam-jesus-na-igreja-2.html#breadcrumb","itemListElement":[{"@type":"ListItem","position":1,"name":"Home","item":"https:\/\/franciscanos.org.br\/noticias"},{"@type":"ListItem","position":2,"name":"&#8220;A hipocrisia dos justos \u00e9 o medo ao amor de Jesus&#8221;"}]},{"@type":"Person","@id":"https:\/\/franciscanos.org.br\/noticias\/#\/schema\/person\/b38fbf43118f02820bd932f2e4b14ad3","name":"admin","image":{"@type":"ImageObject","inLanguage":"pt-BR","@id":"https:\/\/franciscanos.org.br\/noticias\/#\/schema\/person\/image\/","url":"https:\/\/secure.gravatar.com\/avatar\/e8495742d34d0ba6448ea1c628263b3e?s=96&d=mm&r=g","contentUrl":"https:\/\/secure.gravatar.com\/avatar\/e8495742d34d0ba6448ea1c628263b3e?s=96&d=mm&r=g","caption":"admin"},"url":"https:\/\/franciscanos.org.br\/noticias\/author\/admin"}]}},"_links":{"self":[{"href":"https:\/\/franciscanos.org.br\/noticias\/wp-json\/wp\/v2\/posts\/190023"}],"collection":[{"href":"https:\/\/franciscanos.org.br\/noticias\/wp-json\/wp\/v2\/posts"}],"about":[{"href":"https:\/\/franciscanos.org.br\/noticias\/wp-json\/wp\/v2\/types\/post"}],"author":[{"embeddable":true,"href":"https:\/\/franciscanos.org.br\/noticias\/wp-json\/wp\/v2\/users\/1"}],"replies":[{"embeddable":true,"href":"https:\/\/franciscanos.org.br\/noticias\/wp-json\/wp\/v2\/comments?post=190023"}],"version-history":[{"count":0,"href":"https:\/\/franciscanos.org.br\/noticias\/wp-json\/wp\/v2\/posts\/190023\/revisions"}],"wp:featuredmedia":[{"embeddable":true,"href":"https:\/\/franciscanos.org.br\/noticias\/wp-json\/wp\/v2\/media\/191498"}],"wp:attachment":[{"href":"https:\/\/franciscanos.org.br\/noticias\/wp-json\/wp\/v2\/media?parent=190023"}],"wp:term":[{"taxonomy":"category","embeddable":true,"href":"https:\/\/franciscanos.org.br\/noticias\/wp-json\/wp\/v2\/categories?post=190023"},{"taxonomy":"post_tag","embeddable":true,"href":"https:\/\/franciscanos.org.br\/noticias\/wp-json\/wp\/v2\/tags?post=190023"}],"curies":[{"name":"wp","href":"https:\/\/api.w.org\/{rel}","templated":true}]}}