{"id":189964,"date":"2018-07-08T09:30:26","date_gmt":"2018-07-08T12:30:26","guid":{"rendered":"http:\/\/franciscanos.org.br\/?p=166322"},"modified":"2020-06-07T09:02:58","modified_gmt":"2020-06-07T12:02:58","slug":"deus-nao-se-conforma-aos-preconceitos-2","status":"publish","type":"post","link":"https:\/\/franciscanos.org.br\/noticias\/deus-nao-se-conforma-aos-preconceitos-2.html","title":{"rendered":"Angelus: \u201cDeus n\u00e3o se conforma aos preconceitos&#8221;"},"content":{"rendered":"<p><img loading=\"lazy\" src=\"http:\/\/franciscanos.org.br\/wp-content\/uploads\/2018\/07\/papa_080718.jpg\" alt=\"papa_080718\" width=\"820\" height=\"440\" \/><br \/>\n<strong>Cidade do Vaticano<\/strong> &#8211; Devemos nos esfor\u00e7ar para abrir o cora\u00e7\u00e3o e a mente, para acolher a realidade divina que vem ao nosso encontro: este foi o convite que o Papa Francisco fez este domingo (08\/07) ao rezar com os fi\u00e9is e peregrinos na Pra\u00e7a S\u00e3o Pedro a ora\u00e7\u00e3o do Angelus. Em sua alocu\u00e7\u00e3o, o Pont\u00edfice comentou o Evangelho do dia, em que Jesus que volta a Nazar\u00e9 e come\u00e7a a ensinar na sinagoga.<\/p>\n<p>Desde que havia ido embora e iniciado a pregar nos povoados e nos vilarejos das redondezas, n\u00e3o tinha mais regressado \u00e0 sua p\u00e1tria. Portanto, toda a cidadezinha se reuniu para ouvir Jesus. Mas aquilo que se anunciava um sucesso, se transformou numa \u201cclamorosa rejei\u00e7\u00e3o\u201d, a ponto que Jesus n\u00e3o p\u00f4de realizar nenhum milagre, mas somente curar alguns doentes.<br \/>\nJesus utiliza uma express\u00e3o que se tornou proverbial: &#8220;Um profeta s\u00f3 n\u00e3o \u00e9 estimado em sua p\u00e1tria&#8221;.<\/p>\n<p><strong>Esc\u00e2ndalo da encarna\u00e7\u00e3o<\/strong><br \/>\nO Papa explica essa transforma\u00e7\u00e3o dos habitantes de Nazar\u00e9 porque eles fazem uma compara\u00e7\u00e3o entre a humilde origem de Jesus e as suas capacidades atuais: de um carpinteiro sem estudos, se torna um pregador melhor que os escribas. E ao inv\u00e9s de se abrirem \u00e0 realidade, se escandalizam.<\/p>\n<p>\u201c\u00c9 o esc\u00e2ndalo da encarna\u00e7\u00e3o: o evento desconcertante de um Deus feito carne, que pensa com a mente de um homem, trabalha e atua com as m\u00e3os de um homem, ama com cora\u00e7\u00e3o de homem, um Deus que fadiga, come e dorme como um de n\u00f3s\u201d.<\/p>\n<p>O Filho de Deus, prosseguiu o Papa, inverte todo esquema humano: n\u00e3o s\u00e3o os disc\u00edpulos que lavam os p\u00e9s ao Senhor, mas \u00e9 o Senhor que lava os p\u00e9s aos disc\u00edpulos. \u201cEste \u00e9 um motivo de esc\u00e2ndalo e de incredulidade em todas as \u00e9pocas, inclusive hoje\u201d.<\/p>\n<p><strong>Ter f\u00e9<\/strong><\/p>\n<p>A invers\u00e3o provocada por Jesus implica aos seus disc\u00edpulos de ontem e de hoje analisar a vida pessoal e comunit\u00e1ria. O Senhor nos convida a assumir uma atitude de escuta humilde e de espera d\u00f3cil, porque a gra\u00e7a de Deus com frequ\u00eancia se apresenta a n\u00f3s de maneira surpreendente, que n\u00e3o corresponde \u00e0s nossas expectativas. E citou como exemplo Madre Teresa de Calcut\u00e1, que &#8220;revolucionou a caridade na Igreja&#8221;.<\/p>\n<p>\u201cDeus n\u00e3o se conforma aos preconceitos. Devemos nos esfor\u00e7ar para abrir o cora\u00e7\u00e3o e a mente, para acolher a realidade divina que vem ao nosso encontro. Trata-se de ter f\u00e9: a falta de f\u00e9 \u00e9 um obst\u00e1culo \u00e0 gra\u00e7a de Deus\u201d.<\/p>\n<p>Muitos batizados, afirma Francisco, vivem como se Cristo n\u00e3o existisse: repetem-se os gestos e os sinais da f\u00e9, mas a eles n\u00e3o corresponde uma real ades\u00e3o \u00e0 pessoa de Jesus e ao seu Evangelho. Ao inv\u00e9s, todo crist\u00e3o \u00e9 chamado a aprofundar esta perten\u00e7a fundamental, buscando testemunh\u00e1-la com uma conduta de vida coerente, cujo fio condutor \u00e9 a caridade.<\/p>\n<p>\u201cPe\u00e7amos ao Senhor, por intercess\u00e3o da Virgem Maria, que dissolva a dureza dos cora\u00e7\u00f5es e a limita\u00e7\u00e3o da mente, para que estejamos abertos \u00e0 sua gra\u00e7a, \u00e0 sua verdade e \u00e0 sua miss\u00e3o de bondade e de miseric\u00f3rdia, que \u00e9 endere\u00e7ada a todos, sem qualquer exclus\u00e3o.\u201d<\/p>\n<p><strong>DIA ESPECIAL DE ORA\u00c7\u00c3O PELA PAZ EM BARI<\/strong><\/p>\n<p>\u201cUm sinal eloquente de unidade dos crist\u00e3os\u201d: assim o Papa definiu a realiza\u00e7\u00e3o em Bari, no s\u00e1bado (07\/07), do dia especial de ora\u00e7\u00e3o e reflex\u00e3o pela paz no Oriente M\u00e9dio. \u201cDou gra\u00e7as a Deus por este encontro, que foi um sinal eloquente de unidade dos crist\u00e3os, com a participa\u00e7\u00e3o entusiasmada do povo de Deus. Agrade\u00e7o mais uma vez aos Irm\u00e3os l\u00edderes das Igrejas e aos seus representantes; fiquei realmente edificado com suas atitudes e seus testemunhos; agrade\u00e7o ao Arcebispo de Bari, aos colaboradores e a todos os fi\u00e9is que nos acompanharam e apoiaram com a ora\u00e7\u00e3o e a alegre presen\u00e7a.\u201d<\/p>\n<p>Na cidade que fica no sul da It\u00e1lia, Francisco acolheu Patriarcas e l\u00edderes crist\u00e3os, entre os quais Bartolomeu, para rezar juntos e denunciar os interesses que impedem a paz no Oriente M\u00e9dio.<br \/>\n&#8220;A indiferen\u00e7a mata! Mas, n\u00f3s queremos ser voz que contrasta a morte da indiferen\u00e7a. Queremos dar voz a quem n\u00e3o tem voz, a quem chora, sofre e emudece no Oriente M\u00e9dio, enquanto muitos o espezinham em busca de poder e riquezas. Imploremos a Deus a paz para os pequeninos, os simples, os feridos! Que Deus atenda a nossa ora\u00e7\u00e3o\u201d, disse Francisco em um de seus pronunciamentos.<\/p>\n<hr \/>\n<p><em>Fonte: Vatican News<\/em><\/p>\n","protected":false},"excerpt":{"rendered":"<p>Angelus<\/p>\n","protected":false},"author":1,"featured_media":189965,"comment_status":"open","ping_status":"open","sticky":false,"template":"","format":"standard","meta":[],"categories":[1428],"tags":[403],"acf":[],"yoast_head":"<!-- This site is optimized with the Yoast SEO plugin v19.2 - https:\/\/yoast.com\/wordpress\/plugins\/seo\/ -->\n<title>Angelus: \u201cDeus n\u00e3o se conforma aos preconceitos&quot; - Not\u00edcias - Franciscanos<\/title>\n<meta name=\"robots\" content=\"index, follow, max-snippet:-1, max-image-preview:large, max-video-preview:-1\" \/>\n<link rel=\"canonical\" href=\"https:\/\/franciscanos.org.br\/noticias\/deus-nao-se-conforma-aos-preconceitos-2.html\" \/>\n<meta property=\"og:locale\" content=\"pt_BR\" \/>\n<meta property=\"og:type\" content=\"article\" \/>\n<meta property=\"og:title\" content=\"Angelus: \u201cDeus n\u00e3o se conforma aos preconceitos&quot; - Not\u00edcias - Franciscanos\" \/>\n<meta property=\"og:description\" content=\"Angelus\" \/>\n<meta property=\"og:url\" content=\"https:\/\/franciscanos.org.br\/noticias\/deus-nao-se-conforma-aos-preconceitos-2.html\" \/>\n<meta property=\"og:site_name\" content=\"Not\u00edcias - Franciscanos\" \/>\n<meta property=\"article:published_time\" content=\"2018-07-08T12:30:26+00:00\" \/>\n<meta property=\"article:modified_time\" content=\"2020-06-07T12:02:58+00:00\" \/>\n<meta property=\"og:image\" content=\"https:\/\/franciscanos.org.br\/noticias\/wp-content\/uploads\/2018\/11\/papa_080718-3.jpg\" \/>\n\t<meta property=\"og:image:width\" content=\"820\" \/>\n\t<meta property=\"og:image:height\" content=\"440\" \/>\n\t<meta property=\"og:image:type\" content=\"image\/jpeg\" \/>\n<meta name=\"author\" content=\"admin\" \/>\n<meta name=\"twitter:card\" content=\"summary_large_image\" \/>\n<meta name=\"twitter:label1\" content=\"Escrito por\" \/>\n\t<meta name=\"twitter:data1\" content=\"admin\" \/>\n\t<meta name=\"twitter:label2\" content=\"Est. tempo de leitura\" \/>\n\t<meta name=\"twitter:data2\" content=\"4 minutos\" \/>\n<script type=\"application\/ld+json\" class=\"yoast-schema-graph\">{\"@context\":\"https:\/\/schema.org\",\"@graph\":[{\"@type\":\"WebSite\",\"@id\":\"https:\/\/franciscanos.org.br\/noticias\/#website\",\"url\":\"https:\/\/franciscanos.org.br\/noticias\/\",\"name\":\"Not\u00edcias - Franciscanos\",\"description\":\"Prov\u00edncia Franciscana da Imaculada Concei\u00e7\u00e3o do Brasil - Ordem dos Frades Menores - OFM\",\"potentialAction\":[{\"@type\":\"SearchAction\",\"target\":{\"@type\":\"EntryPoint\",\"urlTemplate\":\"https:\/\/franciscanos.org.br\/noticias\/?s={search_term_string}\"},\"query-input\":\"required name=search_term_string\"}],\"inLanguage\":\"pt-BR\"},{\"@type\":\"ImageObject\",\"inLanguage\":\"pt-BR\",\"@id\":\"https:\/\/franciscanos.org.br\/noticias\/deus-nao-se-conforma-aos-preconceitos-2.html#primaryimage\",\"url\":\"https:\/\/franciscanos.org.br\/noticias\/wp-content\/uploads\/2018\/11\/papa_080718-3.jpg\",\"contentUrl\":\"https:\/\/franciscanos.org.br\/noticias\/wp-content\/uploads\/2018\/11\/papa_080718-3.jpg\",\"width\":820,\"height\":440},{\"@type\":\"WebPage\",\"@id\":\"https:\/\/franciscanos.org.br\/noticias\/deus-nao-se-conforma-aos-preconceitos-2.html#webpage\",\"url\":\"https:\/\/franciscanos.org.br\/noticias\/deus-nao-se-conforma-aos-preconceitos-2.html\",\"name\":\"Angelus: \u201cDeus n\u00e3o se conforma aos preconceitos\\\" - Not\u00edcias - Franciscanos\",\"isPartOf\":{\"@id\":\"https:\/\/franciscanos.org.br\/noticias\/#website\"},\"primaryImageOfPage\":{\"@id\":\"https:\/\/franciscanos.org.br\/noticias\/deus-nao-se-conforma-aos-preconceitos-2.html#primaryimage\"},\"datePublished\":\"2018-07-08T12:30:26+00:00\",\"dateModified\":\"2020-06-07T12:02:58+00:00\",\"author\":{\"@id\":\"https:\/\/franciscanos.org.br\/noticias\/#\/schema\/person\/b38fbf43118f02820bd932f2e4b14ad3\"},\"breadcrumb\":{\"@id\":\"https:\/\/franciscanos.org.br\/noticias\/deus-nao-se-conforma-aos-preconceitos-2.html#breadcrumb\"},\"inLanguage\":\"pt-BR\",\"potentialAction\":[{\"@type\":\"ReadAction\",\"target\":[\"https:\/\/franciscanos.org.br\/noticias\/deus-nao-se-conforma-aos-preconceitos-2.html\"]}]},{\"@type\":\"BreadcrumbList\",\"@id\":\"https:\/\/franciscanos.org.br\/noticias\/deus-nao-se-conforma-aos-preconceitos-2.html#breadcrumb\",\"itemListElement\":[{\"@type\":\"ListItem\",\"position\":1,\"name\":\"Home\",\"item\":\"https:\/\/franciscanos.org.br\/noticias\"},{\"@type\":\"ListItem\",\"position\":2,\"name\":\"Angelus: \u201cDeus n\u00e3o se conforma aos preconceitos&#8221;\"}]},{\"@type\":\"Person\",\"@id\":\"https:\/\/franciscanos.org.br\/noticias\/#\/schema\/person\/b38fbf43118f02820bd932f2e4b14ad3\",\"name\":\"admin\",\"image\":{\"@type\":\"ImageObject\",\"inLanguage\":\"pt-BR\",\"@id\":\"https:\/\/franciscanos.org.br\/noticias\/#\/schema\/person\/image\/\",\"url\":\"https:\/\/secure.gravatar.com\/avatar\/e8495742d34d0ba6448ea1c628263b3e?s=96&d=mm&r=g\",\"contentUrl\":\"https:\/\/secure.gravatar.com\/avatar\/e8495742d34d0ba6448ea1c628263b3e?s=96&d=mm&r=g\",\"caption\":\"admin\"},\"url\":\"https:\/\/franciscanos.org.br\/noticias\/author\/admin\"}]}<\/script>\n<!-- \/ Yoast SEO plugin. -->","yoast_head_json":{"title":"Angelus: \u201cDeus n\u00e3o se conforma aos preconceitos\" - Not\u00edcias - Franciscanos","robots":{"index":"index","follow":"follow","max-snippet":"max-snippet:-1","max-image-preview":"max-image-preview:large","max-video-preview":"max-video-preview:-1"},"canonical":"https:\/\/franciscanos.org.br\/noticias\/deus-nao-se-conforma-aos-preconceitos-2.html","og_locale":"pt_BR","og_type":"article","og_title":"Angelus: \u201cDeus n\u00e3o se conforma aos preconceitos\" - Not\u00edcias - Franciscanos","og_description":"Angelus","og_url":"https:\/\/franciscanos.org.br\/noticias\/deus-nao-se-conforma-aos-preconceitos-2.html","og_site_name":"Not\u00edcias - Franciscanos","article_published_time":"2018-07-08T12:30:26+00:00","article_modified_time":"2020-06-07T12:02:58+00:00","og_image":[{"width":820,"height":440,"url":"https:\/\/franciscanos.org.br\/noticias\/wp-content\/uploads\/2018\/11\/papa_080718-3.jpg","type":"image\/jpeg"}],"author":"admin","twitter_card":"summary_large_image","twitter_misc":{"Escrito por":"admin","Est. tempo de leitura":"4 minutos"},"schema":{"@context":"https:\/\/schema.org","@graph":[{"@type":"WebSite","@id":"https:\/\/franciscanos.org.br\/noticias\/#website","url":"https:\/\/franciscanos.org.br\/noticias\/","name":"Not\u00edcias - Franciscanos","description":"Prov\u00edncia Franciscana da Imaculada Concei\u00e7\u00e3o do Brasil - Ordem dos Frades Menores - OFM","potentialAction":[{"@type":"SearchAction","target":{"@type":"EntryPoint","urlTemplate":"https:\/\/franciscanos.org.br\/noticias\/?s={search_term_string}"},"query-input":"required name=search_term_string"}],"inLanguage":"pt-BR"},{"@type":"ImageObject","inLanguage":"pt-BR","@id":"https:\/\/franciscanos.org.br\/noticias\/deus-nao-se-conforma-aos-preconceitos-2.html#primaryimage","url":"https:\/\/franciscanos.org.br\/noticias\/wp-content\/uploads\/2018\/11\/papa_080718-3.jpg","contentUrl":"https:\/\/franciscanos.org.br\/noticias\/wp-content\/uploads\/2018\/11\/papa_080718-3.jpg","width":820,"height":440},{"@type":"WebPage","@id":"https:\/\/franciscanos.org.br\/noticias\/deus-nao-se-conforma-aos-preconceitos-2.html#webpage","url":"https:\/\/franciscanos.org.br\/noticias\/deus-nao-se-conforma-aos-preconceitos-2.html","name":"Angelus: \u201cDeus n\u00e3o se conforma aos preconceitos\" - Not\u00edcias - Franciscanos","isPartOf":{"@id":"https:\/\/franciscanos.org.br\/noticias\/#website"},"primaryImageOfPage":{"@id":"https:\/\/franciscanos.org.br\/noticias\/deus-nao-se-conforma-aos-preconceitos-2.html#primaryimage"},"datePublished":"2018-07-08T12:30:26+00:00","dateModified":"2020-06-07T12:02:58+00:00","author":{"@id":"https:\/\/franciscanos.org.br\/noticias\/#\/schema\/person\/b38fbf43118f02820bd932f2e4b14ad3"},"breadcrumb":{"@id":"https:\/\/franciscanos.org.br\/noticias\/deus-nao-se-conforma-aos-preconceitos-2.html#breadcrumb"},"inLanguage":"pt-BR","potentialAction":[{"@type":"ReadAction","target":["https:\/\/franciscanos.org.br\/noticias\/deus-nao-se-conforma-aos-preconceitos-2.html"]}]},{"@type":"BreadcrumbList","@id":"https:\/\/franciscanos.org.br\/noticias\/deus-nao-se-conforma-aos-preconceitos-2.html#breadcrumb","itemListElement":[{"@type":"ListItem","position":1,"name":"Home","item":"https:\/\/franciscanos.org.br\/noticias"},{"@type":"ListItem","position":2,"name":"Angelus: \u201cDeus n\u00e3o se conforma aos preconceitos&#8221;"}]},{"@type":"Person","@id":"https:\/\/franciscanos.org.br\/noticias\/#\/schema\/person\/b38fbf43118f02820bd932f2e4b14ad3","name":"admin","image":{"@type":"ImageObject","inLanguage":"pt-BR","@id":"https:\/\/franciscanos.org.br\/noticias\/#\/schema\/person\/image\/","url":"https:\/\/secure.gravatar.com\/avatar\/e8495742d34d0ba6448ea1c628263b3e?s=96&d=mm&r=g","contentUrl":"https:\/\/secure.gravatar.com\/avatar\/e8495742d34d0ba6448ea1c628263b3e?s=96&d=mm&r=g","caption":"admin"},"url":"https:\/\/franciscanos.org.br\/noticias\/author\/admin"}]}},"_links":{"self":[{"href":"https:\/\/franciscanos.org.br\/noticias\/wp-json\/wp\/v2\/posts\/189964"}],"collection":[{"href":"https:\/\/franciscanos.org.br\/noticias\/wp-json\/wp\/v2\/posts"}],"about":[{"href":"https:\/\/franciscanos.org.br\/noticias\/wp-json\/wp\/v2\/types\/post"}],"author":[{"embeddable":true,"href":"https:\/\/franciscanos.org.br\/noticias\/wp-json\/wp\/v2\/users\/1"}],"replies":[{"embeddable":true,"href":"https:\/\/franciscanos.org.br\/noticias\/wp-json\/wp\/v2\/comments?post=189964"}],"version-history":[{"count":1,"href":"https:\/\/franciscanos.org.br\/noticias\/wp-json\/wp\/v2\/posts\/189964\/revisions"}],"predecessor-version":[{"id":224908,"href":"https:\/\/franciscanos.org.br\/noticias\/wp-json\/wp\/v2\/posts\/189964\/revisions\/224908"}],"wp:featuredmedia":[{"embeddable":true,"href":"https:\/\/franciscanos.org.br\/noticias\/wp-json\/wp\/v2\/media\/189965"}],"wp:attachment":[{"href":"https:\/\/franciscanos.org.br\/noticias\/wp-json\/wp\/v2\/media?parent=189964"}],"wp:term":[{"taxonomy":"category","embeddable":true,"href":"https:\/\/franciscanos.org.br\/noticias\/wp-json\/wp\/v2\/categories?post=189964"},{"taxonomy":"post_tag","embeddable":true,"href":"https:\/\/franciscanos.org.br\/noticias\/wp-json\/wp\/v2\/tags?post=189964"}],"curies":[{"name":"wp","href":"https:\/\/api.w.org\/{rel}","templated":true}]}}