{"id":189728,"date":"2017-09-21T07:06:26","date_gmt":"2017-09-21T10:06:26","guid":{"rendered":"http:\/\/franciscanos.org.br\/?p=141483"},"modified":"2020-06-08T17:24:24","modified_gmt":"2020-06-08T20:24:24","slug":"a-porta-para-encontrar-jesus-e-reconhecer-se-como-somos-de-verdade-pecadores-2","status":"publish","type":"post","link":"https:\/\/franciscanos.org.br\/noticias\/a-porta-para-encontrar-jesus-e-reconhecer-se-como-somos-de-verdade-pecadores-2.html","title":{"rendered":"&#8220;A primeira condi\u00e7\u00e3o para ser curado: sentir-se doente&#8221;"},"content":{"rendered":"<p><img loading=\"lazy\" class=\"alignright wp-image-141484 size-full\" src=\"http:\/\/franciscanos.org.br\/wp-content\/uploads\/2017\/09\/papa_210917.jpg\" alt=\"papa_210917\" width=\"640\" height=\"427\" \/>\u201cA porta para encontrar Jesus \u00e9 reconhecer-se pecador\u201d, afirmou o Papa Francisco na Missa celebrada na manh\u00e3 desta quinta-feira, na Capela da Casa Santa Marta. Sua homilia repassa a convers\u00e3o de S\u00e3o Mateus &#8211; festejado hoje pela Igreja &#8211; epis\u00f3dio retratado pelo pintor italiano Caravaggio em uma tela muito cara \u00e0 Francisco.<\/p>\n<p>Tr\u00eas as etapas do acontecido: encontro, festa e esc\u00e2ndalo. Jesus havia curado um paral\u00edtico e encontra Mateus, sentado no banco dos impostos. Fazia o povo de Israel pagar os impostos para depois d\u00e1-los aos romanos e por isto era desprezado, considerado um traidor da p\u00e1tria.<\/p>\n<p>Jesus olhou para ele e disse: \u201cSegue-me\u201d. Ele levantou-se e o seguiu, como narra o Evangelho do dia.De um lado, o olhar de S\u00e3o Mateus, um olhar desconfiado, olhava \u201cde lado\u201d. \u201cCom um olho, Deus\u201d e \u201ccom o outro o dinheiro\u201d, \u201cagarrado ao dinheiro como pintou Caravaggio\u201d, e tamb\u00e9m com um olhar impertinente. De outro, o olhar misericordioso de Jesus que \u2013 disse o Papa \u2013 olhou para ele com tanto amor\u201d.<\/p>\n<p>A resist\u00eancia daquele homem que queria o dinheiro \u201ccai\u201d: levantou-se e o seguiu. \u201c\u00c9 a luta entre a miseric\u00f3rdia e o pecado\u201d, sintetiza o Papa.O amor de Jesus pode entrar no cora\u00e7\u00e3o daquele homem porque \u201csabia ser pecador\u201d, sabia \u201cn\u00e3o ser bem quisto por ningu\u00e9m\u201d, era desprezado.<\/p>\n<p>E justamente \u201ca consci\u00eancia de pecador abriu a porta para a miseric\u00f3rdia de Jesus\u201d. Assim, \u201cdeixou tudo e foi\u201d. Este \u00e9 o encontro entre o pecador e Jesus: \u201c\u00c9 a primeira condi\u00e7\u00e3o para ser salvo: sentir-se em perigo; a primeira condi\u00e7\u00e3o para ser curado: sentir-se doente. E sentir-se pecador, \u00e9 a primeira condi\u00e7\u00e3o para receber este olhar de miseric\u00f3rdia. Mas pensemos no olhar de Jesus, t\u00e3o bonito, t\u00e3o bom, t\u00e3o misericordioso. E tamb\u00e9m n\u00f3s, quando rezamos, sentimos este olhar sobre n\u00f3s; \u00e9 o olhar de amor, o olhar da miseric\u00f3rdia, o olhar que nos salva. N\u00e3o ter medo\u201d.<br \/>\nComo Zaqueu, tamb\u00e9m Mateus, sentindo-se feliz, convidou depois Jesus para come em sua casa. A segunda etapa \u00e9 justamente \u201ca festa\u201d. Mateus convidou todos os amigos, \u201caqueles do mesmo sindicato\u201d, pecadores e publicanos. Certamente \u00e0 mesa, faziam perguntas ao Senhor e ele respondia.<\/p>\n<p>Isto \u2013 observa o Papa \u2013 faz pensar naquilo que disse Jesus no cap\u00edtulo 15 de Lucas: \u201cHaver\u00e1 mais festa no C\u00e9u por um pecador que se converta do que por cem justos que permanecem justos\u201d. Trata-se da festa do encontro do Pai, a festa da miseric\u00f3rdia\u201d. Jesus, de fato, trata a todos com miseric\u00f3rdia sem limite, afirma Francisco.<\/p>\n<p>Ent\u00e3o, o terceiro momento, o do \u201cesc\u00e2ndalo\u201d. Os fariseus vendo que publicanos e pecadores sentaram-se \u00e0 mesa com Jesus, perguntavam aos seus disc\u00edpulos: \u201cPor que vosso mestre come com os cobradores de impostos e pecadores?\u201d.<\/p>\n<p>\u201cUm esc\u00e2ndalo sempre come\u00e7a com esta frase: \u201cPor qu\u00ea?\u201d\u201d, explica o Papa. \u201cQuando voc\u00eas ouvem esta frase, cheira\u201d \u2013 sublinha \u2013 e \u201cpor tr\u00e1s vem o esc\u00e2ndalo\u201d.<\/p>\n<p>Tratava-se, em subst\u00e2ncia, da \u201cimpureza de n\u00e3o seguir a lei\u201d. Conheciam muito bem \u201ca Doutrina\u201d, sabiam como seguir \u201cpelo caminho do Reino de Deus\u201d, conheciam \u201cmelhor do que ningu\u00e9m como se devia fazer\u201d, mas \u201chaviam esquecido o primeiro mandamento do amor\u201d.<\/p>\n<p>E assim, \u201cfecharam-se na gaiola dos sacrif\u00edcios, quem sabe pensando: \u201cMas, fa\u00e7amos um sacrif\u00edcio a Deus\u201d, fa\u00e7amos tudo o que se deve fazer, \u201cassim, nos salvamos\u201d. Em s\u00edntese, acreditavam que a salva\u00e7\u00e3o viesse deles pr\u00f3prios, sentiam-se seguros.<\/p>\n<p>\u201cN\u00e3o! Deus nos salva, nos salva Jesus Cristo\u201d, enfatizou o Papa:\u00a0\u201cAquele \u201cpor que\u201d que tantas vezes ouvimos entre os fi\u00e9is cat\u00f3licos quando viam obras de miseric\u00f3rdia. \u201cPor qu\u00ea?\u201d E Jesus \u00e9 claro, \u00e9 muito claro: \u201cIr e aprender\u201d. E os mandou aprender, n\u00e3o? \u201cIde e aprendei o que quer dizer miseric\u00f3rdia &#8211; (aquilo que) eu quero \u2013 e n\u00e3o sacrif\u00edcios, porque eu n\u00e3o vim, de fato, para chamar os justos, mas os pecadores\u201d. Se tu queres ser chamado por Jesus, reconhece-te pecador\u201d.<\/p>\n<p>Francisco exorta, portanto, a reconhecer-se pecadores, n\u00e3o de forma abstrata, mas \u201ccom pecados\u00a0 concretos\u201d: \u201ctodos n\u00f3s os temos, tantos\u201d, afirma.<\/p>\n<p>\u201cDeixemo-nos olhar por Jesus com aquele olhar misericordioso cheio de amor\u201d, prossegue. E detendo-se ainda no esc\u00e2ndalo, ressalta que existem tantos: \u201cExistem tantos, tantos. E sempre, tamb\u00e9m na Igreja hoje. Dizem: \u201cN\u00e3o, n\u00e3o se pode, \u00e9 tudo claro, \u00e9 tudo, n\u00e3o, n\u00e3o&#8230; eles s\u00e3o pecadores, devemos afast\u00e1-los\u201d. Tamb\u00e9m tantos Santos s\u00e3o perseguidos ou se levanta suspeitas sobre eles. Pensemos em Santa Joana d\u2019Arc, mandada para a fogueira, porque pensavam que fosse uma bruxa, pensem no Beato Rosmini. \u201cMiseric\u00f3rdia eu quero, e n\u00e3o sacrif\u00edcios\u201d. E a porta para encontrar Jesus \u00e9 reconhecer-se como somos, a verdade. Pecadores. E ele vem, e nos encontramos. \u00c9 t\u00e3o bonito encontrar Jesus!\u201d<\/p>\n<hr \/>\n<p><em>Fonte: Vatican News<\/em><\/p>\n","protected":false},"excerpt":{"rendered":"<p>Missa em Santa Marta<\/p>\n","protected":false},"author":1,"featured_media":201934,"comment_status":"open","ping_status":"open","sticky":false,"template":"","format":"standard","meta":[],"categories":[1428],"tags":[1586],"acf":[],"yoast_head":"<!-- This site is optimized with the Yoast SEO plugin v19.2 - https:\/\/yoast.com\/wordpress\/plugins\/seo\/ -->\n<title>&quot;A primeira condi\u00e7\u00e3o para ser curado: sentir-se doente&quot; - Not\u00edcias - Franciscanos<\/title>\n<meta name=\"robots\" content=\"index, follow, max-snippet:-1, max-image-preview:large, max-video-preview:-1\" \/>\n<link rel=\"canonical\" href=\"https:\/\/franciscanos.org.br\/noticias\/a-porta-para-encontrar-jesus-e-reconhecer-se-como-somos-de-verdade-pecadores-2.html\" \/>\n<meta property=\"og:locale\" content=\"pt_BR\" \/>\n<meta property=\"og:type\" content=\"article\" \/>\n<meta property=\"og:title\" content=\"&quot;A primeira condi\u00e7\u00e3o para ser curado: sentir-se doente&quot; - Not\u00edcias - Franciscanos\" \/>\n<meta property=\"og:description\" content=\"Missa em Santa Marta\" \/>\n<meta property=\"og:url\" content=\"https:\/\/franciscanos.org.br\/noticias\/a-porta-para-encontrar-jesus-e-reconhecer-se-como-somos-de-verdade-pecadores-2.html\" \/>\n<meta property=\"og:site_name\" content=\"Not\u00edcias - Franciscanos\" \/>\n<meta property=\"article:published_time\" content=\"2017-09-21T10:06:26+00:00\" \/>\n<meta property=\"article:modified_time\" content=\"2020-06-08T20:24:24+00:00\" \/>\n<meta property=\"og:image\" content=\"https:\/\/franciscanos.org.br\/noticias\/wp-content\/uploads\/2017\/09\/papa_210917.jpg\" \/>\n\t<meta property=\"og:image:width\" content=\"273\" \/>\n\t<meta property=\"og:image:height\" content=\"181\" \/>\n\t<meta property=\"og:image:type\" content=\"image\/jpeg\" \/>\n<meta name=\"author\" content=\"admin\" \/>\n<meta name=\"twitter:card\" content=\"summary_large_image\" \/>\n<meta name=\"twitter:label1\" content=\"Escrito por\" \/>\n\t<meta name=\"twitter:data1\" content=\"admin\" \/>\n\t<meta name=\"twitter:label2\" content=\"Est. tempo de leitura\" \/>\n\t<meta name=\"twitter:data2\" content=\"4 minutos\" \/>\n<script type=\"application\/ld+json\" class=\"yoast-schema-graph\">{\"@context\":\"https:\/\/schema.org\",\"@graph\":[{\"@type\":\"WebSite\",\"@id\":\"https:\/\/franciscanos.org.br\/noticias\/#website\",\"url\":\"https:\/\/franciscanos.org.br\/noticias\/\",\"name\":\"Not\u00edcias - Franciscanos\",\"description\":\"Prov\u00edncia Franciscana da Imaculada Concei\u00e7\u00e3o do Brasil - Ordem dos Frades Menores - OFM\",\"potentialAction\":[{\"@type\":\"SearchAction\",\"target\":{\"@type\":\"EntryPoint\",\"urlTemplate\":\"https:\/\/franciscanos.org.br\/noticias\/?s={search_term_string}\"},\"query-input\":\"required name=search_term_string\"}],\"inLanguage\":\"pt-BR\"},{\"@type\":\"ImageObject\",\"inLanguage\":\"pt-BR\",\"@id\":\"https:\/\/franciscanos.org.br\/noticias\/a-porta-para-encontrar-jesus-e-reconhecer-se-como-somos-de-verdade-pecadores-2.html#primaryimage\",\"url\":\"https:\/\/franciscanos.org.br\/noticias\/wp-content\/uploads\/2017\/09\/papa_210917.jpg\",\"contentUrl\":\"https:\/\/franciscanos.org.br\/noticias\/wp-content\/uploads\/2017\/09\/papa_210917.jpg\",\"width\":273,\"height\":181},{\"@type\":\"WebPage\",\"@id\":\"https:\/\/franciscanos.org.br\/noticias\/a-porta-para-encontrar-jesus-e-reconhecer-se-como-somos-de-verdade-pecadores-2.html#webpage\",\"url\":\"https:\/\/franciscanos.org.br\/noticias\/a-porta-para-encontrar-jesus-e-reconhecer-se-como-somos-de-verdade-pecadores-2.html\",\"name\":\"\\\"A primeira condi\u00e7\u00e3o para ser curado: sentir-se doente\\\" - Not\u00edcias - Franciscanos\",\"isPartOf\":{\"@id\":\"https:\/\/franciscanos.org.br\/noticias\/#website\"},\"primaryImageOfPage\":{\"@id\":\"https:\/\/franciscanos.org.br\/noticias\/a-porta-para-encontrar-jesus-e-reconhecer-se-como-somos-de-verdade-pecadores-2.html#primaryimage\"},\"datePublished\":\"2017-09-21T10:06:26+00:00\",\"dateModified\":\"2020-06-08T20:24:24+00:00\",\"author\":{\"@id\":\"https:\/\/franciscanos.org.br\/noticias\/#\/schema\/person\/b38fbf43118f02820bd932f2e4b14ad3\"},\"breadcrumb\":{\"@id\":\"https:\/\/franciscanos.org.br\/noticias\/a-porta-para-encontrar-jesus-e-reconhecer-se-como-somos-de-verdade-pecadores-2.html#breadcrumb\"},\"inLanguage\":\"pt-BR\",\"potentialAction\":[{\"@type\":\"ReadAction\",\"target\":[\"https:\/\/franciscanos.org.br\/noticias\/a-porta-para-encontrar-jesus-e-reconhecer-se-como-somos-de-verdade-pecadores-2.html\"]}]},{\"@type\":\"BreadcrumbList\",\"@id\":\"https:\/\/franciscanos.org.br\/noticias\/a-porta-para-encontrar-jesus-e-reconhecer-se-como-somos-de-verdade-pecadores-2.html#breadcrumb\",\"itemListElement\":[{\"@type\":\"ListItem\",\"position\":1,\"name\":\"Home\",\"item\":\"https:\/\/franciscanos.org.br\/noticias\"},{\"@type\":\"ListItem\",\"position\":2,\"name\":\"&#8220;A primeira condi\u00e7\u00e3o para ser curado: sentir-se doente&#8221;\"}]},{\"@type\":\"Person\",\"@id\":\"https:\/\/franciscanos.org.br\/noticias\/#\/schema\/person\/b38fbf43118f02820bd932f2e4b14ad3\",\"name\":\"admin\",\"image\":{\"@type\":\"ImageObject\",\"inLanguage\":\"pt-BR\",\"@id\":\"https:\/\/franciscanos.org.br\/noticias\/#\/schema\/person\/image\/\",\"url\":\"https:\/\/secure.gravatar.com\/avatar\/e8495742d34d0ba6448ea1c628263b3e?s=96&d=mm&r=g\",\"contentUrl\":\"https:\/\/secure.gravatar.com\/avatar\/e8495742d34d0ba6448ea1c628263b3e?s=96&d=mm&r=g\",\"caption\":\"admin\"},\"url\":\"https:\/\/franciscanos.org.br\/noticias\/author\/admin\"}]}<\/script>\n<!-- \/ Yoast SEO plugin. -->","yoast_head_json":{"title":"\"A primeira condi\u00e7\u00e3o para ser curado: sentir-se doente\" - Not\u00edcias - Franciscanos","robots":{"index":"index","follow":"follow","max-snippet":"max-snippet:-1","max-image-preview":"max-image-preview:large","max-video-preview":"max-video-preview:-1"},"canonical":"https:\/\/franciscanos.org.br\/noticias\/a-porta-para-encontrar-jesus-e-reconhecer-se-como-somos-de-verdade-pecadores-2.html","og_locale":"pt_BR","og_type":"article","og_title":"\"A primeira condi\u00e7\u00e3o para ser curado: sentir-se doente\" - Not\u00edcias - Franciscanos","og_description":"Missa em Santa Marta","og_url":"https:\/\/franciscanos.org.br\/noticias\/a-porta-para-encontrar-jesus-e-reconhecer-se-como-somos-de-verdade-pecadores-2.html","og_site_name":"Not\u00edcias - Franciscanos","article_published_time":"2017-09-21T10:06:26+00:00","article_modified_time":"2020-06-08T20:24:24+00:00","og_image":[{"width":273,"height":181,"url":"https:\/\/franciscanos.org.br\/noticias\/wp-content\/uploads\/2017\/09\/papa_210917.jpg","type":"image\/jpeg"}],"author":"admin","twitter_card":"summary_large_image","twitter_misc":{"Escrito por":"admin","Est. tempo de leitura":"4 minutos"},"schema":{"@context":"https:\/\/schema.org","@graph":[{"@type":"WebSite","@id":"https:\/\/franciscanos.org.br\/noticias\/#website","url":"https:\/\/franciscanos.org.br\/noticias\/","name":"Not\u00edcias - Franciscanos","description":"Prov\u00edncia Franciscana da Imaculada Concei\u00e7\u00e3o do Brasil - Ordem dos Frades Menores - OFM","potentialAction":[{"@type":"SearchAction","target":{"@type":"EntryPoint","urlTemplate":"https:\/\/franciscanos.org.br\/noticias\/?s={search_term_string}"},"query-input":"required name=search_term_string"}],"inLanguage":"pt-BR"},{"@type":"ImageObject","inLanguage":"pt-BR","@id":"https:\/\/franciscanos.org.br\/noticias\/a-porta-para-encontrar-jesus-e-reconhecer-se-como-somos-de-verdade-pecadores-2.html#primaryimage","url":"https:\/\/franciscanos.org.br\/noticias\/wp-content\/uploads\/2017\/09\/papa_210917.jpg","contentUrl":"https:\/\/franciscanos.org.br\/noticias\/wp-content\/uploads\/2017\/09\/papa_210917.jpg","width":273,"height":181},{"@type":"WebPage","@id":"https:\/\/franciscanos.org.br\/noticias\/a-porta-para-encontrar-jesus-e-reconhecer-se-como-somos-de-verdade-pecadores-2.html#webpage","url":"https:\/\/franciscanos.org.br\/noticias\/a-porta-para-encontrar-jesus-e-reconhecer-se-como-somos-de-verdade-pecadores-2.html","name":"\"A primeira condi\u00e7\u00e3o para ser curado: sentir-se doente\" - Not\u00edcias - Franciscanos","isPartOf":{"@id":"https:\/\/franciscanos.org.br\/noticias\/#website"},"primaryImageOfPage":{"@id":"https:\/\/franciscanos.org.br\/noticias\/a-porta-para-encontrar-jesus-e-reconhecer-se-como-somos-de-verdade-pecadores-2.html#primaryimage"},"datePublished":"2017-09-21T10:06:26+00:00","dateModified":"2020-06-08T20:24:24+00:00","author":{"@id":"https:\/\/franciscanos.org.br\/noticias\/#\/schema\/person\/b38fbf43118f02820bd932f2e4b14ad3"},"breadcrumb":{"@id":"https:\/\/franciscanos.org.br\/noticias\/a-porta-para-encontrar-jesus-e-reconhecer-se-como-somos-de-verdade-pecadores-2.html#breadcrumb"},"inLanguage":"pt-BR","potentialAction":[{"@type":"ReadAction","target":["https:\/\/franciscanos.org.br\/noticias\/a-porta-para-encontrar-jesus-e-reconhecer-se-como-somos-de-verdade-pecadores-2.html"]}]},{"@type":"BreadcrumbList","@id":"https:\/\/franciscanos.org.br\/noticias\/a-porta-para-encontrar-jesus-e-reconhecer-se-como-somos-de-verdade-pecadores-2.html#breadcrumb","itemListElement":[{"@type":"ListItem","position":1,"name":"Home","item":"https:\/\/franciscanos.org.br\/noticias"},{"@type":"ListItem","position":2,"name":"&#8220;A primeira condi\u00e7\u00e3o para ser curado: sentir-se doente&#8221;"}]},{"@type":"Person","@id":"https:\/\/franciscanos.org.br\/noticias\/#\/schema\/person\/b38fbf43118f02820bd932f2e4b14ad3","name":"admin","image":{"@type":"ImageObject","inLanguage":"pt-BR","@id":"https:\/\/franciscanos.org.br\/noticias\/#\/schema\/person\/image\/","url":"https:\/\/secure.gravatar.com\/avatar\/e8495742d34d0ba6448ea1c628263b3e?s=96&d=mm&r=g","contentUrl":"https:\/\/secure.gravatar.com\/avatar\/e8495742d34d0ba6448ea1c628263b3e?s=96&d=mm&r=g","caption":"admin"},"url":"https:\/\/franciscanos.org.br\/noticias\/author\/admin"}]}},"_links":{"self":[{"href":"https:\/\/franciscanos.org.br\/noticias\/wp-json\/wp\/v2\/posts\/189728"}],"collection":[{"href":"https:\/\/franciscanos.org.br\/noticias\/wp-json\/wp\/v2\/posts"}],"about":[{"href":"https:\/\/franciscanos.org.br\/noticias\/wp-json\/wp\/v2\/types\/post"}],"author":[{"embeddable":true,"href":"https:\/\/franciscanos.org.br\/noticias\/wp-json\/wp\/v2\/users\/1"}],"replies":[{"embeddable":true,"href":"https:\/\/franciscanos.org.br\/noticias\/wp-json\/wp\/v2\/comments?post=189728"}],"version-history":[{"count":3,"href":"https:\/\/franciscanos.org.br\/noticias\/wp-json\/wp\/v2\/posts\/189728\/revisions"}],"predecessor-version":[{"id":225246,"href":"https:\/\/franciscanos.org.br\/noticias\/wp-json\/wp\/v2\/posts\/189728\/revisions\/225246"}],"wp:featuredmedia":[{"embeddable":true,"href":"https:\/\/franciscanos.org.br\/noticias\/wp-json\/wp\/v2\/media\/201934"}],"wp:attachment":[{"href":"https:\/\/franciscanos.org.br\/noticias\/wp-json\/wp\/v2\/media?parent=189728"}],"wp:term":[{"taxonomy":"category","embeddable":true,"href":"https:\/\/franciscanos.org.br\/noticias\/wp-json\/wp\/v2\/categories?post=189728"},{"taxonomy":"post_tag","embeddable":true,"href":"https:\/\/franciscanos.org.br\/noticias\/wp-json\/wp\/v2\/tags?post=189728"}],"curies":[{"name":"wp","href":"https:\/\/api.w.org\/{rel}","templated":true}]}}