{"id":18948,"date":"2012-06-11T10:09:06","date_gmt":"2012-06-11T13:09:06","guid":{"rendered":"http:\/\/new.franciscanos.org.br\/?p=18948"},"modified":"2020-11-09T16:14:07","modified_gmt":"2020-11-09T19:14:07","slug":"novicos-participam-da-bela-festa-na-rua-central-de-rodeio","status":"publish","type":"post","link":"https:\/\/franciscanos.org.br\/noticias\/novicos-participam-da-bela-festa-na-rua-central-de-rodeio.html","title":{"rendered":"Novi\u00e7os participam da bela festa na rua central de Rodeio"},"content":{"rendered":"<p><a href=\"http:\/\/franciscanos.org.br\/wp-content\/uploads\/2012\/06\/2503_110612.jpg\"><img loading=\"lazy\" class=\"alignright size-full wp-image-18949\" title=\"2503_110612\" src=\"http:\/\/franciscanos.org.br\/wp-content\/uploads\/2012\/06\/2503_110612.jpg\" alt=\"\" width=\"400\" height=\"300\" \/><\/a>A solenidade de Corpus Christi foi celebrada com j\u00fabilo pela fraternidade do Noviciado. A comemora\u00e7\u00e3o teve inicio no dia 6, com uma apresenta\u00e7\u00e3o no Concerto L\u00edtero Musical, realizado na Par\u00f3quia de S\u00e3o Francisco em Rodeio. Concerto organizado por Jo\u00e3o Jesus e Paula e com o apoio da Prefeitura da cidade e da Par\u00f3quia da cidade. As apresenta\u00e7\u00f5es ficaram a cargo do: Noviciado S\u00e3o Jos\u00e9, Coral S\u00e3o Francisco, Col\u00e9gio S\u00e3o Paulo (Ascurra &#8211; SC) e do Teatro Messias. Os novi\u00e7os entoaram dois cantos: \u201cQuero honrar e venerar\u201d e \u201cJezu Ngo\u201d (O mesmo Jesus), letraem dialeto Kimbundo.<\/p>\n<p>Na continuidade da solenidade, \u00e0s 4 horas, os novi\u00e7os come\u00e7aram a confec\u00e7\u00e3o dos tapetes de Corpus Christi. Com a temperatura da cidade a 5\u00ba C, e sem chuva. O intenso frio n\u00e3o desanimou os novi\u00e7os que eram respons\u00e1veis pelo tapete que foi da porta da igreja at\u00e9 a porta da capela mortu\u00e1ria. O tapete contou com sete pain\u00e9is confeccionados com serragem colorida e cal, s\u00e3o eles: Sagrado Cora\u00e7\u00e3o, Santo Ant\u00f4nio, Francisco e Clara, Pelicano, o Tau sobreposto por uma pomba um c\u00e1lice e uma h\u00f3stia, um quadro com Cruz, B\u00edblia, h\u00f3stia e um c\u00e1lice e um outro Tau com os dizeres de Paz e Bem. Tamb\u00e9m no percurso, as comunidades e pastorais se responsabilizaram pelo tapete que foi da porta da par\u00f3quia at\u00e9 nas proximidades do col\u00e9gio Osvaldo Cruz.<\/p>\n<p>A presid\u00eancia da celebra\u00e7\u00e3o ficou por conta do Frei Moacir Longo e concelebrantes Frei Samuel Ferreira de Lima de Frei Valdir Laurentino. Um grande n\u00famero de fi\u00e9is veio participar da solenidade do Corpo do Senhor. Durante a homilia, Frei Moacir ressaltava a Eucaristia na vida dos santos, da import\u00e2ncia de comungar e de participar da celebra\u00e7\u00e3o para as crian\u00e7as da catequese, que n\u00e3o deve ser apenas para o preenchimento de uma caderneta, mas que deve ser um desejo do cora\u00e7\u00e3o. Na continua\u00e7\u00e3o da celebra\u00e7\u00e3o houve a prociss\u00e3o com Cristo Eucar\u00edstico pela rua central da cidade. Durante a caminhada houve quatro b\u00ean\u00e7\u00e3os com o Sant\u00edssimo nos altares que foram preparados no percurso. Cada altar era dedicado a um (a) santo (a) ou beata brasileira, s\u00e3o eles: Santo Ant\u00f4nio de Sant \u2018Ana Galv\u00e3o, Santa Paulina, Santa Albertina Berkenbrock e, finalizando, no ultimo altar dedicado \u00e0 Beata Irm\u00e3 Dulce, Frei Moacir dirigiu ao povo de Deus mais algumas palavras sobre a Eucaristia, deu a b\u00ean\u00e7\u00e3o com o Sant\u00edssimo e despediu o povo.<\/p>\n<p>O Cristo Eucar\u00edstico tem que ser o alimento espiritual que nos impulsiona a uma vida de total entrega e amor pelo an\u00fancio do Reino. Sendo a Eucaristia\u00a0 parte da m\u00edstica franciscana tenhamos sempre em nossa mente as palavras do Ser\u00e1fico Pai: \u201c\u00d3 humildade sublime, \u00f3 humildade sublime. O Senhor do universo, Deus e Filho de Deus, se humilha a ponto de se esconder, para o nosso bem, na modesta apar\u00eancia do p\u00e3o. Vede, irm\u00e3os, que humildade a Deus! Derramai ante Ele os vossos cora\u00e7\u00f5es\u201d (7Ct 27-28).<\/p>\n<p><em><strong>Por Frei Patrick Roberto de Souza, novi\u00e7o<\/strong><\/em><\/p>\n","protected":false},"excerpt":{"rendered":"<p>Corpus Christi<\/p>\n","protected":false},"author":1,"featured_media":211632,"comment_status":"closed","ping_status":"closed","sticky":false,"template":"","format":"standard","meta":[],"categories":[1],"tags":[388],"acf":[],"yoast_head":"<!-- This site is optimized with the Yoast SEO plugin v19.2 - https:\/\/yoast.com\/wordpress\/plugins\/seo\/ -->\n<title>Novi\u00e7os participam da bela festa na rua central de Rodeio - Not\u00edcias - Franciscanos<\/title>\n<meta name=\"robots\" content=\"index, follow, max-snippet:-1, max-image-preview:large, max-video-preview:-1\" \/>\n<link rel=\"canonical\" href=\"https:\/\/franciscanos.org.br\/noticias\/novicos-participam-da-bela-festa-na-rua-central-de-rodeio.html\" \/>\n<meta property=\"og:locale\" content=\"pt_BR\" \/>\n<meta property=\"og:type\" content=\"article\" \/>\n<meta property=\"og:title\" content=\"Novi\u00e7os participam da bela festa na rua central de Rodeio - Not\u00edcias - Franciscanos\" \/>\n<meta property=\"og:description\" content=\"Corpus Christi\" \/>\n<meta property=\"og:url\" content=\"https:\/\/franciscanos.org.br\/noticias\/novicos-participam-da-bela-festa-na-rua-central-de-rodeio.html\" \/>\n<meta property=\"og:site_name\" content=\"Not\u00edcias - Franciscanos\" \/>\n<meta property=\"article:published_time\" content=\"2012-06-11T13:09:06+00:00\" \/>\n<meta property=\"article:modified_time\" content=\"2020-11-09T19:14:07+00:00\" \/>\n<meta property=\"og:image\" content=\"https:\/\/franciscanos.org.br\/noticias\/wp-content\/uploads\/2012\/06\/2503_110612.jpg\" \/>\n\t<meta property=\"og:image:width\" content=\"273\" \/>\n\t<meta property=\"og:image:height\" content=\"181\" \/>\n\t<meta property=\"og:image:type\" content=\"image\/jpeg\" \/>\n<meta name=\"author\" content=\"admin\" \/>\n<meta name=\"twitter:card\" content=\"summary_large_image\" \/>\n<meta name=\"twitter:label1\" content=\"Escrito por\" \/>\n\t<meta name=\"twitter:data1\" content=\"admin\" \/>\n\t<meta name=\"twitter:label2\" content=\"Est. tempo de leitura\" \/>\n\t<meta name=\"twitter:data2\" content=\"3 minutos\" \/>\n<script type=\"application\/ld+json\" class=\"yoast-schema-graph\">{\"@context\":\"https:\/\/schema.org\",\"@graph\":[{\"@type\":\"WebSite\",\"@id\":\"https:\/\/franciscanos.org.br\/noticias\/#website\",\"url\":\"https:\/\/franciscanos.org.br\/noticias\/\",\"name\":\"Not\u00edcias - Franciscanos\",\"description\":\"Prov\u00edncia Franciscana da Imaculada Concei\u00e7\u00e3o do Brasil - Ordem dos Frades Menores - OFM\",\"potentialAction\":[{\"@type\":\"SearchAction\",\"target\":{\"@type\":\"EntryPoint\",\"urlTemplate\":\"https:\/\/franciscanos.org.br\/noticias\/?s={search_term_string}\"},\"query-input\":\"required name=search_term_string\"}],\"inLanguage\":\"pt-BR\"},{\"@type\":\"ImageObject\",\"inLanguage\":\"pt-BR\",\"@id\":\"https:\/\/franciscanos.org.br\/noticias\/novicos-participam-da-bela-festa-na-rua-central-de-rodeio.html#primaryimage\",\"url\":\"https:\/\/franciscanos.org.br\/noticias\/wp-content\/uploads\/2012\/06\/2503_110612.jpg\",\"contentUrl\":\"https:\/\/franciscanos.org.br\/noticias\/wp-content\/uploads\/2012\/06\/2503_110612.jpg\",\"width\":273,\"height\":181},{\"@type\":\"WebPage\",\"@id\":\"https:\/\/franciscanos.org.br\/noticias\/novicos-participam-da-bela-festa-na-rua-central-de-rodeio.html#webpage\",\"url\":\"https:\/\/franciscanos.org.br\/noticias\/novicos-participam-da-bela-festa-na-rua-central-de-rodeio.html\",\"name\":\"Novi\u00e7os participam da bela festa na rua central de Rodeio - Not\u00edcias - Franciscanos\",\"isPartOf\":{\"@id\":\"https:\/\/franciscanos.org.br\/noticias\/#website\"},\"primaryImageOfPage\":{\"@id\":\"https:\/\/franciscanos.org.br\/noticias\/novicos-participam-da-bela-festa-na-rua-central-de-rodeio.html#primaryimage\"},\"datePublished\":\"2012-06-11T13:09:06+00:00\",\"dateModified\":\"2020-11-09T19:14:07+00:00\",\"author\":{\"@id\":\"https:\/\/franciscanos.org.br\/noticias\/#\/schema\/person\/b38fbf43118f02820bd932f2e4b14ad3\"},\"breadcrumb\":{\"@id\":\"https:\/\/franciscanos.org.br\/noticias\/novicos-participam-da-bela-festa-na-rua-central-de-rodeio.html#breadcrumb\"},\"inLanguage\":\"pt-BR\",\"potentialAction\":[{\"@type\":\"ReadAction\",\"target\":[\"https:\/\/franciscanos.org.br\/noticias\/novicos-participam-da-bela-festa-na-rua-central-de-rodeio.html\"]}]},{\"@type\":\"BreadcrumbList\",\"@id\":\"https:\/\/franciscanos.org.br\/noticias\/novicos-participam-da-bela-festa-na-rua-central-de-rodeio.html#breadcrumb\",\"itemListElement\":[{\"@type\":\"ListItem\",\"position\":1,\"name\":\"Home\",\"item\":\"https:\/\/franciscanos.org.br\/noticias\"},{\"@type\":\"ListItem\",\"position\":2,\"name\":\"Novi\u00e7os participam da bela festa na rua central de Rodeio\"}]},{\"@type\":\"Person\",\"@id\":\"https:\/\/franciscanos.org.br\/noticias\/#\/schema\/person\/b38fbf43118f02820bd932f2e4b14ad3\",\"name\":\"admin\",\"image\":{\"@type\":\"ImageObject\",\"inLanguage\":\"pt-BR\",\"@id\":\"https:\/\/franciscanos.org.br\/noticias\/#\/schema\/person\/image\/\",\"url\":\"https:\/\/secure.gravatar.com\/avatar\/e8495742d34d0ba6448ea1c628263b3e?s=96&d=mm&r=g\",\"contentUrl\":\"https:\/\/secure.gravatar.com\/avatar\/e8495742d34d0ba6448ea1c628263b3e?s=96&d=mm&r=g\",\"caption\":\"admin\"},\"url\":\"https:\/\/franciscanos.org.br\/noticias\/author\/admin\"}]}<\/script>\n<!-- \/ Yoast SEO plugin. -->","yoast_head_json":{"title":"Novi\u00e7os participam da bela festa na rua central de Rodeio - Not\u00edcias - Franciscanos","robots":{"index":"index","follow":"follow","max-snippet":"max-snippet:-1","max-image-preview":"max-image-preview:large","max-video-preview":"max-video-preview:-1"},"canonical":"https:\/\/franciscanos.org.br\/noticias\/novicos-participam-da-bela-festa-na-rua-central-de-rodeio.html","og_locale":"pt_BR","og_type":"article","og_title":"Novi\u00e7os participam da bela festa na rua central de Rodeio - Not\u00edcias - Franciscanos","og_description":"Corpus Christi","og_url":"https:\/\/franciscanos.org.br\/noticias\/novicos-participam-da-bela-festa-na-rua-central-de-rodeio.html","og_site_name":"Not\u00edcias - Franciscanos","article_published_time":"2012-06-11T13:09:06+00:00","article_modified_time":"2020-11-09T19:14:07+00:00","og_image":[{"width":273,"height":181,"url":"https:\/\/franciscanos.org.br\/noticias\/wp-content\/uploads\/2012\/06\/2503_110612.jpg","type":"image\/jpeg"}],"author":"admin","twitter_card":"summary_large_image","twitter_misc":{"Escrito por":"admin","Est. tempo de leitura":"3 minutos"},"schema":{"@context":"https:\/\/schema.org","@graph":[{"@type":"WebSite","@id":"https:\/\/franciscanos.org.br\/noticias\/#website","url":"https:\/\/franciscanos.org.br\/noticias\/","name":"Not\u00edcias - Franciscanos","description":"Prov\u00edncia Franciscana da Imaculada Concei\u00e7\u00e3o do Brasil - Ordem dos Frades Menores - OFM","potentialAction":[{"@type":"SearchAction","target":{"@type":"EntryPoint","urlTemplate":"https:\/\/franciscanos.org.br\/noticias\/?s={search_term_string}"},"query-input":"required name=search_term_string"}],"inLanguage":"pt-BR"},{"@type":"ImageObject","inLanguage":"pt-BR","@id":"https:\/\/franciscanos.org.br\/noticias\/novicos-participam-da-bela-festa-na-rua-central-de-rodeio.html#primaryimage","url":"https:\/\/franciscanos.org.br\/noticias\/wp-content\/uploads\/2012\/06\/2503_110612.jpg","contentUrl":"https:\/\/franciscanos.org.br\/noticias\/wp-content\/uploads\/2012\/06\/2503_110612.jpg","width":273,"height":181},{"@type":"WebPage","@id":"https:\/\/franciscanos.org.br\/noticias\/novicos-participam-da-bela-festa-na-rua-central-de-rodeio.html#webpage","url":"https:\/\/franciscanos.org.br\/noticias\/novicos-participam-da-bela-festa-na-rua-central-de-rodeio.html","name":"Novi\u00e7os participam da bela festa na rua central de Rodeio - Not\u00edcias - Franciscanos","isPartOf":{"@id":"https:\/\/franciscanos.org.br\/noticias\/#website"},"primaryImageOfPage":{"@id":"https:\/\/franciscanos.org.br\/noticias\/novicos-participam-da-bela-festa-na-rua-central-de-rodeio.html#primaryimage"},"datePublished":"2012-06-11T13:09:06+00:00","dateModified":"2020-11-09T19:14:07+00:00","author":{"@id":"https:\/\/franciscanos.org.br\/noticias\/#\/schema\/person\/b38fbf43118f02820bd932f2e4b14ad3"},"breadcrumb":{"@id":"https:\/\/franciscanos.org.br\/noticias\/novicos-participam-da-bela-festa-na-rua-central-de-rodeio.html#breadcrumb"},"inLanguage":"pt-BR","potentialAction":[{"@type":"ReadAction","target":["https:\/\/franciscanos.org.br\/noticias\/novicos-participam-da-bela-festa-na-rua-central-de-rodeio.html"]}]},{"@type":"BreadcrumbList","@id":"https:\/\/franciscanos.org.br\/noticias\/novicos-participam-da-bela-festa-na-rua-central-de-rodeio.html#breadcrumb","itemListElement":[{"@type":"ListItem","position":1,"name":"Home","item":"https:\/\/franciscanos.org.br\/noticias"},{"@type":"ListItem","position":2,"name":"Novi\u00e7os participam da bela festa na rua central de Rodeio"}]},{"@type":"Person","@id":"https:\/\/franciscanos.org.br\/noticias\/#\/schema\/person\/b38fbf43118f02820bd932f2e4b14ad3","name":"admin","image":{"@type":"ImageObject","inLanguage":"pt-BR","@id":"https:\/\/franciscanos.org.br\/noticias\/#\/schema\/person\/image\/","url":"https:\/\/secure.gravatar.com\/avatar\/e8495742d34d0ba6448ea1c628263b3e?s=96&d=mm&r=g","contentUrl":"https:\/\/secure.gravatar.com\/avatar\/e8495742d34d0ba6448ea1c628263b3e?s=96&d=mm&r=g","caption":"admin"},"url":"https:\/\/franciscanos.org.br\/noticias\/author\/admin"}]}},"_links":{"self":[{"href":"https:\/\/franciscanos.org.br\/noticias\/wp-json\/wp\/v2\/posts\/18948"}],"collection":[{"href":"https:\/\/franciscanos.org.br\/noticias\/wp-json\/wp\/v2\/posts"}],"about":[{"href":"https:\/\/franciscanos.org.br\/noticias\/wp-json\/wp\/v2\/types\/post"}],"author":[{"embeddable":true,"href":"https:\/\/franciscanos.org.br\/noticias\/wp-json\/wp\/v2\/users\/1"}],"replies":[{"embeddable":true,"href":"https:\/\/franciscanos.org.br\/noticias\/wp-json\/wp\/v2\/comments?post=18948"}],"version-history":[{"count":2,"href":"https:\/\/franciscanos.org.br\/noticias\/wp-json\/wp\/v2\/posts\/18948\/revisions"}],"predecessor-version":[{"id":229123,"href":"https:\/\/franciscanos.org.br\/noticias\/wp-json\/wp\/v2\/posts\/18948\/revisions\/229123"}],"wp:featuredmedia":[{"embeddable":true,"href":"https:\/\/franciscanos.org.br\/noticias\/wp-json\/wp\/v2\/media\/211632"}],"wp:attachment":[{"href":"https:\/\/franciscanos.org.br\/noticias\/wp-json\/wp\/v2\/media?parent=18948"}],"wp:term":[{"taxonomy":"category","embeddable":true,"href":"https:\/\/franciscanos.org.br\/noticias\/wp-json\/wp\/v2\/categories?post=18948"},{"taxonomy":"post_tag","embeddable":true,"href":"https:\/\/franciscanos.org.br\/noticias\/wp-json\/wp\/v2\/tags?post=18948"}],"curies":[{"name":"wp","href":"https:\/\/api.w.org\/{rel}","templated":true}]}}