{"id":189047,"date":"2014-09-04T11:12:01","date_gmt":"2014-09-04T14:12:01","guid":{"rendered":"http:\/\/franciscanos.org.br\/?p=66574"},"modified":"2020-11-11T14:04:19","modified_gmt":"2020-11-11T17:04:19","slug":"as-armadilhas-do-amor-2","status":"publish","type":"post","link":"https:\/\/franciscanos.org.br\/noticias\/as-armadilhas-do-amor-2.html","title":{"rendered":"As armadilhas do amor"},"content":{"rendered":"<p>&nbsp;<\/p>\n<p><img loading=\"lazy\" class=\"alignnone size-full wp-image-229354\" src=\"https:\/\/franciscanos.org.br\/noticias\/wp-content\/uploads\/2014\/09\/flores_1.jpg\" alt=\"\" width=\"1280\" height=\"768\" srcset=\"https:\/\/franciscanos.org.br\/noticias\/wp-content\/uploads\/2014\/09\/flores_1.jpg 1280w, https:\/\/franciscanos.org.br\/noticias\/wp-content\/uploads\/2014\/09\/flores_1-450x270.jpg 450w, https:\/\/franciscanos.org.br\/noticias\/wp-content\/uploads\/2014\/09\/flores_1-1024x614.jpg 1024w, https:\/\/franciscanos.org.br\/noticias\/wp-content\/uploads\/2014\/09\/flores_1-768x461.jpg 768w, https:\/\/franciscanos.org.br\/noticias\/wp-content\/uploads\/2014\/09\/flores_1-150x90.jpg 150w\" sizes=\"(max-width: 1280px) 100vw, 1280px\" \/><\/p>\n<p><strong>Frei Gustavo Medella<\/strong><\/p>\n<p>\u201cO amor \u00e9 um grande la\u00e7o, um passo pr\u2019uma armadilha\u201d, canta Djavan na Can\u00e7\u00e3o <em>Faltando um peda\u00e7o, <\/em>de sua autoria. O amor tamb\u00e9m \u00e9 tema abordado por S\u00e3o Paulo, na segunda leitura da missa do pr\u00f3ximo domingo (Rm 13,8-10): \u201cQuem ama o pr\u00f3ximo est\u00e1 cumprindo a lei\u201d. Fica a pergunta: Pode de fato o amor, pregado, ensinado e vivido pelo Mestre Jesus, endossado por Paulo e muitos outros seguidores de Cristo, ser de fato \u201cpasso para uma armadilha\u201d? Penso que sim!<\/p>\n<p>Amar \u00e9 mais do que nutrir um sentimento, \u00e9 assumir um compromisso integral com aquele que se ama, especialmente quando o amado n\u00e3o se comporta de acordo com nossas expectativas, quando nos decepciona, quando se envereda por caminhos equivocados que certamente o levar\u00e3o \u00e0 ru\u00edna. \u00c9 justamente nestas ocasi\u00f5es que o amor se faz mais necess\u00e1rio e a\u00ed est\u00e1 a armadilha.<br \/>\nQuando tudo vai bem, quando os cora\u00e7\u00f5es concordam, quando os interesses s\u00e3o convergentes, quando o \u201csim\u201d \u00e9 resposta recorrente, amar se torna agrad\u00e1vel e gratificante. No entanto, quando a vida sai do prumo, quando os equ\u00edvocos e discord\u00e2ncias aparecem, quando se faz necess\u00e1rio dizer \u201cn\u00e3o\u201d, a\u00ed o compromisso com o amor se torna um desafio que lan\u00e7a a pessoa na dif\u00edcil encruzilhada entre dizer \u201csim\u201d e \u201cam\u00e9m\u201d a tudo, incorrendo no pecado da omiss\u00e3o, deixando o outro se arruinar, s\u00f3 para manter a fama de bonzinho, ou assumir a postura de \u201ccortar a pr\u00f3pria carne\u201d, de posicionar-se com justi\u00e7a e firmeza pelo bem de quem se ama, \u00e0 semelhan\u00e7a da m\u00e3e que, com o cora\u00e7\u00e3o apertado, entrega o filho que cometeu um grave crime aos cuidados da justi\u00e7a.<\/p>\n<p>E \u00e9 este segundo percurso que Jesus ensina no Evangelho de hoje, quando d\u00e1 os devidos passos para a corre\u00e7\u00e3o fraterna (Mt 18,15-20). Diante do pecado do irm\u00e3o, Jesus jamais recomenda a omiss\u00e3o, mas, a partir do bom senso e da miseric\u00f3rdia, tra\u00e7a um caminho a ser percorrido com respeito, paci\u00eancia e prud\u00eancia, sempre pautado nos crit\u00e9rios da justi\u00e7a e da transpar\u00eancia. Certamente, n\u00e3o \u00e9 a op\u00e7\u00e3o mais c\u00f4moda e provavelmente trar\u00e1 algum desgaste para as partes envolvidas. No entanto, esta \u00e9 a trilha do amor exigente, fiel e incondicional que Cristo abra\u00e7ou at\u00e9 as \u00faltimas consequ\u00eancias.<\/p>\n","protected":false},"excerpt":{"rendered":"<p>Liturgia dominical<\/p>\n","protected":false},"author":1,"featured_media":229355,"comment_status":"closed","ping_status":"open","sticky":false,"template":"","format":"standard","meta":[],"categories":[1],"tags":[537],"acf":[],"yoast_head":"<!-- This site is optimized with the Yoast SEO plugin v19.2 - https:\/\/yoast.com\/wordpress\/plugins\/seo\/ -->\n<title>As armadilhas do amor - Not\u00edcias - Franciscanos<\/title>\n<meta name=\"robots\" content=\"index, follow, max-snippet:-1, max-image-preview:large, max-video-preview:-1\" \/>\n<link rel=\"canonical\" href=\"https:\/\/franciscanos.org.br\/noticias\/as-armadilhas-do-amor-2.html\" \/>\n<meta property=\"og:locale\" content=\"pt_BR\" \/>\n<meta property=\"og:type\" content=\"article\" \/>\n<meta property=\"og:title\" content=\"As armadilhas do amor - Not\u00edcias - Franciscanos\" \/>\n<meta property=\"og:description\" content=\"Liturgia dominical\" \/>\n<meta property=\"og:url\" content=\"https:\/\/franciscanos.org.br\/noticias\/as-armadilhas-do-amor-2.html\" \/>\n<meta property=\"og:site_name\" content=\"Not\u00edcias - Franciscanos\" \/>\n<meta property=\"article:published_time\" content=\"2014-09-04T14:12:01+00:00\" \/>\n<meta property=\"article:modified_time\" content=\"2020-11-11T17:04:19+00:00\" \/>\n<meta property=\"og:image\" content=\"https:\/\/franciscanos.org.br\/noticias\/wp-content\/uploads\/2014\/09\/flores_1d.jpg\" \/>\n\t<meta property=\"og:image:width\" content=\"800\" \/>\n\t<meta property=\"og:image:height\" content=\"600\" \/>\n\t<meta property=\"og:image:type\" content=\"image\/jpeg\" \/>\n<meta name=\"author\" content=\"admin\" \/>\n<meta name=\"twitter:card\" content=\"summary_large_image\" \/>\n<meta name=\"twitter:label1\" content=\"Escrito por\" \/>\n\t<meta name=\"twitter:data1\" content=\"admin\" \/>\n\t<meta name=\"twitter:label2\" content=\"Est. tempo de leitura\" \/>\n\t<meta name=\"twitter:data2\" content=\"2 minutos\" \/>\n<script type=\"application\/ld+json\" class=\"yoast-schema-graph\">{\"@context\":\"https:\/\/schema.org\",\"@graph\":[{\"@type\":\"WebSite\",\"@id\":\"https:\/\/franciscanos.org.br\/noticias\/#website\",\"url\":\"https:\/\/franciscanos.org.br\/noticias\/\",\"name\":\"Not\u00edcias - Franciscanos\",\"description\":\"Prov\u00edncia Franciscana da Imaculada Concei\u00e7\u00e3o do Brasil - Ordem dos Frades Menores - OFM\",\"potentialAction\":[{\"@type\":\"SearchAction\",\"target\":{\"@type\":\"EntryPoint\",\"urlTemplate\":\"https:\/\/franciscanos.org.br\/noticias\/?s={search_term_string}\"},\"query-input\":\"required name=search_term_string\"}],\"inLanguage\":\"pt-BR\"},{\"@type\":\"ImageObject\",\"inLanguage\":\"pt-BR\",\"@id\":\"https:\/\/franciscanos.org.br\/noticias\/as-armadilhas-do-amor-2.html#primaryimage\",\"url\":\"https:\/\/franciscanos.org.br\/noticias\/wp-content\/uploads\/2014\/09\/flores_1d.jpg\",\"contentUrl\":\"https:\/\/franciscanos.org.br\/noticias\/wp-content\/uploads\/2014\/09\/flores_1d.jpg\",\"width\":800,\"height\":600},{\"@type\":\"WebPage\",\"@id\":\"https:\/\/franciscanos.org.br\/noticias\/as-armadilhas-do-amor-2.html#webpage\",\"url\":\"https:\/\/franciscanos.org.br\/noticias\/as-armadilhas-do-amor-2.html\",\"name\":\"As armadilhas do amor - Not\u00edcias - Franciscanos\",\"isPartOf\":{\"@id\":\"https:\/\/franciscanos.org.br\/noticias\/#website\"},\"primaryImageOfPage\":{\"@id\":\"https:\/\/franciscanos.org.br\/noticias\/as-armadilhas-do-amor-2.html#primaryimage\"},\"datePublished\":\"2014-09-04T14:12:01+00:00\",\"dateModified\":\"2020-11-11T17:04:19+00:00\",\"author\":{\"@id\":\"https:\/\/franciscanos.org.br\/noticias\/#\/schema\/person\/b38fbf43118f02820bd932f2e4b14ad3\"},\"breadcrumb\":{\"@id\":\"https:\/\/franciscanos.org.br\/noticias\/as-armadilhas-do-amor-2.html#breadcrumb\"},\"inLanguage\":\"pt-BR\",\"potentialAction\":[{\"@type\":\"ReadAction\",\"target\":[\"https:\/\/franciscanos.org.br\/noticias\/as-armadilhas-do-amor-2.html\"]}]},{\"@type\":\"BreadcrumbList\",\"@id\":\"https:\/\/franciscanos.org.br\/noticias\/as-armadilhas-do-amor-2.html#breadcrumb\",\"itemListElement\":[{\"@type\":\"ListItem\",\"position\":1,\"name\":\"Home\",\"item\":\"https:\/\/franciscanos.org.br\/noticias\"},{\"@type\":\"ListItem\",\"position\":2,\"name\":\"As armadilhas do amor\"}]},{\"@type\":\"Person\",\"@id\":\"https:\/\/franciscanos.org.br\/noticias\/#\/schema\/person\/b38fbf43118f02820bd932f2e4b14ad3\",\"name\":\"admin\",\"image\":{\"@type\":\"ImageObject\",\"inLanguage\":\"pt-BR\",\"@id\":\"https:\/\/franciscanos.org.br\/noticias\/#\/schema\/person\/image\/\",\"url\":\"https:\/\/secure.gravatar.com\/avatar\/e8495742d34d0ba6448ea1c628263b3e?s=96&d=mm&r=g\",\"contentUrl\":\"https:\/\/secure.gravatar.com\/avatar\/e8495742d34d0ba6448ea1c628263b3e?s=96&d=mm&r=g\",\"caption\":\"admin\"},\"url\":\"https:\/\/franciscanos.org.br\/noticias\/author\/admin\"}]}<\/script>\n<!-- \/ Yoast SEO plugin. -->","yoast_head_json":{"title":"As armadilhas do amor - Not\u00edcias - Franciscanos","robots":{"index":"index","follow":"follow","max-snippet":"max-snippet:-1","max-image-preview":"max-image-preview:large","max-video-preview":"max-video-preview:-1"},"canonical":"https:\/\/franciscanos.org.br\/noticias\/as-armadilhas-do-amor-2.html","og_locale":"pt_BR","og_type":"article","og_title":"As armadilhas do amor - Not\u00edcias - Franciscanos","og_description":"Liturgia dominical","og_url":"https:\/\/franciscanos.org.br\/noticias\/as-armadilhas-do-amor-2.html","og_site_name":"Not\u00edcias - Franciscanos","article_published_time":"2014-09-04T14:12:01+00:00","article_modified_time":"2020-11-11T17:04:19+00:00","og_image":[{"width":800,"height":600,"url":"https:\/\/franciscanos.org.br\/noticias\/wp-content\/uploads\/2014\/09\/flores_1d.jpg","type":"image\/jpeg"}],"author":"admin","twitter_card":"summary_large_image","twitter_misc":{"Escrito por":"admin","Est. tempo de leitura":"2 minutos"},"schema":{"@context":"https:\/\/schema.org","@graph":[{"@type":"WebSite","@id":"https:\/\/franciscanos.org.br\/noticias\/#website","url":"https:\/\/franciscanos.org.br\/noticias\/","name":"Not\u00edcias - Franciscanos","description":"Prov\u00edncia Franciscana da Imaculada Concei\u00e7\u00e3o do Brasil - Ordem dos Frades Menores - OFM","potentialAction":[{"@type":"SearchAction","target":{"@type":"EntryPoint","urlTemplate":"https:\/\/franciscanos.org.br\/noticias\/?s={search_term_string}"},"query-input":"required name=search_term_string"}],"inLanguage":"pt-BR"},{"@type":"ImageObject","inLanguage":"pt-BR","@id":"https:\/\/franciscanos.org.br\/noticias\/as-armadilhas-do-amor-2.html#primaryimage","url":"https:\/\/franciscanos.org.br\/noticias\/wp-content\/uploads\/2014\/09\/flores_1d.jpg","contentUrl":"https:\/\/franciscanos.org.br\/noticias\/wp-content\/uploads\/2014\/09\/flores_1d.jpg","width":800,"height":600},{"@type":"WebPage","@id":"https:\/\/franciscanos.org.br\/noticias\/as-armadilhas-do-amor-2.html#webpage","url":"https:\/\/franciscanos.org.br\/noticias\/as-armadilhas-do-amor-2.html","name":"As armadilhas do amor - Not\u00edcias - Franciscanos","isPartOf":{"@id":"https:\/\/franciscanos.org.br\/noticias\/#website"},"primaryImageOfPage":{"@id":"https:\/\/franciscanos.org.br\/noticias\/as-armadilhas-do-amor-2.html#primaryimage"},"datePublished":"2014-09-04T14:12:01+00:00","dateModified":"2020-11-11T17:04:19+00:00","author":{"@id":"https:\/\/franciscanos.org.br\/noticias\/#\/schema\/person\/b38fbf43118f02820bd932f2e4b14ad3"},"breadcrumb":{"@id":"https:\/\/franciscanos.org.br\/noticias\/as-armadilhas-do-amor-2.html#breadcrumb"},"inLanguage":"pt-BR","potentialAction":[{"@type":"ReadAction","target":["https:\/\/franciscanos.org.br\/noticias\/as-armadilhas-do-amor-2.html"]}]},{"@type":"BreadcrumbList","@id":"https:\/\/franciscanos.org.br\/noticias\/as-armadilhas-do-amor-2.html#breadcrumb","itemListElement":[{"@type":"ListItem","position":1,"name":"Home","item":"https:\/\/franciscanos.org.br\/noticias"},{"@type":"ListItem","position":2,"name":"As armadilhas do amor"}]},{"@type":"Person","@id":"https:\/\/franciscanos.org.br\/noticias\/#\/schema\/person\/b38fbf43118f02820bd932f2e4b14ad3","name":"admin","image":{"@type":"ImageObject","inLanguage":"pt-BR","@id":"https:\/\/franciscanos.org.br\/noticias\/#\/schema\/person\/image\/","url":"https:\/\/secure.gravatar.com\/avatar\/e8495742d34d0ba6448ea1c628263b3e?s=96&d=mm&r=g","contentUrl":"https:\/\/secure.gravatar.com\/avatar\/e8495742d34d0ba6448ea1c628263b3e?s=96&d=mm&r=g","caption":"admin"},"url":"https:\/\/franciscanos.org.br\/noticias\/author\/admin"}]}},"_links":{"self":[{"href":"https:\/\/franciscanos.org.br\/noticias\/wp-json\/wp\/v2\/posts\/189047"}],"collection":[{"href":"https:\/\/franciscanos.org.br\/noticias\/wp-json\/wp\/v2\/posts"}],"about":[{"href":"https:\/\/franciscanos.org.br\/noticias\/wp-json\/wp\/v2\/types\/post"}],"author":[{"embeddable":true,"href":"https:\/\/franciscanos.org.br\/noticias\/wp-json\/wp\/v2\/users\/1"}],"replies":[{"embeddable":true,"href":"https:\/\/franciscanos.org.br\/noticias\/wp-json\/wp\/v2\/comments?post=189047"}],"version-history":[{"count":1,"href":"https:\/\/franciscanos.org.br\/noticias\/wp-json\/wp\/v2\/posts\/189047\/revisions"}],"predecessor-version":[{"id":229356,"href":"https:\/\/franciscanos.org.br\/noticias\/wp-json\/wp\/v2\/posts\/189047\/revisions\/229356"}],"wp:featuredmedia":[{"embeddable":true,"href":"https:\/\/franciscanos.org.br\/noticias\/wp-json\/wp\/v2\/media\/229355"}],"wp:attachment":[{"href":"https:\/\/franciscanos.org.br\/noticias\/wp-json\/wp\/v2\/media?parent=189047"}],"wp:term":[{"taxonomy":"category","embeddable":true,"href":"https:\/\/franciscanos.org.br\/noticias\/wp-json\/wp\/v2\/categories?post=189047"},{"taxonomy":"post_tag","embeddable":true,"href":"https:\/\/franciscanos.org.br\/noticias\/wp-json\/wp\/v2\/tags?post=189047"}],"curies":[{"name":"wp","href":"https:\/\/api.w.org\/{rel}","templated":true}]}}