{"id":188802,"date":"2018-01-22T00:35:08","date_gmt":"2018-01-22T02:35:08","guid":{"rendered":"http:\/\/franciscanos.org.br\/?p=149848"},"modified":"2019-07-02T14:18:24","modified_gmt":"2019-07-02T17:18:24","slug":"escutar-os-apelos-de-jesus-pede-frei-fidencio-2","status":"publish","type":"post","link":"https:\/\/franciscanos.org.br\/noticias\/escutar-os-apelos-de-jesus-pede-frei-fidencio-2.html","title":{"rendered":"&#8220;Escutar os apelos de Jesus&#8221;, pede Frei Fid\u00eancio em Agudos"},"content":{"rendered":"<p><img loading=\"lazy\" class=\"alignnone size-full wp-image-207143\" src=\"https:\/\/franciscanos.org.br\/noticias\/wp-content\/uploads\/2018\/01\/agudos_02.jpg\" alt=\"\" width=\"890\" height=\"776\" srcset=\"https:\/\/franciscanos.org.br\/noticias\/wp-content\/uploads\/2018\/01\/agudos_02.jpg 890w, https:\/\/franciscanos.org.br\/noticias\/wp-content\/uploads\/2018\/01\/agudos_02-450x392.jpg 450w, https:\/\/franciscanos.org.br\/noticias\/wp-content\/uploads\/2018\/01\/agudos_02-768x670.jpg 768w, https:\/\/franciscanos.org.br\/noticias\/wp-content\/uploads\/2018\/01\/agudos_02-150x131.jpg 150w\" sizes=\"(max-width: 890px) 100vw, 890px\" \/><\/p>\n<p><strong>Frei Augusto Luiz Gabriel e \u00c9rika Augusto<\/strong><\/p>\n<p><strong>Agudos (SP) &#8211;<\/strong> Na manh\u00e3 deste domingo, 21, os quase 600 jovens que estavam, nos \u00faltimos 2 dias, divididos em 32 comunidades, retornaram ao Semin\u00e1rio Santo Ant\u00f4nio, em Agudos (SP), para o encerramento da 5\u00aa edi\u00e7\u00e3o das Miss\u00f5es Franciscanas da Juventude. Antes mesmo de amanhecer, os primeiros \u00f4nibus foram chegando.\u00a0A primeira atividade do dia foi a missa de encerramento, que foi presidida pelo Ministro Provincial, Frei Fid\u00eancio Vanboemmel e concelebrada por Frei Diego Melo, coordenador do Servi\u00e7o de Anima\u00e7\u00e3o Vocacional (SAV), Frei Carlos Pierezan, Frei Alessandro Nascimento, p\u00e1roco da par\u00f3quia Santa Clara de Bauru, Frei S\u00edlvio Trindade Werlingue, p\u00e1roco da par\u00f3quia S\u00e3o Paulo Ap\u00f3stolo, de Agudos e por diversos frades e religiosos. A celebra\u00e7\u00e3o contou ainda com a presen\u00e7a das Irm\u00e3s Franciscanas Concepcionistas do Mosteiro de Piratininga, que foi um dos locais de miss\u00e3o. A igreja estava repleta de jovens mission\u00e1rios, de volunt\u00e1rios e das fam\u00edlias que acolheram os jovens. O clima era de euforia!<\/p>\n<p>Dom Caetano Ferrari, bispo de Bauru e franciscano, esteve presente e deu uma palavra no in\u00edcio da celebra\u00e7\u00e3o. Ele manifestou sua alegria e gratid\u00e3o pelo evento, que movimentou as par\u00f3quias locais. Ele esteve tamb\u00e9m no Mosteiro de Piratininga, com o grupo de mission\u00e1rios. Ele se disse surpreso por encontrar jovens de tantos lugares e de tantas par\u00f3quias conhecidas por ele, do seu tempo de religioso franciscano e de Animador Provincial. \u201cVoc\u00eas s\u00e3o frutos das b\u00ean\u00e7\u00e3os dos frades, e minhas tamb\u00e9m\u201d, afirmou.<\/p>\n<p>Em sua homilia, Frei Fid\u00eancio partilhou toda a alegria que sentia ao ver aqueles jovens reunidos. Ele afirmou que via no rosto dos jovens e dos frades um sonho realizado, recordando um encontro realizado em 2011, onde 79 jovens leigos de par\u00f3quias da Prov\u00edncia estiveram presentes para partilhar com os frades quais eram os anseios da juventude, ajudando os frades a pensar de que forma eles poderiam trabalhar com estes jovens. A partir deste encontro, foi surgindo uma nova forma de trabalhar, tendo os jovens como protagonistas. O Ministro Provincial recordou o 1\u00ba Encontro Nacional, acontecido em Canind\u00e9 e a 1\u00aa Caminhada Franciscana, realizada em Guaratinguet\u00e1 e Aparecida e todas as Caminhadas que aconteceram deste ent\u00e3o e as \u00faltimas 4 edi\u00e7\u00f5es das Miss\u00f5es Franciscanas.<\/p>\n<p>Ele afirmou que n\u00e3o somente os frades se inquietaram para escutar os anseios dos jovens, mas a Igreja de modo geral, recordando o S\u00ednodo dos Bispos deste ano, que abordar\u00e1 a quest\u00e3o da juventude. \u201cEu quis que v\u00f3s estiv\u00e9sseis no centro da aten\u00e7\u00e3o da Igreja, porque j\u00e1 vos trago no meu cora\u00e7\u00e3o.\u201d, afirmou, citando o Papa Francisco. Frei Fid\u00eancio ressaltou que estar no cora\u00e7\u00e3o do Papa \u00e9 estar no cora\u00e7\u00e3o de um homem que deseja restaurar a Igreja, assim como aconteceu com S\u00e3o Francisco de Assis.<\/p>\n<p>Sobre o tema e lema das Miss\u00f5es: \u201cSenhor, onde est\u00e1 meu irm\u00e3o\u201d, o frade afirmou que os jovens, nestes dias de miss\u00f5es, tiveram a oportunidade de encontrar o irm\u00e3o em diferentes lugares: nas casas onde foram acolhidos, nas comunidades, nas fam\u00edlias visitadas, nos pres\u00eddios, nos hospitais, etc.<\/p>\n<p><img loading=\"lazy\" class=\"alignleft wp-image-149860\" src=\"http:\/\/franciscanos.org.br\/wp-content\/uploads\/2018\/01\/missao_210118-11.jpg\" alt=\"missao_210118-11\" width=\"450\" height=\"299\" \/>Frei Fid\u00eancio recordou que no documento preparat\u00f3rio do S\u00ednodo dos Bispos, Jo\u00e3o \u00e9 apresentando como modelo da juventude e explicou: \u201cEste disc\u00edpulo est\u00e1 muito perto do Senhor, est\u00e1 muito pr\u00f3ximo de Jesus, est\u00e1 deitado no colo de Jesus, para talvez ouvir mais de perto o Mestre e Senhor. N\u00f3s tamb\u00e9m hoje somos chamados pelo Senhor a vivermos bem a nossa f\u00e9, a nossa voca\u00e7\u00e3o&#8221;, afirmou. E acrescentou que para ser seguidor de Jesus, \u00e9 preciso fazer um discernimento \u201cjusto e verdadeiro\u201d, perguntando-se: onde est\u00e1 o meu irm\u00e3o?<\/p>\n<p>\u201cA gente tem certeza de que est\u00e1 no lugar certo quando escutamos o latejar do cora\u00e7\u00e3o de Jesus\u201d, acrescentou o frade. \u201cO latejar do cora\u00e7\u00e3o de Jesus \u00e9 forte quando nos encontramos com o pobre, com a pessoa ferida, machucada, exclu\u00edda. \u00c9 ali que o cora\u00e7\u00e3o de Jesus bate mais forte\u201d. E exclamou: \u201cOnde o cora\u00e7\u00e3o de Jesus bate mais forte, ali eu tamb\u00e9m devo estar!\u201d.<\/p>\n<p>Frei Fid\u00eancio concluiu sua homilia agradecendo os jovens por sonharem os sonhos dos frades. &#8220;Voc\u00eas se colocaram nesse sonho de Deus que n\u00f3s, h\u00e1 7 anos, sonhamos. E continuamos a alimentar este sonho n\u00e3o numa fantasia abstrata, mas com os p\u00e9s no ch\u00e3o, na realidade concreta da vida, assim como voc\u00eas experimentaram\u201d, agradeceu.<\/p>\n<p>Ao final da celebra\u00e7\u00e3o, a comiss\u00e3o organizadora fez os agradecimentos, de modo especial ao Frei Diego e Frei Gabriel Dellandrea, do SAV, ao Frei James Ferreira\u00a0Gomes Neto, guardi\u00e3o do Semin\u00e1rio Santo Ant\u00f4nio e a Frei Fid\u00eancio, que ganhou um abra\u00e7o coletivo dos jovens.<\/p>\n<p><strong>MOMENTO DE PARTILHA\u00a0 E TESTEMUNHOS<\/strong><\/p>\n<p>Ap\u00f3s a missa, os jovens foram convidados a escutar e partilhar um pouco das experi\u00eancias de cada comunidade. Jovens de diversas realidades dividiram com todos um pouco do que viveram nas comunidades, como foi o caso de Catarina Marques Asprino, de Curitiba (PR). Ela ficou na Par\u00f3quia Nossa Senhora da Assun\u00e7\u00e3o e ajudou no Projeto Can\u00e1, que cuida de crian\u00e7as em situa\u00e7\u00e3o de vunerabilidade. Ela afirmou que enquanto os jovens estavam cuidando do gramado, eles estavam mais do que fazendo um servi\u00e7o bra\u00e7al, mas rezando. Ela partilhou tamb\u00e9m a emo\u00e7\u00e3o ao visitar o Mosteiro das Irm\u00e3s Concepcionistas. \u201cNenhuma miss\u00e3o existe sem a ora\u00e7\u00e3o, e estas irm\u00e3s fazem exatamente isto. Elas, os freis, as religiosas, s\u00e3o o alicerce da Igreja\u201d, afirmou. Ela contou ainda da grande acolhida por parte dos evang\u00e9licos, durante as visitas nas casas.<\/p>\n<p>Gabriel e Paulo, que foram enviados para a Aldeia Ekeru\u00e1, deram seu testemunho a respeito da experi\u00eancia. Eles afirmaram que foram com uma vis\u00e3o distorcida da realidade daqueles ind\u00edgenas e sa\u00edram de l\u00e1 transformados. Chamou a aten\u00e7\u00e3o o carinho com que eles foram recebidos e inseridos na realidade local. Eles falaram ainda do modo como a m\u00eddia coloca a quest\u00e3o dos ind\u00edgenas e como as pessoas acabam julgando sem conhecer a realidade. \u201cMeu pensamento era muito diferente, eu julgava, achava que era de um jeito, mas \u00e9 de outro. N\u00f3s n\u00e3o podemos julgar aqueles que n\u00e3o conhecemos. N\u00e3o somente o povo ind\u00edgena, mas os moradores de rua, os dependentes qu\u00edmicos. Estas pessoas precisam de n\u00f3s, n\u00e3o do nosso julgamento\u201d, afirmou Gabriel. David, da Tribo Terena, que acolheu os jovens na aldeia agradeceu a confian\u00e7a da equipe de enviar os jovens mission\u00e1rios. \u201cEles cumpriram a miss\u00e3o porque trouxeram para n\u00f3s uma viv\u00eancia diferente. Eles v\u00e3o deixar saudades, hoje j\u00e1 amanheceu diferente, sem eles l\u00e1\u201d, afirmou. Em seguida, o grupo fez uma apresenta\u00e7\u00e3o, com os ind\u00edgenas e os jovens.<\/p>\n<p><img loading=\"lazy\" src=\"http:\/\/franciscanos.org.br\/wp-content\/uploads\/2018\/01\/missoes_210118_830_2.jpg\" alt=\"missoes_210118_830_2\" width=\"830\" height=\"400\" \/><\/p>\n<p>Jo\u00e3o Paulo Dacol, de Curitibanos (SC) contou sua experi\u00eancia no assentamento do Movimento dos Sem-Terra. Para ele, a experi\u00eancia foi uma forma de mudar o seu olhar a respeito dos assentamentos. \u201cA m\u00eddia distorce um pouco da situa\u00e7\u00e3o destas pessoas. Muitos t\u00eam a vis\u00e3o de que eles s\u00e3o vagabundos, ladr\u00f5es, que roubam as terras, mas eles est\u00e3o ali defendendo o direito deles. \u00c9 s\u00f3 o que eles pedem, um canto para morar, um peda\u00e7o de terra para plantar. Eu tenho orgulho de ter este bon\u00e9 e dizer: MST, a luta \u00e9 pra valer\u201d, gritou, acompanhado dos outros jovens que estiveram no assentamento.<\/p>\n<p><strong>FREI DIEGO PEDE: AS MISS\u00d5ES N\u00c3O TERMINAM POR AQUI<\/strong><\/p>\n<p><img loading=\"lazy\" class=\"alignright wp-image-149896\" src=\"http:\/\/franciscanos.org.br\/wp-content\/uploads\/2018\/01\/missao_210118-47.jpg\" alt=\"missao_210118-47\" width=\"380\" height=\"253\" \/>Ao final dos testemunhos, Frei Diego Melo falou aos jovens. Ele afirmou que a experi\u00eancia vivida nestes dias \u00e9 muito forte, mas que precisa ser fortalecida nas casas e comunidades, atrav\u00e9s do engajamento nas comunidades, da aten\u00e7\u00e3o ao outro e da ora\u00e7\u00e3o.<\/p>\n<p>Ele tamb\u00e9m colocou algumas quest\u00f5es importantes para a juventude, como aquilo que os jovens vivem e experimentam nas redes sociais. Ele pediu menos intoler\u00e2ncia, mais respeito, menos julgamento e mais discernimento no compartilhamento de not\u00edcias. O frade falou ainda da import\u00e2ncia do engajamento dos jovens na pol\u00edtica, recordando uma frase do Papa Francisco. \u201cO envolvimento pol\u00edtico \u00e9 uma forma de miss\u00e3o. Voc\u00ea foi na rua e levou um prato de comida para o pobre. \u00c9 lindo, mas voc\u00ea est\u00e1 enxugando gelo. O nosso governo \u00e9 quem est\u00e1 criando mais pobres e se a gente n\u00e3o se envolver, se a gente n\u00e3o abrir os olhos, a dificuldade, a pobreza, vai continuar\u201d, afirmou.<\/p>\n<p>O frade pediu ainda cuidado dos jovens na polariza\u00e7\u00e3o e aten\u00e7\u00e3o aos \u201cfalsos profetas\u201d que despontam no cen\u00e1rio pol\u00edtico. Ele afirmou que muitas vezes l\u00ea nas redes sociais dos jovens discursos que n\u00e3o condizem com o carisma franciscano vivido nestes dias. &#8220;\u00c9 imposs\u00edvel que um jovem crist\u00e3o, que grita: sou franciscano com muito orgulho, com muito amor, apoie pessoas que se dizem preconceituosas abertamente, que cometem LGBTfobia, que falam mal dos negros, dos pobres e das minorias. \u00c9 um contrassenso. N\u00e3o basta dizer-se crist\u00e3o e colocar uma B\u00edblia debaixo do bra\u00e7o. A bancada da B\u00edblia, que est\u00e1 l\u00e1 em Bras\u00edlia, est\u00e1 acabando com os nossos direitos&#8221;, desabafou.<\/p>\n<p><strong>AN\u00daNCIO DAS MISS\u00d5ES FRANCISCANAS 2019 E ENCONTRO COM OS GERAIS<\/strong><\/p>\n<p>Como foi feito desde a primeira edi\u00e7\u00e3o, ao final das Miss\u00f5es Franciscanas foi feito o an\u00fancio da pr\u00f3xima cidade-sede. Com a comiss\u00e3o organizadora deste ano, Frei Diego e Frei Gabriel confirmaram a Cidade Maravilhosa como a sede das Miss\u00f5es 2019, que acontecer\u00e1 em julho, devido \u00e0 Jornada Mundial da Juventude do Panam\u00e1, que acontece em janeiro, e por causa do forte calor carioca e da alta temporada. A data ainda n\u00e3o foi escolhida, mas envolver\u00e1 as par\u00f3quias franciscanas do Rio de Janeiro e da Baixada Fluminense. Os jovens cariocas fizeram uma grande festa e receberam das m\u00e3os da comiss\u00e3o das Miss\u00f5es 2018 o tau, s\u00edmbolo do encontro.<\/p>\n<p>Ao final, Frei Fid\u00eancio comunicou aos jovens que foi pedido para a Prov\u00edncia, atrav\u00e9s de uma carta do Ministro Geral, Frei Michael Perry, um momento de partilha com os Ministros Gerais em Roma, sobre o trabalho com juventude. &#8220;Voc\u00eas v\u00e3o ter 40 minutos de fama dentro do S\u00ednodo, os Ministros de todas as Congrega\u00e7\u00f5es, de todas as Ordens religiosas, como \u00e9 a experi\u00eancia concreta que n\u00f3s estamos vivendo&#8221;, afirmou. Com Frei Diego, ir\u00e1 Mariana Rogoski, de Curitiba (PR),\u00a0representando os\u00a0jovens leigos. Ser\u00e1 preparado um material que dever\u00e1 ser entregue aos Gerais e Superiores. O encontro acontecer\u00e1 no final de maio.<\/p>\n<p>&nbsp;<\/p>\n","protected":false},"excerpt":{"rendered":"<p>Miss\u00f5es Franciscanas da Juventude<\/p>\n","protected":false},"author":1,"featured_media":207144,"comment_status":"open","ping_status":"open","sticky":false,"template":"","format":"standard","meta":[],"categories":[1],"tags":[1206],"acf":[],"yoast_head":"<!-- This site is optimized with the Yoast SEO plugin v19.2 - https:\/\/yoast.com\/wordpress\/plugins\/seo\/ -->\n<title>&quot;Escutar os apelos de Jesus&quot;, pede Frei Fid\u00eancio em Agudos - Not\u00edcias - Franciscanos<\/title>\n<meta name=\"robots\" content=\"index, follow, max-snippet:-1, max-image-preview:large, max-video-preview:-1\" \/>\n<link rel=\"canonical\" href=\"https:\/\/franciscanos.org.br\/noticias\/escutar-os-apelos-de-jesus-pede-frei-fidencio-2.html\" \/>\n<meta property=\"og:locale\" content=\"pt_BR\" \/>\n<meta property=\"og:type\" content=\"article\" \/>\n<meta property=\"og:title\" content=\"&quot;Escutar os apelos de Jesus&quot;, pede Frei Fid\u00eancio em Agudos - Not\u00edcias - Franciscanos\" \/>\n<meta property=\"og:description\" content=\"Miss\u00f5es Franciscanas da Juventude\" \/>\n<meta property=\"og:url\" content=\"https:\/\/franciscanos.org.br\/noticias\/escutar-os-apelos-de-jesus-pede-frei-fidencio-2.html\" \/>\n<meta property=\"og:site_name\" content=\"Not\u00edcias - Franciscanos\" \/>\n<meta property=\"article:published_time\" content=\"2018-01-22T02:35:08+00:00\" \/>\n<meta property=\"article:modified_time\" content=\"2019-07-02T17:18:24+00:00\" \/>\n<meta property=\"og:image\" content=\"https:\/\/franciscanos.org.br\/noticias\/wp-content\/uploads\/2018\/01\/agudos_02d.jpg\" \/>\n\t<meta property=\"og:image:width\" content=\"273\" \/>\n\t<meta property=\"og:image:height\" content=\"181\" \/>\n\t<meta property=\"og:image:type\" content=\"image\/jpeg\" \/>\n<meta name=\"author\" content=\"admin\" \/>\n<meta name=\"twitter:card\" content=\"summary_large_image\" \/>\n<meta name=\"twitter:label1\" content=\"Escrito por\" \/>\n\t<meta name=\"twitter:data1\" content=\"admin\" \/>\n\t<meta name=\"twitter:label2\" content=\"Est. tempo de leitura\" \/>\n\t<meta name=\"twitter:data2\" content=\"9 minutos\" \/>\n<script type=\"application\/ld+json\" class=\"yoast-schema-graph\">{\"@context\":\"https:\/\/schema.org\",\"@graph\":[{\"@type\":\"WebSite\",\"@id\":\"https:\/\/franciscanos.org.br\/noticias\/#website\",\"url\":\"https:\/\/franciscanos.org.br\/noticias\/\",\"name\":\"Not\u00edcias - Franciscanos\",\"description\":\"Prov\u00edncia Franciscana da Imaculada Concei\u00e7\u00e3o do Brasil - Ordem dos Frades Menores - OFM\",\"potentialAction\":[{\"@type\":\"SearchAction\",\"target\":{\"@type\":\"EntryPoint\",\"urlTemplate\":\"https:\/\/franciscanos.org.br\/noticias\/?s={search_term_string}\"},\"query-input\":\"required name=search_term_string\"}],\"inLanguage\":\"pt-BR\"},{\"@type\":\"ImageObject\",\"inLanguage\":\"pt-BR\",\"@id\":\"https:\/\/franciscanos.org.br\/noticias\/escutar-os-apelos-de-jesus-pede-frei-fidencio-2.html#primaryimage\",\"url\":\"https:\/\/franciscanos.org.br\/noticias\/wp-content\/uploads\/2018\/01\/agudos_02d.jpg\",\"contentUrl\":\"https:\/\/franciscanos.org.br\/noticias\/wp-content\/uploads\/2018\/01\/agudos_02d.jpg\",\"width\":273,\"height\":181},{\"@type\":\"WebPage\",\"@id\":\"https:\/\/franciscanos.org.br\/noticias\/escutar-os-apelos-de-jesus-pede-frei-fidencio-2.html#webpage\",\"url\":\"https:\/\/franciscanos.org.br\/noticias\/escutar-os-apelos-de-jesus-pede-frei-fidencio-2.html\",\"name\":\"\\\"Escutar os apelos de Jesus\\\", pede Frei Fid\u00eancio em Agudos - Not\u00edcias - Franciscanos\",\"isPartOf\":{\"@id\":\"https:\/\/franciscanos.org.br\/noticias\/#website\"},\"primaryImageOfPage\":{\"@id\":\"https:\/\/franciscanos.org.br\/noticias\/escutar-os-apelos-de-jesus-pede-frei-fidencio-2.html#primaryimage\"},\"datePublished\":\"2018-01-22T02:35:08+00:00\",\"dateModified\":\"2019-07-02T17:18:24+00:00\",\"author\":{\"@id\":\"https:\/\/franciscanos.org.br\/noticias\/#\/schema\/person\/b38fbf43118f02820bd932f2e4b14ad3\"},\"breadcrumb\":{\"@id\":\"https:\/\/franciscanos.org.br\/noticias\/escutar-os-apelos-de-jesus-pede-frei-fidencio-2.html#breadcrumb\"},\"inLanguage\":\"pt-BR\",\"potentialAction\":[{\"@type\":\"ReadAction\",\"target\":[\"https:\/\/franciscanos.org.br\/noticias\/escutar-os-apelos-de-jesus-pede-frei-fidencio-2.html\"]}]},{\"@type\":\"BreadcrumbList\",\"@id\":\"https:\/\/franciscanos.org.br\/noticias\/escutar-os-apelos-de-jesus-pede-frei-fidencio-2.html#breadcrumb\",\"itemListElement\":[{\"@type\":\"ListItem\",\"position\":1,\"name\":\"Home\",\"item\":\"https:\/\/franciscanos.org.br\/noticias\"},{\"@type\":\"ListItem\",\"position\":2,\"name\":\"&#8220;Escutar os apelos de Jesus&#8221;, pede Frei Fid\u00eancio em Agudos\"}]},{\"@type\":\"Person\",\"@id\":\"https:\/\/franciscanos.org.br\/noticias\/#\/schema\/person\/b38fbf43118f02820bd932f2e4b14ad3\",\"name\":\"admin\",\"image\":{\"@type\":\"ImageObject\",\"inLanguage\":\"pt-BR\",\"@id\":\"https:\/\/franciscanos.org.br\/noticias\/#\/schema\/person\/image\/\",\"url\":\"https:\/\/secure.gravatar.com\/avatar\/e8495742d34d0ba6448ea1c628263b3e?s=96&d=mm&r=g\",\"contentUrl\":\"https:\/\/secure.gravatar.com\/avatar\/e8495742d34d0ba6448ea1c628263b3e?s=96&d=mm&r=g\",\"caption\":\"admin\"},\"url\":\"https:\/\/franciscanos.org.br\/noticias\/author\/admin\"}]}<\/script>\n<!-- \/ Yoast SEO plugin. -->","yoast_head_json":{"title":"\"Escutar os apelos de Jesus\", pede Frei Fid\u00eancio em Agudos - Not\u00edcias - Franciscanos","robots":{"index":"index","follow":"follow","max-snippet":"max-snippet:-1","max-image-preview":"max-image-preview:large","max-video-preview":"max-video-preview:-1"},"canonical":"https:\/\/franciscanos.org.br\/noticias\/escutar-os-apelos-de-jesus-pede-frei-fidencio-2.html","og_locale":"pt_BR","og_type":"article","og_title":"\"Escutar os apelos de Jesus\", pede Frei Fid\u00eancio em Agudos - Not\u00edcias - Franciscanos","og_description":"Miss\u00f5es Franciscanas da Juventude","og_url":"https:\/\/franciscanos.org.br\/noticias\/escutar-os-apelos-de-jesus-pede-frei-fidencio-2.html","og_site_name":"Not\u00edcias - Franciscanos","article_published_time":"2018-01-22T02:35:08+00:00","article_modified_time":"2019-07-02T17:18:24+00:00","og_image":[{"width":273,"height":181,"url":"https:\/\/franciscanos.org.br\/noticias\/wp-content\/uploads\/2018\/01\/agudos_02d.jpg","type":"image\/jpeg"}],"author":"admin","twitter_card":"summary_large_image","twitter_misc":{"Escrito por":"admin","Est. tempo de leitura":"9 minutos"},"schema":{"@context":"https:\/\/schema.org","@graph":[{"@type":"WebSite","@id":"https:\/\/franciscanos.org.br\/noticias\/#website","url":"https:\/\/franciscanos.org.br\/noticias\/","name":"Not\u00edcias - Franciscanos","description":"Prov\u00edncia Franciscana da Imaculada Concei\u00e7\u00e3o do Brasil - Ordem dos Frades Menores - OFM","potentialAction":[{"@type":"SearchAction","target":{"@type":"EntryPoint","urlTemplate":"https:\/\/franciscanos.org.br\/noticias\/?s={search_term_string}"},"query-input":"required name=search_term_string"}],"inLanguage":"pt-BR"},{"@type":"ImageObject","inLanguage":"pt-BR","@id":"https:\/\/franciscanos.org.br\/noticias\/escutar-os-apelos-de-jesus-pede-frei-fidencio-2.html#primaryimage","url":"https:\/\/franciscanos.org.br\/noticias\/wp-content\/uploads\/2018\/01\/agudos_02d.jpg","contentUrl":"https:\/\/franciscanos.org.br\/noticias\/wp-content\/uploads\/2018\/01\/agudos_02d.jpg","width":273,"height":181},{"@type":"WebPage","@id":"https:\/\/franciscanos.org.br\/noticias\/escutar-os-apelos-de-jesus-pede-frei-fidencio-2.html#webpage","url":"https:\/\/franciscanos.org.br\/noticias\/escutar-os-apelos-de-jesus-pede-frei-fidencio-2.html","name":"\"Escutar os apelos de Jesus\", pede Frei Fid\u00eancio em Agudos - Not\u00edcias - Franciscanos","isPartOf":{"@id":"https:\/\/franciscanos.org.br\/noticias\/#website"},"primaryImageOfPage":{"@id":"https:\/\/franciscanos.org.br\/noticias\/escutar-os-apelos-de-jesus-pede-frei-fidencio-2.html#primaryimage"},"datePublished":"2018-01-22T02:35:08+00:00","dateModified":"2019-07-02T17:18:24+00:00","author":{"@id":"https:\/\/franciscanos.org.br\/noticias\/#\/schema\/person\/b38fbf43118f02820bd932f2e4b14ad3"},"breadcrumb":{"@id":"https:\/\/franciscanos.org.br\/noticias\/escutar-os-apelos-de-jesus-pede-frei-fidencio-2.html#breadcrumb"},"inLanguage":"pt-BR","potentialAction":[{"@type":"ReadAction","target":["https:\/\/franciscanos.org.br\/noticias\/escutar-os-apelos-de-jesus-pede-frei-fidencio-2.html"]}]},{"@type":"BreadcrumbList","@id":"https:\/\/franciscanos.org.br\/noticias\/escutar-os-apelos-de-jesus-pede-frei-fidencio-2.html#breadcrumb","itemListElement":[{"@type":"ListItem","position":1,"name":"Home","item":"https:\/\/franciscanos.org.br\/noticias"},{"@type":"ListItem","position":2,"name":"&#8220;Escutar os apelos de Jesus&#8221;, pede Frei Fid\u00eancio em Agudos"}]},{"@type":"Person","@id":"https:\/\/franciscanos.org.br\/noticias\/#\/schema\/person\/b38fbf43118f02820bd932f2e4b14ad3","name":"admin","image":{"@type":"ImageObject","inLanguage":"pt-BR","@id":"https:\/\/franciscanos.org.br\/noticias\/#\/schema\/person\/image\/","url":"https:\/\/secure.gravatar.com\/avatar\/e8495742d34d0ba6448ea1c628263b3e?s=96&d=mm&r=g","contentUrl":"https:\/\/secure.gravatar.com\/avatar\/e8495742d34d0ba6448ea1c628263b3e?s=96&d=mm&r=g","caption":"admin"},"url":"https:\/\/franciscanos.org.br\/noticias\/author\/admin"}]}},"_links":{"self":[{"href":"https:\/\/franciscanos.org.br\/noticias\/wp-json\/wp\/v2\/posts\/188802"}],"collection":[{"href":"https:\/\/franciscanos.org.br\/noticias\/wp-json\/wp\/v2\/posts"}],"about":[{"href":"https:\/\/franciscanos.org.br\/noticias\/wp-json\/wp\/v2\/types\/post"}],"author":[{"embeddable":true,"href":"https:\/\/franciscanos.org.br\/noticias\/wp-json\/wp\/v2\/users\/1"}],"replies":[{"embeddable":true,"href":"https:\/\/franciscanos.org.br\/noticias\/wp-json\/wp\/v2\/comments?post=188802"}],"version-history":[{"count":0,"href":"https:\/\/franciscanos.org.br\/noticias\/wp-json\/wp\/v2\/posts\/188802\/revisions"}],"wp:featuredmedia":[{"embeddable":true,"href":"https:\/\/franciscanos.org.br\/noticias\/wp-json\/wp\/v2\/media\/207144"}],"wp:attachment":[{"href":"https:\/\/franciscanos.org.br\/noticias\/wp-json\/wp\/v2\/media?parent=188802"}],"wp:term":[{"taxonomy":"category","embeddable":true,"href":"https:\/\/franciscanos.org.br\/noticias\/wp-json\/wp\/v2\/categories?post=188802"},{"taxonomy":"post_tag","embeddable":true,"href":"https:\/\/franciscanos.org.br\/noticias\/wp-json\/wp\/v2\/tags?post=188802"}],"curies":[{"name":"wp","href":"https:\/\/api.w.org\/{rel}","templated":true}]}}