{"id":188766,"date":"2018-11-01T15:40:11","date_gmt":"2018-11-01T18:40:11","guid":{"rendered":"http:\/\/franciscanos.org.br\/?p=176064"},"modified":"2019-05-28T09:47:20","modified_gmt":"2019-05-28T12:47:20","slug":"em-sao-paulo-ato-inter-religioso-em-prol-da-paz","status":"publish","type":"post","link":"https:\/\/franciscanos.org.br\/noticias\/em-sao-paulo-ato-inter-religioso-em-prol-da-paz.html","title":{"rendered":"Em S\u00e3o Paulo: Ato inter-religioso em prol da paz"},"content":{"rendered":"<p><img loading=\"lazy\" class=\"alignleft\" src=\"http:\/\/franciscanos.org.br\/wp-content\/uploads\/2018\/11\/ato_311018-830.jpg\" alt=\"ato_311018 830\" width=\"830\" height=\"450\" \/><strong>S\u00e3o Paulo (SP) &#8211;<\/strong> Por mais um ano, o Servi\u00e7o Franciscano de Solidariedade (Sefras), em parceria com o Convento e Santu\u00e1rio S\u00e3o Francisco e o Servi\u00e7o de Anima\u00e7\u00e3o Vocacional (SAV), promoveu o Ato inter-religioso que faz mem\u00f3ria do encontro do Papa S\u00e3o Jo\u00e3o Paulo II com os diversos l\u00edderes religiosos, em Assis, no ano de 1986.<\/p>\n<p>Neste encontro, reuniram-se diversos l\u00edderes religiosos que afirmaram que todas as matrizes religiosas s\u00e3o respons\u00e1veis por difundir e apoiar a cultura de paz e da solidariedade. Este encontro foi t\u00e3o importante que gerou um movimento chamado \u201cEsp\u00edrito de Assis\u201d, que o Sefras recorda com uma semana inteira de atividades em seus projetos sociais de S\u00e3o Paulo e do Rio de Janeiro.<\/p>\n<p>Na noite de quarta-feira, 31\/10, \u00e0s 18h30, o hist\u00f3rico Santu\u00e1rio S\u00e3o Francisco, localizado no centro de S\u00e3o Paulo, foi sede do coroamento das atividades da Semana da Paz, com o Ato inter-religioso.<\/p>\n<p>Estiveram presentes a Ministra Maria do Rocio de Andrade e Silva, da Igreja Messi\u00e2nica Mundial do Brasil; Pai Jo\u00e3o de Ossayn, representando as religi\u00f5es de Matriz Africana; Sheik Mohamad Bukai, representante da Uni\u00e3o Isl\u00e2mica do Brasil; Frei Diego Atalino de Melo, representando a Prov\u00edncia Franciscana e os crist\u00e3os cat\u00f3licos; Sacerdote Mahesh, sacerdote Brahma Hindu\u00edsmo Hare Krishna e Afonso Moreira J\u00fanior, representante do Espiritismo com Allan Kardec.<\/p>\n<p>O momento de encontro pela paz se iniciou com o canto \u201cPra n\u00e3o dizer que n\u00e3o falei das flores\u201d, entoado por todos os presentes. Ap\u00f3s a acolhida, feita pelo p\u00e1roco e reitor do Santu\u00e1rio, Frei Alvaci Mendes da Luz, o grupo de escaletas do Sefras Peri, projeto social do Sefras com crian\u00e7as e adolescentes, fez uma interven\u00e7\u00e3o musical emocionando a todos.<\/p>\n<p>Na sequ\u00eancia, o coordenador do Sefras, Frei Jos\u00e9 Francisco de C\u00e1ssia, apresentou a pessoa de Francisco de Assis como homem da paz e refletiu sobre a import\u00e2ncia do di\u00e1logo e da solidariedade em tempos dif\u00edceis.<\/p>\n<p>Cada l\u00edder religioso fez um breve discurso falando da paz em sua tradi\u00e7\u00e3o religiosa. Frei Diego disse que a paz crist\u00e3 n\u00e3o se conforma com a injusti\u00e7a e com a indiferen\u00e7a.<\/p>\n<p>Ap\u00f3s um momento de sil\u00eancio em mem\u00f3ria pelos mortos pela viol\u00eancia e pelas guerras, com rosas brancas nas m\u00e3os, cada l\u00edder religioso fez uma prece pela paz. O coral da Casa de Clara, o projeto social do Sefras com os idosos de S\u00e3o Paulo, encerrou o momento cantando a Ora\u00e7\u00e3o de S\u00e3o Francisco.<\/p>\n<p>Frei M\u00e1rio Tagliari, guardi\u00e3o da fraternidade, agradeceu a presen\u00e7a de todos e acolheu os presentes para uma confraterniza\u00e7\u00e3o no sal\u00e3o paroquial.<\/p>\n<p><strong><a href=\"https:\/\/www.facebook.com\/pg\/santuariosaofranciscosp\/photos\/?tab=album&amp;album_id=2279455162286351&amp;__xts__%5B0%5D=68.ARC_vEXfJvQKvAEH_ForyMBR_SFYjL8LOMPEaRq95JBUuj7X_2cizuuNO7ksRjYzPbP7ItRSbKqU1AWt0R9_6G5irr08GiWLLbm7xYyBbQritin8l2ysjxmr5fJ3wLAzJcG22WrN7iuq-4YeFwJR8pfd6d-HvffJl87r-P9qXanyUq0IdU52-zL6s28HP4L4GVdYPxipDNY&amp;__tn__=-UC-R\" target=\"_blank\" rel=\"noopener noreferrer\">Veja mais imagens no Facebook do Santu\u00e1rio S\u00e3o Francisco<\/a><\/strong><\/p>\n","protected":false},"excerpt":{"rendered":"<p>Esp\u00edrito de Assis<\/p>\n","protected":false},"author":1,"featured_media":191075,"comment_status":"open","ping_status":"open","sticky":false,"template":"","format":"standard","meta":[],"categories":[1],"tags":[228],"acf":[],"yoast_head":"<!-- This site is optimized with the Yoast SEO plugin v19.2 - https:\/\/yoast.com\/wordpress\/plugins\/seo\/ -->\n<title>Em S\u00e3o Paulo: Ato inter-religioso em prol da paz - Not\u00edcias - Franciscanos<\/title>\n<meta name=\"robots\" content=\"index, follow, max-snippet:-1, max-image-preview:large, max-video-preview:-1\" \/>\n<link rel=\"canonical\" href=\"https:\/\/franciscanos.org.br\/noticias\/em-sao-paulo-ato-inter-religioso-em-prol-da-paz.html\" \/>\n<meta property=\"og:locale\" content=\"pt_BR\" \/>\n<meta property=\"og:type\" content=\"article\" \/>\n<meta property=\"og:title\" content=\"Em S\u00e3o Paulo: Ato inter-religioso em prol da paz - Not\u00edcias - Franciscanos\" \/>\n<meta property=\"og:description\" content=\"Esp\u00edrito de Assis\" \/>\n<meta property=\"og:url\" content=\"https:\/\/franciscanos.org.br\/noticias\/em-sao-paulo-ato-inter-religioso-em-prol-da-paz.html\" \/>\n<meta property=\"og:site_name\" content=\"Not\u00edcias - Franciscanos\" \/>\n<meta property=\"article:published_time\" content=\"2018-11-01T18:40:11+00:00\" \/>\n<meta property=\"article:modified_time\" content=\"2019-05-28T12:47:20+00:00\" \/>\n<meta property=\"og:image\" content=\"https:\/\/franciscanos.org.br\/noticias\/wp-content\/uploads\/2018\/11\/ato_311018-830-2.jpg\" \/>\n\t<meta property=\"og:image:width\" content=\"273\" \/>\n\t<meta property=\"og:image:height\" content=\"181\" \/>\n\t<meta property=\"og:image:type\" content=\"image\/jpeg\" \/>\n<meta name=\"author\" content=\"admin\" \/>\n<meta name=\"twitter:card\" content=\"summary_large_image\" \/>\n<meta name=\"twitter:label1\" content=\"Escrito por\" \/>\n\t<meta name=\"twitter:data1\" content=\"admin\" \/>\n\t<meta name=\"twitter:label2\" content=\"Est. tempo de leitura\" \/>\n\t<meta name=\"twitter:data2\" content=\"2 minutos\" \/>\n<script type=\"application\/ld+json\" class=\"yoast-schema-graph\">{\"@context\":\"https:\/\/schema.org\",\"@graph\":[{\"@type\":\"WebSite\",\"@id\":\"https:\/\/franciscanos.org.br\/noticias\/#website\",\"url\":\"https:\/\/franciscanos.org.br\/noticias\/\",\"name\":\"Not\u00edcias - Franciscanos\",\"description\":\"Prov\u00edncia Franciscana da Imaculada Concei\u00e7\u00e3o do Brasil - Ordem dos Frades Menores - OFM\",\"potentialAction\":[{\"@type\":\"SearchAction\",\"target\":{\"@type\":\"EntryPoint\",\"urlTemplate\":\"https:\/\/franciscanos.org.br\/noticias\/?s={search_term_string}\"},\"query-input\":\"required name=search_term_string\"}],\"inLanguage\":\"pt-BR\"},{\"@type\":\"ImageObject\",\"inLanguage\":\"pt-BR\",\"@id\":\"https:\/\/franciscanos.org.br\/noticias\/em-sao-paulo-ato-inter-religioso-em-prol-da-paz.html#primaryimage\",\"url\":\"https:\/\/franciscanos.org.br\/noticias\/wp-content\/uploads\/2018\/11\/ato_311018-830-2.jpg\",\"contentUrl\":\"https:\/\/franciscanos.org.br\/noticias\/wp-content\/uploads\/2018\/11\/ato_311018-830-2.jpg\",\"width\":273,\"height\":181},{\"@type\":\"WebPage\",\"@id\":\"https:\/\/franciscanos.org.br\/noticias\/em-sao-paulo-ato-inter-religioso-em-prol-da-paz.html#webpage\",\"url\":\"https:\/\/franciscanos.org.br\/noticias\/em-sao-paulo-ato-inter-religioso-em-prol-da-paz.html\",\"name\":\"Em S\u00e3o Paulo: Ato inter-religioso em prol da paz - Not\u00edcias - Franciscanos\",\"isPartOf\":{\"@id\":\"https:\/\/franciscanos.org.br\/noticias\/#website\"},\"primaryImageOfPage\":{\"@id\":\"https:\/\/franciscanos.org.br\/noticias\/em-sao-paulo-ato-inter-religioso-em-prol-da-paz.html#primaryimage\"},\"datePublished\":\"2018-11-01T18:40:11+00:00\",\"dateModified\":\"2019-05-28T12:47:20+00:00\",\"author\":{\"@id\":\"https:\/\/franciscanos.org.br\/noticias\/#\/schema\/person\/b38fbf43118f02820bd932f2e4b14ad3\"},\"breadcrumb\":{\"@id\":\"https:\/\/franciscanos.org.br\/noticias\/em-sao-paulo-ato-inter-religioso-em-prol-da-paz.html#breadcrumb\"},\"inLanguage\":\"pt-BR\",\"potentialAction\":[{\"@type\":\"ReadAction\",\"target\":[\"https:\/\/franciscanos.org.br\/noticias\/em-sao-paulo-ato-inter-religioso-em-prol-da-paz.html\"]}]},{\"@type\":\"BreadcrumbList\",\"@id\":\"https:\/\/franciscanos.org.br\/noticias\/em-sao-paulo-ato-inter-religioso-em-prol-da-paz.html#breadcrumb\",\"itemListElement\":[{\"@type\":\"ListItem\",\"position\":1,\"name\":\"Home\",\"item\":\"https:\/\/franciscanos.org.br\/noticias\"},{\"@type\":\"ListItem\",\"position\":2,\"name\":\"Em S\u00e3o Paulo: Ato inter-religioso em prol da paz\"}]},{\"@type\":\"Person\",\"@id\":\"https:\/\/franciscanos.org.br\/noticias\/#\/schema\/person\/b38fbf43118f02820bd932f2e4b14ad3\",\"name\":\"admin\",\"image\":{\"@type\":\"ImageObject\",\"inLanguage\":\"pt-BR\",\"@id\":\"https:\/\/franciscanos.org.br\/noticias\/#\/schema\/person\/image\/\",\"url\":\"https:\/\/secure.gravatar.com\/avatar\/e8495742d34d0ba6448ea1c628263b3e?s=96&d=mm&r=g\",\"contentUrl\":\"https:\/\/secure.gravatar.com\/avatar\/e8495742d34d0ba6448ea1c628263b3e?s=96&d=mm&r=g\",\"caption\":\"admin\"},\"url\":\"https:\/\/franciscanos.org.br\/noticias\/author\/admin\"}]}<\/script>\n<!-- \/ Yoast SEO plugin. -->","yoast_head_json":{"title":"Em S\u00e3o Paulo: Ato inter-religioso em prol da paz - Not\u00edcias - Franciscanos","robots":{"index":"index","follow":"follow","max-snippet":"max-snippet:-1","max-image-preview":"max-image-preview:large","max-video-preview":"max-video-preview:-1"},"canonical":"https:\/\/franciscanos.org.br\/noticias\/em-sao-paulo-ato-inter-religioso-em-prol-da-paz.html","og_locale":"pt_BR","og_type":"article","og_title":"Em S\u00e3o Paulo: Ato inter-religioso em prol da paz - Not\u00edcias - Franciscanos","og_description":"Esp\u00edrito de Assis","og_url":"https:\/\/franciscanos.org.br\/noticias\/em-sao-paulo-ato-inter-religioso-em-prol-da-paz.html","og_site_name":"Not\u00edcias - Franciscanos","article_published_time":"2018-11-01T18:40:11+00:00","article_modified_time":"2019-05-28T12:47:20+00:00","og_image":[{"width":273,"height":181,"url":"https:\/\/franciscanos.org.br\/noticias\/wp-content\/uploads\/2018\/11\/ato_311018-830-2.jpg","type":"image\/jpeg"}],"author":"admin","twitter_card":"summary_large_image","twitter_misc":{"Escrito por":"admin","Est. tempo de leitura":"2 minutos"},"schema":{"@context":"https:\/\/schema.org","@graph":[{"@type":"WebSite","@id":"https:\/\/franciscanos.org.br\/noticias\/#website","url":"https:\/\/franciscanos.org.br\/noticias\/","name":"Not\u00edcias - Franciscanos","description":"Prov\u00edncia Franciscana da Imaculada Concei\u00e7\u00e3o do Brasil - Ordem dos Frades Menores - OFM","potentialAction":[{"@type":"SearchAction","target":{"@type":"EntryPoint","urlTemplate":"https:\/\/franciscanos.org.br\/noticias\/?s={search_term_string}"},"query-input":"required name=search_term_string"}],"inLanguage":"pt-BR"},{"@type":"ImageObject","inLanguage":"pt-BR","@id":"https:\/\/franciscanos.org.br\/noticias\/em-sao-paulo-ato-inter-religioso-em-prol-da-paz.html#primaryimage","url":"https:\/\/franciscanos.org.br\/noticias\/wp-content\/uploads\/2018\/11\/ato_311018-830-2.jpg","contentUrl":"https:\/\/franciscanos.org.br\/noticias\/wp-content\/uploads\/2018\/11\/ato_311018-830-2.jpg","width":273,"height":181},{"@type":"WebPage","@id":"https:\/\/franciscanos.org.br\/noticias\/em-sao-paulo-ato-inter-religioso-em-prol-da-paz.html#webpage","url":"https:\/\/franciscanos.org.br\/noticias\/em-sao-paulo-ato-inter-religioso-em-prol-da-paz.html","name":"Em S\u00e3o Paulo: Ato inter-religioso em prol da paz - Not\u00edcias - Franciscanos","isPartOf":{"@id":"https:\/\/franciscanos.org.br\/noticias\/#website"},"primaryImageOfPage":{"@id":"https:\/\/franciscanos.org.br\/noticias\/em-sao-paulo-ato-inter-religioso-em-prol-da-paz.html#primaryimage"},"datePublished":"2018-11-01T18:40:11+00:00","dateModified":"2019-05-28T12:47:20+00:00","author":{"@id":"https:\/\/franciscanos.org.br\/noticias\/#\/schema\/person\/b38fbf43118f02820bd932f2e4b14ad3"},"breadcrumb":{"@id":"https:\/\/franciscanos.org.br\/noticias\/em-sao-paulo-ato-inter-religioso-em-prol-da-paz.html#breadcrumb"},"inLanguage":"pt-BR","potentialAction":[{"@type":"ReadAction","target":["https:\/\/franciscanos.org.br\/noticias\/em-sao-paulo-ato-inter-religioso-em-prol-da-paz.html"]}]},{"@type":"BreadcrumbList","@id":"https:\/\/franciscanos.org.br\/noticias\/em-sao-paulo-ato-inter-religioso-em-prol-da-paz.html#breadcrumb","itemListElement":[{"@type":"ListItem","position":1,"name":"Home","item":"https:\/\/franciscanos.org.br\/noticias"},{"@type":"ListItem","position":2,"name":"Em S\u00e3o Paulo: Ato inter-religioso em prol da paz"}]},{"@type":"Person","@id":"https:\/\/franciscanos.org.br\/noticias\/#\/schema\/person\/b38fbf43118f02820bd932f2e4b14ad3","name":"admin","image":{"@type":"ImageObject","inLanguage":"pt-BR","@id":"https:\/\/franciscanos.org.br\/noticias\/#\/schema\/person\/image\/","url":"https:\/\/secure.gravatar.com\/avatar\/e8495742d34d0ba6448ea1c628263b3e?s=96&d=mm&r=g","contentUrl":"https:\/\/secure.gravatar.com\/avatar\/e8495742d34d0ba6448ea1c628263b3e?s=96&d=mm&r=g","caption":"admin"},"url":"https:\/\/franciscanos.org.br\/noticias\/author\/admin"}]}},"_links":{"self":[{"href":"https:\/\/franciscanos.org.br\/noticias\/wp-json\/wp\/v2\/posts\/188766"}],"collection":[{"href":"https:\/\/franciscanos.org.br\/noticias\/wp-json\/wp\/v2\/posts"}],"about":[{"href":"https:\/\/franciscanos.org.br\/noticias\/wp-json\/wp\/v2\/types\/post"}],"author":[{"embeddable":true,"href":"https:\/\/franciscanos.org.br\/noticias\/wp-json\/wp\/v2\/users\/1"}],"replies":[{"embeddable":true,"href":"https:\/\/franciscanos.org.br\/noticias\/wp-json\/wp\/v2\/comments?post=188766"}],"version-history":[{"count":0,"href":"https:\/\/franciscanos.org.br\/noticias\/wp-json\/wp\/v2\/posts\/188766\/revisions"}],"wp:featuredmedia":[{"embeddable":true,"href":"https:\/\/franciscanos.org.br\/noticias\/wp-json\/wp\/v2\/media\/191075"}],"wp:attachment":[{"href":"https:\/\/franciscanos.org.br\/noticias\/wp-json\/wp\/v2\/media?parent=188766"}],"wp:term":[{"taxonomy":"category","embeddable":true,"href":"https:\/\/franciscanos.org.br\/noticias\/wp-json\/wp\/v2\/categories?post=188766"},{"taxonomy":"post_tag","embeddable":true,"href":"https:\/\/franciscanos.org.br\/noticias\/wp-json\/wp\/v2\/tags?post=188766"}],"curies":[{"name":"wp","href":"https:\/\/api.w.org\/{rel}","templated":true}]}}