{"id":188764,"date":"2018-11-02T12:12:05","date_gmt":"2018-11-02T15:12:05","guid":{"rendered":"http:\/\/franciscanos.org.br\/?p=176050"},"modified":"2019-09-12T09:50:19","modified_gmt":"2019-09-12T12:50:19","slug":"ordem-divulga-documento-final-do-conselho-plenario","status":"publish","type":"post","link":"https:\/\/franciscanos.org.br\/noticias\/ordem-divulga-documento-final-do-conselho-plenario.html","title":{"rendered":"Ordem divulga Documento Final do Conselho Plen\u00e1rio"},"content":{"rendered":"<p><strong><img loading=\"lazy\" class=\"alignright size-full wp-image-176051\" src=\"http:\/\/franciscanos.org.br\/wp-content\/uploads\/2018\/11\/cpo_011118-450.jpg\" alt=\"cpo_011118 450\" width=\"450\" height=\"451\" \/>S\u00e3o Paulo (SP) &#8211;<\/strong> Foi divulgado nesta quinta-feira, 1\u00ba de novembro, o Documento Final do Conselho Plen\u00e1rio da Ordem (CPO).<\/p>\n<p>O CPO aconteceu de 12 a\u00a028\/6, na cidade de Nair\u00f3bi, capital do Qu\u00eania. Com o tema \u201cQuem tem ouvidos, ou\u00e7a o que o Esp\u00edrito diz\u2026 aos Frades Menores hoje\u201d (cf. Ap 2,7), 63 frades de v\u00e1rias Confer\u00eancias e Entidades do mundo estiveram reunidos para partilhar as realidades onde os frades est\u00e3o inseridos e ajudar o Definit\u00f3rio Geral na elabora\u00e7\u00e3o do Documento.<\/p>\n<p>Na Apresenta\u00e7\u00e3o, Frei Michael Perry, o Ministro Geral, afirma: \u201cO documento \u00e9 fruto da reflex\u00e3o dos Conselheiros e do Definit\u00f3rio Geral que viveram o processo sinodal, chegando a um texto que nos permite conhecer melhor a nossa realidade e ajuda a colocarmo-nos em atitude de escuta, de ora\u00e7\u00e3o e de reflex\u00e3o, para discernirmos e identificarmos caminhos concretos para nos colocarmos em sa\u00edda, respondendo com alegria ao Senhor que nos chama \u00e0 convers\u00e3o para uma vida franciscana mais aut\u00eantica no mundo de hoje que muda t\u00e3o rapidamente\u201d.<\/p>\n<p>\u201cO meu desejo, de fato, \u00e9 que todos voc\u00eas, todas as Entidades, cada fraternidade e cada irm\u00e3o continuem o caminho iniciado com o CPO e, por sua vez, nos v\u00e1rios contextos em que voc\u00eas vivem, levem adiante este processo de escuta, de discernimento e de sa\u00edda\u201d, anima o Ministro Geral.<\/p>\n<p>O Documento \u00e9 dividido em tr\u00eas partes: escutar, discernir e sair. Como proposta concreta, s\u00e3o apontados tr\u00eas assuntos considerados fundamentais pelo CPO: a nossa identidade carism\u00e1tica, os jovens e o cuidado da \u201ccasa comum\u201d.<\/p>\n<p>O Documento est\u00e1 dispon\u00edvel no link abaixo:\u00a0<a href=\"http:\/\/bit.ly\/2P4P9qO\" target=\"_blank\" rel=\"noopener noreferrer\">http:\/\/bit.ly\/2P4P9qO<\/a><\/p>\n","protected":false},"excerpt":{"rendered":"<p>Frades Menores<\/p>\n","protected":false},"author":1,"featured_media":191068,"comment_status":"open","ping_status":"open","sticky":false,"template":"","format":"standard","meta":[],"categories":[1],"tags":[128,397],"acf":[],"yoast_head":"<!-- This site is optimized with the Yoast SEO plugin v19.2 - https:\/\/yoast.com\/wordpress\/plugins\/seo\/ -->\n<title>Ordem divulga Documento Final do Conselho Plen\u00e1rio - Not\u00edcias - Franciscanos<\/title>\n<meta name=\"robots\" content=\"index, follow, max-snippet:-1, max-image-preview:large, max-video-preview:-1\" \/>\n<link rel=\"canonical\" href=\"https:\/\/franciscanos.org.br\/noticias\/ordem-divulga-documento-final-do-conselho-plenario.html\" \/>\n<meta property=\"og:locale\" content=\"pt_BR\" \/>\n<meta property=\"og:type\" content=\"article\" \/>\n<meta property=\"og:title\" content=\"Ordem divulga Documento Final do Conselho Plen\u00e1rio - Not\u00edcias - Franciscanos\" \/>\n<meta property=\"og:description\" content=\"Frades Menores\" \/>\n<meta property=\"og:url\" content=\"https:\/\/franciscanos.org.br\/noticias\/ordem-divulga-documento-final-do-conselho-plenario.html\" \/>\n<meta property=\"og:site_name\" content=\"Not\u00edcias - Franciscanos\" \/>\n<meta property=\"article:published_time\" content=\"2018-11-02T15:12:05+00:00\" \/>\n<meta property=\"article:modified_time\" content=\"2019-09-12T12:50:19+00:00\" \/>\n<meta property=\"og:image\" content=\"https:\/\/franciscanos.org.br\/noticias\/wp-content\/uploads\/2018\/11\/cpo_011118-450-2.jpg\" \/>\n\t<meta property=\"og:image:width\" content=\"273\" \/>\n\t<meta property=\"og:image:height\" content=\"181\" \/>\n\t<meta property=\"og:image:type\" content=\"image\/jpeg\" \/>\n<meta name=\"author\" content=\"admin\" \/>\n<meta name=\"twitter:card\" content=\"summary_large_image\" \/>\n<meta name=\"twitter:label1\" content=\"Escrito por\" \/>\n\t<meta name=\"twitter:data1\" content=\"admin\" \/>\n\t<meta name=\"twitter:label2\" content=\"Est. tempo de leitura\" \/>\n\t<meta name=\"twitter:data2\" content=\"1 minuto\" \/>\n<script type=\"application\/ld+json\" class=\"yoast-schema-graph\">{\"@context\":\"https:\/\/schema.org\",\"@graph\":[{\"@type\":\"WebSite\",\"@id\":\"https:\/\/franciscanos.org.br\/noticias\/#website\",\"url\":\"https:\/\/franciscanos.org.br\/noticias\/\",\"name\":\"Not\u00edcias - Franciscanos\",\"description\":\"Prov\u00edncia Franciscana da Imaculada Concei\u00e7\u00e3o do Brasil - Ordem dos Frades Menores - OFM\",\"potentialAction\":[{\"@type\":\"SearchAction\",\"target\":{\"@type\":\"EntryPoint\",\"urlTemplate\":\"https:\/\/franciscanos.org.br\/noticias\/?s={search_term_string}\"},\"query-input\":\"required name=search_term_string\"}],\"inLanguage\":\"pt-BR\"},{\"@type\":\"ImageObject\",\"inLanguage\":\"pt-BR\",\"@id\":\"https:\/\/franciscanos.org.br\/noticias\/ordem-divulga-documento-final-do-conselho-plenario.html#primaryimage\",\"url\":\"https:\/\/franciscanos.org.br\/noticias\/wp-content\/uploads\/2018\/11\/cpo_011118-450-2.jpg\",\"contentUrl\":\"https:\/\/franciscanos.org.br\/noticias\/wp-content\/uploads\/2018\/11\/cpo_011118-450-2.jpg\",\"width\":273,\"height\":181},{\"@type\":\"WebPage\",\"@id\":\"https:\/\/franciscanos.org.br\/noticias\/ordem-divulga-documento-final-do-conselho-plenario.html#webpage\",\"url\":\"https:\/\/franciscanos.org.br\/noticias\/ordem-divulga-documento-final-do-conselho-plenario.html\",\"name\":\"Ordem divulga Documento Final do Conselho Plen\u00e1rio - Not\u00edcias - Franciscanos\",\"isPartOf\":{\"@id\":\"https:\/\/franciscanos.org.br\/noticias\/#website\"},\"primaryImageOfPage\":{\"@id\":\"https:\/\/franciscanos.org.br\/noticias\/ordem-divulga-documento-final-do-conselho-plenario.html#primaryimage\"},\"datePublished\":\"2018-11-02T15:12:05+00:00\",\"dateModified\":\"2019-09-12T12:50:19+00:00\",\"author\":{\"@id\":\"https:\/\/franciscanos.org.br\/noticias\/#\/schema\/person\/b38fbf43118f02820bd932f2e4b14ad3\"},\"breadcrumb\":{\"@id\":\"https:\/\/franciscanos.org.br\/noticias\/ordem-divulga-documento-final-do-conselho-plenario.html#breadcrumb\"},\"inLanguage\":\"pt-BR\",\"potentialAction\":[{\"@type\":\"ReadAction\",\"target\":[\"https:\/\/franciscanos.org.br\/noticias\/ordem-divulga-documento-final-do-conselho-plenario.html\"]}]},{\"@type\":\"BreadcrumbList\",\"@id\":\"https:\/\/franciscanos.org.br\/noticias\/ordem-divulga-documento-final-do-conselho-plenario.html#breadcrumb\",\"itemListElement\":[{\"@type\":\"ListItem\",\"position\":1,\"name\":\"Home\",\"item\":\"https:\/\/franciscanos.org.br\/noticias\"},{\"@type\":\"ListItem\",\"position\":2,\"name\":\"Ordem divulga Documento Final do Conselho Plen\u00e1rio\"}]},{\"@type\":\"Person\",\"@id\":\"https:\/\/franciscanos.org.br\/noticias\/#\/schema\/person\/b38fbf43118f02820bd932f2e4b14ad3\",\"name\":\"admin\",\"image\":{\"@type\":\"ImageObject\",\"inLanguage\":\"pt-BR\",\"@id\":\"https:\/\/franciscanos.org.br\/noticias\/#\/schema\/person\/image\/\",\"url\":\"https:\/\/secure.gravatar.com\/avatar\/e8495742d34d0ba6448ea1c628263b3e?s=96&d=mm&r=g\",\"contentUrl\":\"https:\/\/secure.gravatar.com\/avatar\/e8495742d34d0ba6448ea1c628263b3e?s=96&d=mm&r=g\",\"caption\":\"admin\"},\"url\":\"https:\/\/franciscanos.org.br\/noticias\/author\/admin\"}]}<\/script>\n<!-- \/ Yoast SEO plugin. -->","yoast_head_json":{"title":"Ordem divulga Documento Final do Conselho Plen\u00e1rio - Not\u00edcias - Franciscanos","robots":{"index":"index","follow":"follow","max-snippet":"max-snippet:-1","max-image-preview":"max-image-preview:large","max-video-preview":"max-video-preview:-1"},"canonical":"https:\/\/franciscanos.org.br\/noticias\/ordem-divulga-documento-final-do-conselho-plenario.html","og_locale":"pt_BR","og_type":"article","og_title":"Ordem divulga Documento Final do Conselho Plen\u00e1rio - Not\u00edcias - Franciscanos","og_description":"Frades Menores","og_url":"https:\/\/franciscanos.org.br\/noticias\/ordem-divulga-documento-final-do-conselho-plenario.html","og_site_name":"Not\u00edcias - Franciscanos","article_published_time":"2018-11-02T15:12:05+00:00","article_modified_time":"2019-09-12T12:50:19+00:00","og_image":[{"width":273,"height":181,"url":"https:\/\/franciscanos.org.br\/noticias\/wp-content\/uploads\/2018\/11\/cpo_011118-450-2.jpg","type":"image\/jpeg"}],"author":"admin","twitter_card":"summary_large_image","twitter_misc":{"Escrito por":"admin","Est. tempo de leitura":"1 minuto"},"schema":{"@context":"https:\/\/schema.org","@graph":[{"@type":"WebSite","@id":"https:\/\/franciscanos.org.br\/noticias\/#website","url":"https:\/\/franciscanos.org.br\/noticias\/","name":"Not\u00edcias - Franciscanos","description":"Prov\u00edncia Franciscana da Imaculada Concei\u00e7\u00e3o do Brasil - Ordem dos Frades Menores - OFM","potentialAction":[{"@type":"SearchAction","target":{"@type":"EntryPoint","urlTemplate":"https:\/\/franciscanos.org.br\/noticias\/?s={search_term_string}"},"query-input":"required name=search_term_string"}],"inLanguage":"pt-BR"},{"@type":"ImageObject","inLanguage":"pt-BR","@id":"https:\/\/franciscanos.org.br\/noticias\/ordem-divulga-documento-final-do-conselho-plenario.html#primaryimage","url":"https:\/\/franciscanos.org.br\/noticias\/wp-content\/uploads\/2018\/11\/cpo_011118-450-2.jpg","contentUrl":"https:\/\/franciscanos.org.br\/noticias\/wp-content\/uploads\/2018\/11\/cpo_011118-450-2.jpg","width":273,"height":181},{"@type":"WebPage","@id":"https:\/\/franciscanos.org.br\/noticias\/ordem-divulga-documento-final-do-conselho-plenario.html#webpage","url":"https:\/\/franciscanos.org.br\/noticias\/ordem-divulga-documento-final-do-conselho-plenario.html","name":"Ordem divulga Documento Final do Conselho Plen\u00e1rio - Not\u00edcias - Franciscanos","isPartOf":{"@id":"https:\/\/franciscanos.org.br\/noticias\/#website"},"primaryImageOfPage":{"@id":"https:\/\/franciscanos.org.br\/noticias\/ordem-divulga-documento-final-do-conselho-plenario.html#primaryimage"},"datePublished":"2018-11-02T15:12:05+00:00","dateModified":"2019-09-12T12:50:19+00:00","author":{"@id":"https:\/\/franciscanos.org.br\/noticias\/#\/schema\/person\/b38fbf43118f02820bd932f2e4b14ad3"},"breadcrumb":{"@id":"https:\/\/franciscanos.org.br\/noticias\/ordem-divulga-documento-final-do-conselho-plenario.html#breadcrumb"},"inLanguage":"pt-BR","potentialAction":[{"@type":"ReadAction","target":["https:\/\/franciscanos.org.br\/noticias\/ordem-divulga-documento-final-do-conselho-plenario.html"]}]},{"@type":"BreadcrumbList","@id":"https:\/\/franciscanos.org.br\/noticias\/ordem-divulga-documento-final-do-conselho-plenario.html#breadcrumb","itemListElement":[{"@type":"ListItem","position":1,"name":"Home","item":"https:\/\/franciscanos.org.br\/noticias"},{"@type":"ListItem","position":2,"name":"Ordem divulga Documento Final do Conselho Plen\u00e1rio"}]},{"@type":"Person","@id":"https:\/\/franciscanos.org.br\/noticias\/#\/schema\/person\/b38fbf43118f02820bd932f2e4b14ad3","name":"admin","image":{"@type":"ImageObject","inLanguage":"pt-BR","@id":"https:\/\/franciscanos.org.br\/noticias\/#\/schema\/person\/image\/","url":"https:\/\/secure.gravatar.com\/avatar\/e8495742d34d0ba6448ea1c628263b3e?s=96&d=mm&r=g","contentUrl":"https:\/\/secure.gravatar.com\/avatar\/e8495742d34d0ba6448ea1c628263b3e?s=96&d=mm&r=g","caption":"admin"},"url":"https:\/\/franciscanos.org.br\/noticias\/author\/admin"}]}},"_links":{"self":[{"href":"https:\/\/franciscanos.org.br\/noticias\/wp-json\/wp\/v2\/posts\/188764"}],"collection":[{"href":"https:\/\/franciscanos.org.br\/noticias\/wp-json\/wp\/v2\/posts"}],"about":[{"href":"https:\/\/franciscanos.org.br\/noticias\/wp-json\/wp\/v2\/types\/post"}],"author":[{"embeddable":true,"href":"https:\/\/franciscanos.org.br\/noticias\/wp-json\/wp\/v2\/users\/1"}],"replies":[{"embeddable":true,"href":"https:\/\/franciscanos.org.br\/noticias\/wp-json\/wp\/v2\/comments?post=188764"}],"version-history":[{"count":0,"href":"https:\/\/franciscanos.org.br\/noticias\/wp-json\/wp\/v2\/posts\/188764\/revisions"}],"wp:featuredmedia":[{"embeddable":true,"href":"https:\/\/franciscanos.org.br\/noticias\/wp-json\/wp\/v2\/media\/191068"}],"wp:attachment":[{"href":"https:\/\/franciscanos.org.br\/noticias\/wp-json\/wp\/v2\/media?parent=188764"}],"wp:term":[{"taxonomy":"category","embeddable":true,"href":"https:\/\/franciscanos.org.br\/noticias\/wp-json\/wp\/v2\/categories?post=188764"},{"taxonomy":"post_tag","embeddable":true,"href":"https:\/\/franciscanos.org.br\/noticias\/wp-json\/wp\/v2\/tags?post=188764"}],"curies":[{"name":"wp","href":"https:\/\/api.w.org\/{rel}","templated":true}]}}