{"id":188762,"date":"2018-10-31T17:03:47","date_gmt":"2018-10-31T20:03:47","guid":{"rendered":"http:\/\/franciscanos.org.br\/?p=175929"},"modified":"2018-11-23T14:29:57","modified_gmt":"2018-11-23T16:29:57","slug":"universidade-sao-francisco-celebra-o-espirito-de-assis","status":"publish","type":"post","link":"https:\/\/franciscanos.org.br\/noticias\/universidade-sao-francisco-celebra-o-espirito-de-assis.html","title":{"rendered":"Universidade S\u00e3o Francisco celebra o Esp\u00edrito de Assis"},"content":{"rendered":"<p><img loading=\"lazy\" class=\"alignleft\" src=\"http:\/\/franciscanos.org.br\/wp-content\/uploads\/2018\/10\/paz_311018-830.jpg\" alt=\"paz_311018-830\" width=\"830\" height=\"400\" \/><strong>Bragan\u00e7a Paulista (SP) &#8211;<\/strong> A Universidade S\u00e3o Francisco (USF), em sintonia com a Fam\u00edlia Franciscana e com toda Igreja, celebrou durante o m\u00eas de outubro o Esp\u00edrito de Assis, um momento encontro, ora\u00e7\u00e3o e di\u00e1logo com l\u00edderes religiosos, pedindo pela paz. Nos dias 16 e 17\/10, o evento foi realizado no Campus de Campinas e dia 18 em Itatiba. No dia 30 de outubro, \u00e0s 19h30, o encontro foi realizado no sal\u00e3o nobre do campus da USF em Bragan\u00e7a Paulista. Diversas lideran\u00e7as religiosas estiveram presentes.<\/p>\n<p><strong>Hist\u00f3rico<\/strong><\/p>\n<p>No dia 27 de outubro de 1986, o S\u00e3o Jo\u00e3o Papa Jo\u00e3o Paulo II convida respons\u00e1veis de diversas experi\u00eancias religiosas, comunidades eclesiais e l\u00edderes de grandes religi\u00f5es do mundo para reunirem em Assis, na It\u00e1lia, para um dia de Ora\u00e7\u00e3o pela Paz. Este dia foi chamado Esp\u00edrito de Assis. Aqui na USF, n\u00f3s mantemos a tradi\u00e7\u00e3o que existe h\u00e1 32 anos, na Noite de Ora\u00e7\u00e3o de Di\u00e1logo Inter Religioso pela Paz no Mundo.<\/p>\n<p>O que de melhor as religi\u00f5es podem fazer pelo mundo \u00e9 instaurar a Cultura da Paz atrav\u00e9s de experi\u00eancias e pr\u00e1ticas espirituais aut\u00eanticas. Al\u00e9m disso, \u00e9 preciso mostrar que podemos dialogar no Esp\u00edrito Comum e na unidade das diferen\u00e7as. H\u00e1 muita comunh\u00e3o na ora\u00e7\u00e3o, h\u00e1 unidade no Esp\u00edrito.<\/p>\n<p>Agradecemos a todos que participaram em reverente sil\u00eancio, na prece comum e na respeitosa acolhida \u00e0s diversas experi\u00eancias espirituais e religiosas. Agradecemos os l\u00edderes que vieram trazer a sua fecunda mensagem pela presen\u00e7a sagrada, pela paz transmitida e pelos sonhos que despertaram em n\u00f3s!<\/p>\n","protected":false},"excerpt":{"rendered":"<p>USF<\/p>\n","protected":false},"author":1,"featured_media":191091,"comment_status":"open","ping_status":"open","sticky":false,"template":"","format":"standard","meta":[],"categories":[1],"tags":[1118,354],"acf":[],"yoast_head":"<!-- This site is optimized with the Yoast SEO plugin v19.2 - https:\/\/yoast.com\/wordpress\/plugins\/seo\/ -->\n<title>Universidade S\u00e3o Francisco celebra o Esp\u00edrito de Assis - Not\u00edcias - Franciscanos<\/title>\n<meta name=\"robots\" content=\"index, follow, max-snippet:-1, max-image-preview:large, max-video-preview:-1\" \/>\n<link rel=\"canonical\" href=\"https:\/\/franciscanos.org.br\/noticias\/universidade-sao-francisco-celebra-o-espirito-de-assis.html\" \/>\n<meta property=\"og:locale\" content=\"pt_BR\" \/>\n<meta property=\"og:type\" content=\"article\" \/>\n<meta property=\"og:title\" content=\"Universidade S\u00e3o Francisco celebra o Esp\u00edrito de Assis - Not\u00edcias - Franciscanos\" \/>\n<meta property=\"og:description\" content=\"USF\" \/>\n<meta property=\"og:url\" content=\"https:\/\/franciscanos.org.br\/noticias\/universidade-sao-francisco-celebra-o-espirito-de-assis.html\" \/>\n<meta property=\"og:site_name\" content=\"Not\u00edcias - Franciscanos\" \/>\n<meta property=\"article:published_time\" content=\"2018-10-31T20:03:47+00:00\" \/>\n<meta property=\"article:modified_time\" content=\"2018-11-23T16:29:57+00:00\" \/>\n<meta property=\"og:image\" content=\"https:\/\/franciscanos.org.br\/noticias\/wp-content\/uploads\/2018\/10\/paz_311018-830.jpg\" \/>\n\t<meta property=\"og:image:width\" content=\"273\" \/>\n\t<meta property=\"og:image:height\" content=\"181\" \/>\n\t<meta property=\"og:image:type\" content=\"image\/jpeg\" \/>\n<meta name=\"author\" content=\"admin\" \/>\n<meta name=\"twitter:card\" content=\"summary_large_image\" \/>\n<meta name=\"twitter:label1\" content=\"Escrito por\" \/>\n\t<meta name=\"twitter:data1\" content=\"admin\" \/>\n\t<meta name=\"twitter:label2\" content=\"Est. tempo de leitura\" \/>\n\t<meta name=\"twitter:data2\" content=\"1 minuto\" \/>\n<script type=\"application\/ld+json\" class=\"yoast-schema-graph\">{\"@context\":\"https:\/\/schema.org\",\"@graph\":[{\"@type\":\"WebSite\",\"@id\":\"https:\/\/franciscanos.org.br\/noticias\/#website\",\"url\":\"https:\/\/franciscanos.org.br\/noticias\/\",\"name\":\"Not\u00edcias - Franciscanos\",\"description\":\"Prov\u00edncia Franciscana da Imaculada Concei\u00e7\u00e3o do Brasil - Ordem dos Frades Menores - OFM\",\"potentialAction\":[{\"@type\":\"SearchAction\",\"target\":{\"@type\":\"EntryPoint\",\"urlTemplate\":\"https:\/\/franciscanos.org.br\/noticias\/?s={search_term_string}\"},\"query-input\":\"required name=search_term_string\"}],\"inLanguage\":\"pt-BR\"},{\"@type\":\"ImageObject\",\"inLanguage\":\"pt-BR\",\"@id\":\"https:\/\/franciscanos.org.br\/noticias\/universidade-sao-francisco-celebra-o-espirito-de-assis.html#primaryimage\",\"url\":\"https:\/\/franciscanos.org.br\/noticias\/wp-content\/uploads\/2018\/10\/paz_311018-830.jpg\",\"contentUrl\":\"https:\/\/franciscanos.org.br\/noticias\/wp-content\/uploads\/2018\/10\/paz_311018-830.jpg\",\"width\":273,\"height\":181},{\"@type\":\"WebPage\",\"@id\":\"https:\/\/franciscanos.org.br\/noticias\/universidade-sao-francisco-celebra-o-espirito-de-assis.html#webpage\",\"url\":\"https:\/\/franciscanos.org.br\/noticias\/universidade-sao-francisco-celebra-o-espirito-de-assis.html\",\"name\":\"Universidade S\u00e3o Francisco celebra o Esp\u00edrito de Assis - Not\u00edcias - Franciscanos\",\"isPartOf\":{\"@id\":\"https:\/\/franciscanos.org.br\/noticias\/#website\"},\"primaryImageOfPage\":{\"@id\":\"https:\/\/franciscanos.org.br\/noticias\/universidade-sao-francisco-celebra-o-espirito-de-assis.html#primaryimage\"},\"datePublished\":\"2018-10-31T20:03:47+00:00\",\"dateModified\":\"2018-11-23T16:29:57+00:00\",\"author\":{\"@id\":\"https:\/\/franciscanos.org.br\/noticias\/#\/schema\/person\/b38fbf43118f02820bd932f2e4b14ad3\"},\"breadcrumb\":{\"@id\":\"https:\/\/franciscanos.org.br\/noticias\/universidade-sao-francisco-celebra-o-espirito-de-assis.html#breadcrumb\"},\"inLanguage\":\"pt-BR\",\"potentialAction\":[{\"@type\":\"ReadAction\",\"target\":[\"https:\/\/franciscanos.org.br\/noticias\/universidade-sao-francisco-celebra-o-espirito-de-assis.html\"]}]},{\"@type\":\"BreadcrumbList\",\"@id\":\"https:\/\/franciscanos.org.br\/noticias\/universidade-sao-francisco-celebra-o-espirito-de-assis.html#breadcrumb\",\"itemListElement\":[{\"@type\":\"ListItem\",\"position\":1,\"name\":\"Home\",\"item\":\"https:\/\/franciscanos.org.br\/noticias\"},{\"@type\":\"ListItem\",\"position\":2,\"name\":\"Universidade S\u00e3o Francisco celebra o Esp\u00edrito de Assis\"}]},{\"@type\":\"Person\",\"@id\":\"https:\/\/franciscanos.org.br\/noticias\/#\/schema\/person\/b38fbf43118f02820bd932f2e4b14ad3\",\"name\":\"admin\",\"image\":{\"@type\":\"ImageObject\",\"inLanguage\":\"pt-BR\",\"@id\":\"https:\/\/franciscanos.org.br\/noticias\/#\/schema\/person\/image\/\",\"url\":\"https:\/\/secure.gravatar.com\/avatar\/e8495742d34d0ba6448ea1c628263b3e?s=96&d=mm&r=g\",\"contentUrl\":\"https:\/\/secure.gravatar.com\/avatar\/e8495742d34d0ba6448ea1c628263b3e?s=96&d=mm&r=g\",\"caption\":\"admin\"},\"url\":\"https:\/\/franciscanos.org.br\/noticias\/author\/admin\"}]}<\/script>\n<!-- \/ Yoast SEO plugin. -->","yoast_head_json":{"title":"Universidade S\u00e3o Francisco celebra o Esp\u00edrito de Assis - Not\u00edcias - Franciscanos","robots":{"index":"index","follow":"follow","max-snippet":"max-snippet:-1","max-image-preview":"max-image-preview:large","max-video-preview":"max-video-preview:-1"},"canonical":"https:\/\/franciscanos.org.br\/noticias\/universidade-sao-francisco-celebra-o-espirito-de-assis.html","og_locale":"pt_BR","og_type":"article","og_title":"Universidade S\u00e3o Francisco celebra o Esp\u00edrito de Assis - Not\u00edcias - Franciscanos","og_description":"USF","og_url":"https:\/\/franciscanos.org.br\/noticias\/universidade-sao-francisco-celebra-o-espirito-de-assis.html","og_site_name":"Not\u00edcias - Franciscanos","article_published_time":"2018-10-31T20:03:47+00:00","article_modified_time":"2018-11-23T16:29:57+00:00","og_image":[{"width":273,"height":181,"url":"https:\/\/franciscanos.org.br\/noticias\/wp-content\/uploads\/2018\/10\/paz_311018-830.jpg","type":"image\/jpeg"}],"author":"admin","twitter_card":"summary_large_image","twitter_misc":{"Escrito por":"admin","Est. tempo de leitura":"1 minuto"},"schema":{"@context":"https:\/\/schema.org","@graph":[{"@type":"WebSite","@id":"https:\/\/franciscanos.org.br\/noticias\/#website","url":"https:\/\/franciscanos.org.br\/noticias\/","name":"Not\u00edcias - Franciscanos","description":"Prov\u00edncia Franciscana da Imaculada Concei\u00e7\u00e3o do Brasil - Ordem dos Frades Menores - OFM","potentialAction":[{"@type":"SearchAction","target":{"@type":"EntryPoint","urlTemplate":"https:\/\/franciscanos.org.br\/noticias\/?s={search_term_string}"},"query-input":"required name=search_term_string"}],"inLanguage":"pt-BR"},{"@type":"ImageObject","inLanguage":"pt-BR","@id":"https:\/\/franciscanos.org.br\/noticias\/universidade-sao-francisco-celebra-o-espirito-de-assis.html#primaryimage","url":"https:\/\/franciscanos.org.br\/noticias\/wp-content\/uploads\/2018\/10\/paz_311018-830.jpg","contentUrl":"https:\/\/franciscanos.org.br\/noticias\/wp-content\/uploads\/2018\/10\/paz_311018-830.jpg","width":273,"height":181},{"@type":"WebPage","@id":"https:\/\/franciscanos.org.br\/noticias\/universidade-sao-francisco-celebra-o-espirito-de-assis.html#webpage","url":"https:\/\/franciscanos.org.br\/noticias\/universidade-sao-francisco-celebra-o-espirito-de-assis.html","name":"Universidade S\u00e3o Francisco celebra o Esp\u00edrito de Assis - Not\u00edcias - Franciscanos","isPartOf":{"@id":"https:\/\/franciscanos.org.br\/noticias\/#website"},"primaryImageOfPage":{"@id":"https:\/\/franciscanos.org.br\/noticias\/universidade-sao-francisco-celebra-o-espirito-de-assis.html#primaryimage"},"datePublished":"2018-10-31T20:03:47+00:00","dateModified":"2018-11-23T16:29:57+00:00","author":{"@id":"https:\/\/franciscanos.org.br\/noticias\/#\/schema\/person\/b38fbf43118f02820bd932f2e4b14ad3"},"breadcrumb":{"@id":"https:\/\/franciscanos.org.br\/noticias\/universidade-sao-francisco-celebra-o-espirito-de-assis.html#breadcrumb"},"inLanguage":"pt-BR","potentialAction":[{"@type":"ReadAction","target":["https:\/\/franciscanos.org.br\/noticias\/universidade-sao-francisco-celebra-o-espirito-de-assis.html"]}]},{"@type":"BreadcrumbList","@id":"https:\/\/franciscanos.org.br\/noticias\/universidade-sao-francisco-celebra-o-espirito-de-assis.html#breadcrumb","itemListElement":[{"@type":"ListItem","position":1,"name":"Home","item":"https:\/\/franciscanos.org.br\/noticias"},{"@type":"ListItem","position":2,"name":"Universidade S\u00e3o Francisco celebra o Esp\u00edrito de Assis"}]},{"@type":"Person","@id":"https:\/\/franciscanos.org.br\/noticias\/#\/schema\/person\/b38fbf43118f02820bd932f2e4b14ad3","name":"admin","image":{"@type":"ImageObject","inLanguage":"pt-BR","@id":"https:\/\/franciscanos.org.br\/noticias\/#\/schema\/person\/image\/","url":"https:\/\/secure.gravatar.com\/avatar\/e8495742d34d0ba6448ea1c628263b3e?s=96&d=mm&r=g","contentUrl":"https:\/\/secure.gravatar.com\/avatar\/e8495742d34d0ba6448ea1c628263b3e?s=96&d=mm&r=g","caption":"admin"},"url":"https:\/\/franciscanos.org.br\/noticias\/author\/admin"}]}},"_links":{"self":[{"href":"https:\/\/franciscanos.org.br\/noticias\/wp-json\/wp\/v2\/posts\/188762"}],"collection":[{"href":"https:\/\/franciscanos.org.br\/noticias\/wp-json\/wp\/v2\/posts"}],"about":[{"href":"https:\/\/franciscanos.org.br\/noticias\/wp-json\/wp\/v2\/types\/post"}],"author":[{"embeddable":true,"href":"https:\/\/franciscanos.org.br\/noticias\/wp-json\/wp\/v2\/users\/1"}],"replies":[{"embeddable":true,"href":"https:\/\/franciscanos.org.br\/noticias\/wp-json\/wp\/v2\/comments?post=188762"}],"version-history":[{"count":0,"href":"https:\/\/franciscanos.org.br\/noticias\/wp-json\/wp\/v2\/posts\/188762\/revisions"}],"wp:featuredmedia":[{"embeddable":true,"href":"https:\/\/franciscanos.org.br\/noticias\/wp-json\/wp\/v2\/media\/191091"}],"wp:attachment":[{"href":"https:\/\/franciscanos.org.br\/noticias\/wp-json\/wp\/v2\/media?parent=188762"}],"wp:term":[{"taxonomy":"category","embeddable":true,"href":"https:\/\/franciscanos.org.br\/noticias\/wp-json\/wp\/v2\/categories?post=188762"},{"taxonomy":"post_tag","embeddable":true,"href":"https:\/\/franciscanos.org.br\/noticias\/wp-json\/wp\/v2\/tags?post=188762"}],"curies":[{"name":"wp","href":"https:\/\/api.w.org\/{rel}","templated":true}]}}