{"id":188758,"date":"2018-10-31T11:00:23","date_gmt":"2018-10-31T14:00:23","guid":{"rendered":"http:\/\/franciscanos.org.br\/?p=175854"},"modified":"2019-09-12T09:50:19","modified_gmt":"2019-09-12T12:50:19","slug":"frades-do-cone-sul-celebram-50-anos-da-conferencia-latino-americana","status":"publish","type":"post","link":"https:\/\/franciscanos.org.br\/noticias\/frades-do-cone-sul-celebram-50-anos-da-conferencia-latino-americana.html","title":{"rendered":"UCLAF celebra 50 anos: mem\u00f3ria e profecia"},"content":{"rendered":"<p><img loading=\"lazy\" class=\"alignleft\" src=\"http:\/\/franciscanos.org.br\/wp-content\/uploads\/2018\/10\/uclaf_311018-830.jpg\" alt=\"uclaf_311018 830\" width=\"830\" height=\"400\" \/><strong>S\u00e3o Paulo (SP)<\/strong> &#8211; Com o tema \u201c<strong>50 anos de UCLAF: mem\u00f3ria e profecia<\/strong>\u201d, acontece em Buenos Aires, Argentina, de 28\/10 a 2\/11, a 25\u00aa Assembleia da Uni\u00e3o das Confer\u00eancias Latino Americanas Franciscanas (UCLAF). A Confer\u00eancia Cone Sul \u00e9 a anfitri\u00e3 do encontro, que celebra os 50 anos da UCLAF. Participam do encontro o Ministro Geral da Ordem dos Frades Menores, Frei Michael Perry; o Vig\u00e1rio Geral, Frei Julio Bunader; os Provinciais e Cust\u00f3dios da Ordem dos Frades Menores nos pa\u00edses Cone Sul. Frei Fid\u00eancio Vanboemmel, Ministro Provincial desta Prov\u00edncia, participa do encontro.<\/p>\n<p>Na segunda-feira (29), \u00e0s 19h, foi celebrada uma Eucaristia em a\u00e7\u00e3o de gra\u00e7as pelo 50\u00ba anivers\u00e1rio da UCLAF. A missa foi presidida pelo Arcebispo de Buenos Aires, Dom Mario Aurelio Poli; Frei Michael Perry e argentino Frei Julio Bunader. Antes da homilia, Frei Guido Zegarra, da Prov\u00edncia Doze Ap\u00f3stolos, entregou um livro ao Ministro Geral, afirmando: \u201cConfiamos como um tesouro todo este caminho. Da vida escrita e viva, carregada de experi\u00eancia e de sentido. Uma hist\u00f3ria inspirada em homens e mulheres de nossa querida Am\u00e9rica Latina; uma hist\u00f3ria de irm\u00e3os e menores, que se animaram a sair e encontrarem-se para compartilhar a alegria do Evangelho\u201d. Ap\u00f3s o gesto, Frei Michael Perry entregou a cada participante do encontro uma estola, exortando-os a ter viva a mem\u00f3ria e animar as fraternidades a serem anunciadoras da paz, dando a vida como o Bom Pastor por suas ovelhas.<\/p>\n<p>Em sua homilia (<em>confira abaixo na \u00edntegra<\/em>), o Vig\u00e1rio Geral destacou que a UCLAF nasceu num per\u00edodo importante da Igreja, na implementa\u00e7\u00e3o das orienta\u00e7\u00f5es do Conc\u00edlio Vaticano II, \u201ccom o desejo de assumir a novidade do Conc\u00edlio e do Evangelho de Jesus Cristo com um rosto franciscano, atentos ao contexto social, cultural e pol\u00edtico\u201d, ressaltou Frei Julio.<\/p>\n<p>\u201cHoje, depois de 50 anos da UCLAF, reconhecemos os erros por nossas hipocrisias, o peso que muitas vezes nos curva e produz cansa\u00e7o, tamb\u00e9m agradecemos \u00e0s inumer\u00e1veis visitas e presen\u00e7as de Deus Pai, de Jesus ressuscitado e do Esp\u00edrito Santo\u201d, recordou o argentino.<\/p>\n<p>Ao final da celebra\u00e7\u00e3o, os participantes da UCLAF se dirigiram ao Convento S\u00e3o Francisco para um recreio fraterno com irm\u00e3os da Ordem Franciscana Secular (OFS) e amigos.<\/p>\n<p><strong>Confira a homilia na \u00edntegra:<\/strong><\/p>\n<p>Este \u00e9 um evento especial de mem\u00f3ria e a\u00e7\u00e3o de gra\u00e7as, perd\u00e3o e reconcilia\u00e7\u00e3o, porque nos permite renovar a alegria e a ousadia de sermos Frades Menores na Igreja da Am\u00e9rica Latina e Caribe, como disc\u00edpulos mission\u00e1rios de Jesus Cristo, para viver a paix\u00e3o por Cristo e pela humanidade.<\/p>\n<p>O caminho dos Ministros e Cust\u00f3dios das Confer\u00eancias teve in\u00edcio numa \u00e9poca especial da sociedade e da Igreja Universal, marcada pela conclus\u00e3o do Conc\u00edlio Vaticano II. A partir deste momento, iniciou-se um processo fecundo de atualiza\u00e7\u00e3o na Am\u00e9rica Latina e Caribe; nas cinco Confer\u00eancias Episcopais e nas Assembleias UCLAF da Ordem dos Frades Menores, com o desejo de assumir a novidade do Conc\u00edlio e do Evangelho de Jesus Cristo com um rosto franciscano, atentos ao contexto social, cultural e pol\u00edtico.<\/p>\n<p>A liturgia de hoje pode nos ajudar a olharmos e projetarmos juntos como Frades Menores e como Fam\u00edlia Franciscana na Am\u00e9rica Latina e Caribe. \u00c9 prov\u00e1vel que tenhamos vivido situa\u00e7\u00f5es similares aos personagens do Evangelho de Lucas (Lc 13, 10-21), que nos apresenta dois milagres: a cura da mulher e a pol\u00eamica sobre a interpreta\u00e7\u00e3o do culto a Deus e a observ\u00e2ncia do s\u00e1bado. Trata-se da forma de agradar a Deus e fazer sua vontade. O chefe da sinagoga se concentra no respeito ao s\u00e1bado. Jesus, ao contr\u00e1rio, privilegia o respeito \u00e0 vida, \u00e0 solidariedade e compaix\u00e3o. Com isto, meditamos:<\/p>\n<p><strong>1) \u201cA cura da mulher\u201d<\/strong>, que \u201ch\u00e1 dezoito anos estava com um esp\u00edrito que a tornava doente. Era encurvada e incapaz de se endireitar (Lc 13, 11). Trata-se de algu\u00e9m que fica marginalizada, n\u00e3o pode dirigir-se aos outros de igual para igual, com a impossibilidade de olhar o pr\u00f3ximo cara a cara e estabelecer uma rela\u00e7\u00e3o de reciprocidade. Al\u00e9m disso, n\u00e3o tem a possibilidade de dirigir-se a Deus, restando somente a resigna\u00e7\u00e3o. Por estar encurvada, tem dificuldades de ver o horizonte e o alcance de sua vista se reduz, at\u00e9 perder toda perspectiva de futuro, mais ainda: \u00e9 algu\u00e9m sem futuro. Esta mulher n\u00e3o pede nada. Obedece, deixa-se mover por Jesus, dirige-se e glorifica a Deus. Sofreu a opress\u00e3o de uma piedade que escraviza e discrimina, de um poder que submete ao que a autoridade religiosa exige.<\/p>\n<p><strong>2) \u201cA indigna\u00e7\u00e3o do chefe da Sinagoga\u201d<\/strong>, devido a cura realizada por Jesus. Ele repreende: \u201cH\u00e1 seis dias para trabalhar. Venham, ent\u00e3o, nesses dias e sejam curados, e n\u00e3o em dia de s\u00e1bado\u201d (Lc 13,14). A estas palavras, Jesus responde com for\u00e7a: \u201cHip\u00f3crita\u201d (v. 15), palavra que Jesus repete a quem tem uma atitude de rigidez ao cumprir a lei e, por isso, s\u00e3o escravos da lei. Mas a lei do Senhor n\u00e3o foi feita para escravizar, mas para libertar. Segundo o Papa Francisco, em diversas ocasi\u00f5es Jesus chama de hip\u00f3critas as pessoas legalistas, porque por tr\u00e1s da rigidez h\u00e1 algo mais, algo oculto na vida de uma pessoa, algo de mal. Com efeito, a rigidez n\u00e3o \u00e9 um dom de Deus, mas a mansid\u00e3o, a bondade, a benevol\u00eancia e o perd\u00e3o. (Cf. Homilia de 24 de outubro de 2016).<\/p>\n<p><strong>3) O modo de agir de Jesus<\/strong>, do qual se envergonhavam seus inimigos, mas \u201ctoda a multid\u00e3o se alegrava com as maravilhas que Jesus fazia (Lc 13, 17). \u201cDisse: Mulher, voc\u00ea est\u00e1 livre da sua doen\u00e7a. Jesus colocou as m\u00e3os sobre ela, e imediatamente a mulher se endireitou, e come\u00e7ou a louvar a Deus. (Lc 13, 12-13). Jesus olha a mulher, chama-a, fala com ela; n\u00e3o \u00e9 indiferente ante o sofrimento do ser humano, mas se compadece e atua com ternura e amor. Liberta-a, devolve a dignidade perdida. Este cuidado de Jesus faz com que a mulher possa novamente endireitar-se e libertar-se do sofrimento. \u00c0 raiz desta experi\u00eancia, ela louva e glorifica a Deus.<\/p>\n<p><strong>A mulher encurvada, o chefe da Sinagoga e Jesus<\/strong> s\u00e3o imagens dos seres humanos, homens e mulheres, e tamb\u00e9m nossas, que nos mostram: quem est\u00e1 oprimido, cansado e enfraquecido em sua dignidade; outros que s\u00e3o r\u00edgidos, intransigentes e insens\u00edveis e tamb\u00e9m de quem n\u00e3o \u00e9 indiferente ao sofrimento humano, porque se aproximam, olham com ternura, inclinam-se e libertam.<\/p>\n<p>Hoje, depois de 50 anos da UCLAF, reconhecemos os erros por nossas hipocrisias, o peso que muitas vezes nos curva e produz cansa\u00e7o, tamb\u00e9m agradecemos \u00e0s inumer\u00e1veis visitas e presen\u00e7as de Deus Pai, de Jesus ressuscitado e do Esp\u00edrito Santo, que nos auxiliam, para que \u201ccomo luzes no Senhor, caminhemos como filhos da luz\u201d (Ef 5, 8), a exemplo de Cristo, que nos amou e se entregou por n\u00f3s (Ef 5, 1), sejamos Evangelho vivo, em di\u00e1logo com todos, para juntos buscarmos caminhos de liberta\u00e7\u00e3o aos irm\u00e3os e irm\u00e3s mais fr\u00e1geis e de toda cria\u00e7\u00e3o (cf. Laudato S\u00ed 64). Santa Maria, M\u00e3e de Deus: acompanha-nos em nosso peregrinar e caminha conosco, Am\u00e9m.<\/p>\n<p><strong>Frei Julio Bunader, Vig\u00e1rio Geral da Ordem dos Frades Menores<\/strong><\/p>\n<p>Traduzido por <a href=\"http:\/\/franciscanos.org.br\" target=\"_blank\" rel=\"noopener noreferrer\">franciscanos.org.br<\/a> | Fonte: <a href=\"http:\/\/www.ofm.org.ar\" target=\"_blank\" rel=\"noopener noreferrer\">www.ofm.org.ar<\/a> &#8211; Frei Pablo Reartes<\/p>\n<p><strong>Acompanhe a homilia:<\/strong><\/p>\n<p><iframe loading=\"lazy\" src=\"https:\/\/www.youtube.com\/embed\/4BykRaUHySk\" width=\"100%\" height=\"420\" frameborder=\"0\" allowfullscreen=\"allowfullscreen\"><\/iframe><\/p>\n","protected":false},"excerpt":{"rendered":"<p>Frades Menores<\/p>\n","protected":false},"author":1,"featured_media":191027,"comment_status":"open","ping_status":"open","sticky":false,"template":"","format":"standard","meta":[],"categories":[1],"tags":[397],"acf":[],"yoast_head":"<!-- This site is optimized with the Yoast SEO plugin v19.2 - https:\/\/yoast.com\/wordpress\/plugins\/seo\/ -->\n<title>UCLAF celebra 50 anos: mem\u00f3ria e profecia - Not\u00edcias - Franciscanos<\/title>\n<meta name=\"robots\" content=\"index, follow, max-snippet:-1, max-image-preview:large, max-video-preview:-1\" \/>\n<link rel=\"canonical\" href=\"https:\/\/franciscanos.org.br\/noticias\/frades-do-cone-sul-celebram-50-anos-da-conferencia-latino-americana.html\" \/>\n<meta property=\"og:locale\" content=\"pt_BR\" \/>\n<meta property=\"og:type\" content=\"article\" \/>\n<meta property=\"og:title\" content=\"UCLAF celebra 50 anos: mem\u00f3ria e profecia - Not\u00edcias - Franciscanos\" \/>\n<meta property=\"og:description\" content=\"Frades Menores\" \/>\n<meta property=\"og:url\" content=\"https:\/\/franciscanos.org.br\/noticias\/frades-do-cone-sul-celebram-50-anos-da-conferencia-latino-americana.html\" \/>\n<meta property=\"og:site_name\" content=\"Not\u00edcias - Franciscanos\" \/>\n<meta property=\"article:published_time\" content=\"2018-10-31T14:00:23+00:00\" \/>\n<meta property=\"article:modified_time\" content=\"2019-09-12T12:50:19+00:00\" \/>\n<meta property=\"og:image\" content=\"https:\/\/franciscanos.org.br\/noticias\/wp-content\/uploads\/2018\/11\/uclaf_311018-830-3.jpg\" \/>\n\t<meta property=\"og:image:width\" content=\"273\" \/>\n\t<meta property=\"og:image:height\" content=\"181\" \/>\n\t<meta property=\"og:image:type\" content=\"image\/jpeg\" \/>\n<meta name=\"author\" content=\"admin\" \/>\n<meta name=\"twitter:card\" content=\"summary_large_image\" \/>\n<meta name=\"twitter:label1\" content=\"Escrito por\" \/>\n\t<meta name=\"twitter:data1\" content=\"admin\" \/>\n\t<meta name=\"twitter:label2\" content=\"Est. tempo de leitura\" \/>\n\t<meta name=\"twitter:data2\" content=\"6 minutos\" \/>\n<script type=\"application\/ld+json\" class=\"yoast-schema-graph\">{\"@context\":\"https:\/\/schema.org\",\"@graph\":[{\"@type\":\"WebSite\",\"@id\":\"https:\/\/franciscanos.org.br\/noticias\/#website\",\"url\":\"https:\/\/franciscanos.org.br\/noticias\/\",\"name\":\"Not\u00edcias - Franciscanos\",\"description\":\"Prov\u00edncia Franciscana da Imaculada Concei\u00e7\u00e3o do Brasil - Ordem dos Frades Menores - OFM\",\"potentialAction\":[{\"@type\":\"SearchAction\",\"target\":{\"@type\":\"EntryPoint\",\"urlTemplate\":\"https:\/\/franciscanos.org.br\/noticias\/?s={search_term_string}\"},\"query-input\":\"required name=search_term_string\"}],\"inLanguage\":\"pt-BR\"},{\"@type\":\"ImageObject\",\"inLanguage\":\"pt-BR\",\"@id\":\"https:\/\/franciscanos.org.br\/noticias\/frades-do-cone-sul-celebram-50-anos-da-conferencia-latino-americana.html#primaryimage\",\"url\":\"https:\/\/franciscanos.org.br\/noticias\/wp-content\/uploads\/2018\/11\/uclaf_311018-830-3.jpg\",\"contentUrl\":\"https:\/\/franciscanos.org.br\/noticias\/wp-content\/uploads\/2018\/11\/uclaf_311018-830-3.jpg\",\"width\":273,\"height\":181},{\"@type\":\"WebPage\",\"@id\":\"https:\/\/franciscanos.org.br\/noticias\/frades-do-cone-sul-celebram-50-anos-da-conferencia-latino-americana.html#webpage\",\"url\":\"https:\/\/franciscanos.org.br\/noticias\/frades-do-cone-sul-celebram-50-anos-da-conferencia-latino-americana.html\",\"name\":\"UCLAF celebra 50 anos: mem\u00f3ria e profecia - Not\u00edcias - Franciscanos\",\"isPartOf\":{\"@id\":\"https:\/\/franciscanos.org.br\/noticias\/#website\"},\"primaryImageOfPage\":{\"@id\":\"https:\/\/franciscanos.org.br\/noticias\/frades-do-cone-sul-celebram-50-anos-da-conferencia-latino-americana.html#primaryimage\"},\"datePublished\":\"2018-10-31T14:00:23+00:00\",\"dateModified\":\"2019-09-12T12:50:19+00:00\",\"author\":{\"@id\":\"https:\/\/franciscanos.org.br\/noticias\/#\/schema\/person\/b38fbf43118f02820bd932f2e4b14ad3\"},\"breadcrumb\":{\"@id\":\"https:\/\/franciscanos.org.br\/noticias\/frades-do-cone-sul-celebram-50-anos-da-conferencia-latino-americana.html#breadcrumb\"},\"inLanguage\":\"pt-BR\",\"potentialAction\":[{\"@type\":\"ReadAction\",\"target\":[\"https:\/\/franciscanos.org.br\/noticias\/frades-do-cone-sul-celebram-50-anos-da-conferencia-latino-americana.html\"]}]},{\"@type\":\"BreadcrumbList\",\"@id\":\"https:\/\/franciscanos.org.br\/noticias\/frades-do-cone-sul-celebram-50-anos-da-conferencia-latino-americana.html#breadcrumb\",\"itemListElement\":[{\"@type\":\"ListItem\",\"position\":1,\"name\":\"Home\",\"item\":\"https:\/\/franciscanos.org.br\/noticias\"},{\"@type\":\"ListItem\",\"position\":2,\"name\":\"UCLAF celebra 50 anos: mem\u00f3ria e profecia\"}]},{\"@type\":\"Person\",\"@id\":\"https:\/\/franciscanos.org.br\/noticias\/#\/schema\/person\/b38fbf43118f02820bd932f2e4b14ad3\",\"name\":\"admin\",\"image\":{\"@type\":\"ImageObject\",\"inLanguage\":\"pt-BR\",\"@id\":\"https:\/\/franciscanos.org.br\/noticias\/#\/schema\/person\/image\/\",\"url\":\"https:\/\/secure.gravatar.com\/avatar\/e8495742d34d0ba6448ea1c628263b3e?s=96&d=mm&r=g\",\"contentUrl\":\"https:\/\/secure.gravatar.com\/avatar\/e8495742d34d0ba6448ea1c628263b3e?s=96&d=mm&r=g\",\"caption\":\"admin\"},\"url\":\"https:\/\/franciscanos.org.br\/noticias\/author\/admin\"}]}<\/script>\n<!-- \/ Yoast SEO plugin. -->","yoast_head_json":{"title":"UCLAF celebra 50 anos: mem\u00f3ria e profecia - Not\u00edcias - Franciscanos","robots":{"index":"index","follow":"follow","max-snippet":"max-snippet:-1","max-image-preview":"max-image-preview:large","max-video-preview":"max-video-preview:-1"},"canonical":"https:\/\/franciscanos.org.br\/noticias\/frades-do-cone-sul-celebram-50-anos-da-conferencia-latino-americana.html","og_locale":"pt_BR","og_type":"article","og_title":"UCLAF celebra 50 anos: mem\u00f3ria e profecia - Not\u00edcias - Franciscanos","og_description":"Frades Menores","og_url":"https:\/\/franciscanos.org.br\/noticias\/frades-do-cone-sul-celebram-50-anos-da-conferencia-latino-americana.html","og_site_name":"Not\u00edcias - Franciscanos","article_published_time":"2018-10-31T14:00:23+00:00","article_modified_time":"2019-09-12T12:50:19+00:00","og_image":[{"width":273,"height":181,"url":"https:\/\/franciscanos.org.br\/noticias\/wp-content\/uploads\/2018\/11\/uclaf_311018-830-3.jpg","type":"image\/jpeg"}],"author":"admin","twitter_card":"summary_large_image","twitter_misc":{"Escrito por":"admin","Est. tempo de leitura":"6 minutos"},"schema":{"@context":"https:\/\/schema.org","@graph":[{"@type":"WebSite","@id":"https:\/\/franciscanos.org.br\/noticias\/#website","url":"https:\/\/franciscanos.org.br\/noticias\/","name":"Not\u00edcias - Franciscanos","description":"Prov\u00edncia Franciscana da Imaculada Concei\u00e7\u00e3o do Brasil - Ordem dos Frades Menores - OFM","potentialAction":[{"@type":"SearchAction","target":{"@type":"EntryPoint","urlTemplate":"https:\/\/franciscanos.org.br\/noticias\/?s={search_term_string}"},"query-input":"required name=search_term_string"}],"inLanguage":"pt-BR"},{"@type":"ImageObject","inLanguage":"pt-BR","@id":"https:\/\/franciscanos.org.br\/noticias\/frades-do-cone-sul-celebram-50-anos-da-conferencia-latino-americana.html#primaryimage","url":"https:\/\/franciscanos.org.br\/noticias\/wp-content\/uploads\/2018\/11\/uclaf_311018-830-3.jpg","contentUrl":"https:\/\/franciscanos.org.br\/noticias\/wp-content\/uploads\/2018\/11\/uclaf_311018-830-3.jpg","width":273,"height":181},{"@type":"WebPage","@id":"https:\/\/franciscanos.org.br\/noticias\/frades-do-cone-sul-celebram-50-anos-da-conferencia-latino-americana.html#webpage","url":"https:\/\/franciscanos.org.br\/noticias\/frades-do-cone-sul-celebram-50-anos-da-conferencia-latino-americana.html","name":"UCLAF celebra 50 anos: mem\u00f3ria e profecia - Not\u00edcias - Franciscanos","isPartOf":{"@id":"https:\/\/franciscanos.org.br\/noticias\/#website"},"primaryImageOfPage":{"@id":"https:\/\/franciscanos.org.br\/noticias\/frades-do-cone-sul-celebram-50-anos-da-conferencia-latino-americana.html#primaryimage"},"datePublished":"2018-10-31T14:00:23+00:00","dateModified":"2019-09-12T12:50:19+00:00","author":{"@id":"https:\/\/franciscanos.org.br\/noticias\/#\/schema\/person\/b38fbf43118f02820bd932f2e4b14ad3"},"breadcrumb":{"@id":"https:\/\/franciscanos.org.br\/noticias\/frades-do-cone-sul-celebram-50-anos-da-conferencia-latino-americana.html#breadcrumb"},"inLanguage":"pt-BR","potentialAction":[{"@type":"ReadAction","target":["https:\/\/franciscanos.org.br\/noticias\/frades-do-cone-sul-celebram-50-anos-da-conferencia-latino-americana.html"]}]},{"@type":"BreadcrumbList","@id":"https:\/\/franciscanos.org.br\/noticias\/frades-do-cone-sul-celebram-50-anos-da-conferencia-latino-americana.html#breadcrumb","itemListElement":[{"@type":"ListItem","position":1,"name":"Home","item":"https:\/\/franciscanos.org.br\/noticias"},{"@type":"ListItem","position":2,"name":"UCLAF celebra 50 anos: mem\u00f3ria e profecia"}]},{"@type":"Person","@id":"https:\/\/franciscanos.org.br\/noticias\/#\/schema\/person\/b38fbf43118f02820bd932f2e4b14ad3","name":"admin","image":{"@type":"ImageObject","inLanguage":"pt-BR","@id":"https:\/\/franciscanos.org.br\/noticias\/#\/schema\/person\/image\/","url":"https:\/\/secure.gravatar.com\/avatar\/e8495742d34d0ba6448ea1c628263b3e?s=96&d=mm&r=g","contentUrl":"https:\/\/secure.gravatar.com\/avatar\/e8495742d34d0ba6448ea1c628263b3e?s=96&d=mm&r=g","caption":"admin"},"url":"https:\/\/franciscanos.org.br\/noticias\/author\/admin"}]}},"_links":{"self":[{"href":"https:\/\/franciscanos.org.br\/noticias\/wp-json\/wp\/v2\/posts\/188758"}],"collection":[{"href":"https:\/\/franciscanos.org.br\/noticias\/wp-json\/wp\/v2\/posts"}],"about":[{"href":"https:\/\/franciscanos.org.br\/noticias\/wp-json\/wp\/v2\/types\/post"}],"author":[{"embeddable":true,"href":"https:\/\/franciscanos.org.br\/noticias\/wp-json\/wp\/v2\/users\/1"}],"replies":[{"embeddable":true,"href":"https:\/\/franciscanos.org.br\/noticias\/wp-json\/wp\/v2\/comments?post=188758"}],"version-history":[{"count":0,"href":"https:\/\/franciscanos.org.br\/noticias\/wp-json\/wp\/v2\/posts\/188758\/revisions"}],"wp:featuredmedia":[{"embeddable":true,"href":"https:\/\/franciscanos.org.br\/noticias\/wp-json\/wp\/v2\/media\/191027"}],"wp:attachment":[{"href":"https:\/\/franciscanos.org.br\/noticias\/wp-json\/wp\/v2\/media?parent=188758"}],"wp:term":[{"taxonomy":"category","embeddable":true,"href":"https:\/\/franciscanos.org.br\/noticias\/wp-json\/wp\/v2\/categories?post=188758"},{"taxonomy":"post_tag","embeddable":true,"href":"https:\/\/franciscanos.org.br\/noticias\/wp-json\/wp\/v2\/tags?post=188758"}],"curies":[{"name":"wp","href":"https:\/\/api.w.org\/{rel}","templated":true}]}}