{"id":188756,"date":"2018-10-26T09:27:38","date_gmt":"2018-10-26T12:27:38","guid":{"rendered":"http:\/\/franciscanos.org.br\/?p=175567"},"modified":"2021-04-19T22:42:19","modified_gmt":"2021-04-20T01:42:19","slug":"paroquia-do-sagrado-faz-campanha-para-restauro-do-orgao","status":"publish","type":"post","link":"https:\/\/franciscanos.org.br\/noticias\/paroquia-do-sagrado-faz-campanha-para-restauro-do-orgao.html","title":{"rendered":"Par\u00f3quia do Sagrado faz campanha para restauro do \u00f3rg\u00e3o"},"content":{"rendered":"<p><img loading=\"lazy\" class=\"alignleft\" src=\"http:\/\/franciscanos.org.br\/wp-content\/uploads\/2018\/10\/sagrado_261018-830.jpg\" alt=\"sagrado_261018 830\" width=\"830\" height=\"450\" \/>Em 1924, na cidade alem\u00e3 de Bonn, a empresa Klais construiu o \u00f3rg\u00e3o que se faz presente at\u00e9 os dias de hoje na Par\u00f3quia do Sagrado Cora\u00e7\u00e3o de Jesus, situada em Petr\u00f3polis (RJ). Mais precisamente em abril de 1925, o referido \u00f3rg\u00e3o foi devidamente montado pelos pr\u00f3prios freis.<br \/>\nEm novembro de 2014, um dos bisnetos do fundador veio a Petr\u00f3polis visitar o instrumento que hoje, quase um s\u00e9culo depois, clama por cuidados. Atualmente existem apenas outros dois \u00f3rg\u00e3os semelhantes no Brasil, localizados nas cidades de Rodeio (SC) e Amparo (SP).<\/p>\n<p><strong>A NECESSIDADE DE REFORMA NO \u00d3RG\u00c3O<\/strong><\/p>\n<p>Infelizmente, com o passar do tempo, o \u00f3rg\u00e3o da Igreja do Sagrado Cora\u00e7\u00e3o de Jesus tem sido ferrenhamente acometido pela infesta\u00e7\u00e3o de cupins, sobretudo na \u00e1rea da consola, onde ficam as teclas do instrumento. Durante diagn\u00f3sticos estabelecidos por Frei Lauro Both, observou-se que muitas das flautas tamb\u00e9m se encontram danificadas.<\/p>\n<p><strong>COMO SER\u00c1 FEITO O RESTAURO?<\/strong><\/p>\n<p>A fim de oferecer maior estrutura de trabalho para Frei Lauro Both, haver\u00e1 a necessidade de contrata\u00e7\u00e3o de profissional de carpintaria e um jovem aprendiz (trabalho tempor\u00e1rio) para auxiliar o frade na reforma das pe\u00e7as de madeira do instrumento. Para que o trabalho seja realizado da melhor maneira poss\u00edvel, foi montada uma carpintaria na sede do Instituto Teol\u00f3gico Franciscano (ITF), situado na Rua Coronel Veiga, na qual todo o \u00f3rg\u00e3o ser\u00e1 transportado por empresas especializadas no deslocamento do instrumento.<br \/>\nA estimativa para a conclus\u00e3o do restauro est\u00e1 compreendida entre 18 e 24 meses, a contar a partir de outubro de 2018 quando se iniciar\u00e1 o desmonte do \u00f3rg\u00e3o. O gasto est\u00e1 or\u00e7ado em aproximadamente R$ 95 mil reais (or\u00e7amento atualizado em setembro\/2018).<\/p>\n<p>Para ajudar, a Par\u00f3quia fez uma campanha de\u00a0<em>crowdfunding<\/em> (financiamento coletivo) atrav\u00e9s da plataforma Kickante. O valor m\u00ednimo para doa\u00e7\u00e3o \u00e9 R$ 10,00. Para contribuir, acesse:\u00a0<strong><a href=\"http:\/\/bit.ly\/2PqOdN4\" target=\"_blank\" rel=\"noopener noreferrer\">http:\/\/bit.ly\/2PqOdN4<\/a><\/strong><\/p>\n","protected":false},"excerpt":{"rendered":"<p>Petr\u00f3polis<\/p>\n","protected":false},"author":1,"featured_media":191145,"comment_status":"open","ping_status":"open","sticky":false,"template":"","format":"standard","meta":[],"categories":[1],"tags":[190,1354],"acf":[],"yoast_head":"<!-- This site is optimized with the Yoast SEO plugin v19.2 - https:\/\/yoast.com\/wordpress\/plugins\/seo\/ -->\n<title>Par\u00f3quia do Sagrado faz campanha para restauro do \u00f3rg\u00e3o - Not\u00edcias - Franciscanos<\/title>\n<meta name=\"robots\" content=\"index, follow, max-snippet:-1, max-image-preview:large, max-video-preview:-1\" \/>\n<link rel=\"canonical\" href=\"https:\/\/franciscanos.org.br\/noticias\/paroquia-do-sagrado-faz-campanha-para-restauro-do-orgao.html\" \/>\n<meta property=\"og:locale\" content=\"pt_BR\" \/>\n<meta property=\"og:type\" content=\"article\" \/>\n<meta property=\"og:title\" content=\"Par\u00f3quia do Sagrado faz campanha para restauro do \u00f3rg\u00e3o - Not\u00edcias - Franciscanos\" \/>\n<meta property=\"og:description\" content=\"Petr\u00f3polis\" \/>\n<meta property=\"og:url\" content=\"https:\/\/franciscanos.org.br\/noticias\/paroquia-do-sagrado-faz-campanha-para-restauro-do-orgao.html\" \/>\n<meta property=\"og:site_name\" content=\"Not\u00edcias - Franciscanos\" \/>\n<meta property=\"article:published_time\" content=\"2018-10-26T12:27:38+00:00\" \/>\n<meta property=\"article:modified_time\" content=\"2021-04-20T01:42:19+00:00\" \/>\n<meta property=\"og:image\" content=\"https:\/\/franciscanos.org.br\/noticias\/wp-content\/uploads\/2018\/10\/sagrado_261018-830.jpg\" \/>\n\t<meta property=\"og:image:width\" content=\"273\" \/>\n\t<meta property=\"og:image:height\" content=\"181\" \/>\n\t<meta property=\"og:image:type\" content=\"image\/jpeg\" \/>\n<meta name=\"author\" content=\"admin\" \/>\n<meta name=\"twitter:card\" content=\"summary_large_image\" \/>\n<meta name=\"twitter:label1\" content=\"Escrito por\" \/>\n\t<meta name=\"twitter:data1\" content=\"admin\" \/>\n\t<meta name=\"twitter:label2\" content=\"Est. tempo de leitura\" \/>\n\t<meta name=\"twitter:data2\" content=\"2 minutos\" \/>\n<script type=\"application\/ld+json\" class=\"yoast-schema-graph\">{\"@context\":\"https:\/\/schema.org\",\"@graph\":[{\"@type\":\"WebSite\",\"@id\":\"https:\/\/franciscanos.org.br\/noticias\/#website\",\"url\":\"https:\/\/franciscanos.org.br\/noticias\/\",\"name\":\"Not\u00edcias - Franciscanos\",\"description\":\"Prov\u00edncia Franciscana da Imaculada Concei\u00e7\u00e3o do Brasil - Ordem dos Frades Menores - OFM\",\"potentialAction\":[{\"@type\":\"SearchAction\",\"target\":{\"@type\":\"EntryPoint\",\"urlTemplate\":\"https:\/\/franciscanos.org.br\/noticias\/?s={search_term_string}\"},\"query-input\":\"required name=search_term_string\"}],\"inLanguage\":\"pt-BR\"},{\"@type\":\"ImageObject\",\"inLanguage\":\"pt-BR\",\"@id\":\"https:\/\/franciscanos.org.br\/noticias\/paroquia-do-sagrado-faz-campanha-para-restauro-do-orgao.html#primaryimage\",\"url\":\"https:\/\/franciscanos.org.br\/noticias\/wp-content\/uploads\/2018\/10\/sagrado_261018-830.jpg\",\"contentUrl\":\"https:\/\/franciscanos.org.br\/noticias\/wp-content\/uploads\/2018\/10\/sagrado_261018-830.jpg\",\"width\":273,\"height\":181},{\"@type\":\"WebPage\",\"@id\":\"https:\/\/franciscanos.org.br\/noticias\/paroquia-do-sagrado-faz-campanha-para-restauro-do-orgao.html#webpage\",\"url\":\"https:\/\/franciscanos.org.br\/noticias\/paroquia-do-sagrado-faz-campanha-para-restauro-do-orgao.html\",\"name\":\"Par\u00f3quia do Sagrado faz campanha para restauro do \u00f3rg\u00e3o - Not\u00edcias - Franciscanos\",\"isPartOf\":{\"@id\":\"https:\/\/franciscanos.org.br\/noticias\/#website\"},\"primaryImageOfPage\":{\"@id\":\"https:\/\/franciscanos.org.br\/noticias\/paroquia-do-sagrado-faz-campanha-para-restauro-do-orgao.html#primaryimage\"},\"datePublished\":\"2018-10-26T12:27:38+00:00\",\"dateModified\":\"2021-04-20T01:42:19+00:00\",\"author\":{\"@id\":\"https:\/\/franciscanos.org.br\/noticias\/#\/schema\/person\/b38fbf43118f02820bd932f2e4b14ad3\"},\"breadcrumb\":{\"@id\":\"https:\/\/franciscanos.org.br\/noticias\/paroquia-do-sagrado-faz-campanha-para-restauro-do-orgao.html#breadcrumb\"},\"inLanguage\":\"pt-BR\",\"potentialAction\":[{\"@type\":\"ReadAction\",\"target\":[\"https:\/\/franciscanos.org.br\/noticias\/paroquia-do-sagrado-faz-campanha-para-restauro-do-orgao.html\"]}]},{\"@type\":\"BreadcrumbList\",\"@id\":\"https:\/\/franciscanos.org.br\/noticias\/paroquia-do-sagrado-faz-campanha-para-restauro-do-orgao.html#breadcrumb\",\"itemListElement\":[{\"@type\":\"ListItem\",\"position\":1,\"name\":\"Home\",\"item\":\"https:\/\/franciscanos.org.br\/noticias\"},{\"@type\":\"ListItem\",\"position\":2,\"name\":\"Par\u00f3quia do Sagrado faz campanha para restauro do \u00f3rg\u00e3o\"}]},{\"@type\":\"Person\",\"@id\":\"https:\/\/franciscanos.org.br\/noticias\/#\/schema\/person\/b38fbf43118f02820bd932f2e4b14ad3\",\"name\":\"admin\",\"image\":{\"@type\":\"ImageObject\",\"inLanguage\":\"pt-BR\",\"@id\":\"https:\/\/franciscanos.org.br\/noticias\/#\/schema\/person\/image\/\",\"url\":\"https:\/\/secure.gravatar.com\/avatar\/e8495742d34d0ba6448ea1c628263b3e?s=96&d=mm&r=g\",\"contentUrl\":\"https:\/\/secure.gravatar.com\/avatar\/e8495742d34d0ba6448ea1c628263b3e?s=96&d=mm&r=g\",\"caption\":\"admin\"},\"url\":\"https:\/\/franciscanos.org.br\/noticias\/author\/admin\"}]}<\/script>\n<!-- \/ Yoast SEO plugin. -->","yoast_head_json":{"title":"Par\u00f3quia do Sagrado faz campanha para restauro do \u00f3rg\u00e3o - Not\u00edcias - Franciscanos","robots":{"index":"index","follow":"follow","max-snippet":"max-snippet:-1","max-image-preview":"max-image-preview:large","max-video-preview":"max-video-preview:-1"},"canonical":"https:\/\/franciscanos.org.br\/noticias\/paroquia-do-sagrado-faz-campanha-para-restauro-do-orgao.html","og_locale":"pt_BR","og_type":"article","og_title":"Par\u00f3quia do Sagrado faz campanha para restauro do \u00f3rg\u00e3o - Not\u00edcias - Franciscanos","og_description":"Petr\u00f3polis","og_url":"https:\/\/franciscanos.org.br\/noticias\/paroquia-do-sagrado-faz-campanha-para-restauro-do-orgao.html","og_site_name":"Not\u00edcias - Franciscanos","article_published_time":"2018-10-26T12:27:38+00:00","article_modified_time":"2021-04-20T01:42:19+00:00","og_image":[{"width":273,"height":181,"url":"https:\/\/franciscanos.org.br\/noticias\/wp-content\/uploads\/2018\/10\/sagrado_261018-830.jpg","type":"image\/jpeg"}],"author":"admin","twitter_card":"summary_large_image","twitter_misc":{"Escrito por":"admin","Est. tempo de leitura":"2 minutos"},"schema":{"@context":"https:\/\/schema.org","@graph":[{"@type":"WebSite","@id":"https:\/\/franciscanos.org.br\/noticias\/#website","url":"https:\/\/franciscanos.org.br\/noticias\/","name":"Not\u00edcias - Franciscanos","description":"Prov\u00edncia Franciscana da Imaculada Concei\u00e7\u00e3o do Brasil - Ordem dos Frades Menores - OFM","potentialAction":[{"@type":"SearchAction","target":{"@type":"EntryPoint","urlTemplate":"https:\/\/franciscanos.org.br\/noticias\/?s={search_term_string}"},"query-input":"required name=search_term_string"}],"inLanguage":"pt-BR"},{"@type":"ImageObject","inLanguage":"pt-BR","@id":"https:\/\/franciscanos.org.br\/noticias\/paroquia-do-sagrado-faz-campanha-para-restauro-do-orgao.html#primaryimage","url":"https:\/\/franciscanos.org.br\/noticias\/wp-content\/uploads\/2018\/10\/sagrado_261018-830.jpg","contentUrl":"https:\/\/franciscanos.org.br\/noticias\/wp-content\/uploads\/2018\/10\/sagrado_261018-830.jpg","width":273,"height":181},{"@type":"WebPage","@id":"https:\/\/franciscanos.org.br\/noticias\/paroquia-do-sagrado-faz-campanha-para-restauro-do-orgao.html#webpage","url":"https:\/\/franciscanos.org.br\/noticias\/paroquia-do-sagrado-faz-campanha-para-restauro-do-orgao.html","name":"Par\u00f3quia do Sagrado faz campanha para restauro do \u00f3rg\u00e3o - Not\u00edcias - Franciscanos","isPartOf":{"@id":"https:\/\/franciscanos.org.br\/noticias\/#website"},"primaryImageOfPage":{"@id":"https:\/\/franciscanos.org.br\/noticias\/paroquia-do-sagrado-faz-campanha-para-restauro-do-orgao.html#primaryimage"},"datePublished":"2018-10-26T12:27:38+00:00","dateModified":"2021-04-20T01:42:19+00:00","author":{"@id":"https:\/\/franciscanos.org.br\/noticias\/#\/schema\/person\/b38fbf43118f02820bd932f2e4b14ad3"},"breadcrumb":{"@id":"https:\/\/franciscanos.org.br\/noticias\/paroquia-do-sagrado-faz-campanha-para-restauro-do-orgao.html#breadcrumb"},"inLanguage":"pt-BR","potentialAction":[{"@type":"ReadAction","target":["https:\/\/franciscanos.org.br\/noticias\/paroquia-do-sagrado-faz-campanha-para-restauro-do-orgao.html"]}]},{"@type":"BreadcrumbList","@id":"https:\/\/franciscanos.org.br\/noticias\/paroquia-do-sagrado-faz-campanha-para-restauro-do-orgao.html#breadcrumb","itemListElement":[{"@type":"ListItem","position":1,"name":"Home","item":"https:\/\/franciscanos.org.br\/noticias"},{"@type":"ListItem","position":2,"name":"Par\u00f3quia do Sagrado faz campanha para restauro do \u00f3rg\u00e3o"}]},{"@type":"Person","@id":"https:\/\/franciscanos.org.br\/noticias\/#\/schema\/person\/b38fbf43118f02820bd932f2e4b14ad3","name":"admin","image":{"@type":"ImageObject","inLanguage":"pt-BR","@id":"https:\/\/franciscanos.org.br\/noticias\/#\/schema\/person\/image\/","url":"https:\/\/secure.gravatar.com\/avatar\/e8495742d34d0ba6448ea1c628263b3e?s=96&d=mm&r=g","contentUrl":"https:\/\/secure.gravatar.com\/avatar\/e8495742d34d0ba6448ea1c628263b3e?s=96&d=mm&r=g","caption":"admin"},"url":"https:\/\/franciscanos.org.br\/noticias\/author\/admin"}]}},"_links":{"self":[{"href":"https:\/\/franciscanos.org.br\/noticias\/wp-json\/wp\/v2\/posts\/188756"}],"collection":[{"href":"https:\/\/franciscanos.org.br\/noticias\/wp-json\/wp\/v2\/posts"}],"about":[{"href":"https:\/\/franciscanos.org.br\/noticias\/wp-json\/wp\/v2\/types\/post"}],"author":[{"embeddable":true,"href":"https:\/\/franciscanos.org.br\/noticias\/wp-json\/wp\/v2\/users\/1"}],"replies":[{"embeddable":true,"href":"https:\/\/franciscanos.org.br\/noticias\/wp-json\/wp\/v2\/comments?post=188756"}],"version-history":[{"count":1,"href":"https:\/\/franciscanos.org.br\/noticias\/wp-json\/wp\/v2\/posts\/188756\/revisions"}],"predecessor-version":[{"id":231742,"href":"https:\/\/franciscanos.org.br\/noticias\/wp-json\/wp\/v2\/posts\/188756\/revisions\/231742"}],"wp:featuredmedia":[{"embeddable":true,"href":"https:\/\/franciscanos.org.br\/noticias\/wp-json\/wp\/v2\/media\/191145"}],"wp:attachment":[{"href":"https:\/\/franciscanos.org.br\/noticias\/wp-json\/wp\/v2\/media?parent=188756"}],"wp:term":[{"taxonomy":"category","embeddable":true,"href":"https:\/\/franciscanos.org.br\/noticias\/wp-json\/wp\/v2\/categories?post=188756"},{"taxonomy":"post_tag","embeddable":true,"href":"https:\/\/franciscanos.org.br\/noticias\/wp-json\/wp\/v2\/tags?post=188756"}],"curies":[{"name":"wp","href":"https:\/\/api.w.org\/{rel}","templated":true}]}}