{"id":188752,"date":"2018-10-22T08:39:45","date_gmt":"2018-10-22T11:39:45","guid":{"rendered":"http:\/\/franciscanos.org.br\/?p=175163"},"modified":"2020-06-06T18:15:38","modified_gmt":"2020-06-06T21:15:38","slug":"festa-de-sao-lucas-no-kimbo-sao-francisco","status":"publish","type":"post","link":"https:\/\/franciscanos.org.br\/noticias\/festa-de-sao-lucas-no-kimbo-sao-francisco.html","title":{"rendered":"Festa de S\u00e3o Lucas no Kimbo S\u00e3o Francisco, em Luanda"},"content":{"rendered":"<p><img loading=\"lazy\" class=\"alignleft\" src=\"http:\/\/franciscanos.org.br\/wp-content\/uploads\/2018\/10\/angola_221018-830.jpg\" alt=\"angola_221018 830\" width=\"830\" height=\"400\" \/><strong>Frei Cris\u00f3stomo Pinto Ngala<\/strong><\/p>\n<p><strong>Luanda \u2013 <\/strong>No dia 21\/10, no Kimbo S\u00e3o Francisco, na cidade de Luanda, Angola, os fi\u00e9is da Par\u00f3quia S\u00e3o Lucas celebraram a festa do padroeiro.<\/p>\n<p>A celebra\u00e7\u00e3o foi presidida por Frei Jos\u00e9 Ant\u00f4nio do Santos, presidente da Funda\u00e7\u00e3o Imaculada M\u00e3e de Deus de Angola e concelebrada por Frei Ant\u00f4nio Baza, p\u00e1roco; Padre Jos\u00e9, primeiro padre daquela Par\u00f3quia; Padre Murua, da Diocese de Ndalatando e servida por Frei Jo\u00e3o Bunga, di\u00e1cono e filho da Par\u00f3quia. Estavam presentes tamb\u00e9m os frades e salesianos que atuam pastoralmente na Par\u00f3quia e autoridades locais.<\/p>\n<p>A celebra\u00e7\u00e3o foi precedida por uma peregrina\u00e7\u00e3o da imagem de S\u00e3o Lucas, que passou por todas as comunidades: S\u00e3o Jos\u00e9, Santa Teresa, S\u00e3o Marcos, Santa M\u00e3e, Santa Catarina e S\u00e3o Francisco de Assis. Esta \u00e9 a maior Par\u00f3quia atendida pelos frades em Angola.<\/p>\n<p>Na missa, Frei Jos\u00e9 enalteceu a figura de S\u00e3o Lucas e apresentou-o como modelo de inspira\u00e7\u00e3o. Ao longo do serm\u00e3o, feito pelo di\u00e1cono Frei Jo\u00e3o Bunga, foi ressaltada a figura do servo sofredor. Frei Bunga lembrou que \u201cvivemos num mundo enlouquecido pela grandeza e desprivilegio\u201d. E, socorrendo-se no ditado popular que diz \u201cquem pode mais, chora menos\u201d, repudiou o esp\u00edrito de competitividade estressante que paira tamb\u00e9m entre crist\u00e3os.<\/p>\n<p>O frade condenou todo tipo de opress\u00e3o e tirania dos mais fortes. E fez saber que o imperialismo no tempo de Jesus tamb\u00e9m era forte e estava erraigado no inconsciente coletivo de muitos, a ponto de tornar quase imposs\u00edvel pensar em algo diferente. \u201cAt\u00e9 mesmo os disc\u00edpulos ca\u00edram na armadilha de n\u00e3o entender a miss\u00e3o do ser servo sofredor, menor e da ressurrei\u00e7\u00e3o\u201d, explicou Frei Jo\u00e3o Bunga.<\/p>\n<p>Ao final\u00a0 da homilia, Frei Bunga parabenizou os m\u00e9dicos pelo seu dia, celebrado junto com S\u00e3o Lucas, que foi m\u00e9dico e \u00e9 o padroeiro da profiss\u00e3o. O frade aconselhou-os a serem verdadeiros seguidores de Jesus, face \u00e0 situa\u00e7\u00e3o prec\u00e1ria do saneamento b\u00e1sico em Angola. Convidou-os tamb\u00e9m a trabalharem com o cora\u00e7\u00e3o, pois os servi\u00e7os tendem a ser desumanos, devido ao afluxo de enfermos.<\/p>\n<p>No final da missa, Frei Jos\u00e9 Ant\u00f4nio agradeceu os membros de dire\u00e7\u00e3o da Par\u00f3quia, os fi\u00e9is e todos que v\u00eaem nos frades uma possibilidade de aproximarem-se de Jesus, de Deus e dos irm\u00e3os e irm\u00e3s.<\/p>\n<p>Ap\u00f3s missa, foi servido um almo\u00e7o dos mission\u00e1rios e mission\u00e1rias com os fi\u00e9is no hall do Kimbo S\u00e3o Francisco.<\/p>\n","protected":false},"excerpt":{"rendered":"<p>Funda\u00e7\u00e3o Imaculada M\u00e3e de Deus de Angola<\/p>\n","protected":false},"author":1,"featured_media":191294,"comment_status":"open","ping_status":"open","sticky":false,"template":"","format":"standard","meta":[],"categories":[1],"tags":[360],"acf":[],"yoast_head":"<!-- This site is optimized with the Yoast SEO plugin v19.2 - https:\/\/yoast.com\/wordpress\/plugins\/seo\/ -->\n<title>Festa de S\u00e3o Lucas no Kimbo S\u00e3o Francisco, em Luanda - Not\u00edcias - Franciscanos<\/title>\n<meta name=\"robots\" content=\"index, follow, max-snippet:-1, max-image-preview:large, max-video-preview:-1\" \/>\n<link rel=\"canonical\" href=\"https:\/\/franciscanos.org.br\/noticias\/festa-de-sao-lucas-no-kimbo-sao-francisco.html\" \/>\n<meta property=\"og:locale\" content=\"pt_BR\" \/>\n<meta property=\"og:type\" content=\"article\" \/>\n<meta property=\"og:title\" content=\"Festa de S\u00e3o Lucas no Kimbo S\u00e3o Francisco, em Luanda - Not\u00edcias - Franciscanos\" \/>\n<meta property=\"og:description\" content=\"Funda\u00e7\u00e3o Imaculada M\u00e3e de Deus de Angola\" \/>\n<meta property=\"og:url\" content=\"https:\/\/franciscanos.org.br\/noticias\/festa-de-sao-lucas-no-kimbo-sao-francisco.html\" \/>\n<meta property=\"og:site_name\" content=\"Not\u00edcias - Franciscanos\" \/>\n<meta property=\"article:published_time\" content=\"2018-10-22T11:39:45+00:00\" \/>\n<meta property=\"article:modified_time\" content=\"2020-06-06T21:15:38+00:00\" \/>\n<meta property=\"og:image\" content=\"https:\/\/franciscanos.org.br\/noticias\/wp-content\/uploads\/2018\/10\/angola_221018-830.jpg\" \/>\n\t<meta property=\"og:image:width\" content=\"273\" \/>\n\t<meta property=\"og:image:height\" content=\"181\" \/>\n\t<meta property=\"og:image:type\" content=\"image\/jpeg\" \/>\n<meta name=\"author\" content=\"admin\" \/>\n<meta name=\"twitter:card\" content=\"summary_large_image\" \/>\n<meta name=\"twitter:label1\" content=\"Escrito por\" \/>\n\t<meta name=\"twitter:data1\" content=\"admin\" \/>\n\t<meta name=\"twitter:label2\" content=\"Est. tempo de leitura\" \/>\n\t<meta name=\"twitter:data2\" content=\"2 minutos\" \/>\n<script type=\"application\/ld+json\" class=\"yoast-schema-graph\">{\"@context\":\"https:\/\/schema.org\",\"@graph\":[{\"@type\":\"WebSite\",\"@id\":\"https:\/\/franciscanos.org.br\/noticias\/#website\",\"url\":\"https:\/\/franciscanos.org.br\/noticias\/\",\"name\":\"Not\u00edcias - Franciscanos\",\"description\":\"Prov\u00edncia Franciscana da Imaculada Concei\u00e7\u00e3o do Brasil - Ordem dos Frades Menores - OFM\",\"potentialAction\":[{\"@type\":\"SearchAction\",\"target\":{\"@type\":\"EntryPoint\",\"urlTemplate\":\"https:\/\/franciscanos.org.br\/noticias\/?s={search_term_string}\"},\"query-input\":\"required name=search_term_string\"}],\"inLanguage\":\"pt-BR\"},{\"@type\":\"ImageObject\",\"inLanguage\":\"pt-BR\",\"@id\":\"https:\/\/franciscanos.org.br\/noticias\/festa-de-sao-lucas-no-kimbo-sao-francisco.html#primaryimage\",\"url\":\"https:\/\/franciscanos.org.br\/noticias\/wp-content\/uploads\/2018\/10\/angola_221018-830.jpg\",\"contentUrl\":\"https:\/\/franciscanos.org.br\/noticias\/wp-content\/uploads\/2018\/10\/angola_221018-830.jpg\",\"width\":273,\"height\":181},{\"@type\":\"WebPage\",\"@id\":\"https:\/\/franciscanos.org.br\/noticias\/festa-de-sao-lucas-no-kimbo-sao-francisco.html#webpage\",\"url\":\"https:\/\/franciscanos.org.br\/noticias\/festa-de-sao-lucas-no-kimbo-sao-francisco.html\",\"name\":\"Festa de S\u00e3o Lucas no Kimbo S\u00e3o Francisco, em Luanda - Not\u00edcias - Franciscanos\",\"isPartOf\":{\"@id\":\"https:\/\/franciscanos.org.br\/noticias\/#website\"},\"primaryImageOfPage\":{\"@id\":\"https:\/\/franciscanos.org.br\/noticias\/festa-de-sao-lucas-no-kimbo-sao-francisco.html#primaryimage\"},\"datePublished\":\"2018-10-22T11:39:45+00:00\",\"dateModified\":\"2020-06-06T21:15:38+00:00\",\"author\":{\"@id\":\"https:\/\/franciscanos.org.br\/noticias\/#\/schema\/person\/b38fbf43118f02820bd932f2e4b14ad3\"},\"breadcrumb\":{\"@id\":\"https:\/\/franciscanos.org.br\/noticias\/festa-de-sao-lucas-no-kimbo-sao-francisco.html#breadcrumb\"},\"inLanguage\":\"pt-BR\",\"potentialAction\":[{\"@type\":\"ReadAction\",\"target\":[\"https:\/\/franciscanos.org.br\/noticias\/festa-de-sao-lucas-no-kimbo-sao-francisco.html\"]}]},{\"@type\":\"BreadcrumbList\",\"@id\":\"https:\/\/franciscanos.org.br\/noticias\/festa-de-sao-lucas-no-kimbo-sao-francisco.html#breadcrumb\",\"itemListElement\":[{\"@type\":\"ListItem\",\"position\":1,\"name\":\"Home\",\"item\":\"https:\/\/franciscanos.org.br\/noticias\"},{\"@type\":\"ListItem\",\"position\":2,\"name\":\"Festa de S\u00e3o Lucas no Kimbo S\u00e3o Francisco, em Luanda\"}]},{\"@type\":\"Person\",\"@id\":\"https:\/\/franciscanos.org.br\/noticias\/#\/schema\/person\/b38fbf43118f02820bd932f2e4b14ad3\",\"name\":\"admin\",\"image\":{\"@type\":\"ImageObject\",\"inLanguage\":\"pt-BR\",\"@id\":\"https:\/\/franciscanos.org.br\/noticias\/#\/schema\/person\/image\/\",\"url\":\"https:\/\/secure.gravatar.com\/avatar\/e8495742d34d0ba6448ea1c628263b3e?s=96&d=mm&r=g\",\"contentUrl\":\"https:\/\/secure.gravatar.com\/avatar\/e8495742d34d0ba6448ea1c628263b3e?s=96&d=mm&r=g\",\"caption\":\"admin\"},\"url\":\"https:\/\/franciscanos.org.br\/noticias\/author\/admin\"}]}<\/script>\n<!-- \/ Yoast SEO plugin. -->","yoast_head_json":{"title":"Festa de S\u00e3o Lucas no Kimbo S\u00e3o Francisco, em Luanda - Not\u00edcias - Franciscanos","robots":{"index":"index","follow":"follow","max-snippet":"max-snippet:-1","max-image-preview":"max-image-preview:large","max-video-preview":"max-video-preview:-1"},"canonical":"https:\/\/franciscanos.org.br\/noticias\/festa-de-sao-lucas-no-kimbo-sao-francisco.html","og_locale":"pt_BR","og_type":"article","og_title":"Festa de S\u00e3o Lucas no Kimbo S\u00e3o Francisco, em Luanda - Not\u00edcias - Franciscanos","og_description":"Funda\u00e7\u00e3o Imaculada M\u00e3e de Deus de Angola","og_url":"https:\/\/franciscanos.org.br\/noticias\/festa-de-sao-lucas-no-kimbo-sao-francisco.html","og_site_name":"Not\u00edcias - Franciscanos","article_published_time":"2018-10-22T11:39:45+00:00","article_modified_time":"2020-06-06T21:15:38+00:00","og_image":[{"width":273,"height":181,"url":"https:\/\/franciscanos.org.br\/noticias\/wp-content\/uploads\/2018\/10\/angola_221018-830.jpg","type":"image\/jpeg"}],"author":"admin","twitter_card":"summary_large_image","twitter_misc":{"Escrito por":"admin","Est. tempo de leitura":"2 minutos"},"schema":{"@context":"https:\/\/schema.org","@graph":[{"@type":"WebSite","@id":"https:\/\/franciscanos.org.br\/noticias\/#website","url":"https:\/\/franciscanos.org.br\/noticias\/","name":"Not\u00edcias - Franciscanos","description":"Prov\u00edncia Franciscana da Imaculada Concei\u00e7\u00e3o do Brasil - Ordem dos Frades Menores - OFM","potentialAction":[{"@type":"SearchAction","target":{"@type":"EntryPoint","urlTemplate":"https:\/\/franciscanos.org.br\/noticias\/?s={search_term_string}"},"query-input":"required name=search_term_string"}],"inLanguage":"pt-BR"},{"@type":"ImageObject","inLanguage":"pt-BR","@id":"https:\/\/franciscanos.org.br\/noticias\/festa-de-sao-lucas-no-kimbo-sao-francisco.html#primaryimage","url":"https:\/\/franciscanos.org.br\/noticias\/wp-content\/uploads\/2018\/10\/angola_221018-830.jpg","contentUrl":"https:\/\/franciscanos.org.br\/noticias\/wp-content\/uploads\/2018\/10\/angola_221018-830.jpg","width":273,"height":181},{"@type":"WebPage","@id":"https:\/\/franciscanos.org.br\/noticias\/festa-de-sao-lucas-no-kimbo-sao-francisco.html#webpage","url":"https:\/\/franciscanos.org.br\/noticias\/festa-de-sao-lucas-no-kimbo-sao-francisco.html","name":"Festa de S\u00e3o Lucas no Kimbo S\u00e3o Francisco, em Luanda - Not\u00edcias - Franciscanos","isPartOf":{"@id":"https:\/\/franciscanos.org.br\/noticias\/#website"},"primaryImageOfPage":{"@id":"https:\/\/franciscanos.org.br\/noticias\/festa-de-sao-lucas-no-kimbo-sao-francisco.html#primaryimage"},"datePublished":"2018-10-22T11:39:45+00:00","dateModified":"2020-06-06T21:15:38+00:00","author":{"@id":"https:\/\/franciscanos.org.br\/noticias\/#\/schema\/person\/b38fbf43118f02820bd932f2e4b14ad3"},"breadcrumb":{"@id":"https:\/\/franciscanos.org.br\/noticias\/festa-de-sao-lucas-no-kimbo-sao-francisco.html#breadcrumb"},"inLanguage":"pt-BR","potentialAction":[{"@type":"ReadAction","target":["https:\/\/franciscanos.org.br\/noticias\/festa-de-sao-lucas-no-kimbo-sao-francisco.html"]}]},{"@type":"BreadcrumbList","@id":"https:\/\/franciscanos.org.br\/noticias\/festa-de-sao-lucas-no-kimbo-sao-francisco.html#breadcrumb","itemListElement":[{"@type":"ListItem","position":1,"name":"Home","item":"https:\/\/franciscanos.org.br\/noticias"},{"@type":"ListItem","position":2,"name":"Festa de S\u00e3o Lucas no Kimbo S\u00e3o Francisco, em Luanda"}]},{"@type":"Person","@id":"https:\/\/franciscanos.org.br\/noticias\/#\/schema\/person\/b38fbf43118f02820bd932f2e4b14ad3","name":"admin","image":{"@type":"ImageObject","inLanguage":"pt-BR","@id":"https:\/\/franciscanos.org.br\/noticias\/#\/schema\/person\/image\/","url":"https:\/\/secure.gravatar.com\/avatar\/e8495742d34d0ba6448ea1c628263b3e?s=96&d=mm&r=g","contentUrl":"https:\/\/secure.gravatar.com\/avatar\/e8495742d34d0ba6448ea1c628263b3e?s=96&d=mm&r=g","caption":"admin"},"url":"https:\/\/franciscanos.org.br\/noticias\/author\/admin"}]}},"_links":{"self":[{"href":"https:\/\/franciscanos.org.br\/noticias\/wp-json\/wp\/v2\/posts\/188752"}],"collection":[{"href":"https:\/\/franciscanos.org.br\/noticias\/wp-json\/wp\/v2\/posts"}],"about":[{"href":"https:\/\/franciscanos.org.br\/noticias\/wp-json\/wp\/v2\/types\/post"}],"author":[{"embeddable":true,"href":"https:\/\/franciscanos.org.br\/noticias\/wp-json\/wp\/v2\/users\/1"}],"replies":[{"embeddable":true,"href":"https:\/\/franciscanos.org.br\/noticias\/wp-json\/wp\/v2\/comments?post=188752"}],"version-history":[{"count":1,"href":"https:\/\/franciscanos.org.br\/noticias\/wp-json\/wp\/v2\/posts\/188752\/revisions"}],"predecessor-version":[{"id":224735,"href":"https:\/\/franciscanos.org.br\/noticias\/wp-json\/wp\/v2\/posts\/188752\/revisions\/224735"}],"wp:featuredmedia":[{"embeddable":true,"href":"https:\/\/franciscanos.org.br\/noticias\/wp-json\/wp\/v2\/media\/191294"}],"wp:attachment":[{"href":"https:\/\/franciscanos.org.br\/noticias\/wp-json\/wp\/v2\/media?parent=188752"}],"wp:term":[{"taxonomy":"category","embeddable":true,"href":"https:\/\/franciscanos.org.br\/noticias\/wp-json\/wp\/v2\/categories?post=188752"},{"taxonomy":"post_tag","embeddable":true,"href":"https:\/\/franciscanos.org.br\/noticias\/wp-json\/wp\/v2\/tags?post=188752"}],"curies":[{"name":"wp","href":"https:\/\/api.w.org\/{rel}","templated":true}]}}