{"id":188746,"date":"2018-10-22T16:54:43","date_gmt":"2018-10-22T19:54:43","guid":{"rendered":"http:\/\/franciscanos.org.br\/?p=175094"},"modified":"2019-09-04T15:25:08","modified_gmt":"2019-09-04T18:25:08","slug":"conselho-da-federacao-sagrada-familia-se-reune-em-sao-paulo","status":"publish","type":"post","link":"https:\/\/franciscanos.org.br\/noticias\/conselho-da-federacao-sagrada-familia-se-reune-em-sao-paulo.html","title":{"rendered":"Conselho da Federa\u00e7\u00e3o se re\u00fane em S\u00e3o Paulo"},"content":{"rendered":"<p><img loading=\"lazy\" class=\"alignleft size-full wp-image-191239\" src=\"https:\/\/franciscanos.org.br\/noticias\/wp-content\/uploads\/2018\/10\/federacao_out20182.jpg\" alt=\"\" width=\"980\" height=\"550\" srcset=\"https:\/\/franciscanos.org.br\/noticias\/wp-content\/uploads\/2018\/10\/federacao_out20182.jpg 980w, https:\/\/franciscanos.org.br\/noticias\/wp-content\/uploads\/2018\/10\/federacao_out20182-450x253.jpg 450w, https:\/\/franciscanos.org.br\/noticias\/wp-content\/uploads\/2018\/10\/federacao_out20182-768x431.jpg 768w, https:\/\/franciscanos.org.br\/noticias\/wp-content\/uploads\/2018\/10\/federacao_out20182-150x84.jpg 150w\" sizes=\"(max-width: 980px) 100vw, 980px\" \/><\/p>\n<p style=\"text-align: left;\"><em><strong>Na foto: Madre Maria Auxiliadora,\u00a0Madre Maria Jos\u00e9, Frei Raimundo Castro, Madre Agnes Maria e Madre Maria Madalena.<\/strong><\/em><\/p>\n<p><strong>\u00c9rika Augusto<\/strong><\/p>\n<p><strong>S\u00e3o Paulo (SP) \u2013<\/strong> De 22 a 26 de outubro, o Conselho da Federa\u00e7\u00e3o Sagrada Fam\u00edlia do Brasil se re\u00fane na Sede da Prov\u00edncia Franciscana da Imaculada Concei\u00e7\u00e3o, em S\u00e3o Paulo. Participam da reuni\u00e3o Madre Maria Jos\u00e9 da Rosa M\u00edstica, presidente da Federa\u00e7\u00e3o e abadessa do Mosteiro Santa, do Mosteiro de An\u00e1p\u00f3lis (GO); Madre Agnes Maria da Sagrada Fam\u00edlia, primeira conselheira e secret\u00e1ria, abadessa do Mosteiro Sant\u00edssima Trindade, em Colatina (ES); Madre Maria Auxiliadora do Pai Eterno, segunda conselheira, abadessa do Mosteiro Fraternidade S\u00e3o Francisco de Assis, em Mossor\u00f3 (RN) e Madre Maria Madalena da M\u00e3e Dolorosa, terceira conselheira, abadessa do Mosteiro Nazar\u00e9, em Lages (SC), al\u00e9m do Assistente Nacional da Federa\u00e7\u00e3o, Frei Raimundo Justiniano de Oliveira Castro.<\/p>\n<p>A Federa\u00e7\u00e3o Sagrada Fam\u00edlia foi fundada em 1989, por Frei Bernardo Hoelscher. Segundo a Constitui\u00e7\u00e3o Apost\u00f3lica<em> Vultum dei Quaerere<\/em> sobre a vida contemplativa feminina (2016), \u201co objetivo principal das federa\u00e7\u00f5es \u00e9 promover a vida contemplativa nos mosteiros que fazem parte delas, segundo as exig\u00eancias do seu pr\u00f3prio carisma, e assegurar ajuda na forma\u00e7\u00e3o permanente e inicial, bem como nas necessidades concretas atrav\u00e9s do interc\u00e2mbio de monjas e da partilha dos bens materiais; em fun\u00e7\u00e3o destes objetivos, dever\u00e3o elas ser favorecidas e multiplicadas\u201d.<\/p>\n<p>Fazem parte da Federa\u00e7\u00e3o Sagrada Fam\u00edlia 20 mosteiros, distribu\u00eddos em 3 regionais: Nossa Senhora de Nazar\u00e9, Menino Jesus e S\u00e3o Jos\u00e9.<\/p>\n<p>Neste encontro, o Conselho se dedicar\u00e1 ao estudo do Documento <em>Cor Orans<\/em> &#8211; Instru\u00e7\u00e3o Aplicativa da Constitui\u00e7\u00e3o Apost\u00f3lica <em>Vultum Dei Quaerere<\/em> sobre a vida contemplativa feminina. Neste primeiro dia, o Conselho contou com a assessoria de Padre\u00a0Everton Fernandes Moraes, Promotor de Justi\u00e7a\u00a0do Tribunal Eclesi\u00e1stico\u00a0Interdiocesano de S\u00e3o\u00a0Paulo. O objetivo do encontro \u00e9 a revis\u00e3o dos institutos da Federa\u00e7\u00e3o Sagrada Fam\u00edlia, levando em considera\u00e7\u00e3o a Instru\u00e7\u00e3o Aplicativa <em>Cor Orans<\/em>.<\/p>\n","protected":false},"excerpt":{"rendered":"<p>Irm\u00e3s Clarissas<\/p>\n","protected":false},"author":1,"featured_media":191237,"comment_status":"open","ping_status":"open","sticky":false,"template":"","format":"standard","meta":[],"categories":[1],"tags":[171],"acf":[],"yoast_head":"<!-- This site is optimized with the Yoast SEO plugin v19.2 - https:\/\/yoast.com\/wordpress\/plugins\/seo\/ -->\n<title>Conselho da Federa\u00e7\u00e3o se re\u00fane em S\u00e3o Paulo - Not\u00edcias - Franciscanos<\/title>\n<meta name=\"robots\" content=\"index, follow, max-snippet:-1, max-image-preview:large, max-video-preview:-1\" \/>\n<link rel=\"canonical\" href=\"https:\/\/franciscanos.org.br\/noticias\/conselho-da-federacao-sagrada-familia-se-reune-em-sao-paulo.html\" \/>\n<meta property=\"og:locale\" content=\"pt_BR\" \/>\n<meta property=\"og:type\" content=\"article\" \/>\n<meta property=\"og:title\" content=\"Conselho da Federa\u00e7\u00e3o se re\u00fane em S\u00e3o Paulo - Not\u00edcias - Franciscanos\" \/>\n<meta property=\"og:description\" content=\"Irm\u00e3s Clarissas\" \/>\n<meta property=\"og:url\" content=\"https:\/\/franciscanos.org.br\/noticias\/conselho-da-federacao-sagrada-familia-se-reune-em-sao-paulo.html\" \/>\n<meta property=\"og:site_name\" content=\"Not\u00edcias - Franciscanos\" \/>\n<meta property=\"article:published_time\" content=\"2018-10-22T19:54:43+00:00\" \/>\n<meta property=\"article:modified_time\" content=\"2019-09-04T18:25:08+00:00\" \/>\n<meta property=\"og:image\" content=\"https:\/\/franciscanos.org.br\/noticias\/wp-content\/uploads\/2018\/10\/federacao_out2018.jpg\" \/>\n\t<meta property=\"og:image:width\" content=\"273\" \/>\n\t<meta property=\"og:image:height\" content=\"181\" \/>\n\t<meta property=\"og:image:type\" content=\"image\/jpeg\" \/>\n<meta name=\"author\" content=\"admin\" \/>\n<meta name=\"twitter:card\" content=\"summary_large_image\" \/>\n<meta name=\"twitter:label1\" content=\"Escrito por\" \/>\n\t<meta name=\"twitter:data1\" content=\"admin\" \/>\n\t<meta name=\"twitter:label2\" content=\"Est. tempo de leitura\" \/>\n\t<meta name=\"twitter:data2\" content=\"2 minutos\" \/>\n<script type=\"application\/ld+json\" class=\"yoast-schema-graph\">{\"@context\":\"https:\/\/schema.org\",\"@graph\":[{\"@type\":\"WebSite\",\"@id\":\"https:\/\/franciscanos.org.br\/noticias\/#website\",\"url\":\"https:\/\/franciscanos.org.br\/noticias\/\",\"name\":\"Not\u00edcias - Franciscanos\",\"description\":\"Prov\u00edncia Franciscana da Imaculada Concei\u00e7\u00e3o do Brasil - Ordem dos Frades Menores - OFM\",\"potentialAction\":[{\"@type\":\"SearchAction\",\"target\":{\"@type\":\"EntryPoint\",\"urlTemplate\":\"https:\/\/franciscanos.org.br\/noticias\/?s={search_term_string}\"},\"query-input\":\"required name=search_term_string\"}],\"inLanguage\":\"pt-BR\"},{\"@type\":\"ImageObject\",\"inLanguage\":\"pt-BR\",\"@id\":\"https:\/\/franciscanos.org.br\/noticias\/conselho-da-federacao-sagrada-familia-se-reune-em-sao-paulo.html#primaryimage\",\"url\":\"https:\/\/franciscanos.org.br\/noticias\/wp-content\/uploads\/2018\/10\/federacao_out2018.jpg\",\"contentUrl\":\"https:\/\/franciscanos.org.br\/noticias\/wp-content\/uploads\/2018\/10\/federacao_out2018.jpg\",\"width\":273,\"height\":181},{\"@type\":\"WebPage\",\"@id\":\"https:\/\/franciscanos.org.br\/noticias\/conselho-da-federacao-sagrada-familia-se-reune-em-sao-paulo.html#webpage\",\"url\":\"https:\/\/franciscanos.org.br\/noticias\/conselho-da-federacao-sagrada-familia-se-reune-em-sao-paulo.html\",\"name\":\"Conselho da Federa\u00e7\u00e3o se re\u00fane em S\u00e3o Paulo - Not\u00edcias - Franciscanos\",\"isPartOf\":{\"@id\":\"https:\/\/franciscanos.org.br\/noticias\/#website\"},\"primaryImageOfPage\":{\"@id\":\"https:\/\/franciscanos.org.br\/noticias\/conselho-da-federacao-sagrada-familia-se-reune-em-sao-paulo.html#primaryimage\"},\"datePublished\":\"2018-10-22T19:54:43+00:00\",\"dateModified\":\"2019-09-04T18:25:08+00:00\",\"author\":{\"@id\":\"https:\/\/franciscanos.org.br\/noticias\/#\/schema\/person\/b38fbf43118f02820bd932f2e4b14ad3\"},\"breadcrumb\":{\"@id\":\"https:\/\/franciscanos.org.br\/noticias\/conselho-da-federacao-sagrada-familia-se-reune-em-sao-paulo.html#breadcrumb\"},\"inLanguage\":\"pt-BR\",\"potentialAction\":[{\"@type\":\"ReadAction\",\"target\":[\"https:\/\/franciscanos.org.br\/noticias\/conselho-da-federacao-sagrada-familia-se-reune-em-sao-paulo.html\"]}]},{\"@type\":\"BreadcrumbList\",\"@id\":\"https:\/\/franciscanos.org.br\/noticias\/conselho-da-federacao-sagrada-familia-se-reune-em-sao-paulo.html#breadcrumb\",\"itemListElement\":[{\"@type\":\"ListItem\",\"position\":1,\"name\":\"Home\",\"item\":\"https:\/\/franciscanos.org.br\/noticias\"},{\"@type\":\"ListItem\",\"position\":2,\"name\":\"Conselho da Federa\u00e7\u00e3o se re\u00fane em S\u00e3o Paulo\"}]},{\"@type\":\"Person\",\"@id\":\"https:\/\/franciscanos.org.br\/noticias\/#\/schema\/person\/b38fbf43118f02820bd932f2e4b14ad3\",\"name\":\"admin\",\"image\":{\"@type\":\"ImageObject\",\"inLanguage\":\"pt-BR\",\"@id\":\"https:\/\/franciscanos.org.br\/noticias\/#\/schema\/person\/image\/\",\"url\":\"https:\/\/secure.gravatar.com\/avatar\/e8495742d34d0ba6448ea1c628263b3e?s=96&d=mm&r=g\",\"contentUrl\":\"https:\/\/secure.gravatar.com\/avatar\/e8495742d34d0ba6448ea1c628263b3e?s=96&d=mm&r=g\",\"caption\":\"admin\"},\"url\":\"https:\/\/franciscanos.org.br\/noticias\/author\/admin\"}]}<\/script>\n<!-- \/ Yoast SEO plugin. -->","yoast_head_json":{"title":"Conselho da Federa\u00e7\u00e3o se re\u00fane em S\u00e3o Paulo - Not\u00edcias - Franciscanos","robots":{"index":"index","follow":"follow","max-snippet":"max-snippet:-1","max-image-preview":"max-image-preview:large","max-video-preview":"max-video-preview:-1"},"canonical":"https:\/\/franciscanos.org.br\/noticias\/conselho-da-federacao-sagrada-familia-se-reune-em-sao-paulo.html","og_locale":"pt_BR","og_type":"article","og_title":"Conselho da Federa\u00e7\u00e3o se re\u00fane em S\u00e3o Paulo - Not\u00edcias - Franciscanos","og_description":"Irm\u00e3s Clarissas","og_url":"https:\/\/franciscanos.org.br\/noticias\/conselho-da-federacao-sagrada-familia-se-reune-em-sao-paulo.html","og_site_name":"Not\u00edcias - Franciscanos","article_published_time":"2018-10-22T19:54:43+00:00","article_modified_time":"2019-09-04T18:25:08+00:00","og_image":[{"width":273,"height":181,"url":"https:\/\/franciscanos.org.br\/noticias\/wp-content\/uploads\/2018\/10\/federacao_out2018.jpg","type":"image\/jpeg"}],"author":"admin","twitter_card":"summary_large_image","twitter_misc":{"Escrito por":"admin","Est. tempo de leitura":"2 minutos"},"schema":{"@context":"https:\/\/schema.org","@graph":[{"@type":"WebSite","@id":"https:\/\/franciscanos.org.br\/noticias\/#website","url":"https:\/\/franciscanos.org.br\/noticias\/","name":"Not\u00edcias - Franciscanos","description":"Prov\u00edncia Franciscana da Imaculada Concei\u00e7\u00e3o do Brasil - Ordem dos Frades Menores - OFM","potentialAction":[{"@type":"SearchAction","target":{"@type":"EntryPoint","urlTemplate":"https:\/\/franciscanos.org.br\/noticias\/?s={search_term_string}"},"query-input":"required name=search_term_string"}],"inLanguage":"pt-BR"},{"@type":"ImageObject","inLanguage":"pt-BR","@id":"https:\/\/franciscanos.org.br\/noticias\/conselho-da-federacao-sagrada-familia-se-reune-em-sao-paulo.html#primaryimage","url":"https:\/\/franciscanos.org.br\/noticias\/wp-content\/uploads\/2018\/10\/federacao_out2018.jpg","contentUrl":"https:\/\/franciscanos.org.br\/noticias\/wp-content\/uploads\/2018\/10\/federacao_out2018.jpg","width":273,"height":181},{"@type":"WebPage","@id":"https:\/\/franciscanos.org.br\/noticias\/conselho-da-federacao-sagrada-familia-se-reune-em-sao-paulo.html#webpage","url":"https:\/\/franciscanos.org.br\/noticias\/conselho-da-federacao-sagrada-familia-se-reune-em-sao-paulo.html","name":"Conselho da Federa\u00e7\u00e3o se re\u00fane em S\u00e3o Paulo - Not\u00edcias - Franciscanos","isPartOf":{"@id":"https:\/\/franciscanos.org.br\/noticias\/#website"},"primaryImageOfPage":{"@id":"https:\/\/franciscanos.org.br\/noticias\/conselho-da-federacao-sagrada-familia-se-reune-em-sao-paulo.html#primaryimage"},"datePublished":"2018-10-22T19:54:43+00:00","dateModified":"2019-09-04T18:25:08+00:00","author":{"@id":"https:\/\/franciscanos.org.br\/noticias\/#\/schema\/person\/b38fbf43118f02820bd932f2e4b14ad3"},"breadcrumb":{"@id":"https:\/\/franciscanos.org.br\/noticias\/conselho-da-federacao-sagrada-familia-se-reune-em-sao-paulo.html#breadcrumb"},"inLanguage":"pt-BR","potentialAction":[{"@type":"ReadAction","target":["https:\/\/franciscanos.org.br\/noticias\/conselho-da-federacao-sagrada-familia-se-reune-em-sao-paulo.html"]}]},{"@type":"BreadcrumbList","@id":"https:\/\/franciscanos.org.br\/noticias\/conselho-da-federacao-sagrada-familia-se-reune-em-sao-paulo.html#breadcrumb","itemListElement":[{"@type":"ListItem","position":1,"name":"Home","item":"https:\/\/franciscanos.org.br\/noticias"},{"@type":"ListItem","position":2,"name":"Conselho da Federa\u00e7\u00e3o se re\u00fane em S\u00e3o Paulo"}]},{"@type":"Person","@id":"https:\/\/franciscanos.org.br\/noticias\/#\/schema\/person\/b38fbf43118f02820bd932f2e4b14ad3","name":"admin","image":{"@type":"ImageObject","inLanguage":"pt-BR","@id":"https:\/\/franciscanos.org.br\/noticias\/#\/schema\/person\/image\/","url":"https:\/\/secure.gravatar.com\/avatar\/e8495742d34d0ba6448ea1c628263b3e?s=96&d=mm&r=g","contentUrl":"https:\/\/secure.gravatar.com\/avatar\/e8495742d34d0ba6448ea1c628263b3e?s=96&d=mm&r=g","caption":"admin"},"url":"https:\/\/franciscanos.org.br\/noticias\/author\/admin"}]}},"_links":{"self":[{"href":"https:\/\/franciscanos.org.br\/noticias\/wp-json\/wp\/v2\/posts\/188746"}],"collection":[{"href":"https:\/\/franciscanos.org.br\/noticias\/wp-json\/wp\/v2\/posts"}],"about":[{"href":"https:\/\/franciscanos.org.br\/noticias\/wp-json\/wp\/v2\/types\/post"}],"author":[{"embeddable":true,"href":"https:\/\/franciscanos.org.br\/noticias\/wp-json\/wp\/v2\/users\/1"}],"replies":[{"embeddable":true,"href":"https:\/\/franciscanos.org.br\/noticias\/wp-json\/wp\/v2\/comments?post=188746"}],"version-history":[{"count":0,"href":"https:\/\/franciscanos.org.br\/noticias\/wp-json\/wp\/v2\/posts\/188746\/revisions"}],"wp:featuredmedia":[{"embeddable":true,"href":"https:\/\/franciscanos.org.br\/noticias\/wp-json\/wp\/v2\/media\/191237"}],"wp:attachment":[{"href":"https:\/\/franciscanos.org.br\/noticias\/wp-json\/wp\/v2\/media?parent=188746"}],"wp:term":[{"taxonomy":"category","embeddable":true,"href":"https:\/\/franciscanos.org.br\/noticias\/wp-json\/wp\/v2\/categories?post=188746"},{"taxonomy":"post_tag","embeddable":true,"href":"https:\/\/franciscanos.org.br\/noticias\/wp-json\/wp\/v2\/tags?post=188746"}],"curies":[{"name":"wp","href":"https:\/\/api.w.org\/{rel}","templated":true}]}}