{"id":188728,"date":"2018-09-15T22:46:37","date_gmt":"2018-09-16T01:46:37","guid":{"rendered":"http:\/\/franciscanos.org.br\/?p=171469"},"modified":"2019-10-06T19:08:07","modified_gmt":"2019-10-06T22:08:07","slug":"nao-tenham-medo-do-livro-da-cruz-do-senhor","status":"publish","type":"post","link":"https:\/\/franciscanos.org.br\/noticias\/nao-tenham-medo-do-livro-da-cruz-do-senhor.html","title":{"rendered":"N\u00e3o tenham medo do &#8216;Livro da Cruz&#8217; do Senhor!"},"content":{"rendered":"<p><strong><img loading=\"lazy\" class=\"size-full wp-image-191763 aligncenter\" src=\"https:\/\/franciscanos.org.br\/noticias\/wp-content\/uploads\/2018\/09\/prof_150918_2.jpg\" alt=\"\" width=\"830\" height=\"553\" srcset=\"https:\/\/franciscanos.org.br\/noticias\/wp-content\/uploads\/2018\/09\/prof_150918_2.jpg 830w, https:\/\/franciscanos.org.br\/noticias\/wp-content\/uploads\/2018\/09\/prof_150918_2-450x300.jpg 450w, https:\/\/franciscanos.org.br\/noticias\/wp-content\/uploads\/2018\/09\/prof_150918_2-768x512.jpg 768w, https:\/\/franciscanos.org.br\/noticias\/wp-content\/uploads\/2018\/09\/prof_150918_2-150x100.jpg 150w\" sizes=\"(max-width: 830px) 100vw, 830px\" \/><\/strong><\/p>\n<p><strong>Frei Roger Strapazzon e Moacir Beggo<\/strong><\/p>\n<p><strong>Petr\u00f3polis (RJ)<\/strong> &#8211; Mais uma vez, a centen\u00e1ria Igreja do Sagrado Cora\u00e7\u00e3o de Jesus de Petr\u00f3polis (RJ) testemunhou a entrega total de jovens frades no seguimento de Jesus Cristo ao modo de S\u00e3o Francisco de Assis. Neste s\u00e1bado, 15 de setembro, os angolanos, Frei Alfredo Epalanga Prego e Frei M\u00e1rio Sampaio Pelu, e os brasileiros Frei Alan Leal de Mattos, Frei Jefferson Max Nunes Maciel, Frei Jhones Lucas Martins, Frei Josemberg Cardozo Aranha e Frei Junior Mendes ingressaram definitivamente na Ordem dos Frades Menores.<\/p>\n<p>Foram encorajados e animados pelo Ministro Provincial, Frei Fid\u00eancio Vanboemmel, para confiarem e se entregarem ao Senhor. Lembrou, contudo, que essa doa\u00e7\u00e3o sincera passa pelo Livro da Cruz (Evangelho). &#8220;Queridos confrades, muito obrigado pelo &#8216;sim&#8217; de voc\u00eas. N\u00e3o s\u00f3 da Prov\u00edncia, da Funda\u00e7\u00e3o, dos frades, o nosso obrigado \u00e9 porque esse &#8216;sim&#8217; de voc\u00eas \u00e9 dado a Deus. Confiem Nele! E n\u00e3o tenham medo do Livro da Cruz do Senhor&#8221;, refor\u00e7ou.<\/p>\n<p><img loading=\"lazy\" class=\"aligncenter\" src=\"http:\/\/franciscanos.org.br\/wp-content\/uploads\/2018\/09\/prof_150918_2.jpg\" alt=\"prof_150918_2\" width=\"830\" height=\"471\" \/><\/p>\n<p>A profiss\u00e3o solene, ou a consagra\u00e7\u00e3o definitiva dos frades, onde estes se unem, de fato, a Deus e \u00e0 Ordem dos Frades Menores, foi feita nas m\u00e3os do Ministro Provincial, durante Celebra\u00e7\u00e3o Eucar\u00edstica, \u00e0s 16h15. A Igreja do Sagrado lotou para ver os neoprofessos da Prov\u00edncia Franciscana da Imaculada Concei\u00e7\u00e3o e da Funda\u00e7\u00e3o Imaculada M\u00e3e de Deus de Angola. Ao lado de Frei Fid\u00eancio no altar, estava Frei Jorge Schiavini, guardi\u00e3o da Fraternidade do Sagrado, e o di\u00e1cono Frei Roberto Aparecido Pereira. Entre os confrades que lotaram o presbit\u00e9rio estavam tamb\u00e9m o Visitador Geral, Frei Miguel Kleinhans, e o Definidor Frei Jo\u00e3o Francisco da Silva, secret\u00e1rio da Forma\u00e7\u00e3o e Estudos da Prov\u00edncia. Fi\u00e9is da Par\u00f3quia, das comunidades petropolitanas, das Par\u00f3quias da Baixada Fluminense, onde os neoprofessos fazem a pastoral nos finais de semana, vieram em peso para a Celebra\u00e7\u00e3o, que ganhou em beleza e solenidade com o Coral das Meninas do Instituto dos Canarinhos.<\/p>\n<p>O rito da profiss\u00e3o solene come\u00e7ou depois da leitura do Evangelho e foi explicado passo a passo pelo comentarista Frei Edrian Josu\u00e9 Pasini. O mestre para o tempo de Teologia, Frei Marcos Andrade, chamou cada um dos professandos pelo nome. Em p\u00e9, diante do Ministro Provincial, eles responderam: \u201cAqui estou!\u201d. O mestre, ent\u00e3o, fez um resumo biogr\u00e1fico de cada professando. Depois, juntos, eles fizeram o pedido para serem admitidos definitivamente na Ordem dos Frades Menores.<\/p>\n<p><img loading=\"lazy\" class=\"aligncenter\" src=\"http:\/\/franciscanos.org.br\/wp-content\/uploads\/2018\/09\/prof_150918_4.jpg\" alt=\"prof_150918_4\" width=\"830\" height=\"472\" \/><br \/>\nNa sua homilia, Frei Fid\u00eancio partiu do lema escolhidos pelos professandos: &#8220;&#8230;come\u00e7ando pela cruz, seguindo a regra da cruz e finalmente terminando na cruz&#8221;, do Tratado dos Milagres de S\u00e3o Boaventura. Antes, Frei Fid\u00eancio, lembrou que a Cruz est\u00e1 no centro da liturgia desses dias: como a Exalta\u00e7\u00e3o da Santa Cruz ontem (14\/9), Nossa Senhora das Dores, hoje; e a Festa das Chagas ou Estigmatiza\u00e7\u00e3o de S\u00e3o Francisco na segunda-feira, 17 de setembro. &#8220;Na festa de hoje, Nossa Senhora das Dores, a Igreja contempla o Cristo sofredor no Cora\u00e7\u00e3o da M\u00e3e de Deus. Esta fidelidade de Maria, o &#8216;sim&#8217; que ela disse ao anjo, ela renovou sobretudo no mist\u00e9rio da cruz. Voc\u00eas professam tamb\u00e9m no dia que Maria deu, talvez, o seu &#8216;sim&#8217; mais dif\u00edcil. Ela, como m\u00e3e, acolhe a miss\u00e3o que o Crucificado lhe deu: &#8216;Mulher, eis os teus filhos!'&#8221;, destacou o celebrante.<\/p>\n<p>Frei Fid\u00eancio lembrou que no Monte Alverne, quando fazia a sua quaresma, Francisco abriu a p\u00e1gina do Evangelho para se conformar cada vez mais com o mist\u00e9rio a cruz, com o mist\u00e9rio da Paix\u00e3o. &#8220;Ele pede a Jesus duas gra\u00e7as: a gra\u00e7a do amor que Cristo teve no momento em que doou a sua vida para n\u00f3s e para sentir no seu corpo e na sua alma o mist\u00e9rio da dor que Jesus sofreu ao se entregar por n\u00f3s na cruz&#8221;, recordou.<\/p>\n<p><img loading=\"lazy\" class=\"aligncenter\" src=\"http:\/\/franciscanos.org.br\/wp-content\/uploads\/2018\/09\/prof_150918_5.jpg\" alt=\"prof_150918_5\" width=\"830\" height=\"422\" \/><br \/>\nSegundo o Ministro Provincial, nesse dia t\u00e3o bonito, dia de festa para a Prov\u00edncia da Imaculada, dia de festa para a Funda\u00e7\u00e3o Imaculada M\u00e3e de Deus, o mist\u00e9rio da cruz est\u00e1 t\u00e3o evidente para todos n\u00f3s: &#8220;A pr\u00f3pria Palavra de Deus deste 24\u00ba domingo do Tempo Comum mostra, com muita clareza, Jesus Cristo nos convocando a segui-Lo e assumir com Ele o Mist\u00e9rio da Cruz do Senhor&#8221;, disse.<\/p>\n<p>Passando para o lema escolhido pelos professandos, Frei Fid\u00eancio acentou que a cruz \u00e9 um princ\u00edpio, a cruz \u00e9 um itiner\u00e1rio e a cruz \u00e9 um ponto de chegada. &#8220;Eu diria, confrades, come\u00e7ar pela cruz foi todo o itiner\u00e1rio crist\u00e3o de voc\u00eas,\u00a0 sobretudo o itiner\u00e1rio formativo. Tamb\u00e9m Francisco come\u00e7ou pelo itiner\u00e1rio da cruz, que nos remete ao sonho de Espoleto e nos remete ao encontro de Francisco com a Cruz de S\u00e3o Dami\u00e3o. \u00c9 o Francisco que se abre aos sonhos de Deus. Por isso, ao come\u00e7ar pela cruz, ele acolhe as exig\u00eancias da cruz e faz dessas exig\u00eancias da cruz o seu caminho e o caminho da fraternidade minor\u00edtica. Por isso, essa frase do Evangelho de hoje \u00e9 importante para a hist\u00f3ria franciscana e est\u00e1 na origem da nossa forma de vida: &#8216;Se algu\u00e9m quer me seguir, renuncie a si mesmo, tome a sua cruz e me siga&#8217;. Talvez negar a si mesmo para se fazer por inteiro de Jesus seja a nossa maior provoca\u00e7\u00e3o. Renegue a si mesmo, tome a sua cruz e me siga&#8221;, observou.<\/p>\n<p>Segundo Frei Fid\u00eancio, n\u00e3o foram poucas vezes que os professandos passaram por momentos de trevas, escurid\u00e3o, medo e d\u00favidas. &#8220;E hoje voc\u00eas vieram de todo o cora\u00e7\u00e3o para dizer como Francisco de Assis: &#8216;\u00c9 isso que eu quero, \u00e9 isso que procuro, \u00e9 isso que eu desejo fazer de todo cora\u00e7\u00e3o&#8217;. Pois bem. Nunca esque\u00e7am esta frase que escolheram. Come\u00e7ar pela cruz&#8230;&#8221;, insistiu.<\/p>\n<p>Mas lembrou o celebrante que S\u00e3o Boaventura tamb\u00e9m diz que se deve seguir a \u201cregra da cruz\u201d. &#8220;Francisco pede que os frades abram o Livro da Cruz: o Santo Evangelho. Ali est\u00e1 o mist\u00e9rio de Jesus. \u00c9 esse livro que se tornou ponto referencial para a sua vida. E hoje voc\u00eas v\u00e3o dizer: &#8216;Eu quero professar na minha vida franciscana este livro da Cruz de Nosso Senhor Jesus Cristo&#8217;. Eu quero viver o Santo Evangelho em obedi\u00eancia, em disponibilidade aos sonhos e aos projetos de Deus; viver o Santo Evangelho na pobreza, que n\u00e3o \u00e9 s\u00f3 ter o bolso vazio, mas significa comunh\u00e3o, solidariedade; viver este Santo Evangelho em castidade, que n\u00e3o \u00e9 somente abstin\u00eancia sexual, mas viver o amor pleno a todas as pessoas. E isso \u00e9 maravilhoso&#8221;, estimulou.<\/p>\n<p>Segundo o Ministro Provincial, essa resposta de seguir a regra da cruz \u00e9 tamb\u00e9m a resposta &#8220;que devo dar todo dia a Jesus quando ele me pergunta ou ele me questiona: Quem sou eu para voc\u00ea?&#8221;.\u00a0 Para ele, essa regra da cruz vai ser a maior provoca\u00e7\u00e3o que os professandos ter\u00e3o daqui para frente como frades menores.<\/p>\n<p>&#8220;Oxal\u00e1, a gente tenha sempre esta f\u00e9 de Pedro! &#8216;Senhor, Tu \u00e9s o Filho de Deus&#8217;. Que n\u00f3s possamos professar \u00a0isso. Seguir a regra da cruz \u00e9 professar exatamente a nossa f\u00e9 nesse Filho de Deus. E servir Jesus Cristo, como diz a segunda leitura, de uma maneira bonita, n\u00e3o \u00e9 s\u00f3 fazer um discurso bonito, com palavras bonitas, belas teorias e conceitos, mas significa traduzir a nossa f\u00e9 em gestos concretos&#8221;, ensinou.<\/p>\n<p><img loading=\"lazy\" class=\"aligncenter\" src=\"http:\/\/franciscanos.org.br\/wp-content\/uploads\/2018\/09\/prof_150918_7.jpg\" alt=\"prof_150918_7\" width=\"830\" height=\"473\" \/><br \/>\nPor \u00faltimo, o frade falou da \u00faltima frase: &#8220;terminar com a cruz&#8221;. &#8220;Eu creio que esse terminar com a cruz \u00e9 o \u00faltimo &#8216;sim&#8217; que n\u00f3s vamos dizer a Deus no momento da nossa morte. Portanto, a terceira frase, terminar com a cruz \u00e9 provoca\u00e7\u00e3o, \u00e9 caminho em aberto&#8221;, disse.<\/p>\n<p>Depois da homilia, os professandos acenderam suas velas no C\u00edrio Pascal para recordar a voca\u00e7\u00e3o batismal que neles est\u00e1 se desabrochando como voca\u00e7\u00e3o religiosa franciscana. Depois, Frei Fid\u00eancio perguntou aos professandos pelas motiva\u00e7\u00f5es que eles trouxeram ao pedir a admiss\u00e3o definitiva na Ordem dos Frades Menores. Em seguida, ele pediu a intercess\u00e3o de todos os Santos para os novos irm\u00e3os, que prostraram no ch\u00e3o.<\/p>\n<p>Terminada a Ladainha de todos os Santos, os professandos se prostraram de joelhos diante do Ministro Provincial, colocaram as suas m\u00e3os nas m\u00e3os do Ministro, num gesto de entrega e obedi\u00eancia, e leram a f\u00f3rmula de profiss\u00e3o definitiva na Ordem Franciscana. O rito terminou com o abra\u00e7o caloroso dos confrades.<\/p>\n<p><img loading=\"lazy\" class=\"aligncenter\" src=\"http:\/\/franciscanos.org.br\/wp-content\/uploads\/2018\/09\/prof_150918_8.jpg\" alt=\"prof_150918_8\" width=\"830\" height=\"398\" \/><br \/>\nA liturgia continuou solenemente at\u00e9 o final da comunh\u00e3o. No momento dos agradecimentos, falou em nome do grupo Frei Alan, que em primeiro lugar agradeceu a Deus, o Ministro Provincial, a Prov\u00edncia da Imaculada, os seus formadores, especialmente o mestre Frei Marcos Andrade, \u00a0os familiares, que deram a base da f\u00e9 para viverem este momento, os amigos, de perto e de longe, e o Coral das Meninas dos Canarinhos e os dois maestros: Marcelo Vizani e Marco Aur\u00e9lio Lischt.<\/p>\n<p>O Ministro Provincial fez os agradecimentos tamb\u00e9m, especialmente ao Visitador Geral, Frei Miguel Kleinhans, que veio de S\u00e3o Paulo para participar deste momento e deu a b\u00ean\u00e7\u00e3o final.<\/p>\n<p><iframe loading=\"lazy\" src=\"https:\/\/www.youtube.com\/embed\/t81-8o53UU0\" width=\"100%\" height=\"480\" frameborder=\"0\" allowfullscreen=\"allowfullscreen\"><\/iframe><\/p>\n","protected":false},"excerpt":{"rendered":"<p>Profiss\u00e3o solene<\/p>\n","protected":false},"author":1,"featured_media":191765,"comment_status":"open","ping_status":"open","sticky":false,"template":"","format":"standard","meta":[],"categories":[1],"tags":[190,1130],"acf":[],"yoast_head":"<!-- This site is optimized with the Yoast SEO plugin v19.2 - https:\/\/yoast.com\/wordpress\/plugins\/seo\/ -->\n<title>N\u00e3o tenham medo do &#039;Livro da Cruz&#039; do Senhor! - Not\u00edcias - Franciscanos<\/title>\n<meta name=\"robots\" content=\"index, follow, max-snippet:-1, max-image-preview:large, max-video-preview:-1\" \/>\n<link rel=\"canonical\" href=\"https:\/\/franciscanos.org.br\/noticias\/nao-tenham-medo-do-livro-da-cruz-do-senhor.html\" \/>\n<meta property=\"og:locale\" content=\"pt_BR\" \/>\n<meta property=\"og:type\" content=\"article\" \/>\n<meta property=\"og:title\" content=\"N\u00e3o tenham medo do &#039;Livro da Cruz&#039; do Senhor! - Not\u00edcias - Franciscanos\" \/>\n<meta property=\"og:description\" content=\"Profiss\u00e3o solene\" \/>\n<meta property=\"og:url\" content=\"https:\/\/franciscanos.org.br\/noticias\/nao-tenham-medo-do-livro-da-cruz-do-senhor.html\" \/>\n<meta property=\"og:site_name\" content=\"Not\u00edcias - Franciscanos\" \/>\n<meta property=\"article:published_time\" content=\"2018-09-16T01:46:37+00:00\" \/>\n<meta property=\"article:modified_time\" content=\"2019-10-06T22:08:07+00:00\" \/>\n<meta property=\"og:image\" content=\"https:\/\/franciscanos.org.br\/noticias\/wp-content\/uploads\/2018\/09\/prof_150918_1.jpg\" \/>\n\t<meta property=\"og:image:width\" content=\"273\" \/>\n\t<meta property=\"og:image:height\" content=\"181\" \/>\n\t<meta property=\"og:image:type\" content=\"image\/jpeg\" \/>\n<meta name=\"author\" content=\"admin\" \/>\n<meta name=\"twitter:card\" content=\"summary_large_image\" \/>\n<meta name=\"twitter:label1\" content=\"Escrito por\" \/>\n\t<meta name=\"twitter:data1\" content=\"admin\" \/>\n\t<meta name=\"twitter:label2\" content=\"Est. tempo de leitura\" \/>\n\t<meta name=\"twitter:data2\" content=\"8 minutos\" \/>\n<script type=\"application\/ld+json\" class=\"yoast-schema-graph\">{\"@context\":\"https:\/\/schema.org\",\"@graph\":[{\"@type\":\"WebSite\",\"@id\":\"https:\/\/franciscanos.org.br\/noticias\/#website\",\"url\":\"https:\/\/franciscanos.org.br\/noticias\/\",\"name\":\"Not\u00edcias - Franciscanos\",\"description\":\"Prov\u00edncia Franciscana da Imaculada Concei\u00e7\u00e3o do Brasil - Ordem dos Frades Menores - OFM\",\"potentialAction\":[{\"@type\":\"SearchAction\",\"target\":{\"@type\":\"EntryPoint\",\"urlTemplate\":\"https:\/\/franciscanos.org.br\/noticias\/?s={search_term_string}\"},\"query-input\":\"required name=search_term_string\"}],\"inLanguage\":\"pt-BR\"},{\"@type\":\"ImageObject\",\"inLanguage\":\"pt-BR\",\"@id\":\"https:\/\/franciscanos.org.br\/noticias\/nao-tenham-medo-do-livro-da-cruz-do-senhor.html#primaryimage\",\"url\":\"https:\/\/franciscanos.org.br\/noticias\/wp-content\/uploads\/2018\/09\/prof_150918_1.jpg\",\"contentUrl\":\"https:\/\/franciscanos.org.br\/noticias\/wp-content\/uploads\/2018\/09\/prof_150918_1.jpg\",\"width\":273,\"height\":181},{\"@type\":\"WebPage\",\"@id\":\"https:\/\/franciscanos.org.br\/noticias\/nao-tenham-medo-do-livro-da-cruz-do-senhor.html#webpage\",\"url\":\"https:\/\/franciscanos.org.br\/noticias\/nao-tenham-medo-do-livro-da-cruz-do-senhor.html\",\"name\":\"N\u00e3o tenham medo do 'Livro da Cruz' do Senhor! - Not\u00edcias - Franciscanos\",\"isPartOf\":{\"@id\":\"https:\/\/franciscanos.org.br\/noticias\/#website\"},\"primaryImageOfPage\":{\"@id\":\"https:\/\/franciscanos.org.br\/noticias\/nao-tenham-medo-do-livro-da-cruz-do-senhor.html#primaryimage\"},\"datePublished\":\"2018-09-16T01:46:37+00:00\",\"dateModified\":\"2019-10-06T22:08:07+00:00\",\"author\":{\"@id\":\"https:\/\/franciscanos.org.br\/noticias\/#\/schema\/person\/b38fbf43118f02820bd932f2e4b14ad3\"},\"breadcrumb\":{\"@id\":\"https:\/\/franciscanos.org.br\/noticias\/nao-tenham-medo-do-livro-da-cruz-do-senhor.html#breadcrumb\"},\"inLanguage\":\"pt-BR\",\"potentialAction\":[{\"@type\":\"ReadAction\",\"target\":[\"https:\/\/franciscanos.org.br\/noticias\/nao-tenham-medo-do-livro-da-cruz-do-senhor.html\"]}]},{\"@type\":\"BreadcrumbList\",\"@id\":\"https:\/\/franciscanos.org.br\/noticias\/nao-tenham-medo-do-livro-da-cruz-do-senhor.html#breadcrumb\",\"itemListElement\":[{\"@type\":\"ListItem\",\"position\":1,\"name\":\"Home\",\"item\":\"https:\/\/franciscanos.org.br\/noticias\"},{\"@type\":\"ListItem\",\"position\":2,\"name\":\"N\u00e3o tenham medo do &#8216;Livro da Cruz&#8217; do Senhor!\"}]},{\"@type\":\"Person\",\"@id\":\"https:\/\/franciscanos.org.br\/noticias\/#\/schema\/person\/b38fbf43118f02820bd932f2e4b14ad3\",\"name\":\"admin\",\"image\":{\"@type\":\"ImageObject\",\"inLanguage\":\"pt-BR\",\"@id\":\"https:\/\/franciscanos.org.br\/noticias\/#\/schema\/person\/image\/\",\"url\":\"https:\/\/secure.gravatar.com\/avatar\/e8495742d34d0ba6448ea1c628263b3e?s=96&d=mm&r=g\",\"contentUrl\":\"https:\/\/secure.gravatar.com\/avatar\/e8495742d34d0ba6448ea1c628263b3e?s=96&d=mm&r=g\",\"caption\":\"admin\"},\"url\":\"https:\/\/franciscanos.org.br\/noticias\/author\/admin\"}]}<\/script>\n<!-- \/ Yoast SEO plugin. -->","yoast_head_json":{"title":"N\u00e3o tenham medo do 'Livro da Cruz' do Senhor! - Not\u00edcias - Franciscanos","robots":{"index":"index","follow":"follow","max-snippet":"max-snippet:-1","max-image-preview":"max-image-preview:large","max-video-preview":"max-video-preview:-1"},"canonical":"https:\/\/franciscanos.org.br\/noticias\/nao-tenham-medo-do-livro-da-cruz-do-senhor.html","og_locale":"pt_BR","og_type":"article","og_title":"N\u00e3o tenham medo do 'Livro da Cruz' do Senhor! - Not\u00edcias - Franciscanos","og_description":"Profiss\u00e3o solene","og_url":"https:\/\/franciscanos.org.br\/noticias\/nao-tenham-medo-do-livro-da-cruz-do-senhor.html","og_site_name":"Not\u00edcias - Franciscanos","article_published_time":"2018-09-16T01:46:37+00:00","article_modified_time":"2019-10-06T22:08:07+00:00","og_image":[{"width":273,"height":181,"url":"https:\/\/franciscanos.org.br\/noticias\/wp-content\/uploads\/2018\/09\/prof_150918_1.jpg","type":"image\/jpeg"}],"author":"admin","twitter_card":"summary_large_image","twitter_misc":{"Escrito por":"admin","Est. tempo de leitura":"8 minutos"},"schema":{"@context":"https:\/\/schema.org","@graph":[{"@type":"WebSite","@id":"https:\/\/franciscanos.org.br\/noticias\/#website","url":"https:\/\/franciscanos.org.br\/noticias\/","name":"Not\u00edcias - Franciscanos","description":"Prov\u00edncia Franciscana da Imaculada Concei\u00e7\u00e3o do Brasil - Ordem dos Frades Menores - OFM","potentialAction":[{"@type":"SearchAction","target":{"@type":"EntryPoint","urlTemplate":"https:\/\/franciscanos.org.br\/noticias\/?s={search_term_string}"},"query-input":"required name=search_term_string"}],"inLanguage":"pt-BR"},{"@type":"ImageObject","inLanguage":"pt-BR","@id":"https:\/\/franciscanos.org.br\/noticias\/nao-tenham-medo-do-livro-da-cruz-do-senhor.html#primaryimage","url":"https:\/\/franciscanos.org.br\/noticias\/wp-content\/uploads\/2018\/09\/prof_150918_1.jpg","contentUrl":"https:\/\/franciscanos.org.br\/noticias\/wp-content\/uploads\/2018\/09\/prof_150918_1.jpg","width":273,"height":181},{"@type":"WebPage","@id":"https:\/\/franciscanos.org.br\/noticias\/nao-tenham-medo-do-livro-da-cruz-do-senhor.html#webpage","url":"https:\/\/franciscanos.org.br\/noticias\/nao-tenham-medo-do-livro-da-cruz-do-senhor.html","name":"N\u00e3o tenham medo do 'Livro da Cruz' do Senhor! - Not\u00edcias - Franciscanos","isPartOf":{"@id":"https:\/\/franciscanos.org.br\/noticias\/#website"},"primaryImageOfPage":{"@id":"https:\/\/franciscanos.org.br\/noticias\/nao-tenham-medo-do-livro-da-cruz-do-senhor.html#primaryimage"},"datePublished":"2018-09-16T01:46:37+00:00","dateModified":"2019-10-06T22:08:07+00:00","author":{"@id":"https:\/\/franciscanos.org.br\/noticias\/#\/schema\/person\/b38fbf43118f02820bd932f2e4b14ad3"},"breadcrumb":{"@id":"https:\/\/franciscanos.org.br\/noticias\/nao-tenham-medo-do-livro-da-cruz-do-senhor.html#breadcrumb"},"inLanguage":"pt-BR","potentialAction":[{"@type":"ReadAction","target":["https:\/\/franciscanos.org.br\/noticias\/nao-tenham-medo-do-livro-da-cruz-do-senhor.html"]}]},{"@type":"BreadcrumbList","@id":"https:\/\/franciscanos.org.br\/noticias\/nao-tenham-medo-do-livro-da-cruz-do-senhor.html#breadcrumb","itemListElement":[{"@type":"ListItem","position":1,"name":"Home","item":"https:\/\/franciscanos.org.br\/noticias"},{"@type":"ListItem","position":2,"name":"N\u00e3o tenham medo do &#8216;Livro da Cruz&#8217; do Senhor!"}]},{"@type":"Person","@id":"https:\/\/franciscanos.org.br\/noticias\/#\/schema\/person\/b38fbf43118f02820bd932f2e4b14ad3","name":"admin","image":{"@type":"ImageObject","inLanguage":"pt-BR","@id":"https:\/\/franciscanos.org.br\/noticias\/#\/schema\/person\/image\/","url":"https:\/\/secure.gravatar.com\/avatar\/e8495742d34d0ba6448ea1c628263b3e?s=96&d=mm&r=g","contentUrl":"https:\/\/secure.gravatar.com\/avatar\/e8495742d34d0ba6448ea1c628263b3e?s=96&d=mm&r=g","caption":"admin"},"url":"https:\/\/franciscanos.org.br\/noticias\/author\/admin"}]}},"_links":{"self":[{"href":"https:\/\/franciscanos.org.br\/noticias\/wp-json\/wp\/v2\/posts\/188728"}],"collection":[{"href":"https:\/\/franciscanos.org.br\/noticias\/wp-json\/wp\/v2\/posts"}],"about":[{"href":"https:\/\/franciscanos.org.br\/noticias\/wp-json\/wp\/v2\/types\/post"}],"author":[{"embeddable":true,"href":"https:\/\/franciscanos.org.br\/noticias\/wp-json\/wp\/v2\/users\/1"}],"replies":[{"embeddable":true,"href":"https:\/\/franciscanos.org.br\/noticias\/wp-json\/wp\/v2\/comments?post=188728"}],"version-history":[{"count":0,"href":"https:\/\/franciscanos.org.br\/noticias\/wp-json\/wp\/v2\/posts\/188728\/revisions"}],"wp:featuredmedia":[{"embeddable":true,"href":"https:\/\/franciscanos.org.br\/noticias\/wp-json\/wp\/v2\/media\/191765"}],"wp:attachment":[{"href":"https:\/\/franciscanos.org.br\/noticias\/wp-json\/wp\/v2\/media?parent=188728"}],"wp:term":[{"taxonomy":"category","embeddable":true,"href":"https:\/\/franciscanos.org.br\/noticias\/wp-json\/wp\/v2\/categories?post=188728"},{"taxonomy":"post_tag","embeddable":true,"href":"https:\/\/franciscanos.org.br\/noticias\/wp-json\/wp\/v2\/tags?post=188728"}],"curies":[{"name":"wp","href":"https:\/\/api.w.org\/{rel}","templated":true}]}}