{"id":188702,"date":"2018-04-09T22:08:49","date_gmt":"2018-04-10T01:08:49","guid":{"rendered":"http:\/\/franciscanos.org.br\/?p=156451"},"modified":"2019-04-08T21:54:29","modified_gmt":"2019-04-09T00:54:29","slug":"sejamos-pois-alegres-na-esperanca-2","status":"publish","type":"post","link":"https:\/\/franciscanos.org.br\/noticias\/sejamos-pois-alegres-na-esperanca-2.html","title":{"rendered":"D. Luiz: &#8220;Sejamos, pois, alegres na esperan\u00e7a!&#8221;"},"content":{"rendered":"<p><img loading=\"lazy\" src=\"http:\/\/franciscanos.org.br\/wp-content\/uploads\/2018\/04\/padroeira_090418.jpg\" alt=\"padroeira_090418\" width=\"830\" height=\"546\" \/><br \/>\n<strong>Frei Augusto Luiz Gabriel e Moacir Beggo<\/strong><br \/>\n<strong>Vila Velha (ES)<\/strong> &#8211; Com reiterados pedidos do Arcebispo Dom Luiz Vilela para n\u00e3o perder a esperan\u00e7a, terminou nesta segunda-feira (9\/4) a 447\u00aa Festa da Penha, depois de oito dias de muita devo\u00e7\u00e3o e celebra\u00e7\u00f5es. Nesse tempo, Maria foi o centro das aten\u00e7\u00f5es do povo capixaba, especialmente nas grandes demonstra\u00e7\u00f5es de f\u00e9 da Romaria dos Homens e das Mulheres, que levaram \u00e0s ruas mais de 700 mil pessoas.<br \/>\nNesta segunda-feira, feriado em Vila Velha para festejar a sua Padroeira, o Convento da Penha foi o destino da grande maioria do povo capixaba, que j\u00e1 come\u00e7ou a peregrinar para este &#8220;Santu\u00e1rio da Gra\u00e7a e do Perd\u00e3o&#8221; a partir da meia-noite desta segunda-feira, quando foi celebrada a primeira Missa do dia.<br \/>\n<iframe loading=\"lazy\" src=\"https:\/\/www.youtube.com\/embed\/X9VvjlmNIEo\" width=\"100%\" height=\"480\" frameborder=\"0\" allowfullscreen=\"allowfullscreen\"><\/iframe><br \/>\n\u00c0s 15h30, os frades do Convento da Penha come\u00e7aram a preparar o povo para receber a imagem de Nossa Senhora que foi carregada por um grupo de marinheiros no meio da multid\u00e3o, calculada em cerca de 80 mil pessoas. \u00c0s 16 horas, uma prociss\u00e3o cruzou a multid\u00e3o trazendo os frades franciscanos, os ac\u00f3litos, os seminaristas e di\u00e1conos, os sacerdotes, os bispos Dom Paulo Dal&#8217;B\u00f3 (S\u00e3o Mateus), Dom Dario Campos (Cachoeiro de Itapemirim), Dom D\u00e9cio Sossai Zandonade (em\u00e9rito de Colatina), Dom Rubens Sevilha (nomeado bispo de Bauru) e Dom Joaquim Wladimir Lopes Dias (Colatina) e o Arcebispo Dom Luiz Mancilha Vilela. A Missa solene contou com a presen\u00e7a de autoridades civis, entre elas o Prefeito de Vila Velha, Max Filho, e o prefeito de Vit\u00f3ria, Luciano Rezende, e as autoridades militares do Estado.<br \/>\n<img loading=\"lazy\" src=\"http:\/\/franciscanos.org.br\/wp-content\/uploads\/2018\/04\/padroeira_090418_1.jpg\" alt=\"padroeira_090418_1\" width=\"830\" height=\"527\" \/><br \/>\n&#8220;Acabamos de viver o Mist\u00e9rio da P\u00e1scoa na semana passada, quando meditamos sobre dois aspectos fundamentais da nossa vida e da nossa f\u00e9: o mist\u00e9rio da dor e o mist\u00e9rio da alegria&#8221;, abriu a sua reflex\u00e3o Dom Luiz. &#8220;A M\u00e3e e disc\u00edpula de Jesus ensina-nos a viver tanto o mist\u00e9rio da dor como o mist\u00e9rio da alegria que n\u00f3s chamamos de Mist\u00e9rio Pascal&#8221;, acrescentou o Arcebispo.<br \/>\nSegundo Dom Luiz, a piedade popular vem, atrav\u00e9s destes dois mil anos de vida crist\u00e3, vivenciando as dores de Nossa Senhora, cravando-as simbolicamente, na alma crist\u00e3, como as &#8220;sete dores da M\u00e3e de Deus&#8221;. &#8220;Quem viveu e meditou durante a Semana Santa a Paix\u00e3o e Morte de Jesus, pode avaliar o significado do sofrimento, da dor de Nossa Senhora. Mas isso, tamb\u00e9m nos faz pensar nos sofrimentos causados por tantas injusti\u00e7as nos dias de hoje. Quantas m\u00e3es sofrem porque seus filhos foram assassinados em nossa sociedade capixaba e brasileira&#8221;, lamentou. &#8220;Nossa Senhora das Dores consola e ampara estas m\u00e3es sofridas e aponta para Aquele que nos d\u00e1 for\u00e7a, Nosso Senhor Jesus Cristo. A M\u00e3e nos acolhe em seu colo maternal para nos consolar e nos ajudar a mantermos a f\u00e9 a esperan\u00e7a&#8221;, disse.<br \/>\n<img loading=\"lazy\" src=\"http:\/\/franciscanos.org.br\/wp-content\/uploads\/2018\/04\/padroeira_090418_2.jpg\" alt=\"padroeira_090418_2\" width=\"830\" height=\"460\" \/><br \/>\n&#8220;Nossa f\u00e9 n\u00e3o fica parada na dor de Jesus e da M\u00e3e de Jesus. Nossa f\u00e9 ultrapassa os limites humanos sobre o nosso cora\u00e7\u00e3o e aponta para a luz que veio tirar-nos das trevas. Jesus ressuscitou e, com Ele, n\u00f3s tamb\u00e9m ressuscitaremos!&#8221;, animou. &#8220;Aqui entra a nossa Festa de hoje, Festa de Nossa Senhora das Alegrias. Sofremos com Maria nossa querida m\u00e3e. Mas n\u00e3o perdemos a esperan\u00e7a porque ela \u00e9 m\u00e3e da esperan\u00e7a, \u00e9 Senhora das Alegrias&#8221;, emendou, recordando as sete alegrias de Nossa Senhora (anuncia\u00e7\u00e3o do Anjo Gabriel; visita a sua prima Isabel; o nascimento de Jesus; a visita dos Reis Magos; o encontro de Maria e Jos\u00e9 com o menino perdido no templo; a ressurrei\u00e7\u00e3o de seu amado Filho; e a assun\u00e7\u00e3o ao c\u00e9u).<br \/>\n&#8220;Nossa Senhora das Alegrias convida-nos a n\u00e3o perdermos a esperan\u00e7a e n\u00e3o permanecermos somente nas dores. Jesus venceu a morte e o pecado. O mundo ser\u00e1 melhor pela gra\u00e7a de Deus e nossa correspond\u00eancia. A Virgem da Penha e Senhora das Alegrias ilumina a minha vida, a nossa vida! Por isso, coragem! Cabe\u00e7a erguida! Sabemos em quem acreditamos. N\u00f3s temos uma M\u00e3e que vela por n\u00f3s e nos ensina a viver na esperan\u00e7a de conquistarmos a paz que tanto desejamos, pois, seu Filho \u00e9 o Pr\u00edncipe da Paz&#8221;, exortou, encerrando: &#8220;Sejamos, pois alegres na esperan\u00e7a, consolados na esperan\u00e7a e no amor!&#8221;<br \/>\n<img loading=\"lazy\" src=\"http:\/\/franciscanos.org.br\/wp-content\/uploads\/2018\/04\/padroeira_090418_4.jpg\" alt=\"padroeira_090418_4\" width=\"830\" height=\"429\" \/><br \/>\nDom Luiz agradeceu nesta Missa o trabalho de Dom Rubens Sevilha durante seis anos como bispo auxiliar. Agora, Dom Sevilha ser\u00e1 o bispo diocesano de Bauru. E tamb\u00e9m agradeceu aos frades da Prov\u00edncia da Imaculada pelo trabalho evangelizador no Esp\u00edrito Santo, especialmente no Convento da Penha.<br \/>\nO guardi\u00e3o do Convento, Frei Paulo Pereira, reservou em primeiro lugar o agradecimento aos volunt\u00e1rios que, &#8220;incansavelmente, se dispuseram a servir desde as primeiras reuni\u00f5es em prepara\u00e7\u00e3o a este grande evento&#8221;. Agradeceu aos poderes p\u00fablicos, especialmente ao Governo Estadual e \u00e0 Prefeitura de Vila Velha, aos patrocinadores, sobretudo Banestes, Arcelor, Vale e Caf\u00e9 Tr\u00eas Cora\u00e7\u00f5es. Agradeceu aos pastores das Dioceses do Estado do Esp\u00edrito Santo, bispos, padres e di\u00e1conos. &#8220;Gratid\u00e3o aos devotos romeiros da Penha que n\u00e3o cansaram de oferecer demonstra\u00e7\u00f5es de f\u00e9 e confian\u00e7a na materna prote\u00e7\u00e3o da Virgem das Alegrias, m\u00e3e de Deus e nossa m\u00e3e&#8221;, disse.<br \/>\n<img loading=\"lazy\" src=\"http:\/\/franciscanos.org.br\/wp-content\/uploads\/2018\/04\/padroeira_090418_3.jpg\" alt=\"padroeira_090418_3\" width=\"830\" height=\"553\" \/><br \/>\n&#8220;Esta celebra\u00e7\u00e3o n\u00e3o apenas encerra a Festa da Penha 2018; ela j\u00e1 marca o in\u00edcio da Festa da Penha do ano que vem. Quando a imagem da M\u00e3e de todo o povo capixaba deixar este altar e for levada de volta ao Convento, colocada l\u00e1 no alto da Penha sagrada, a Virgem das Alegrias continuar\u00e1 a acolher seus filhos e filhas que n\u00e3o cessam de apresentar preces, s\u00faplicas, louvor e gratid\u00e3o. \u00c9 isso que faz grandiosos esses dias. A ora\u00e7\u00e3o de todos em todos os momentos confere grandeza e beleza a este dia festivo&#8221;, celebrou Frei Paulo.<br \/>\n&#8220;Cada vez que subir ao Convento, cada vez que avist\u00e1-lo, cada vez que dele se lembrar, renove a certeza de que Deus cuida de n\u00f3s com amor de m\u00e3e. Esse Deus que assim nos ama, nos convida a cuidarmos uns dos outros&#8221;, encerrou.<br \/>\n<img loading=\"lazy\" src=\"http:\/\/franciscanos.org.br\/wp-content\/uploads\/2018\/04\/religiosos_090418_1.jpg\" alt=\"religiosos_090418_1\" width=\"830\" height=\"389\" \/><\/p>\n<h2><strong>OUSEMOS, PEDE PE. LUIZ AOS RELIGIOSOS<\/strong><\/h2>\n<p><img loading=\"lazy\" class=\"alignright wp-image-156453\" src=\"http:\/\/franciscanos.org.br\/wp-content\/uploads\/2018\/04\/religiosos_090418.jpg\" alt=\"religiosos_090418\" width=\"275\" height=\"290\" \/>A primeira Missa no Campinho desta segunda, dia da Padroeira, foi da Confer\u00eancia dos Religiosos do Brasil (CRB) e Semin\u00e1rio da Arquidiocese. Pe. Luiz Deivys da Silva, da Congrega\u00e7\u00e3o dos Mission\u00e1rios do Sagrado Cora\u00e7\u00e3o, em Vila Velha, presidiu esta Celebra\u00e7\u00e3o Eucar\u00edstica e, citando o encontro de Maria com Isabel, disse: &#8220;Maria ensina a miss\u00e3o da Igreja, a nossa miss\u00e3o&#8221;.<br \/>\n\u201cTemos que ter ousadia de anunciar o amor de Cristo sabendo que temos o melhor para oferecer o mundo. A nossa not\u00edcia \u00e9 o melhor que o mundo pode receber. Precisamos anunciar Jesus. Ter essa ousadia. N\u00e3o cedamos \u00e0 tenta\u00e7\u00e3o da pregui\u00e7a, n\u00e3o cedamos ao &#8216;sempre foi assim&#8217;. N\u00e3o cedamos! Ousemos anunciar como Maria, caminhar, sair da nossa zona de conforto e proclamar ao mundo o amor de Cristo \u201d, pediu.<br \/>\nPe. Luiz disse que \u00e9 um costume pedir para rezar pela perseveran\u00e7a das voca\u00e7\u00f5es. &#8220;Mas eu digo para rezar pedindo o discernimento, pois \u00e9 um perigo quem n\u00e3o se encontrou na voca\u00e7\u00e3o e continua nela&#8221;, disse.<\/p>\n<h2><strong><img loading=\"lazy\" src=\"http:\/\/franciscanos.org.br\/wp-content\/uploads\/2018\/04\/pastorais_090418_1.jpg\" alt=\"pastorais_090418_1\" width=\"830\" height=\"376\" \/>\u00a0<\/strong><strong>O ALERTA DE PE. RENATO NA MISSA DAS PASTORAIS<\/strong><\/h2>\n<p>\u00c0s 10 horas, no Campinho, foi a vez de todas as Pastorais Sociais da Arquidiocese de Vit\u00f3ria. Nesta celebra\u00e7\u00e3o, no Ato Penitencial, os agentes pastorais carregaram at\u00e9 o altar uma grande faixa com os nomes dos pecados cometidos nessas pastorais e uma homenagem a todos agentes das pastorais, em especial \u00e0s mulheres, que prestam servi\u00e7os aos mais pobres e necessitados e que trabalham no anonimato em suas comunidades.<br \/>\n<img loading=\"lazy\" class=\"alignleft wp-image-156455 size-full\" src=\"http:\/\/franciscanos.org.br\/wp-content\/uploads\/2018\/04\/pastorais_090418_P.jpg\" alt=\"pastorais_090418_P\" width=\"350\" height=\"401\" \/>A missa foi animada pelo coral de crian\u00e7as e jovens do Projeto Social S\u00e3o Jos\u00e9 de Calazans e presidida pelo Pe. Renato Criste, coordenador do Departamento Pastoral da Arquidiocese de Vit\u00f3ria e p\u00e1roco da Par\u00f3quia Nossa Senhora da Vit\u00f3ria.<br \/>\nNa sua homilia, ao comentar a visita de Maria a sua prima Isabel, recordou que ela tinha uma meta, mas hoje h\u00e1 muitos caminhos com peregrinos sem rumo. &#8220;Vivemos um contexto social e pol\u00edtico que tem levado as pessoas \u00e0 fadiga, sen\u00e3o \u00e0 exaust\u00e3o, porque caminham, trabalham, mas n\u00e3o alimentam boas expectativas. O crescente aumento do desemprego, por exemplo, tem levado muitas fam\u00edlias \u00e0 margem da pobreza e da mis\u00e9ria, sem condi\u00e7\u00f5es m\u00ednimas para se viver com dignidade. O adulto \u00e9 tratado como velho, inapto para o servi\u00e7o. O jovem n\u00e3o tem qualifica\u00e7\u00e3o. Chegamos ao ponto da indiferen\u00e7a com os problemas que tocam a vida do outro, sempre transferindo para o outro o que qualquer um poderia ter feito&#8221;, observou.<br \/>\nPara ele, a viol\u00eancia tem sido um dos maiores dramas nos \u00faltimos anos. &#8220;Os jovens s\u00e3o assassinados em nossas periferias, a maioria negra e de pouco ou nenhum acesso a oportunidades de mudan\u00e7as. Recentemente, dois jovens foram assassinados no territ\u00f3rio da minha Par\u00f3quia no domingo de Ramos e da Paix\u00e3o do Senhor. Ainda hoje, o sangue de muitos inocentes \u00e9 derramado. Talvez a situa\u00e7\u00e3o mais agravante, mais que a situa\u00e7\u00e3o da viol\u00eancia, \u00e9 a dessensibiliza\u00e7\u00e3o da viol\u00eancia, isto \u00e9, um risco de tratarmos os casos de viol\u00eancia como algo comum e aceit\u00e1vel. Para alguns, a supera\u00e7\u00e3o da viol\u00eancia \u00e9 uma resposta violenta a tanta viol\u00eancia j\u00e1 existente. A intoler\u00e2ncia manifestada nas redes sociais \u00e0queles que s\u00e3o julgados ou n\u00e3o por terem cometido algum crime, palavras e acusa\u00e7\u00f5es pesadas, que ao inv\u00e9s de edificar s\u00e3o destruidoras e disseminam o \u00f3dio e a viol\u00eancia&#8221;, lamentou. Para ele, a intoler\u00e2ncia racial, pol\u00edtica, religiosa e de sexo s\u00e3o exemplos que n\u00e3o condiz com a pr\u00e1tica do crist\u00e3o.<br \/>\n&#8220;O dom do Ressuscitado \u00e9 a paz. Por isso que lugar de acusar esta ou aquela pessoa, devemos olhar para n\u00f3s mesmos. Que vida eu tenho levado?&#8221;, questionou.<br \/>\n<img loading=\"lazy\" src=\"http:\/\/franciscanos.org.br\/wp-content\/uploads\/2018\/04\/ciclistas_090418.jpg\" alt=\"ciclistas_090418\" width=\"830\" height=\"553\" \/><\/p>\n<h2><strong>CICLISTAS, A \u00daLTIMA DAS ROMARIAS<\/strong><\/h2>\n<p>Em mais uma demonstra\u00e7\u00e3o de f\u00e9 e devo\u00e7\u00e3o a Nossa Senhora da Penha, foi realizada a \u00faltima das romarias da Festa da Penha, nesta segunda-feira (9\/4). Pedalando, milhares de fi\u00e9is sa\u00edram de Cobil\u00e2ndia e foram at\u00e9 o Parque da Prainha, em Vila Velha, em mais uma edi\u00e7\u00e3o da Romaria dos Ciclistas. O trajeto foi feito pelas avenidas Carlos Lindenberg, Jer\u00f4nimo Monteiro e Champagnat.<br \/>\nA romaria foi marcada pela grande presen\u00e7a de fam\u00edlias, com crian\u00e7as e idosos encarando o sol forte no trajeto de cerca de 8 quil\u00f4metros. Foram acolhidos por Frei Leandro Santos e Frei Edvaldo Oliveira, que pediram a Nossa Senhora que acolhesse as ora\u00e7\u00f5es dos romeiros. \u00a0Frei Leandro fez um apelo \u00e0s autoridades. \u201cQue essa b\u00ean\u00e7\u00e3o recaia sobre as pessoas que t\u00eam a responsabilidade de nos governar. Que as pol\u00edticas p\u00fablicas tamb\u00e9m se mobilizem para que haja lugar para as bicicletas em nosso tr\u00e2nsito\u201d, disse ele. E pediu a sensibilidade dos governantes e das pessoas com rela\u00e7\u00e3o aos ciclistas.<\/p>\n","protected":false},"excerpt":{"rendered":"<p>Festa da Penha<\/p>\n","protected":false},"author":1,"featured_media":202352,"comment_status":"open","ping_status":"open","sticky":false,"template":"","format":"standard","meta":[],"categories":[1],"tags":[245],"acf":[],"yoast_head":"<!-- This site is optimized with the Yoast SEO plugin v19.2 - https:\/\/yoast.com\/wordpress\/plugins\/seo\/ -->\n<title>D. Luiz: &quot;Sejamos, pois, alegres na esperan\u00e7a!&quot; - Not\u00edcias - Franciscanos<\/title>\n<meta name=\"robots\" content=\"index, follow, max-snippet:-1, max-image-preview:large, max-video-preview:-1\" \/>\n<link rel=\"canonical\" href=\"https:\/\/franciscanos.org.br\/noticias\/sejamos-pois-alegres-na-esperanca-2.html\" \/>\n<meta property=\"og:locale\" content=\"pt_BR\" \/>\n<meta property=\"og:type\" content=\"article\" \/>\n<meta property=\"og:title\" content=\"D. Luiz: &quot;Sejamos, pois, alegres na esperan\u00e7a!&quot; - Not\u00edcias - Franciscanos\" \/>\n<meta property=\"og:description\" content=\"Festa da Penha\" \/>\n<meta property=\"og:url\" content=\"https:\/\/franciscanos.org.br\/noticias\/sejamos-pois-alegres-na-esperanca-2.html\" \/>\n<meta property=\"og:site_name\" content=\"Not\u00edcias - Franciscanos\" \/>\n<meta property=\"article:published_time\" content=\"2018-04-10T01:08:49+00:00\" \/>\n<meta property=\"article:modified_time\" content=\"2019-04-09T00:54:29+00:00\" \/>\n<meta property=\"og:image\" content=\"https:\/\/franciscanos.org.br\/noticias\/wp-content\/uploads\/2018\/04\/padroeira_090418.jpg\" \/>\n\t<meta property=\"og:image:width\" content=\"273\" \/>\n\t<meta property=\"og:image:height\" content=\"181\" \/>\n\t<meta property=\"og:image:type\" content=\"image\/jpeg\" \/>\n<meta name=\"author\" content=\"admin\" \/>\n<meta name=\"twitter:card\" content=\"summary_large_image\" \/>\n<meta name=\"twitter:label1\" content=\"Escrito por\" \/>\n\t<meta name=\"twitter:data1\" content=\"admin\" \/>\n\t<meta name=\"twitter:label2\" content=\"Est. tempo de leitura\" \/>\n\t<meta name=\"twitter:data2\" content=\"9 minutos\" \/>\n<script type=\"application\/ld+json\" class=\"yoast-schema-graph\">{\"@context\":\"https:\/\/schema.org\",\"@graph\":[{\"@type\":\"WebSite\",\"@id\":\"https:\/\/franciscanos.org.br\/noticias\/#website\",\"url\":\"https:\/\/franciscanos.org.br\/noticias\/\",\"name\":\"Not\u00edcias - Franciscanos\",\"description\":\"Prov\u00edncia Franciscana da Imaculada Concei\u00e7\u00e3o do Brasil - Ordem dos Frades Menores - OFM\",\"potentialAction\":[{\"@type\":\"SearchAction\",\"target\":{\"@type\":\"EntryPoint\",\"urlTemplate\":\"https:\/\/franciscanos.org.br\/noticias\/?s={search_term_string}\"},\"query-input\":\"required name=search_term_string\"}],\"inLanguage\":\"pt-BR\"},{\"@type\":\"ImageObject\",\"inLanguage\":\"pt-BR\",\"@id\":\"https:\/\/franciscanos.org.br\/noticias\/sejamos-pois-alegres-na-esperanca-2.html#primaryimage\",\"url\":\"https:\/\/franciscanos.org.br\/noticias\/wp-content\/uploads\/2018\/04\/padroeira_090418.jpg\",\"contentUrl\":\"https:\/\/franciscanos.org.br\/noticias\/wp-content\/uploads\/2018\/04\/padroeira_090418.jpg\",\"width\":273,\"height\":181},{\"@type\":\"WebPage\",\"@id\":\"https:\/\/franciscanos.org.br\/noticias\/sejamos-pois-alegres-na-esperanca-2.html#webpage\",\"url\":\"https:\/\/franciscanos.org.br\/noticias\/sejamos-pois-alegres-na-esperanca-2.html\",\"name\":\"D. Luiz: \\\"Sejamos, pois, alegres na esperan\u00e7a!\\\" - Not\u00edcias - Franciscanos\",\"isPartOf\":{\"@id\":\"https:\/\/franciscanos.org.br\/noticias\/#website\"},\"primaryImageOfPage\":{\"@id\":\"https:\/\/franciscanos.org.br\/noticias\/sejamos-pois-alegres-na-esperanca-2.html#primaryimage\"},\"datePublished\":\"2018-04-10T01:08:49+00:00\",\"dateModified\":\"2019-04-09T00:54:29+00:00\",\"author\":{\"@id\":\"https:\/\/franciscanos.org.br\/noticias\/#\/schema\/person\/b38fbf43118f02820bd932f2e4b14ad3\"},\"breadcrumb\":{\"@id\":\"https:\/\/franciscanos.org.br\/noticias\/sejamos-pois-alegres-na-esperanca-2.html#breadcrumb\"},\"inLanguage\":\"pt-BR\",\"potentialAction\":[{\"@type\":\"ReadAction\",\"target\":[\"https:\/\/franciscanos.org.br\/noticias\/sejamos-pois-alegres-na-esperanca-2.html\"]}]},{\"@type\":\"BreadcrumbList\",\"@id\":\"https:\/\/franciscanos.org.br\/noticias\/sejamos-pois-alegres-na-esperanca-2.html#breadcrumb\",\"itemListElement\":[{\"@type\":\"ListItem\",\"position\":1,\"name\":\"Home\",\"item\":\"https:\/\/franciscanos.org.br\/noticias\"},{\"@type\":\"ListItem\",\"position\":2,\"name\":\"D. Luiz: &#8220;Sejamos, pois, alegres na esperan\u00e7a!&#8221;\"}]},{\"@type\":\"Person\",\"@id\":\"https:\/\/franciscanos.org.br\/noticias\/#\/schema\/person\/b38fbf43118f02820bd932f2e4b14ad3\",\"name\":\"admin\",\"image\":{\"@type\":\"ImageObject\",\"inLanguage\":\"pt-BR\",\"@id\":\"https:\/\/franciscanos.org.br\/noticias\/#\/schema\/person\/image\/\",\"url\":\"https:\/\/secure.gravatar.com\/avatar\/e8495742d34d0ba6448ea1c628263b3e?s=96&d=mm&r=g\",\"contentUrl\":\"https:\/\/secure.gravatar.com\/avatar\/e8495742d34d0ba6448ea1c628263b3e?s=96&d=mm&r=g\",\"caption\":\"admin\"},\"url\":\"https:\/\/franciscanos.org.br\/noticias\/author\/admin\"}]}<\/script>\n<!-- \/ Yoast SEO plugin. -->","yoast_head_json":{"title":"D. Luiz: \"Sejamos, pois, alegres na esperan\u00e7a!\" - Not\u00edcias - Franciscanos","robots":{"index":"index","follow":"follow","max-snippet":"max-snippet:-1","max-image-preview":"max-image-preview:large","max-video-preview":"max-video-preview:-1"},"canonical":"https:\/\/franciscanos.org.br\/noticias\/sejamos-pois-alegres-na-esperanca-2.html","og_locale":"pt_BR","og_type":"article","og_title":"D. Luiz: \"Sejamos, pois, alegres na esperan\u00e7a!\" - Not\u00edcias - Franciscanos","og_description":"Festa da Penha","og_url":"https:\/\/franciscanos.org.br\/noticias\/sejamos-pois-alegres-na-esperanca-2.html","og_site_name":"Not\u00edcias - Franciscanos","article_published_time":"2018-04-10T01:08:49+00:00","article_modified_time":"2019-04-09T00:54:29+00:00","og_image":[{"width":273,"height":181,"url":"https:\/\/franciscanos.org.br\/noticias\/wp-content\/uploads\/2018\/04\/padroeira_090418.jpg","type":"image\/jpeg"}],"author":"admin","twitter_card":"summary_large_image","twitter_misc":{"Escrito por":"admin","Est. tempo de leitura":"9 minutos"},"schema":{"@context":"https:\/\/schema.org","@graph":[{"@type":"WebSite","@id":"https:\/\/franciscanos.org.br\/noticias\/#website","url":"https:\/\/franciscanos.org.br\/noticias\/","name":"Not\u00edcias - Franciscanos","description":"Prov\u00edncia Franciscana da Imaculada Concei\u00e7\u00e3o do Brasil - Ordem dos Frades Menores - OFM","potentialAction":[{"@type":"SearchAction","target":{"@type":"EntryPoint","urlTemplate":"https:\/\/franciscanos.org.br\/noticias\/?s={search_term_string}"},"query-input":"required name=search_term_string"}],"inLanguage":"pt-BR"},{"@type":"ImageObject","inLanguage":"pt-BR","@id":"https:\/\/franciscanos.org.br\/noticias\/sejamos-pois-alegres-na-esperanca-2.html#primaryimage","url":"https:\/\/franciscanos.org.br\/noticias\/wp-content\/uploads\/2018\/04\/padroeira_090418.jpg","contentUrl":"https:\/\/franciscanos.org.br\/noticias\/wp-content\/uploads\/2018\/04\/padroeira_090418.jpg","width":273,"height":181},{"@type":"WebPage","@id":"https:\/\/franciscanos.org.br\/noticias\/sejamos-pois-alegres-na-esperanca-2.html#webpage","url":"https:\/\/franciscanos.org.br\/noticias\/sejamos-pois-alegres-na-esperanca-2.html","name":"D. Luiz: \"Sejamos, pois, alegres na esperan\u00e7a!\" - Not\u00edcias - Franciscanos","isPartOf":{"@id":"https:\/\/franciscanos.org.br\/noticias\/#website"},"primaryImageOfPage":{"@id":"https:\/\/franciscanos.org.br\/noticias\/sejamos-pois-alegres-na-esperanca-2.html#primaryimage"},"datePublished":"2018-04-10T01:08:49+00:00","dateModified":"2019-04-09T00:54:29+00:00","author":{"@id":"https:\/\/franciscanos.org.br\/noticias\/#\/schema\/person\/b38fbf43118f02820bd932f2e4b14ad3"},"breadcrumb":{"@id":"https:\/\/franciscanos.org.br\/noticias\/sejamos-pois-alegres-na-esperanca-2.html#breadcrumb"},"inLanguage":"pt-BR","potentialAction":[{"@type":"ReadAction","target":["https:\/\/franciscanos.org.br\/noticias\/sejamos-pois-alegres-na-esperanca-2.html"]}]},{"@type":"BreadcrumbList","@id":"https:\/\/franciscanos.org.br\/noticias\/sejamos-pois-alegres-na-esperanca-2.html#breadcrumb","itemListElement":[{"@type":"ListItem","position":1,"name":"Home","item":"https:\/\/franciscanos.org.br\/noticias"},{"@type":"ListItem","position":2,"name":"D. Luiz: &#8220;Sejamos, pois, alegres na esperan\u00e7a!&#8221;"}]},{"@type":"Person","@id":"https:\/\/franciscanos.org.br\/noticias\/#\/schema\/person\/b38fbf43118f02820bd932f2e4b14ad3","name":"admin","image":{"@type":"ImageObject","inLanguage":"pt-BR","@id":"https:\/\/franciscanos.org.br\/noticias\/#\/schema\/person\/image\/","url":"https:\/\/secure.gravatar.com\/avatar\/e8495742d34d0ba6448ea1c628263b3e?s=96&d=mm&r=g","contentUrl":"https:\/\/secure.gravatar.com\/avatar\/e8495742d34d0ba6448ea1c628263b3e?s=96&d=mm&r=g","caption":"admin"},"url":"https:\/\/franciscanos.org.br\/noticias\/author\/admin"}]}},"_links":{"self":[{"href":"https:\/\/franciscanos.org.br\/noticias\/wp-json\/wp\/v2\/posts\/188702"}],"collection":[{"href":"https:\/\/franciscanos.org.br\/noticias\/wp-json\/wp\/v2\/posts"}],"about":[{"href":"https:\/\/franciscanos.org.br\/noticias\/wp-json\/wp\/v2\/types\/post"}],"author":[{"embeddable":true,"href":"https:\/\/franciscanos.org.br\/noticias\/wp-json\/wp\/v2\/users\/1"}],"replies":[{"embeddable":true,"href":"https:\/\/franciscanos.org.br\/noticias\/wp-json\/wp\/v2\/comments?post=188702"}],"version-history":[{"count":0,"href":"https:\/\/franciscanos.org.br\/noticias\/wp-json\/wp\/v2\/posts\/188702\/revisions"}],"wp:featuredmedia":[{"embeddable":true,"href":"https:\/\/franciscanos.org.br\/noticias\/wp-json\/wp\/v2\/media\/202352"}],"wp:attachment":[{"href":"https:\/\/franciscanos.org.br\/noticias\/wp-json\/wp\/v2\/media?parent=188702"}],"wp:term":[{"taxonomy":"category","embeddable":true,"href":"https:\/\/franciscanos.org.br\/noticias\/wp-json\/wp\/v2\/categories?post=188702"},{"taxonomy":"post_tag","embeddable":true,"href":"https:\/\/franciscanos.org.br\/noticias\/wp-json\/wp\/v2\/tags?post=188702"}],"curies":[{"name":"wp","href":"https:\/\/api.w.org\/{rel}","templated":true}]}}