{"id":188579,"date":"2016-08-27T17:55:46","date_gmt":"2016-08-27T20:55:46","guid":{"rendered":"http:\/\/franciscanos.org.br\/?p=115264"},"modified":"2023-01-25T09:37:51","modified_gmt":"2023-01-25T12:37:51","slug":"comeca-o-desafio-de-dom-evaristo-sobre-as-aguas-2","status":"publish","type":"post","link":"https:\/\/franciscanos.org.br\/noticias\/comeca-o-desafio-de-dom-evaristo-sobre-as-aguas-2.html","title":{"rendered":"Come\u00e7a o desafio de Dom Evaristo &#8216;sobre as \u00e1guas&#8217; do Maraj\u00f3"},"content":{"rendered":"<p><img loading=\"lazy\" src=\"http:\/\/franciscanos.org.br\/wp-content\/uploads\/2016\/08\/marajo_270816_1.jpg\" alt=\"marajo_270816_1\" width=\"820\" height=\"408\" \/><\/p>\n<p><strong>Moacir Beggo<\/strong><\/p>\n<p>&#8220;Voc\u00ea que nasceu sob a prote\u00e7\u00e3o de S\u00e3o Pedro, agora \u00e9 desafiado a caminhar sobre as \u00e1guas&#8221;. O Definidor da Prov\u00edncia Franciscana da Imaculada Concei\u00e7\u00e3o, Frei Jos\u00e9 Francisco de C\u00e1ssia dos Santos, resumiu \u00a0em linguagem metaf\u00f3rica, a miss\u00e3o que ter\u00e1 o novo bispo Dom Evaristo Spengler, ao tomar posse na Prelazia do Maraj\u00f3 neste s\u00e1bado (27\/8), \u00e0s 9 horas, \u00a0durante a Celebra\u00e7\u00e3o Eucar\u00edstica na quadra de Esportes do Munic\u00edpio de Soure, onde est\u00e1 a Sede da Prelazia.<\/p>\n<p>A exemplo da visita que fez para conhecer a Prelazia, logo depois de sua nomea\u00e7\u00e3o, Dom Evaristo novamente foi recebido com festa na chegada \u00e0 Ilha do Maraj\u00f3 nesta sexta-feira. Esse povo, religioso e carinhoso, lotou o gin\u00e1sio para celebrar este momento t\u00e3o significativo na vida e miss\u00e3o do novo bispo franciscano. Junto com Frei Jos\u00e9, estavam seus confrades Frei Germano Guesser, p\u00e1roco da Igreja Santo Ant\u00f4nio do Pari, Frei Paulijacsson de Moura, p\u00e1roco da Par\u00f3quia de Gaspar (SC), e os frades da Cust\u00f3dia Franciscana Sete Alegrias de Nossa Senhora do Mato Grosso.\u00a0 Uma caravana de 45 gasparenses viajou para Soure numa demonstra\u00e7\u00e3o de carinho de sua cidade natal, especialmente de seus familiares.<\/p>\n<p><img loading=\"lazy\" src=\"http:\/\/franciscanos.org.br\/wp-content\/uploads\/2016\/08\/marajo_270816_2.jpg\" alt=\"marajo_270816_2\" width=\"820\" height=\"424\" \/><br \/>\n<em><strong>Na foto, acima, Frei Jos\u00e9 Francisco fala\u00a0na posse de seu confrade na Prelazia do Maraj\u00f3<\/strong><\/em><\/p>\n<p>&#8220;Logo que foi nomeado bispo, Frei Evaristo viajou para conhecer a Ilha do Maraj\u00f3 e, quando voltou a S\u00e3o Paulo, n\u00f3s perguntamos: &#8216;Frei Evaristo, o que o sr. viu, qual foi a sua impress\u00e3o?&#8217; Ele disse o seguinte: &#8216;Vinde e vede&#8217;. E \u00e9 por isso que n\u00f3s estamos aqui hoje em nome da Fraternidade Provincial para conhecer e viver essa bel\u00edssima f\u00e9 que vibra, que entusiasma e celebra a Igreja Marajoara&#8221;, disse Frei Jos\u00e9 Francisco, \u00a0muito aplaudido pelo povo.<\/p>\n<p>Dirigindo ao seu confrade Dom Evaristo, disse: &#8220;N\u00f3s estamos ainda por entender a pe\u00e7a que o Esp\u00edrito Santo pregou em n\u00f3s. Reunidos em Assembleia Capitular em janeiro deste ano, n\u00f3s, em nome do Esp\u00edrito Santo, o elegemos Vig\u00e1rio Provincial e Secret\u00e1rio da Evangeliza\u00e7\u00e3o. De repente, um fogo, um vento impetuoso do Esp\u00edrito Santo soprou em nossa Fraternidade e o trouxe aqui para o Norte do pa\u00eds. E n\u00f3s estamos meditando, buscando sinais para compreender o que o Senhor est\u00e1 nos dizendo&#8221;, confessou Frei Jos\u00e9.<\/p>\n<p>&#8220;E nesses dias, olhando para a celebra\u00e7\u00e3o de Dom Paulo Evaristo Arns, que festejou seus 50 anos de ordena\u00e7\u00e3o episcopal em S\u00e3o Paulo, ali vimos um sinal. H\u00e1 50 anos, o Esp\u00edrito Santo chamava D. Paulo Evaristo Arns para ser Arcebispo do povo da grande cidade de S\u00e3o Paulo. E naquela \u00e9poca se vivia tempos dif\u00edceis com os anos de chumbo da ditadura, do peso da viol\u00eancia contra os direitos humanos. Foi um tempo muito dif\u00edcil e desafiador para o Pastor daquela \u00e9poca. Hoje, cinquenta anos depois, o Esp\u00edrito Santo chama outro confrade, com o mesmo nome de Frei Evaristo, n\u00e3o para ser pastor da Igreja do povo da cidade, mas do povo da Igreja da floresta e das \u00e1guas. E n\u00f3s aqui, ent\u00e3o, entendemos que este sinal \u00e9 mais um desafio para n\u00f3s, os confrades, e, sobretudo para ti, que \u00e9 franciscano, defender, ser guardi\u00e3o, do maior santu\u00e1rio ecol\u00f3gico do mundo, que \u00e9 a Amaz\u00f4nia&#8221;, situou Frei Jos\u00e9, enfatizando: &#8220;Hoje tu \u00e9s chamado a ser pastor, cuidar e zelar deste santu\u00e1rio do povo da floresta e das \u00e1guas&#8221;.<\/p>\n<p><img loading=\"lazy\" src=\"http:\/\/franciscanos.org.br\/wp-content\/uploads\/2016\/08\/marajo_270816_5.jpg\" alt=\"marajo_270816_5\" width=\"820\" height=\"404\" \/><br \/>\n<em><strong>Na foto acima, amigos de Gaspar, a cidade natal de Dom Evaristo e seus familiares.<\/strong><\/em><\/p>\n<p>&#8220;Outro sinal que tamb\u00e9m nos chama a aten\u00e7\u00e3o \u00e9 de que algu\u00e9m que nasce na comunidade de S\u00e3o Pedro de Gaspar, anda pela Baixada Fluminense, caminha pelas terras de Angola, na \u00c1frica, \u00a0agora \u00e9 chamado a andar sobre as \u00e1guas. Voc\u00ea que nasceu sobre a prote\u00e7\u00e3o de S\u00e3o Pedro, agora \u00e9 desafiado a caminhar sobre as \u00e1guas. N\u00f3s, enquanto Prov\u00edncia e em nome de todos os confrades, estamos rezando por voc\u00ea para que a barca do Evangelho de Jesus deslize com seguran\u00e7a sobre essas \u00e1guas e v\u00e1 ao encontro de todas as criaturas, sobretudo as mais sofridas e mais pobres&#8221;, pediu Frei Jos\u00e9, que tamb\u00e9m coordena a Servi\u00e7o Franciscano de Solidariedade da Prov\u00edncia da Imaculada.<\/p>\n<p>E novamente se referindo em nome dos confrades disse que ele ser\u00e1 acompanhado em ora\u00e7\u00e3o e a Prov\u00edncia continua sendo sua casa de portas abertas. \u201cSer\u00e1 sempre bem-vindo entre n\u00f3s. \u00c9 e sempre ser\u00e1 nosso irm\u00e3o, Frei Evaristo!&#8221;, disse o seu confrade, emocionando o p\u00fablico. Por \u00faltimo, levou uma mensagem \u00e0 Igreja local: &#8220;Quero dizer, em nome da nossa Fraternidade Provincial, a todos voc\u00eas que a escola que formou Dom Evaristo, a escola de Francisco e Clara, n\u00e3o vem para substituir a escola de Santo Agostinho e Santa M\u00f4nica, mas vem para fazer fraternidade&#8221;, disse, referindo-se ao bispo antecessor Dom Jos\u00e9 Luiz Azcona Hermoso, que, aos 76 anos, teve a ren\u00fancia aceita pelo Papa Francisco. Ele chegou \u00e0 ilha do Maraj\u00f3 como mission\u00e1rio em 1985 e, ap\u00f3s desenvolver um intenso trabalho com comunidades e denunciar problemas sociais na regi\u00e3o, como o tr\u00e1fico de seres humanos, foi amea\u00e7ado de morte. Com ele, os frades agostinianos desenvolvem um grande trabalho evangelizador na Ilha do Maraj\u00f3.<\/p>\n<p><img loading=\"lazy\" src=\"http:\/\/franciscanos.org.br\/wp-content\/uploads\/2016\/08\/marajo_270816_3.jpg\" alt=\"marajo_270816_3\" width=\"820\" height=\"396\" \/><\/p>\n<p>A celebra\u00e7\u00e3o reuniu cerca de dez bispos, entre eles o bispo diocesano Dom Marco Aur\u00e9lio Gubiotti, da Diocese Itabira-Coronel Fabriciano, Igreja irm\u00e3 da Prelazia de Maraj\u00f3, no Par\u00e1. O Arcebispo Metropolitano de Bel\u00e9m, Dom Alberto Taveira, deu posse a Dom Evaristo.<\/p>\n<p>Frei Germano ficou impressionado com o carinho com que o povo acolheu o seu confrade. &#8220;Ele j\u00e1 se sente em casa. A celebra\u00e7\u00e3o foi uma mostra desse carinho&#8221;, disse Frei Germano, que tamb\u00e9m se impressionou com os cantos dos marajoaras. &#8220;Foi uma bonita celebra\u00e7\u00e3o, mostrando o quanto a Igreja \u00e9 viva e participativa na Ilha&#8221;.<\/p>\n<p>A Rede Globo deu ampla cobertura para a posse de Dom Evaristo, que n\u00e3o perdeu a oportunidade de pedir para que o Poder P\u00fablico olhe mais para os povos ribeirinhos, esquecidos nesta regi\u00e3o.<\/p>\n<p><img loading=\"lazy\" src=\"http:\/\/franciscanos.org.br\/wp-content\/uploads\/2016\/08\/marajo_270816_4.jpg\" alt=\"marajo_270816_4\" width=\"820\" height=\"577\" \/><\/p>\n","protected":false},"excerpt":{"rendered":"<p>Posse<\/p>\n","protected":false},"author":1,"featured_media":222365,"comment_status":"open","ping_status":"open","sticky":false,"template":"","format":"standard","meta":[],"categories":[1],"tags":[1379],"acf":[],"yoast_head":"<!-- This site is optimized with the Yoast SEO plugin v19.2 - https:\/\/yoast.com\/wordpress\/plugins\/seo\/ -->\n<title>Come\u00e7a o desafio de Dom Evaristo &#039;sobre as \u00e1guas&#039; do Maraj\u00f3 - Not\u00edcias - Franciscanos<\/title>\n<meta name=\"robots\" content=\"index, follow, max-snippet:-1, max-image-preview:large, max-video-preview:-1\" \/>\n<link rel=\"canonical\" href=\"https:\/\/franciscanos.org.br\/noticias\/comeca-o-desafio-de-dom-evaristo-sobre-as-aguas-2.html\" \/>\n<meta property=\"og:locale\" content=\"pt_BR\" \/>\n<meta property=\"og:type\" content=\"article\" \/>\n<meta property=\"og:title\" content=\"Come\u00e7a o desafio de Dom Evaristo &#039;sobre as \u00e1guas&#039; do Maraj\u00f3 - Not\u00edcias - Franciscanos\" \/>\n<meta property=\"og:description\" content=\"Posse\" \/>\n<meta property=\"og:url\" content=\"https:\/\/franciscanos.org.br\/noticias\/comeca-o-desafio-de-dom-evaristo-sobre-as-aguas-2.html\" \/>\n<meta property=\"og:site_name\" content=\"Not\u00edcias - Franciscanos\" \/>\n<meta property=\"article:published_time\" content=\"2016-08-27T20:55:46+00:00\" \/>\n<meta property=\"article:modified_time\" content=\"2023-01-25T12:37:51+00:00\" \/>\n<meta property=\"og:image\" content=\"https:\/\/franciscanos.org.br\/noticias\/wp-content\/uploads\/2016\/08\/marajo_270816_4.jpg\" \/>\n\t<meta property=\"og:image:width\" content=\"273\" \/>\n\t<meta property=\"og:image:height\" content=\"181\" \/>\n\t<meta property=\"og:image:type\" content=\"image\/jpeg\" \/>\n<meta name=\"author\" content=\"admin\" \/>\n<meta name=\"twitter:card\" content=\"summary_large_image\" \/>\n<meta name=\"twitter:label1\" content=\"Escrito por\" \/>\n\t<meta name=\"twitter:data1\" content=\"admin\" \/>\n\t<meta name=\"twitter:label2\" content=\"Est. tempo de leitura\" \/>\n\t<meta name=\"twitter:data2\" content=\"5 minutos\" \/>\n<script type=\"application\/ld+json\" class=\"yoast-schema-graph\">{\"@context\":\"https:\/\/schema.org\",\"@graph\":[{\"@type\":\"WebSite\",\"@id\":\"https:\/\/franciscanos.org.br\/noticias\/#website\",\"url\":\"https:\/\/franciscanos.org.br\/noticias\/\",\"name\":\"Not\u00edcias - Franciscanos\",\"description\":\"Prov\u00edncia Franciscana da Imaculada Concei\u00e7\u00e3o do Brasil - Ordem dos Frades Menores - OFM\",\"potentialAction\":[{\"@type\":\"SearchAction\",\"target\":{\"@type\":\"EntryPoint\",\"urlTemplate\":\"https:\/\/franciscanos.org.br\/noticias\/?s={search_term_string}\"},\"query-input\":\"required name=search_term_string\"}],\"inLanguage\":\"pt-BR\"},{\"@type\":\"ImageObject\",\"inLanguage\":\"pt-BR\",\"@id\":\"https:\/\/franciscanos.org.br\/noticias\/comeca-o-desafio-de-dom-evaristo-sobre-as-aguas-2.html#primaryimage\",\"url\":\"https:\/\/franciscanos.org.br\/noticias\/wp-content\/uploads\/2016\/08\/marajo_270816_4.jpg\",\"contentUrl\":\"https:\/\/franciscanos.org.br\/noticias\/wp-content\/uploads\/2016\/08\/marajo_270816_4.jpg\",\"width\":273,\"height\":181},{\"@type\":\"WebPage\",\"@id\":\"https:\/\/franciscanos.org.br\/noticias\/comeca-o-desafio-de-dom-evaristo-sobre-as-aguas-2.html#webpage\",\"url\":\"https:\/\/franciscanos.org.br\/noticias\/comeca-o-desafio-de-dom-evaristo-sobre-as-aguas-2.html\",\"name\":\"Come\u00e7a o desafio de Dom Evaristo 'sobre as \u00e1guas' do Maraj\u00f3 - Not\u00edcias - Franciscanos\",\"isPartOf\":{\"@id\":\"https:\/\/franciscanos.org.br\/noticias\/#website\"},\"primaryImageOfPage\":{\"@id\":\"https:\/\/franciscanos.org.br\/noticias\/comeca-o-desafio-de-dom-evaristo-sobre-as-aguas-2.html#primaryimage\"},\"datePublished\":\"2016-08-27T20:55:46+00:00\",\"dateModified\":\"2023-01-25T12:37:51+00:00\",\"author\":{\"@id\":\"https:\/\/franciscanos.org.br\/noticias\/#\/schema\/person\/b38fbf43118f02820bd932f2e4b14ad3\"},\"breadcrumb\":{\"@id\":\"https:\/\/franciscanos.org.br\/noticias\/comeca-o-desafio-de-dom-evaristo-sobre-as-aguas-2.html#breadcrumb\"},\"inLanguage\":\"pt-BR\",\"potentialAction\":[{\"@type\":\"ReadAction\",\"target\":[\"https:\/\/franciscanos.org.br\/noticias\/comeca-o-desafio-de-dom-evaristo-sobre-as-aguas-2.html\"]}]},{\"@type\":\"BreadcrumbList\",\"@id\":\"https:\/\/franciscanos.org.br\/noticias\/comeca-o-desafio-de-dom-evaristo-sobre-as-aguas-2.html#breadcrumb\",\"itemListElement\":[{\"@type\":\"ListItem\",\"position\":1,\"name\":\"Home\",\"item\":\"https:\/\/franciscanos.org.br\/noticias\"},{\"@type\":\"ListItem\",\"position\":2,\"name\":\"Come\u00e7a o desafio de Dom Evaristo &#8216;sobre as \u00e1guas&#8217; do Maraj\u00f3\"}]},{\"@type\":\"Person\",\"@id\":\"https:\/\/franciscanos.org.br\/noticias\/#\/schema\/person\/b38fbf43118f02820bd932f2e4b14ad3\",\"name\":\"admin\",\"image\":{\"@type\":\"ImageObject\",\"inLanguage\":\"pt-BR\",\"@id\":\"https:\/\/franciscanos.org.br\/noticias\/#\/schema\/person\/image\/\",\"url\":\"https:\/\/secure.gravatar.com\/avatar\/e8495742d34d0ba6448ea1c628263b3e?s=96&d=mm&r=g\",\"contentUrl\":\"https:\/\/secure.gravatar.com\/avatar\/e8495742d34d0ba6448ea1c628263b3e?s=96&d=mm&r=g\",\"caption\":\"admin\"},\"url\":\"https:\/\/franciscanos.org.br\/noticias\/author\/admin\"}]}<\/script>\n<!-- \/ Yoast SEO plugin. -->","yoast_head_json":{"title":"Come\u00e7a o desafio de Dom Evaristo 'sobre as \u00e1guas' do Maraj\u00f3 - Not\u00edcias - Franciscanos","robots":{"index":"index","follow":"follow","max-snippet":"max-snippet:-1","max-image-preview":"max-image-preview:large","max-video-preview":"max-video-preview:-1"},"canonical":"https:\/\/franciscanos.org.br\/noticias\/comeca-o-desafio-de-dom-evaristo-sobre-as-aguas-2.html","og_locale":"pt_BR","og_type":"article","og_title":"Come\u00e7a o desafio de Dom Evaristo 'sobre as \u00e1guas' do Maraj\u00f3 - Not\u00edcias - Franciscanos","og_description":"Posse","og_url":"https:\/\/franciscanos.org.br\/noticias\/comeca-o-desafio-de-dom-evaristo-sobre-as-aguas-2.html","og_site_name":"Not\u00edcias - Franciscanos","article_published_time":"2016-08-27T20:55:46+00:00","article_modified_time":"2023-01-25T12:37:51+00:00","og_image":[{"width":273,"height":181,"url":"https:\/\/franciscanos.org.br\/noticias\/wp-content\/uploads\/2016\/08\/marajo_270816_4.jpg","type":"image\/jpeg"}],"author":"admin","twitter_card":"summary_large_image","twitter_misc":{"Escrito por":"admin","Est. tempo de leitura":"5 minutos"},"schema":{"@context":"https:\/\/schema.org","@graph":[{"@type":"WebSite","@id":"https:\/\/franciscanos.org.br\/noticias\/#website","url":"https:\/\/franciscanos.org.br\/noticias\/","name":"Not\u00edcias - Franciscanos","description":"Prov\u00edncia Franciscana da Imaculada Concei\u00e7\u00e3o do Brasil - Ordem dos Frades Menores - OFM","potentialAction":[{"@type":"SearchAction","target":{"@type":"EntryPoint","urlTemplate":"https:\/\/franciscanos.org.br\/noticias\/?s={search_term_string}"},"query-input":"required name=search_term_string"}],"inLanguage":"pt-BR"},{"@type":"ImageObject","inLanguage":"pt-BR","@id":"https:\/\/franciscanos.org.br\/noticias\/comeca-o-desafio-de-dom-evaristo-sobre-as-aguas-2.html#primaryimage","url":"https:\/\/franciscanos.org.br\/noticias\/wp-content\/uploads\/2016\/08\/marajo_270816_4.jpg","contentUrl":"https:\/\/franciscanos.org.br\/noticias\/wp-content\/uploads\/2016\/08\/marajo_270816_4.jpg","width":273,"height":181},{"@type":"WebPage","@id":"https:\/\/franciscanos.org.br\/noticias\/comeca-o-desafio-de-dom-evaristo-sobre-as-aguas-2.html#webpage","url":"https:\/\/franciscanos.org.br\/noticias\/comeca-o-desafio-de-dom-evaristo-sobre-as-aguas-2.html","name":"Come\u00e7a o desafio de Dom Evaristo 'sobre as \u00e1guas' do Maraj\u00f3 - Not\u00edcias - Franciscanos","isPartOf":{"@id":"https:\/\/franciscanos.org.br\/noticias\/#website"},"primaryImageOfPage":{"@id":"https:\/\/franciscanos.org.br\/noticias\/comeca-o-desafio-de-dom-evaristo-sobre-as-aguas-2.html#primaryimage"},"datePublished":"2016-08-27T20:55:46+00:00","dateModified":"2023-01-25T12:37:51+00:00","author":{"@id":"https:\/\/franciscanos.org.br\/noticias\/#\/schema\/person\/b38fbf43118f02820bd932f2e4b14ad3"},"breadcrumb":{"@id":"https:\/\/franciscanos.org.br\/noticias\/comeca-o-desafio-de-dom-evaristo-sobre-as-aguas-2.html#breadcrumb"},"inLanguage":"pt-BR","potentialAction":[{"@type":"ReadAction","target":["https:\/\/franciscanos.org.br\/noticias\/comeca-o-desafio-de-dom-evaristo-sobre-as-aguas-2.html"]}]},{"@type":"BreadcrumbList","@id":"https:\/\/franciscanos.org.br\/noticias\/comeca-o-desafio-de-dom-evaristo-sobre-as-aguas-2.html#breadcrumb","itemListElement":[{"@type":"ListItem","position":1,"name":"Home","item":"https:\/\/franciscanos.org.br\/noticias"},{"@type":"ListItem","position":2,"name":"Come\u00e7a o desafio de Dom Evaristo &#8216;sobre as \u00e1guas&#8217; do Maraj\u00f3"}]},{"@type":"Person","@id":"https:\/\/franciscanos.org.br\/noticias\/#\/schema\/person\/b38fbf43118f02820bd932f2e4b14ad3","name":"admin","image":{"@type":"ImageObject","inLanguage":"pt-BR","@id":"https:\/\/franciscanos.org.br\/noticias\/#\/schema\/person\/image\/","url":"https:\/\/secure.gravatar.com\/avatar\/e8495742d34d0ba6448ea1c628263b3e?s=96&d=mm&r=g","contentUrl":"https:\/\/secure.gravatar.com\/avatar\/e8495742d34d0ba6448ea1c628263b3e?s=96&d=mm&r=g","caption":"admin"},"url":"https:\/\/franciscanos.org.br\/noticias\/author\/admin"}]}},"_links":{"self":[{"href":"https:\/\/franciscanos.org.br\/noticias\/wp-json\/wp\/v2\/posts\/188579"}],"collection":[{"href":"https:\/\/franciscanos.org.br\/noticias\/wp-json\/wp\/v2\/posts"}],"about":[{"href":"https:\/\/franciscanos.org.br\/noticias\/wp-json\/wp\/v2\/types\/post"}],"author":[{"embeddable":true,"href":"https:\/\/franciscanos.org.br\/noticias\/wp-json\/wp\/v2\/users\/1"}],"replies":[{"embeddable":true,"href":"https:\/\/franciscanos.org.br\/noticias\/wp-json\/wp\/v2\/comments?post=188579"}],"version-history":[{"count":2,"href":"https:\/\/franciscanos.org.br\/noticias\/wp-json\/wp\/v2\/posts\/188579\/revisions"}],"predecessor-version":[{"id":222366,"href":"https:\/\/franciscanos.org.br\/noticias\/wp-json\/wp\/v2\/posts\/188579\/revisions\/222366"}],"wp:featuredmedia":[{"embeddable":true,"href":"https:\/\/franciscanos.org.br\/noticias\/wp-json\/wp\/v2\/media\/222365"}],"wp:attachment":[{"href":"https:\/\/franciscanos.org.br\/noticias\/wp-json\/wp\/v2\/media?parent=188579"}],"wp:term":[{"taxonomy":"category","embeddable":true,"href":"https:\/\/franciscanos.org.br\/noticias\/wp-json\/wp\/v2\/categories?post=188579"},{"taxonomy":"post_tag","embeddable":true,"href":"https:\/\/franciscanos.org.br\/noticias\/wp-json\/wp\/v2\/tags?post=188579"}],"curies":[{"name":"wp","href":"https:\/\/api.w.org\/{rel}","templated":true}]}}