{"id":188370,"date":"2018-11-06T10:47:08","date_gmt":"2018-11-06T12:47:08","guid":{"rendered":"http:\/\/franciscanos.org.br\/?p=176610"},"modified":"2019-08-06T11:15:54","modified_gmt":"2019-08-06T14:15:54","slug":"campanha-do-pro-vocacoes-em-santa-catarina","status":"publish","type":"post","link":"https:\/\/franciscanos.org.br\/noticias\/campanha-do-pro-vocacoes-em-santa-catarina.html","title":{"rendered":"Campanha do Pr\u00f3-Voca\u00e7\u00f5es em Santa Catarina"},"content":{"rendered":"<p style=\"text-align: left;\"><img loading=\"lazy\" class=\"alignleft\" src=\"http:\/\/franciscanos.org.br\/wp-content\/uploads\/2018\/11\/campanha_061118-830.jpg\" alt=\"campanha_061118 830\" width=\"830\" height=\"250\" \/><\/p>\n<p style=\"text-align: left;\"><strong>Frei Alexandre Rohling<\/strong><\/p>\n<p style=\"text-align: left;\">Entre os dias 16 e 29 de outubro, o Pr\u00f3-Voca\u00e7\u00f5es e Miss\u00f5es Franciscanas marcou presen\u00e7a em tr\u00eas cidades do estado de Santa Catarina: Curitibanos, Conc\u00f3rdia e Ituporanga.<\/p>\n<p style=\"text-align: left;\">Em Curitibanos, fomos acolhidos benignamente pelos confrades da fraternidade da Par\u00f3quia da Imaculada Concei\u00e7\u00e3o e pelo querido povo que reside nesta bela cidade do planalto catarinense. Foram dias de intenso contato com os benfeitores, com ouvintes das r\u00e1dios da Funda\u00e7\u00e3o Frei Rog\u00e9rio e ainda convidando a ser benfeitores outros fi\u00e9is e devotos que frequentam as missas di\u00e1rias naquela cidade. Muitos foram os que aceitaram o convite para ajudar no custeio das casas de forma\u00e7\u00e3o da Prov\u00edncia. Nosso agradecimento especial a todos os cora\u00e7\u00f5es generosos, que agora s\u00e3o parte da fam\u00edlia dos benfeitores franciscanos.<\/p>\n<p style=\"text-align: left;\">No dia 22 de outubro, fomos para a cidade de Conc\u00f3rdia, no oeste catarinense. Ao chegarmos, fomos acolhidos generosamente pelos confrades e pelo querido povo fiel da Par\u00f3quia Nossa Senhora do Ros\u00e1rio. Nas missas, faz\u00edamos o convite para que os paroquianos se dispusessem a nos ajudar a colaborar generosamente para formar nossos seminaristas e confrades que est\u00e3o em nossas casas de forma\u00e7\u00e3o e a nossa miss\u00e3o franciscana em Angola. Como sempre, muitos cora\u00e7\u00f5es se abriam para acolher o pedido: ajude a formar um frei franciscano.<\/p>\n<p style=\"text-align: left;\">J\u00e1 no final do m\u00eas, fomos \u00e0 cidade de Ituporanga, em Santa Catarina. L\u00e1 fui acolhido por meus pais e familiares. Tive a oportunidade de celebrar a Palavra de Deus e, como gesto concreto, o valor arrecadado com as inten\u00e7\u00f5es da celebra\u00e7\u00e3o foi destinado para a compra de alimentos n\u00e3o perec\u00edveis a serem doados para o Semin\u00e1rio S\u00e3o Francisco de Assis. Quero externar meu agradecimento a todas as fraternidades que nos acolheram neste ano de 2018. Gra\u00e7as a esta acolhida, pudemos desenvolver um bom trabalho, convidar o povo de Deus a rezar pelas voca\u00e7\u00f5es e a corresponsabilidade na forma\u00e7\u00e3o franciscana dos futuros frades, que estar\u00e3o em nossas frentes de miss\u00e3o e evangeliza\u00e7\u00e3o.<\/p>\n<p style=\"text-align: left;\">Que nosso Ser\u00e1fico Pai S\u00e3o Francisco de Assis interceda a Deus por todos voc\u00eas, caros confrades e benfeitores franciscanos.<\/p>\n<p style=\"text-align: left;\"><strong><a href=\"https:\/\/vocacional.franciscanos.org.br\/pvf\/\" target=\"_blank\" rel=\"noopener noreferrer\">SEJA VOC\u00ca TAMB\u00c9M UM BENFEITOR FRANCISCANO<\/a><\/strong><\/p>\n","protected":false},"excerpt":{"rendered":"<p>Benfeitores<\/p>\n","protected":false},"author":1,"featured_media":191025,"comment_status":"open","ping_status":"open","sticky":false,"template":"","format":"standard","meta":[],"categories":[1],"tags":[1446,254],"acf":[],"yoast_head":"<!-- This site is optimized with the Yoast SEO plugin v19.2 - https:\/\/yoast.com\/wordpress\/plugins\/seo\/ -->\n<title>Campanha do Pr\u00f3-Voca\u00e7\u00f5es em Santa Catarina - Not\u00edcias - Franciscanos<\/title>\n<meta name=\"robots\" content=\"index, follow, max-snippet:-1, max-image-preview:large, max-video-preview:-1\" \/>\n<link rel=\"canonical\" href=\"https:\/\/franciscanos.org.br\/noticias\/campanha-do-pro-vocacoes-em-santa-catarina.html\" \/>\n<meta property=\"og:locale\" content=\"pt_BR\" \/>\n<meta property=\"og:type\" content=\"article\" \/>\n<meta property=\"og:title\" content=\"Campanha do Pr\u00f3-Voca\u00e7\u00f5es em Santa Catarina - Not\u00edcias - Franciscanos\" \/>\n<meta property=\"og:description\" content=\"Benfeitores\" \/>\n<meta property=\"og:url\" content=\"https:\/\/franciscanos.org.br\/noticias\/campanha-do-pro-vocacoes-em-santa-catarina.html\" \/>\n<meta property=\"og:site_name\" content=\"Not\u00edcias - Franciscanos\" \/>\n<meta property=\"article:published_time\" content=\"2018-11-06T12:47:08+00:00\" \/>\n<meta property=\"article:modified_time\" content=\"2019-08-06T14:15:54+00:00\" \/>\n<meta property=\"og:image\" content=\"https:\/\/franciscanos.org.br\/noticias\/wp-content\/uploads\/2018\/11\/ituporanga_2311.jpg\" \/>\n\t<meta property=\"og:image:width\" content=\"273\" \/>\n\t<meta property=\"og:image:height\" content=\"181\" \/>\n\t<meta property=\"og:image:type\" content=\"image\/jpeg\" \/>\n<meta name=\"author\" content=\"admin\" \/>\n<meta name=\"twitter:card\" content=\"summary_large_image\" \/>\n<meta name=\"twitter:label1\" content=\"Escrito por\" \/>\n\t<meta name=\"twitter:data1\" content=\"admin\" \/>\n\t<meta name=\"twitter:label2\" content=\"Est. tempo de leitura\" \/>\n\t<meta name=\"twitter:data2\" content=\"2 minutos\" \/>\n<script type=\"application\/ld+json\" class=\"yoast-schema-graph\">{\"@context\":\"https:\/\/schema.org\",\"@graph\":[{\"@type\":\"WebSite\",\"@id\":\"https:\/\/franciscanos.org.br\/noticias\/#website\",\"url\":\"https:\/\/franciscanos.org.br\/noticias\/\",\"name\":\"Not\u00edcias - Franciscanos\",\"description\":\"Prov\u00edncia Franciscana da Imaculada Concei\u00e7\u00e3o do Brasil - Ordem dos Frades Menores - OFM\",\"potentialAction\":[{\"@type\":\"SearchAction\",\"target\":{\"@type\":\"EntryPoint\",\"urlTemplate\":\"https:\/\/franciscanos.org.br\/noticias\/?s={search_term_string}\"},\"query-input\":\"required name=search_term_string\"}],\"inLanguage\":\"pt-BR\"},{\"@type\":\"ImageObject\",\"inLanguage\":\"pt-BR\",\"@id\":\"https:\/\/franciscanos.org.br\/noticias\/campanha-do-pro-vocacoes-em-santa-catarina.html#primaryimage\",\"url\":\"https:\/\/franciscanos.org.br\/noticias\/wp-content\/uploads\/2018\/11\/ituporanga_2311.jpg\",\"contentUrl\":\"https:\/\/franciscanos.org.br\/noticias\/wp-content\/uploads\/2018\/11\/ituporanga_2311.jpg\",\"width\":273,\"height\":181},{\"@type\":\"WebPage\",\"@id\":\"https:\/\/franciscanos.org.br\/noticias\/campanha-do-pro-vocacoes-em-santa-catarina.html#webpage\",\"url\":\"https:\/\/franciscanos.org.br\/noticias\/campanha-do-pro-vocacoes-em-santa-catarina.html\",\"name\":\"Campanha do Pr\u00f3-Voca\u00e7\u00f5es em Santa Catarina - Not\u00edcias - Franciscanos\",\"isPartOf\":{\"@id\":\"https:\/\/franciscanos.org.br\/noticias\/#website\"},\"primaryImageOfPage\":{\"@id\":\"https:\/\/franciscanos.org.br\/noticias\/campanha-do-pro-vocacoes-em-santa-catarina.html#primaryimage\"},\"datePublished\":\"2018-11-06T12:47:08+00:00\",\"dateModified\":\"2019-08-06T14:15:54+00:00\",\"author\":{\"@id\":\"https:\/\/franciscanos.org.br\/noticias\/#\/schema\/person\/b38fbf43118f02820bd932f2e4b14ad3\"},\"breadcrumb\":{\"@id\":\"https:\/\/franciscanos.org.br\/noticias\/campanha-do-pro-vocacoes-em-santa-catarina.html#breadcrumb\"},\"inLanguage\":\"pt-BR\",\"potentialAction\":[{\"@type\":\"ReadAction\",\"target\":[\"https:\/\/franciscanos.org.br\/noticias\/campanha-do-pro-vocacoes-em-santa-catarina.html\"]}]},{\"@type\":\"BreadcrumbList\",\"@id\":\"https:\/\/franciscanos.org.br\/noticias\/campanha-do-pro-vocacoes-em-santa-catarina.html#breadcrumb\",\"itemListElement\":[{\"@type\":\"ListItem\",\"position\":1,\"name\":\"Home\",\"item\":\"https:\/\/franciscanos.org.br\/noticias\"},{\"@type\":\"ListItem\",\"position\":2,\"name\":\"Campanha do Pr\u00f3-Voca\u00e7\u00f5es em Santa Catarina\"}]},{\"@type\":\"Person\",\"@id\":\"https:\/\/franciscanos.org.br\/noticias\/#\/schema\/person\/b38fbf43118f02820bd932f2e4b14ad3\",\"name\":\"admin\",\"image\":{\"@type\":\"ImageObject\",\"inLanguage\":\"pt-BR\",\"@id\":\"https:\/\/franciscanos.org.br\/noticias\/#\/schema\/person\/image\/\",\"url\":\"https:\/\/secure.gravatar.com\/avatar\/e8495742d34d0ba6448ea1c628263b3e?s=96&d=mm&r=g\",\"contentUrl\":\"https:\/\/secure.gravatar.com\/avatar\/e8495742d34d0ba6448ea1c628263b3e?s=96&d=mm&r=g\",\"caption\":\"admin\"},\"url\":\"https:\/\/franciscanos.org.br\/noticias\/author\/admin\"}]}<\/script>\n<!-- \/ Yoast SEO plugin. -->","yoast_head_json":{"title":"Campanha do Pr\u00f3-Voca\u00e7\u00f5es em Santa Catarina - Not\u00edcias - Franciscanos","robots":{"index":"index","follow":"follow","max-snippet":"max-snippet:-1","max-image-preview":"max-image-preview:large","max-video-preview":"max-video-preview:-1"},"canonical":"https:\/\/franciscanos.org.br\/noticias\/campanha-do-pro-vocacoes-em-santa-catarina.html","og_locale":"pt_BR","og_type":"article","og_title":"Campanha do Pr\u00f3-Voca\u00e7\u00f5es em Santa Catarina - Not\u00edcias - Franciscanos","og_description":"Benfeitores","og_url":"https:\/\/franciscanos.org.br\/noticias\/campanha-do-pro-vocacoes-em-santa-catarina.html","og_site_name":"Not\u00edcias - Franciscanos","article_published_time":"2018-11-06T12:47:08+00:00","article_modified_time":"2019-08-06T14:15:54+00:00","og_image":[{"width":273,"height":181,"url":"https:\/\/franciscanos.org.br\/noticias\/wp-content\/uploads\/2018\/11\/ituporanga_2311.jpg","type":"image\/jpeg"}],"author":"admin","twitter_card":"summary_large_image","twitter_misc":{"Escrito por":"admin","Est. tempo de leitura":"2 minutos"},"schema":{"@context":"https:\/\/schema.org","@graph":[{"@type":"WebSite","@id":"https:\/\/franciscanos.org.br\/noticias\/#website","url":"https:\/\/franciscanos.org.br\/noticias\/","name":"Not\u00edcias - Franciscanos","description":"Prov\u00edncia Franciscana da Imaculada Concei\u00e7\u00e3o do Brasil - Ordem dos Frades Menores - OFM","potentialAction":[{"@type":"SearchAction","target":{"@type":"EntryPoint","urlTemplate":"https:\/\/franciscanos.org.br\/noticias\/?s={search_term_string}"},"query-input":"required name=search_term_string"}],"inLanguage":"pt-BR"},{"@type":"ImageObject","inLanguage":"pt-BR","@id":"https:\/\/franciscanos.org.br\/noticias\/campanha-do-pro-vocacoes-em-santa-catarina.html#primaryimage","url":"https:\/\/franciscanos.org.br\/noticias\/wp-content\/uploads\/2018\/11\/ituporanga_2311.jpg","contentUrl":"https:\/\/franciscanos.org.br\/noticias\/wp-content\/uploads\/2018\/11\/ituporanga_2311.jpg","width":273,"height":181},{"@type":"WebPage","@id":"https:\/\/franciscanos.org.br\/noticias\/campanha-do-pro-vocacoes-em-santa-catarina.html#webpage","url":"https:\/\/franciscanos.org.br\/noticias\/campanha-do-pro-vocacoes-em-santa-catarina.html","name":"Campanha do Pr\u00f3-Voca\u00e7\u00f5es em Santa Catarina - Not\u00edcias - Franciscanos","isPartOf":{"@id":"https:\/\/franciscanos.org.br\/noticias\/#website"},"primaryImageOfPage":{"@id":"https:\/\/franciscanos.org.br\/noticias\/campanha-do-pro-vocacoes-em-santa-catarina.html#primaryimage"},"datePublished":"2018-11-06T12:47:08+00:00","dateModified":"2019-08-06T14:15:54+00:00","author":{"@id":"https:\/\/franciscanos.org.br\/noticias\/#\/schema\/person\/b38fbf43118f02820bd932f2e4b14ad3"},"breadcrumb":{"@id":"https:\/\/franciscanos.org.br\/noticias\/campanha-do-pro-vocacoes-em-santa-catarina.html#breadcrumb"},"inLanguage":"pt-BR","potentialAction":[{"@type":"ReadAction","target":["https:\/\/franciscanos.org.br\/noticias\/campanha-do-pro-vocacoes-em-santa-catarina.html"]}]},{"@type":"BreadcrumbList","@id":"https:\/\/franciscanos.org.br\/noticias\/campanha-do-pro-vocacoes-em-santa-catarina.html#breadcrumb","itemListElement":[{"@type":"ListItem","position":1,"name":"Home","item":"https:\/\/franciscanos.org.br\/noticias"},{"@type":"ListItem","position":2,"name":"Campanha do Pr\u00f3-Voca\u00e7\u00f5es em Santa Catarina"}]},{"@type":"Person","@id":"https:\/\/franciscanos.org.br\/noticias\/#\/schema\/person\/b38fbf43118f02820bd932f2e4b14ad3","name":"admin","image":{"@type":"ImageObject","inLanguage":"pt-BR","@id":"https:\/\/franciscanos.org.br\/noticias\/#\/schema\/person\/image\/","url":"https:\/\/secure.gravatar.com\/avatar\/e8495742d34d0ba6448ea1c628263b3e?s=96&d=mm&r=g","contentUrl":"https:\/\/secure.gravatar.com\/avatar\/e8495742d34d0ba6448ea1c628263b3e?s=96&d=mm&r=g","caption":"admin"},"url":"https:\/\/franciscanos.org.br\/noticias\/author\/admin"}]}},"_links":{"self":[{"href":"https:\/\/franciscanos.org.br\/noticias\/wp-json\/wp\/v2\/posts\/188370"}],"collection":[{"href":"https:\/\/franciscanos.org.br\/noticias\/wp-json\/wp\/v2\/posts"}],"about":[{"href":"https:\/\/franciscanos.org.br\/noticias\/wp-json\/wp\/v2\/types\/post"}],"author":[{"embeddable":true,"href":"https:\/\/franciscanos.org.br\/noticias\/wp-json\/wp\/v2\/users\/1"}],"replies":[{"embeddable":true,"href":"https:\/\/franciscanos.org.br\/noticias\/wp-json\/wp\/v2\/comments?post=188370"}],"version-history":[{"count":0,"href":"https:\/\/franciscanos.org.br\/noticias\/wp-json\/wp\/v2\/posts\/188370\/revisions"}],"wp:featuredmedia":[{"embeddable":true,"href":"https:\/\/franciscanos.org.br\/noticias\/wp-json\/wp\/v2\/media\/191025"}],"wp:attachment":[{"href":"https:\/\/franciscanos.org.br\/noticias\/wp-json\/wp\/v2\/media?parent=188370"}],"wp:term":[{"taxonomy":"category","embeddable":true,"href":"https:\/\/franciscanos.org.br\/noticias\/wp-json\/wp\/v2\/categories?post=188370"},{"taxonomy":"post_tag","embeddable":true,"href":"https:\/\/franciscanos.org.br\/noticias\/wp-json\/wp\/v2\/tags?post=188370"}],"curies":[{"name":"wp","href":"https:\/\/api.w.org\/{rel}","templated":true}]}}