{"id":188368,"date":"2018-11-06T10:12:07","date_gmt":"2018-11-06T12:12:07","guid":{"rendered":"http:\/\/franciscanos.org.br\/?p=176608"},"modified":"2019-05-28T09:56:11","modified_gmt":"2019-05-28T12:56:11","slug":"frades-se-reunem-para-celebrar-os-50-anos-da-uclaf","status":"publish","type":"post","link":"https:\/\/franciscanos.org.br\/noticias\/frades-se-reunem-para-celebrar-os-50-anos-da-uclaf.html","title":{"rendered":"Frades se re\u00fanem para celebrar os 50 anos da UCLAF"},"content":{"rendered":"<p><img loading=\"lazy\" class=\"aligncenter\" src=\"http:\/\/franciscanos.org.br\/wp-content\/uploads\/2018\/10\/uclaf_311018-830.jpg\" alt=\"uclaf_311018 830\" width=\"851\" height=\"421\" \/>De 28 de outubro a 2 de novembro, os frades da UCLAF (Uni\u00e3o de Confer\u00eancias Latino-Americanas Franciscanas) se reuniram em Buenos Aires, Argentina, para celebrar sua XXV Assembleia com o tema: \u201c50 anos da UCLAF: Mem\u00f3ria e profecia\u201d.<\/p>\n<p>As Confer\u00eancias do Cone Sul, Bolivariana, Brasileira e Guadalupana, que comp\u00f5em a UCLAF, foram representadas por 18 ministros provinciais, 3 cust\u00f3dios \u00a0e 1 vig\u00e1rio provincial. A reflex\u00e3o foi acompanhada pelos frades que ajudaram a fazer mem\u00f3ria dos 50 anos de caminho e a fazer uma leitura prof\u00e9tica do presente: Frei Francisco Javier Mac-Mah\u00f3n, que participou da primeira assembleia em 1968; Frei Guido Zegarra Ponce, que apresentou um trabalho com uma breve hist\u00f3ria da UCLAF; Frei Edgar Santos, que fez uma apresenta\u00e7\u00e3o sobre \u201cA identidade do carisma desde a mem\u00f3ria prof\u00e9tica de Medell\u00edn\u201d e Frei Jaime Campos Fonseca, que fez um apelo ao envolvimento com os temas acompanhados pelo Secretariado de Justi\u00e7a, Paz e Integridade da Cria\u00e7\u00e3o (JPIC).<\/p>\n<p>Foram dias nos quais foi celebrada a colabora\u00e7\u00e3o desde a Am\u00e9rica Latina e Caribe \u00e0 Ordem e \u00e0 Igreja e pode-se sonhar em respostas repletas de aud\u00e1cia no presente. A presen\u00e7a agradecida e pr\u00f3xima de Frei Michael Perry, Ministro Geral; Frei Julio Bunader, Vig\u00e1rio Geral; Frei Ignacio Ceja Jim\u00e9nez, Definidor Geral e Frei Valmir Ramos, Definidor Geral; animou o trabalho e contribuiu para um horizonte a partir da Ordem.<\/p>\n<p>Neste marco de celebra\u00e7\u00e3o, mem\u00f3ria prof\u00e9tica e abertura ao futuro se trabalharam diversos temas, entre os quais podemos destacar o Projeto Amazonas, a forma\u00e7\u00e3o de mission\u00e1rios, situa\u00e7\u00f5es em contextos dif\u00edceis como o da Venezuela e Am\u00e9rica Central, a situa\u00e7\u00e3o dos vicariatos apost\u00f3licos, a situa\u00e7\u00e3o da Confer\u00eancia do Cone Sul e a experi\u00eancia do Conselho Plen\u00e1rio da Ordem, realizado neste ano.<\/p>\n<p>Os trabalhos da UCLAF, que teve como presidente Frei Juan Medina (Prov\u00edncia do Santo Evangelho, M\u00e9xico), terminaram com uma mensagem final dos participantes na qual sinalizaram os acordos assumidos.<\/p>\n<p>Com o desafio ao movimento, \u00e0 sa\u00edda, ao prof\u00e9tico, ao retorno ao primeiro amor, o olhar agradecido aos 50 anos de hist\u00f3ria e com a confian\u00e7a de que o Senhor nos chama a caminhar junto ao povo, a UCLAF se abre a uma nova etapa em sua hist\u00f3ria.<\/p>\n<p><strong><a href=\"https:\/\/franciscanos.org.br\/noticias\/frades-se-reunem-para-celebrar-os-50-anos-da-uclaf.html\" target=\"_blank\" rel=\"noopener noreferrer\">CONFIRA COMO FOI A MISSA EM A\u00c7\u00c3O DE GRA\u00c7AS PELOS 50 ANOS DA UCLAF<\/a><\/strong><\/p>\n<p>Fonte: <a href=\"https:\/\/ofm.org\/es\/blog\/xxv-asamblea-de-la-uclaf-en-sus-50-aniversario-memoria-y-profecia\/\" target=\"_blank\" rel=\"noopener noreferrer\">ofm.org<\/a> | Tradu\u00e7\u00e3o: <a href=\"http:\/\/franciscanos.org.br\/?p=176608\" target=\"_blank\" rel=\"noopener noreferrer\">franciscanos.org.br<\/a><\/p>\n","protected":false},"excerpt":{"rendered":"<p>Frades Menores<\/p>\n","protected":false},"author":1,"featured_media":191027,"comment_status":"open","ping_status":"open","sticky":false,"template":"","format":"standard","meta":[],"categories":[1],"tags":[310],"acf":[],"yoast_head":"<!-- This site is optimized with the Yoast SEO plugin v19.2 - https:\/\/yoast.com\/wordpress\/plugins\/seo\/ -->\n<title>Frades se re\u00fanem para celebrar os 50 anos da UCLAF - Not\u00edcias - Franciscanos<\/title>\n<meta name=\"robots\" content=\"index, follow, max-snippet:-1, max-image-preview:large, max-video-preview:-1\" \/>\n<link rel=\"canonical\" href=\"https:\/\/franciscanos.org.br\/noticias\/frades-se-reunem-para-celebrar-os-50-anos-da-uclaf.html\" \/>\n<meta property=\"og:locale\" content=\"pt_BR\" \/>\n<meta property=\"og:type\" content=\"article\" \/>\n<meta property=\"og:title\" content=\"Frades se re\u00fanem para celebrar os 50 anos da UCLAF - Not\u00edcias - Franciscanos\" \/>\n<meta property=\"og:description\" content=\"Frades Menores\" \/>\n<meta property=\"og:url\" content=\"https:\/\/franciscanos.org.br\/noticias\/frades-se-reunem-para-celebrar-os-50-anos-da-uclaf.html\" \/>\n<meta property=\"og:site_name\" content=\"Not\u00edcias - Franciscanos\" \/>\n<meta property=\"article:published_time\" content=\"2018-11-06T12:12:07+00:00\" \/>\n<meta property=\"article:modified_time\" content=\"2019-05-28T12:56:11+00:00\" \/>\n<meta property=\"og:image\" content=\"https:\/\/franciscanos.org.br\/noticias\/wp-content\/uploads\/2018\/11\/uclaf_311018-830-3.jpg\" \/>\n\t<meta property=\"og:image:width\" content=\"273\" \/>\n\t<meta property=\"og:image:height\" content=\"181\" \/>\n\t<meta property=\"og:image:type\" content=\"image\/jpeg\" \/>\n<meta name=\"author\" content=\"admin\" \/>\n<meta name=\"twitter:card\" content=\"summary_large_image\" \/>\n<meta name=\"twitter:label1\" content=\"Escrito por\" \/>\n\t<meta name=\"twitter:data1\" content=\"admin\" \/>\n\t<meta name=\"twitter:label2\" content=\"Est. tempo de leitura\" \/>\n\t<meta name=\"twitter:data2\" content=\"2 minutos\" \/>\n<script type=\"application\/ld+json\" class=\"yoast-schema-graph\">{\"@context\":\"https:\/\/schema.org\",\"@graph\":[{\"@type\":\"WebSite\",\"@id\":\"https:\/\/franciscanos.org.br\/noticias\/#website\",\"url\":\"https:\/\/franciscanos.org.br\/noticias\/\",\"name\":\"Not\u00edcias - Franciscanos\",\"description\":\"Prov\u00edncia Franciscana da Imaculada Concei\u00e7\u00e3o do Brasil - Ordem dos Frades Menores - OFM\",\"potentialAction\":[{\"@type\":\"SearchAction\",\"target\":{\"@type\":\"EntryPoint\",\"urlTemplate\":\"https:\/\/franciscanos.org.br\/noticias\/?s={search_term_string}\"},\"query-input\":\"required name=search_term_string\"}],\"inLanguage\":\"pt-BR\"},{\"@type\":\"ImageObject\",\"inLanguage\":\"pt-BR\",\"@id\":\"https:\/\/franciscanos.org.br\/noticias\/frades-se-reunem-para-celebrar-os-50-anos-da-uclaf.html#primaryimage\",\"url\":\"https:\/\/franciscanos.org.br\/noticias\/wp-content\/uploads\/2018\/11\/uclaf_311018-830-3.jpg\",\"contentUrl\":\"https:\/\/franciscanos.org.br\/noticias\/wp-content\/uploads\/2018\/11\/uclaf_311018-830-3.jpg\",\"width\":273,\"height\":181},{\"@type\":\"WebPage\",\"@id\":\"https:\/\/franciscanos.org.br\/noticias\/frades-se-reunem-para-celebrar-os-50-anos-da-uclaf.html#webpage\",\"url\":\"https:\/\/franciscanos.org.br\/noticias\/frades-se-reunem-para-celebrar-os-50-anos-da-uclaf.html\",\"name\":\"Frades se re\u00fanem para celebrar os 50 anos da UCLAF - Not\u00edcias - Franciscanos\",\"isPartOf\":{\"@id\":\"https:\/\/franciscanos.org.br\/noticias\/#website\"},\"primaryImageOfPage\":{\"@id\":\"https:\/\/franciscanos.org.br\/noticias\/frades-se-reunem-para-celebrar-os-50-anos-da-uclaf.html#primaryimage\"},\"datePublished\":\"2018-11-06T12:12:07+00:00\",\"dateModified\":\"2019-05-28T12:56:11+00:00\",\"author\":{\"@id\":\"https:\/\/franciscanos.org.br\/noticias\/#\/schema\/person\/b38fbf43118f02820bd932f2e4b14ad3\"},\"breadcrumb\":{\"@id\":\"https:\/\/franciscanos.org.br\/noticias\/frades-se-reunem-para-celebrar-os-50-anos-da-uclaf.html#breadcrumb\"},\"inLanguage\":\"pt-BR\",\"potentialAction\":[{\"@type\":\"ReadAction\",\"target\":[\"https:\/\/franciscanos.org.br\/noticias\/frades-se-reunem-para-celebrar-os-50-anos-da-uclaf.html\"]}]},{\"@type\":\"BreadcrumbList\",\"@id\":\"https:\/\/franciscanos.org.br\/noticias\/frades-se-reunem-para-celebrar-os-50-anos-da-uclaf.html#breadcrumb\",\"itemListElement\":[{\"@type\":\"ListItem\",\"position\":1,\"name\":\"Home\",\"item\":\"https:\/\/franciscanos.org.br\/noticias\"},{\"@type\":\"ListItem\",\"position\":2,\"name\":\"Frades se re\u00fanem para celebrar os 50 anos da UCLAF\"}]},{\"@type\":\"Person\",\"@id\":\"https:\/\/franciscanos.org.br\/noticias\/#\/schema\/person\/b38fbf43118f02820bd932f2e4b14ad3\",\"name\":\"admin\",\"image\":{\"@type\":\"ImageObject\",\"inLanguage\":\"pt-BR\",\"@id\":\"https:\/\/franciscanos.org.br\/noticias\/#\/schema\/person\/image\/\",\"url\":\"https:\/\/secure.gravatar.com\/avatar\/e8495742d34d0ba6448ea1c628263b3e?s=96&d=mm&r=g\",\"contentUrl\":\"https:\/\/secure.gravatar.com\/avatar\/e8495742d34d0ba6448ea1c628263b3e?s=96&d=mm&r=g\",\"caption\":\"admin\"},\"url\":\"https:\/\/franciscanos.org.br\/noticias\/author\/admin\"}]}<\/script>\n<!-- \/ Yoast SEO plugin. -->","yoast_head_json":{"title":"Frades se re\u00fanem para celebrar os 50 anos da UCLAF - Not\u00edcias - Franciscanos","robots":{"index":"index","follow":"follow","max-snippet":"max-snippet:-1","max-image-preview":"max-image-preview:large","max-video-preview":"max-video-preview:-1"},"canonical":"https:\/\/franciscanos.org.br\/noticias\/frades-se-reunem-para-celebrar-os-50-anos-da-uclaf.html","og_locale":"pt_BR","og_type":"article","og_title":"Frades se re\u00fanem para celebrar os 50 anos da UCLAF - Not\u00edcias - Franciscanos","og_description":"Frades Menores","og_url":"https:\/\/franciscanos.org.br\/noticias\/frades-se-reunem-para-celebrar-os-50-anos-da-uclaf.html","og_site_name":"Not\u00edcias - Franciscanos","article_published_time":"2018-11-06T12:12:07+00:00","article_modified_time":"2019-05-28T12:56:11+00:00","og_image":[{"width":273,"height":181,"url":"https:\/\/franciscanos.org.br\/noticias\/wp-content\/uploads\/2018\/11\/uclaf_311018-830-3.jpg","type":"image\/jpeg"}],"author":"admin","twitter_card":"summary_large_image","twitter_misc":{"Escrito por":"admin","Est. tempo de leitura":"2 minutos"},"schema":{"@context":"https:\/\/schema.org","@graph":[{"@type":"WebSite","@id":"https:\/\/franciscanos.org.br\/noticias\/#website","url":"https:\/\/franciscanos.org.br\/noticias\/","name":"Not\u00edcias - Franciscanos","description":"Prov\u00edncia Franciscana da Imaculada Concei\u00e7\u00e3o do Brasil - Ordem dos Frades Menores - OFM","potentialAction":[{"@type":"SearchAction","target":{"@type":"EntryPoint","urlTemplate":"https:\/\/franciscanos.org.br\/noticias\/?s={search_term_string}"},"query-input":"required name=search_term_string"}],"inLanguage":"pt-BR"},{"@type":"ImageObject","inLanguage":"pt-BR","@id":"https:\/\/franciscanos.org.br\/noticias\/frades-se-reunem-para-celebrar-os-50-anos-da-uclaf.html#primaryimage","url":"https:\/\/franciscanos.org.br\/noticias\/wp-content\/uploads\/2018\/11\/uclaf_311018-830-3.jpg","contentUrl":"https:\/\/franciscanos.org.br\/noticias\/wp-content\/uploads\/2018\/11\/uclaf_311018-830-3.jpg","width":273,"height":181},{"@type":"WebPage","@id":"https:\/\/franciscanos.org.br\/noticias\/frades-se-reunem-para-celebrar-os-50-anos-da-uclaf.html#webpage","url":"https:\/\/franciscanos.org.br\/noticias\/frades-se-reunem-para-celebrar-os-50-anos-da-uclaf.html","name":"Frades se re\u00fanem para celebrar os 50 anos da UCLAF - Not\u00edcias - Franciscanos","isPartOf":{"@id":"https:\/\/franciscanos.org.br\/noticias\/#website"},"primaryImageOfPage":{"@id":"https:\/\/franciscanos.org.br\/noticias\/frades-se-reunem-para-celebrar-os-50-anos-da-uclaf.html#primaryimage"},"datePublished":"2018-11-06T12:12:07+00:00","dateModified":"2019-05-28T12:56:11+00:00","author":{"@id":"https:\/\/franciscanos.org.br\/noticias\/#\/schema\/person\/b38fbf43118f02820bd932f2e4b14ad3"},"breadcrumb":{"@id":"https:\/\/franciscanos.org.br\/noticias\/frades-se-reunem-para-celebrar-os-50-anos-da-uclaf.html#breadcrumb"},"inLanguage":"pt-BR","potentialAction":[{"@type":"ReadAction","target":["https:\/\/franciscanos.org.br\/noticias\/frades-se-reunem-para-celebrar-os-50-anos-da-uclaf.html"]}]},{"@type":"BreadcrumbList","@id":"https:\/\/franciscanos.org.br\/noticias\/frades-se-reunem-para-celebrar-os-50-anos-da-uclaf.html#breadcrumb","itemListElement":[{"@type":"ListItem","position":1,"name":"Home","item":"https:\/\/franciscanos.org.br\/noticias"},{"@type":"ListItem","position":2,"name":"Frades se re\u00fanem para celebrar os 50 anos da UCLAF"}]},{"@type":"Person","@id":"https:\/\/franciscanos.org.br\/noticias\/#\/schema\/person\/b38fbf43118f02820bd932f2e4b14ad3","name":"admin","image":{"@type":"ImageObject","inLanguage":"pt-BR","@id":"https:\/\/franciscanos.org.br\/noticias\/#\/schema\/person\/image\/","url":"https:\/\/secure.gravatar.com\/avatar\/e8495742d34d0ba6448ea1c628263b3e?s=96&d=mm&r=g","contentUrl":"https:\/\/secure.gravatar.com\/avatar\/e8495742d34d0ba6448ea1c628263b3e?s=96&d=mm&r=g","caption":"admin"},"url":"https:\/\/franciscanos.org.br\/noticias\/author\/admin"}]}},"_links":{"self":[{"href":"https:\/\/franciscanos.org.br\/noticias\/wp-json\/wp\/v2\/posts\/188368"}],"collection":[{"href":"https:\/\/franciscanos.org.br\/noticias\/wp-json\/wp\/v2\/posts"}],"about":[{"href":"https:\/\/franciscanos.org.br\/noticias\/wp-json\/wp\/v2\/types\/post"}],"author":[{"embeddable":true,"href":"https:\/\/franciscanos.org.br\/noticias\/wp-json\/wp\/v2\/users\/1"}],"replies":[{"embeddable":true,"href":"https:\/\/franciscanos.org.br\/noticias\/wp-json\/wp\/v2\/comments?post=188368"}],"version-history":[{"count":0,"href":"https:\/\/franciscanos.org.br\/noticias\/wp-json\/wp\/v2\/posts\/188368\/revisions"}],"wp:featuredmedia":[{"embeddable":true,"href":"https:\/\/franciscanos.org.br\/noticias\/wp-json\/wp\/v2\/media\/191027"}],"wp:attachment":[{"href":"https:\/\/franciscanos.org.br\/noticias\/wp-json\/wp\/v2\/media?parent=188368"}],"wp:term":[{"taxonomy":"category","embeddable":true,"href":"https:\/\/franciscanos.org.br\/noticias\/wp-json\/wp\/v2\/categories?post=188368"},{"taxonomy":"post_tag","embeddable":true,"href":"https:\/\/franciscanos.org.br\/noticias\/wp-json\/wp\/v2\/tags?post=188368"}],"curies":[{"name":"wp","href":"https:\/\/api.w.org\/{rel}","templated":true}]}}