{"id":188360,"date":"2018-10-26T19:47:11","date_gmt":"2018-10-26T22:47:11","guid":{"rendered":"http:\/\/franciscanos.org.br\/?p=175589"},"modified":"2020-06-06T17:59:54","modified_gmt":"2020-06-06T20:59:54","slug":"encaminhamentos-finais-do-congresso-missionario","status":"publish","type":"post","link":"https:\/\/franciscanos.org.br\/noticias\/encaminhamentos-finais-do-congresso-missionario.html","title":{"rendered":"Encaminhamentos finais do Congresso Mission\u00e1rio"},"content":{"rendered":"<p><strong><img loading=\"lazy\" class=\"size-full wp-image-191137 aligncenter\" src=\"https:\/\/franciscanos.org.br\/noticias\/wp-content\/uploads\/2018\/10\/congresso_261018_3-2.jpg\" alt=\"\" width=\"830\" height=\"623\" srcset=\"https:\/\/franciscanos.org.br\/noticias\/wp-content\/uploads\/2018\/10\/congresso_261018_3-2.jpg 830w, https:\/\/franciscanos.org.br\/noticias\/wp-content\/uploads\/2018\/10\/congresso_261018_3-2-450x338.jpg 450w, https:\/\/franciscanos.org.br\/noticias\/wp-content\/uploads\/2018\/10\/congresso_261018_3-2-768x576.jpg 768w, https:\/\/franciscanos.org.br\/noticias\/wp-content\/uploads\/2018\/10\/congresso_261018_3-2-150x113.jpg 150w\" sizes=\"(max-width: 830px) 100vw, 830px\" \/>Frei Gustavo Medella<\/strong><\/p>\n<p><strong>Cidade da Guatemala<\/strong> &#8211; Depois de uma semana intensa de palestras, reflex\u00f5es, ora\u00e7\u00f5es, partilhas e trabalho, o III Congresso Mission\u00e1rio Franciscano da Am\u00e9rica Latina e do Caribe caminha para seu encerramento. Nesta sexta, o colombiano Miguel Angel Jaimes Ruiz (<em>foto abaixo)<\/em>, consultor de projetos participativos, membro engajado na caminhada da Igreja, tratou da elabora\u00e7\u00e3o de planejamentos pastorais. O primeiro ponto para um bom projeto eclesial, segundo o especialista, \u00e9 o cultivo de uma M\u00edstica transformadora que pode ser alcan\u00e7ada a partir de um encontro pessoal entre o fiel e Jesus Cristo. \u201cFacilitar um encontro vital e profundo com Jesus \u00e9 a principal tarefa pastoral\u201d, assinalou. Para Angel, o contato com a Boa Nova desenvolve a consci\u00eancia humana para contemplar novos horizontes e suscitar novas esperan\u00e7as. Baseando-se na Exorta\u00e7\u00e3o Apost\u00f3lica <em>Evangelii Gaudium<\/em>, do Papa Francisco, o conferencista elencou quatro princ\u00edpios para um projeto comum, que s\u00e3o: o tempo \u00e9 superior ao espa\u00e7o; a unidade prevalece sobre o conflito; a realidade \u00e9 mais importante do que a ideia; o todo \u00e9 superior \u00e0 parte.<\/p>\n<p>A segunda preocupa\u00e7\u00e3o diz respeito ao m\u00e9todo, pautado na formula\u00e7\u00e3o <em>VER-JULGAR-AGIR&#8230; AVALIAR-CELEBRAR.<\/em> Com bom humor, Jaimes comparou o processo participativo para a elabora\u00e7\u00e3o de um projeto a um plano de voo: tem uma defini\u00e7\u00e3o; \u00e9 ordenado, mas flex\u00edvel; est\u00e1 sujeito a turbul\u00eancias; \u00e0s vezes se faz necess\u00e1rio retomar o rumo e possui um destino comum. Como terceiro aspecto, Jaimes apresentou 5 caracter\u00edsticas de uma lideran\u00e7a \u00e9tico-comunit\u00e1ria, a que chamou de 5 c&#8217;s: consci\u00eancia, compet\u00eancia, compaix\u00e3o, criatividade e coopera\u00e7\u00e3o.<\/p>\n<p><strong>RESULTADO DO TRABALHO DAS OFICINAS TEM\u00c1TICAS<\/strong><\/p>\n<p>Outra atividade foi a partilha das propostas que nasceram dos trabalhos nas oficinas tem\u00e1ticas. Frei Luis Gallardo, frade equatoriano e Secret\u00e1rio Geral para a Evangeliza\u00e7\u00e3o da Ordem, convocou para a mesa central os Secret\u00e1rios das Confer\u00eancias que comp\u00f5e a Uni\u00e3o das Confer\u00eancias Latino Americanas dos Frades Menores, a UCLAF. Todo o material apresentado pelas Oficinas tamb\u00e9m ir\u00e1 ser considerado na elabora\u00e7\u00e3o do Documento Final do III Congresso Mission\u00e1rio Franciscano da Am\u00e9rica Latina e do Caribe.<\/p>\n<p><img loading=\"lazy\" class=\"aligncenter\" src=\"http:\/\/franciscanos.org.br\/wp-content\/uploads\/2018\/10\/congresso_261018_11.jpg\" alt=\"congresso_261018_1\" width=\"830\" height=\"623\" \/><\/p>\n<p>Na parte da tarde, Frei Atilio Battistuz colocou em debate a quest\u00e3o da presen\u00e7a mission\u00e1ria da Ordem na Amaz\u00f4nia. Ao final da tarde, a partir das 18h30, houve a Missa de encerramento, com a participa\u00e7\u00e3o dos congressistas e das fam\u00edlias que os acolheram nestes dias de atividade. Em seguida, todos participaram de um jantar festivo, num clima marcado pela alegria, gratid\u00e3o e esp\u00edrito de fraternidade. Neste s\u00e1bado, os participantes do Congresso saem em caravana, ainda de madrugada em dire\u00e7\u00e3o a Morales, Izabal, onde participam da Beatifica\u00e7\u00e3o de Frei Tulio Maruzzo e Obdulio Arroyo (<a href=\"https:\/\/franciscanos.org.br\/noticias\/novos-beatos-franciscanos-martires-de-izabal.html\"><strong>veja mais sobre os novos beatos<\/strong>)<\/a>.<\/p>\n","protected":false},"excerpt":{"rendered":"<p>III Congresso Mission\u00e1rio Franciscano da Am\u00e9rica Latina e do Caribe<\/p>\n","protected":false},"author":1,"featured_media":191139,"comment_status":"open","ping_status":"open","sticky":false,"template":"","format":"standard","meta":[],"categories":[1],"tags":[1467,397],"acf":[],"yoast_head":"<!-- This site is optimized with the Yoast SEO plugin v19.2 - https:\/\/yoast.com\/wordpress\/plugins\/seo\/ -->\n<title>Encaminhamentos finais do Congresso Mission\u00e1rio - Not\u00edcias - Franciscanos<\/title>\n<meta name=\"robots\" content=\"index, follow, max-snippet:-1, max-image-preview:large, max-video-preview:-1\" \/>\n<link rel=\"canonical\" href=\"https:\/\/franciscanos.org.br\/noticias\/encaminhamentos-finais-do-congresso-missionario.html\" \/>\n<meta property=\"og:locale\" content=\"pt_BR\" \/>\n<meta property=\"og:type\" content=\"article\" \/>\n<meta property=\"og:title\" content=\"Encaminhamentos finais do Congresso Mission\u00e1rio - Not\u00edcias - Franciscanos\" \/>\n<meta property=\"og:description\" content=\"III Congresso Mission\u00e1rio Franciscano da Am\u00e9rica Latina e do Caribe\" \/>\n<meta property=\"og:url\" content=\"https:\/\/franciscanos.org.br\/noticias\/encaminhamentos-finais-do-congresso-missionario.html\" \/>\n<meta property=\"og:site_name\" content=\"Not\u00edcias - Franciscanos\" \/>\n<meta property=\"article:published_time\" content=\"2018-10-26T22:47:11+00:00\" \/>\n<meta property=\"article:modified_time\" content=\"2020-06-06T20:59:54+00:00\" \/>\n<meta property=\"og:image\" content=\"https:\/\/franciscanos.org.br\/noticias\/wp-content\/uploads\/2018\/10\/congresso_261018_3.jpg\" \/>\n\t<meta property=\"og:image:width\" content=\"273\" \/>\n\t<meta property=\"og:image:height\" content=\"181\" \/>\n\t<meta property=\"og:image:type\" content=\"image\/jpeg\" \/>\n<meta name=\"author\" content=\"admin\" \/>\n<meta name=\"twitter:card\" content=\"summary_large_image\" \/>\n<meta name=\"twitter:label1\" content=\"Escrito por\" \/>\n\t<meta name=\"twitter:data1\" content=\"admin\" \/>\n\t<meta name=\"twitter:label2\" content=\"Est. tempo de leitura\" \/>\n\t<meta name=\"twitter:data2\" content=\"2 minutos\" \/>\n<script type=\"application\/ld+json\" class=\"yoast-schema-graph\">{\"@context\":\"https:\/\/schema.org\",\"@graph\":[{\"@type\":\"WebSite\",\"@id\":\"https:\/\/franciscanos.org.br\/noticias\/#website\",\"url\":\"https:\/\/franciscanos.org.br\/noticias\/\",\"name\":\"Not\u00edcias - Franciscanos\",\"description\":\"Prov\u00edncia Franciscana da Imaculada Concei\u00e7\u00e3o do Brasil - Ordem dos Frades Menores - OFM\",\"potentialAction\":[{\"@type\":\"SearchAction\",\"target\":{\"@type\":\"EntryPoint\",\"urlTemplate\":\"https:\/\/franciscanos.org.br\/noticias\/?s={search_term_string}\"},\"query-input\":\"required name=search_term_string\"}],\"inLanguage\":\"pt-BR\"},{\"@type\":\"ImageObject\",\"inLanguage\":\"pt-BR\",\"@id\":\"https:\/\/franciscanos.org.br\/noticias\/encaminhamentos-finais-do-congresso-missionario.html#primaryimage\",\"url\":\"https:\/\/franciscanos.org.br\/noticias\/wp-content\/uploads\/2018\/10\/congresso_261018_3.jpg\",\"contentUrl\":\"https:\/\/franciscanos.org.br\/noticias\/wp-content\/uploads\/2018\/10\/congresso_261018_3.jpg\",\"width\":273,\"height\":181},{\"@type\":\"WebPage\",\"@id\":\"https:\/\/franciscanos.org.br\/noticias\/encaminhamentos-finais-do-congresso-missionario.html#webpage\",\"url\":\"https:\/\/franciscanos.org.br\/noticias\/encaminhamentos-finais-do-congresso-missionario.html\",\"name\":\"Encaminhamentos finais do Congresso Mission\u00e1rio - Not\u00edcias - Franciscanos\",\"isPartOf\":{\"@id\":\"https:\/\/franciscanos.org.br\/noticias\/#website\"},\"primaryImageOfPage\":{\"@id\":\"https:\/\/franciscanos.org.br\/noticias\/encaminhamentos-finais-do-congresso-missionario.html#primaryimage\"},\"datePublished\":\"2018-10-26T22:47:11+00:00\",\"dateModified\":\"2020-06-06T20:59:54+00:00\",\"author\":{\"@id\":\"https:\/\/franciscanos.org.br\/noticias\/#\/schema\/person\/b38fbf43118f02820bd932f2e4b14ad3\"},\"breadcrumb\":{\"@id\":\"https:\/\/franciscanos.org.br\/noticias\/encaminhamentos-finais-do-congresso-missionario.html#breadcrumb\"},\"inLanguage\":\"pt-BR\",\"potentialAction\":[{\"@type\":\"ReadAction\",\"target\":[\"https:\/\/franciscanos.org.br\/noticias\/encaminhamentos-finais-do-congresso-missionario.html\"]}]},{\"@type\":\"BreadcrumbList\",\"@id\":\"https:\/\/franciscanos.org.br\/noticias\/encaminhamentos-finais-do-congresso-missionario.html#breadcrumb\",\"itemListElement\":[{\"@type\":\"ListItem\",\"position\":1,\"name\":\"Home\",\"item\":\"https:\/\/franciscanos.org.br\/noticias\"},{\"@type\":\"ListItem\",\"position\":2,\"name\":\"Encaminhamentos finais do Congresso Mission\u00e1rio\"}]},{\"@type\":\"Person\",\"@id\":\"https:\/\/franciscanos.org.br\/noticias\/#\/schema\/person\/b38fbf43118f02820bd932f2e4b14ad3\",\"name\":\"admin\",\"image\":{\"@type\":\"ImageObject\",\"inLanguage\":\"pt-BR\",\"@id\":\"https:\/\/franciscanos.org.br\/noticias\/#\/schema\/person\/image\/\",\"url\":\"https:\/\/secure.gravatar.com\/avatar\/e8495742d34d0ba6448ea1c628263b3e?s=96&d=mm&r=g\",\"contentUrl\":\"https:\/\/secure.gravatar.com\/avatar\/e8495742d34d0ba6448ea1c628263b3e?s=96&d=mm&r=g\",\"caption\":\"admin\"},\"url\":\"https:\/\/franciscanos.org.br\/noticias\/author\/admin\"}]}<\/script>\n<!-- \/ Yoast SEO plugin. -->","yoast_head_json":{"title":"Encaminhamentos finais do Congresso Mission\u00e1rio - Not\u00edcias - Franciscanos","robots":{"index":"index","follow":"follow","max-snippet":"max-snippet:-1","max-image-preview":"max-image-preview:large","max-video-preview":"max-video-preview:-1"},"canonical":"https:\/\/franciscanos.org.br\/noticias\/encaminhamentos-finais-do-congresso-missionario.html","og_locale":"pt_BR","og_type":"article","og_title":"Encaminhamentos finais do Congresso Mission\u00e1rio - Not\u00edcias - Franciscanos","og_description":"III Congresso Mission\u00e1rio Franciscano da Am\u00e9rica Latina e do Caribe","og_url":"https:\/\/franciscanos.org.br\/noticias\/encaminhamentos-finais-do-congresso-missionario.html","og_site_name":"Not\u00edcias - Franciscanos","article_published_time":"2018-10-26T22:47:11+00:00","article_modified_time":"2020-06-06T20:59:54+00:00","og_image":[{"width":273,"height":181,"url":"https:\/\/franciscanos.org.br\/noticias\/wp-content\/uploads\/2018\/10\/congresso_261018_3.jpg","type":"image\/jpeg"}],"author":"admin","twitter_card":"summary_large_image","twitter_misc":{"Escrito por":"admin","Est. tempo de leitura":"2 minutos"},"schema":{"@context":"https:\/\/schema.org","@graph":[{"@type":"WebSite","@id":"https:\/\/franciscanos.org.br\/noticias\/#website","url":"https:\/\/franciscanos.org.br\/noticias\/","name":"Not\u00edcias - Franciscanos","description":"Prov\u00edncia Franciscana da Imaculada Concei\u00e7\u00e3o do Brasil - Ordem dos Frades Menores - OFM","potentialAction":[{"@type":"SearchAction","target":{"@type":"EntryPoint","urlTemplate":"https:\/\/franciscanos.org.br\/noticias\/?s={search_term_string}"},"query-input":"required name=search_term_string"}],"inLanguage":"pt-BR"},{"@type":"ImageObject","inLanguage":"pt-BR","@id":"https:\/\/franciscanos.org.br\/noticias\/encaminhamentos-finais-do-congresso-missionario.html#primaryimage","url":"https:\/\/franciscanos.org.br\/noticias\/wp-content\/uploads\/2018\/10\/congresso_261018_3.jpg","contentUrl":"https:\/\/franciscanos.org.br\/noticias\/wp-content\/uploads\/2018\/10\/congresso_261018_3.jpg","width":273,"height":181},{"@type":"WebPage","@id":"https:\/\/franciscanos.org.br\/noticias\/encaminhamentos-finais-do-congresso-missionario.html#webpage","url":"https:\/\/franciscanos.org.br\/noticias\/encaminhamentos-finais-do-congresso-missionario.html","name":"Encaminhamentos finais do Congresso Mission\u00e1rio - Not\u00edcias - Franciscanos","isPartOf":{"@id":"https:\/\/franciscanos.org.br\/noticias\/#website"},"primaryImageOfPage":{"@id":"https:\/\/franciscanos.org.br\/noticias\/encaminhamentos-finais-do-congresso-missionario.html#primaryimage"},"datePublished":"2018-10-26T22:47:11+00:00","dateModified":"2020-06-06T20:59:54+00:00","author":{"@id":"https:\/\/franciscanos.org.br\/noticias\/#\/schema\/person\/b38fbf43118f02820bd932f2e4b14ad3"},"breadcrumb":{"@id":"https:\/\/franciscanos.org.br\/noticias\/encaminhamentos-finais-do-congresso-missionario.html#breadcrumb"},"inLanguage":"pt-BR","potentialAction":[{"@type":"ReadAction","target":["https:\/\/franciscanos.org.br\/noticias\/encaminhamentos-finais-do-congresso-missionario.html"]}]},{"@type":"BreadcrumbList","@id":"https:\/\/franciscanos.org.br\/noticias\/encaminhamentos-finais-do-congresso-missionario.html#breadcrumb","itemListElement":[{"@type":"ListItem","position":1,"name":"Home","item":"https:\/\/franciscanos.org.br\/noticias"},{"@type":"ListItem","position":2,"name":"Encaminhamentos finais do Congresso Mission\u00e1rio"}]},{"@type":"Person","@id":"https:\/\/franciscanos.org.br\/noticias\/#\/schema\/person\/b38fbf43118f02820bd932f2e4b14ad3","name":"admin","image":{"@type":"ImageObject","inLanguage":"pt-BR","@id":"https:\/\/franciscanos.org.br\/noticias\/#\/schema\/person\/image\/","url":"https:\/\/secure.gravatar.com\/avatar\/e8495742d34d0ba6448ea1c628263b3e?s=96&d=mm&r=g","contentUrl":"https:\/\/secure.gravatar.com\/avatar\/e8495742d34d0ba6448ea1c628263b3e?s=96&d=mm&r=g","caption":"admin"},"url":"https:\/\/franciscanos.org.br\/noticias\/author\/admin"}]}},"_links":{"self":[{"href":"https:\/\/franciscanos.org.br\/noticias\/wp-json\/wp\/v2\/posts\/188360"}],"collection":[{"href":"https:\/\/franciscanos.org.br\/noticias\/wp-json\/wp\/v2\/posts"}],"about":[{"href":"https:\/\/franciscanos.org.br\/noticias\/wp-json\/wp\/v2\/types\/post"}],"author":[{"embeddable":true,"href":"https:\/\/franciscanos.org.br\/noticias\/wp-json\/wp\/v2\/users\/1"}],"replies":[{"embeddable":true,"href":"https:\/\/franciscanos.org.br\/noticias\/wp-json\/wp\/v2\/comments?post=188360"}],"version-history":[{"count":2,"href":"https:\/\/franciscanos.org.br\/noticias\/wp-json\/wp\/v2\/posts\/188360\/revisions"}],"predecessor-version":[{"id":224722,"href":"https:\/\/franciscanos.org.br\/noticias\/wp-json\/wp\/v2\/posts\/188360\/revisions\/224722"}],"wp:featuredmedia":[{"embeddable":true,"href":"https:\/\/franciscanos.org.br\/noticias\/wp-json\/wp\/v2\/media\/191139"}],"wp:attachment":[{"href":"https:\/\/franciscanos.org.br\/noticias\/wp-json\/wp\/v2\/media?parent=188360"}],"wp:term":[{"taxonomy":"category","embeddable":true,"href":"https:\/\/franciscanos.org.br\/noticias\/wp-json\/wp\/v2\/categories?post=188360"},{"taxonomy":"post_tag","embeddable":true,"href":"https:\/\/franciscanos.org.br\/noticias\/wp-json\/wp\/v2\/tags?post=188360"}],"curies":[{"name":"wp","href":"https:\/\/api.w.org\/{rel}","templated":true}]}}