{"id":188358,"date":"2018-10-25T16:45:10","date_gmt":"2018-10-25T19:45:10","guid":{"rendered":"http:\/\/franciscanos.org.br\/?p=175445"},"modified":"2019-07-02T08:13:07","modified_gmt":"2019-07-02T11:13:07","slug":"frei-galvao-a-busca-incansavel-pela-paz","status":"publish","type":"post","link":"https:\/\/franciscanos.org.br\/noticias\/frei-galvao-a-busca-incansavel-pela-paz.html","title":{"rendered":"Frei Galv\u00e3o: um franciscano que viveu pelo povo e pela vida"},"content":{"rendered":"<p><img loading=\"lazy\" class=\"size-full wp-image-191168 aligncenter\" src=\"https:\/\/franciscanos.org.br\/noticias\/wp-content\/uploads\/2018\/10\/galvao_251018-830.jpg\" alt=\"\" width=\"830\" height=\"400\" srcset=\"https:\/\/franciscanos.org.br\/noticias\/wp-content\/uploads\/2018\/10\/galvao_251018-830.jpg 830w, https:\/\/franciscanos.org.br\/noticias\/wp-content\/uploads\/2018\/10\/galvao_251018-830-450x217.jpg 450w, https:\/\/franciscanos.org.br\/noticias\/wp-content\/uploads\/2018\/10\/galvao_251018-830-768x370.jpg 768w, https:\/\/franciscanos.org.br\/noticias\/wp-content\/uploads\/2018\/10\/galvao_251018-830-150x72.jpg 150w\" sizes=\"(max-width: 830px) 100vw, 830px\" \/><strong>\u00c9rika Augusto<\/strong><\/p>\n<p><strong>S\u00e3o Paulo (SP)<\/strong> \u2013 Nesta quinta-feira, 25\/10, os fi\u00e9is do Santu\u00e1rio e Convento S\u00e3o Francisco, no centro de S\u00e3o Paulo, celebraram a festa de um dos santos mais queridos dos brasileiros: Santo Ant\u00f4nio de Sant\u2019Ana Galv\u00e3o. No Santu\u00e1rio, o carinho \u00e9 grande devido \u00e0 proximidade com o santo, que viveu mais de metade de sua vida no local &#8211; 60 de seus 83 anos. Foi dali que ele conduziu as obras do Mosteiro da Luz, sua obra prima, conforme recordou Frei Alvaci Mendes da Luz, reitor e p\u00e1roco do Santu\u00e1rio, que presidiu a celebra\u00e7\u00e3o do meio-dia. Nesta semana, os devotos celebraram o tr\u00edduo dedicado ao religioso. No dia de hoje, festa de Frei Galv\u00e3o, foram celebradas 4 missas, com distribui\u00e7\u00e3o da p\u00edlula, b\u00ean\u00e7\u00e3o e venda do bolo.<\/p>\n<p>A missa do meio-dia contou com a presen\u00e7a da Pastoral Filhas de Frei Galv\u00e3o, grupo local que ajuda a manter viva a devo\u00e7\u00e3o ao santo paulista. S\u00e3o elas que, semanalmente, produzem as p\u00edlulas de Frei Galv\u00e3o e animam as missas celebradas no dia 25 de cada m\u00eas, em honra do santo franciscano.<\/p>\n<p>Em sua homilia, Frei Alvaci recordou que Frei Galv\u00e3o era \u201co homem da paz e da caridade\u201d, t\u00edtulo dado pelo Papa S\u00e3o Jo\u00e3o Paulo II na beatifica\u00e7\u00e3o do religioso. O reitor lembrou que em sua vida, Frei Galv\u00e3o enfrentou muitas intrigas, sobretudo com o poder. Por duas vezes, o religioso foi expulso de S\u00e3o Paulo pelo governador, pois Frei Galv\u00e3o defendia o povo contra as injusti\u00e7as. E foi este mesmo povo que pressionou as autoridades para que o frade permanecesse em S\u00e3o Paulo. \u201cComo bom franciscano, ele foi um homem que viveu pelo povo e pela vida\u201d, afirmou Frei Alvaci.<\/p>\n<p><img loading=\"lazy\" class=\"aligncenter\" src=\"http:\/\/franciscanos.org.br\/wp-content\/uploads\/2018\/10\/galvao_251018_7.jpg\" alt=\"galvao_251018_7\" width=\"865\" height=\"457\" \/>Frei Ant\u00f4nio de Sant\u2019Ana Galv\u00e3o nasceu em 1739, em Guaratinguet\u00e1 (SP). Aos 13 anos, foi enviado para estudar com os jesu\u00edtas. Aos 21 anos, decidiu ingressar na Ordem Franciscana. Recebeu o h\u00e1bito franciscano no Noviciado de Macacu (RJ), pertencente \u00e0 Prov\u00edncia Franciscana da Imaculada Concei\u00e7\u00e3o do Brasil. Em 24 de julho de 1762, foi transferido para o Convento S\u00e3o Francisco, em S\u00e3o Paulo, para continuar os estudos de Filosofia e Teologia. Em 1768, foi nomeado confessor, pregador e porteiro do Convento. Em\u00a0fevereiro de 1774, fundou, com ajuda de Irm\u00e3 Helena Maria do Esp\u00edrito Santo, o Recolhimento de Nossa Senhora da Concei\u00e7\u00e3o da Divina Provid\u00eancia. Em 1802, conclui as obras do Mosteiro da Luz, que foi sua \u00faltima resid\u00eancia. Morreu em 23 de dezembro de 1822, j\u00e1 com fama de santidade. Seus restos mortais est\u00e3o neste mesmo mosteiro, que fundou e construiu. Em 25 de outubro de 1998 foi beatificado pelo Papa S\u00e3o Jo\u00e3o Paulo II. Em 11 de maio de 2007, durante sua viagem ao Brasil, o Papa Bento XVI\u00a0canonizou Frei Galv\u00e3o, tornando-se assim o primeiro santo nascido em solo brasileiro.<\/p>\n<p>Na homilia,\u00a0Frei Alvaci\u00a0ponderou que a atual situa\u00e7\u00e3o do Brasil causa preocupa\u00e7\u00e3o, sobretudo pela divis\u00e3o e pelo \u00f3dio nas rela\u00e7\u00f5es por causa de diverg\u00eancias pol\u00edticas. \u201cDivis\u00e3o nas fam\u00edlias, na Igreja. Vemos brasileiros contra brasileiros, sul contra o norte\u201d, lamentou Frei Alvaci.<\/p>\n<p>\u201cPrecisamos muito da intercess\u00e3o deste homem, brasileiro, como n\u00f3s, que est\u00e1 junto de Deus, que foi o homem da paz e da caridade no seu tempo, que foi um reconciliador, para que ele olhe por nosso pa\u00eds\u201d, concluiu o frade, pedindo a intercess\u00e3o de Frei Galv\u00e3o nesta semana de elei\u00e7\u00f5es.<\/p>\n<p>Em seguida, Frei Alvaci aben\u00e7oou as fitas, que foram distribu\u00eddas para as Filhas de Frei Galv\u00e3o como sinal de agradecimento e um s\u00edmbolo forte para marcar este dia festivo. No final da missa, os presentes receberam as p\u00edlulas de Frei Galv\u00e3o, um sacramental, como recordou o reitor, que deve ser tomado com muita f\u00e9.<\/p>\n","protected":false},"excerpt":{"rendered":"<p>Festa Franciscana<\/p>\n","protected":false},"author":1,"featured_media":207055,"comment_status":"open","ping_status":"open","sticky":false,"template":"","format":"standard","meta":[],"categories":[1],"tags":[313],"acf":[],"yoast_head":"<!-- This site is optimized with the Yoast SEO plugin v19.2 - https:\/\/yoast.com\/wordpress\/plugins\/seo\/ -->\n<title>Frei Galv\u00e3o: um franciscano que viveu pelo povo e pela vida - Not\u00edcias - Franciscanos<\/title>\n<meta name=\"robots\" content=\"index, follow, max-snippet:-1, max-image-preview:large, max-video-preview:-1\" \/>\n<link rel=\"canonical\" href=\"https:\/\/franciscanos.org.br\/noticias\/frei-galvao-a-busca-incansavel-pela-paz.html\" \/>\n<meta property=\"og:locale\" content=\"pt_BR\" \/>\n<meta property=\"og:type\" content=\"article\" \/>\n<meta property=\"og:title\" content=\"Frei Galv\u00e3o: um franciscano que viveu pelo povo e pela vida - Not\u00edcias - Franciscanos\" \/>\n<meta property=\"og:description\" content=\"Festa Franciscana\" \/>\n<meta property=\"og:url\" content=\"https:\/\/franciscanos.org.br\/noticias\/frei-galvao-a-busca-incansavel-pela-paz.html\" \/>\n<meta property=\"og:site_name\" content=\"Not\u00edcias - Franciscanos\" \/>\n<meta property=\"article:published_time\" content=\"2018-10-25T19:45:10+00:00\" \/>\n<meta property=\"article:modified_time\" content=\"2019-07-02T11:13:07+00:00\" \/>\n<meta property=\"og:image\" content=\"https:\/\/franciscanos.org.br\/noticias\/wp-content\/uploads\/2018\/10\/galvao_251018_7.jpg\" \/>\n\t<meta property=\"og:image:width\" content=\"273\" \/>\n\t<meta property=\"og:image:height\" content=\"181\" \/>\n\t<meta property=\"og:image:type\" content=\"image\/jpeg\" \/>\n<meta name=\"author\" content=\"admin\" \/>\n<meta name=\"twitter:card\" content=\"summary_large_image\" \/>\n<meta name=\"twitter:label1\" content=\"Escrito por\" \/>\n\t<meta name=\"twitter:data1\" content=\"admin\" \/>\n\t<meta name=\"twitter:label2\" content=\"Est. tempo de leitura\" \/>\n\t<meta name=\"twitter:data2\" content=\"3 minutos\" \/>\n<script type=\"application\/ld+json\" class=\"yoast-schema-graph\">{\"@context\":\"https:\/\/schema.org\",\"@graph\":[{\"@type\":\"WebSite\",\"@id\":\"https:\/\/franciscanos.org.br\/noticias\/#website\",\"url\":\"https:\/\/franciscanos.org.br\/noticias\/\",\"name\":\"Not\u00edcias - Franciscanos\",\"description\":\"Prov\u00edncia Franciscana da Imaculada Concei\u00e7\u00e3o do Brasil - Ordem dos Frades Menores - OFM\",\"potentialAction\":[{\"@type\":\"SearchAction\",\"target\":{\"@type\":\"EntryPoint\",\"urlTemplate\":\"https:\/\/franciscanos.org.br\/noticias\/?s={search_term_string}\"},\"query-input\":\"required name=search_term_string\"}],\"inLanguage\":\"pt-BR\"},{\"@type\":\"ImageObject\",\"inLanguage\":\"pt-BR\",\"@id\":\"https:\/\/franciscanos.org.br\/noticias\/frei-galvao-a-busca-incansavel-pela-paz.html#primaryimage\",\"url\":\"https:\/\/franciscanos.org.br\/noticias\/wp-content\/uploads\/2018\/10\/galvao_251018_7.jpg\",\"contentUrl\":\"https:\/\/franciscanos.org.br\/noticias\/wp-content\/uploads\/2018\/10\/galvao_251018_7.jpg\",\"width\":273,\"height\":181},{\"@type\":\"WebPage\",\"@id\":\"https:\/\/franciscanos.org.br\/noticias\/frei-galvao-a-busca-incansavel-pela-paz.html#webpage\",\"url\":\"https:\/\/franciscanos.org.br\/noticias\/frei-galvao-a-busca-incansavel-pela-paz.html\",\"name\":\"Frei Galv\u00e3o: um franciscano que viveu pelo povo e pela vida - Not\u00edcias - Franciscanos\",\"isPartOf\":{\"@id\":\"https:\/\/franciscanos.org.br\/noticias\/#website\"},\"primaryImageOfPage\":{\"@id\":\"https:\/\/franciscanos.org.br\/noticias\/frei-galvao-a-busca-incansavel-pela-paz.html#primaryimage\"},\"datePublished\":\"2018-10-25T19:45:10+00:00\",\"dateModified\":\"2019-07-02T11:13:07+00:00\",\"author\":{\"@id\":\"https:\/\/franciscanos.org.br\/noticias\/#\/schema\/person\/b38fbf43118f02820bd932f2e4b14ad3\"},\"breadcrumb\":{\"@id\":\"https:\/\/franciscanos.org.br\/noticias\/frei-galvao-a-busca-incansavel-pela-paz.html#breadcrumb\"},\"inLanguage\":\"pt-BR\",\"potentialAction\":[{\"@type\":\"ReadAction\",\"target\":[\"https:\/\/franciscanos.org.br\/noticias\/frei-galvao-a-busca-incansavel-pela-paz.html\"]}]},{\"@type\":\"BreadcrumbList\",\"@id\":\"https:\/\/franciscanos.org.br\/noticias\/frei-galvao-a-busca-incansavel-pela-paz.html#breadcrumb\",\"itemListElement\":[{\"@type\":\"ListItem\",\"position\":1,\"name\":\"Home\",\"item\":\"https:\/\/franciscanos.org.br\/noticias\"},{\"@type\":\"ListItem\",\"position\":2,\"name\":\"Frei Galv\u00e3o: um franciscano que viveu pelo povo e pela vida\"}]},{\"@type\":\"Person\",\"@id\":\"https:\/\/franciscanos.org.br\/noticias\/#\/schema\/person\/b38fbf43118f02820bd932f2e4b14ad3\",\"name\":\"admin\",\"image\":{\"@type\":\"ImageObject\",\"inLanguage\":\"pt-BR\",\"@id\":\"https:\/\/franciscanos.org.br\/noticias\/#\/schema\/person\/image\/\",\"url\":\"https:\/\/secure.gravatar.com\/avatar\/e8495742d34d0ba6448ea1c628263b3e?s=96&d=mm&r=g\",\"contentUrl\":\"https:\/\/secure.gravatar.com\/avatar\/e8495742d34d0ba6448ea1c628263b3e?s=96&d=mm&r=g\",\"caption\":\"admin\"},\"url\":\"https:\/\/franciscanos.org.br\/noticias\/author\/admin\"}]}<\/script>\n<!-- \/ Yoast SEO plugin. -->","yoast_head_json":{"title":"Frei Galv\u00e3o: um franciscano que viveu pelo povo e pela vida - Not\u00edcias - Franciscanos","robots":{"index":"index","follow":"follow","max-snippet":"max-snippet:-1","max-image-preview":"max-image-preview:large","max-video-preview":"max-video-preview:-1"},"canonical":"https:\/\/franciscanos.org.br\/noticias\/frei-galvao-a-busca-incansavel-pela-paz.html","og_locale":"pt_BR","og_type":"article","og_title":"Frei Galv\u00e3o: um franciscano que viveu pelo povo e pela vida - Not\u00edcias - Franciscanos","og_description":"Festa Franciscana","og_url":"https:\/\/franciscanos.org.br\/noticias\/frei-galvao-a-busca-incansavel-pela-paz.html","og_site_name":"Not\u00edcias - Franciscanos","article_published_time":"2018-10-25T19:45:10+00:00","article_modified_time":"2019-07-02T11:13:07+00:00","og_image":[{"width":273,"height":181,"url":"https:\/\/franciscanos.org.br\/noticias\/wp-content\/uploads\/2018\/10\/galvao_251018_7.jpg","type":"image\/jpeg"}],"author":"admin","twitter_card":"summary_large_image","twitter_misc":{"Escrito por":"admin","Est. tempo de leitura":"3 minutos"},"schema":{"@context":"https:\/\/schema.org","@graph":[{"@type":"WebSite","@id":"https:\/\/franciscanos.org.br\/noticias\/#website","url":"https:\/\/franciscanos.org.br\/noticias\/","name":"Not\u00edcias - Franciscanos","description":"Prov\u00edncia Franciscana da Imaculada Concei\u00e7\u00e3o do Brasil - Ordem dos Frades Menores - OFM","potentialAction":[{"@type":"SearchAction","target":{"@type":"EntryPoint","urlTemplate":"https:\/\/franciscanos.org.br\/noticias\/?s={search_term_string}"},"query-input":"required name=search_term_string"}],"inLanguage":"pt-BR"},{"@type":"ImageObject","inLanguage":"pt-BR","@id":"https:\/\/franciscanos.org.br\/noticias\/frei-galvao-a-busca-incansavel-pela-paz.html#primaryimage","url":"https:\/\/franciscanos.org.br\/noticias\/wp-content\/uploads\/2018\/10\/galvao_251018_7.jpg","contentUrl":"https:\/\/franciscanos.org.br\/noticias\/wp-content\/uploads\/2018\/10\/galvao_251018_7.jpg","width":273,"height":181},{"@type":"WebPage","@id":"https:\/\/franciscanos.org.br\/noticias\/frei-galvao-a-busca-incansavel-pela-paz.html#webpage","url":"https:\/\/franciscanos.org.br\/noticias\/frei-galvao-a-busca-incansavel-pela-paz.html","name":"Frei Galv\u00e3o: um franciscano que viveu pelo povo e pela vida - Not\u00edcias - Franciscanos","isPartOf":{"@id":"https:\/\/franciscanos.org.br\/noticias\/#website"},"primaryImageOfPage":{"@id":"https:\/\/franciscanos.org.br\/noticias\/frei-galvao-a-busca-incansavel-pela-paz.html#primaryimage"},"datePublished":"2018-10-25T19:45:10+00:00","dateModified":"2019-07-02T11:13:07+00:00","author":{"@id":"https:\/\/franciscanos.org.br\/noticias\/#\/schema\/person\/b38fbf43118f02820bd932f2e4b14ad3"},"breadcrumb":{"@id":"https:\/\/franciscanos.org.br\/noticias\/frei-galvao-a-busca-incansavel-pela-paz.html#breadcrumb"},"inLanguage":"pt-BR","potentialAction":[{"@type":"ReadAction","target":["https:\/\/franciscanos.org.br\/noticias\/frei-galvao-a-busca-incansavel-pela-paz.html"]}]},{"@type":"BreadcrumbList","@id":"https:\/\/franciscanos.org.br\/noticias\/frei-galvao-a-busca-incansavel-pela-paz.html#breadcrumb","itemListElement":[{"@type":"ListItem","position":1,"name":"Home","item":"https:\/\/franciscanos.org.br\/noticias"},{"@type":"ListItem","position":2,"name":"Frei Galv\u00e3o: um franciscano que viveu pelo povo e pela vida"}]},{"@type":"Person","@id":"https:\/\/franciscanos.org.br\/noticias\/#\/schema\/person\/b38fbf43118f02820bd932f2e4b14ad3","name":"admin","image":{"@type":"ImageObject","inLanguage":"pt-BR","@id":"https:\/\/franciscanos.org.br\/noticias\/#\/schema\/person\/image\/","url":"https:\/\/secure.gravatar.com\/avatar\/e8495742d34d0ba6448ea1c628263b3e?s=96&d=mm&r=g","contentUrl":"https:\/\/secure.gravatar.com\/avatar\/e8495742d34d0ba6448ea1c628263b3e?s=96&d=mm&r=g","caption":"admin"},"url":"https:\/\/franciscanos.org.br\/noticias\/author\/admin"}]}},"_links":{"self":[{"href":"https:\/\/franciscanos.org.br\/noticias\/wp-json\/wp\/v2\/posts\/188358"}],"collection":[{"href":"https:\/\/franciscanos.org.br\/noticias\/wp-json\/wp\/v2\/posts"}],"about":[{"href":"https:\/\/franciscanos.org.br\/noticias\/wp-json\/wp\/v2\/types\/post"}],"author":[{"embeddable":true,"href":"https:\/\/franciscanos.org.br\/noticias\/wp-json\/wp\/v2\/users\/1"}],"replies":[{"embeddable":true,"href":"https:\/\/franciscanos.org.br\/noticias\/wp-json\/wp\/v2\/comments?post=188358"}],"version-history":[{"count":0,"href":"https:\/\/franciscanos.org.br\/noticias\/wp-json\/wp\/v2\/posts\/188358\/revisions"}],"wp:featuredmedia":[{"embeddable":true,"href":"https:\/\/franciscanos.org.br\/noticias\/wp-json\/wp\/v2\/media\/207055"}],"wp:attachment":[{"href":"https:\/\/franciscanos.org.br\/noticias\/wp-json\/wp\/v2\/media?parent=188358"}],"wp:term":[{"taxonomy":"category","embeddable":true,"href":"https:\/\/franciscanos.org.br\/noticias\/wp-json\/wp\/v2\/categories?post=188358"},{"taxonomy":"post_tag","embeddable":true,"href":"https:\/\/franciscanos.org.br\/noticias\/wp-json\/wp\/v2\/tags?post=188358"}],"curies":[{"name":"wp","href":"https:\/\/api.w.org\/{rel}","templated":true}]}}