{"id":188354,"date":"2018-10-24T11:24:06","date_gmt":"2018-10-24T14:24:06","guid":{"rendered":"http:\/\/franciscanos.org.br\/?p=175320"},"modified":"2020-06-06T18:11:17","modified_gmt":"2020-06-06T21:11:17","slug":"novos-beatos-franciscanos-martires-de-izabal","status":"publish","type":"post","link":"https:\/\/franciscanos.org.br\/noticias\/novos-beatos-franciscanos-martires-de-izabal.html","title":{"rendered":"Novos beatos franciscanos: m\u00e1rtires de Izabal"},"content":{"rendered":"<p><img loading=\"lazy\" class=\"wp-image-175322 size-full alignleft\" src=\"http:\/\/franciscanos.org.br\/wp-content\/uploads\/2018\/10\/izabal_241018-500.jpg\" alt=\"izabal_241018 500\" width=\"500\" height=\"501\" \/>O prefeito da Congrega\u00e7\u00e3o da Causa dos Santos, o Cardeal Giovanni Angelo Becciu, representante do Santo Padre, preside a cerim\u00f4nia de beatifica\u00e7\u00e3o do Vener\u00e1vel Tullio Maruzzo, sacerdote da Ordem dos Frades Menores, e Luis Obdulio Arroyo Navarro, leigo pertencente \u00e0 Ordem Franciscana Secular e catequista, no s\u00e1bado, 27\/10, na cidade de Morales, no Vicariato Apost\u00f3lico de Izabal (Guatemala).<\/p>\n<p>O mart\u00edrio dos novos beatos aconteceu na regi\u00e3o de Los Amates, Quirigu\u00e1, Vicariato de Izabal, na tarde de 1\u00ba de julho de 1981. No fim de um intenso dia de trabalho apost\u00f3lico, Frei Tullio conduziria uma reuni\u00e3o dos Cursilhos da Cristandade. O catequista Luis Obdulio se ofereceu a acompanh\u00e1-lo, dirigindo o carro. Os dois estavam conscientes que eram perseguidos por causa da evangeliza\u00e7\u00e3o e promo\u00e7\u00e3o humana que estava realizando em favor dos mais pobres. Ambos haviam recebido amea\u00e7as previamente explicitas. A prega\u00e7\u00e3o da verdade e da justi\u00e7a evang\u00e9lica foi considerada uma atividade subversiva pelo regime pol\u00edtico. No caminho de volta, o carro em que viajavam foi parado pr\u00f3ximo a uma planta\u00e7\u00e3o de banana. Os dois foram for\u00e7ados a sair do carro, amea\u00e7ados com arma. Eles foram fuzilados e os corpos ficaram abandonados ao lado da rodovia.<\/p>\n<p>Frei Tullio Maruzzo nasceu na cidade de Lapio, It\u00e1lia, em 1929. Aos 10 anos, ingressou no Col\u00e9gio Ser\u00e1fico de Chiampo, dos Frades Menores, com seu irm\u00e3o g\u00eameo Lucio. Foi ordenado sacerdote em 1953, em Veneza, pelas m\u00e3os de Angelo Guiseppe Roncalle, futuro Papa S\u00e3o Jo\u00e3o XXIII. Sua primeira destina\u00e7\u00e3o foi um orfanato. Tr\u00eas anos depois, recebeu uma carta de seu irm\u00e3o, que era mission\u00e1rio na Guatemala, e pediu que ele tamb\u00e9m o enviassem a este pa\u00eds da Am\u00e9rica Central. \u201cEra discreto e o lembram como uma pessoa um pouco t\u00edmida, a princ\u00edpio tamb\u00e9m incompreendido por sua a\u00e7\u00e3o pastoral\u201d, comentou o padre Lorenzo Broggian, atual p\u00e1roco de Lapio, comunidade de todos os anos celebra o mart\u00edrio de Frei Tullio.<\/p>\n<p>Ele pertencia \u00e0 Prov\u00edncia dos Frades Menores de Veneto. Desenvolveu sua atividade pastoral nas par\u00f3quias de Puerto Barrios (1960-1963), Entre R\u00edos-Abac\u00e1 (1963-1968), Morales (1968-1980) e Quirigu\u00e1 (1981). Neste vasto territ\u00f3rio, em meio a dificuldades de todo tipo, ampliou sua a\u00e7\u00e3o mission\u00e1ria para chegar \u00e0s aldeias mais remotas. Tinha um car\u00e1ter tranquilo e paciente e uma profunda piedade e caridade solid\u00e1ria com os pobres e enfermos. Acolhia a todos e tinha cuidado especial com a forma\u00e7\u00e3o de catequistas, ministros da Palavra e agentes de diversas comunidades.<\/p>\n<p>Luis Obdulio Arroyo Navarro nasceu em Quirigu\u00e1, Guatemala, em 1950, em uma fam\u00edlia modesta. Depois de haver trabalhado como mec\u00e2nico em Puerto Barrios, aceitou um trabalho como motorista na prefeitura de Los Amates. Aos 26 anos, ingressou na Terceira Ordem Franciscana, tornando-se tamb\u00e9m catequista. Mais tarde, com o amadurecimento de sua f\u00e9, participou tamb\u00e9m do Movimento de Cursilhos da Cristandade, que Frei Tullio havia introduzido na par\u00f3quia em Quirigu\u00e1. Era um homem am\u00e1vel e servi\u00e7al, que disponibilizava seu tempo e suas capacidades em prol da comunidade paroquial, como motorista volunt\u00e1rio e ajudando nos trabalhos manuais que conseguia realizar.<\/p>\n<p>A beatifica\u00e7\u00e3o destes m\u00e1rtires, promovida pela Prov\u00edncia dos Frades Menores de Veneto, come\u00e7ou no ano de 2005. Os corpos de Frei Tullio e de Luis Obdulio foram trasladados para a igreja do Sagrado Cora\u00e7\u00e3o de Jesus de Quirigu\u00e1, onde s\u00e3o venerados como beatos.<\/p>\n<p><strong>* Traduzido e adaptado por <a href=\"http:\/\/franciscanos.org.br\" target=\"_blank\" rel=\"noopener noreferrer\">Franciscanos.org.br<\/a>\u00a0(com informa\u00e7\u00f5es do <a href=\"https:\/\/ofm.org\/blog\/beatification-of-br-tullio-maruzzo-ofm-and-luis-obdulio-arroyo-navarro-martyrs-of-izabal\/\" target=\"_blank\" rel=\"noopener noreferrer\">site da Ordem dos Frades Menores<\/a> e <a href=\"http:\/\/www.lastampa.it\/2018\/04\/19\/vaticaninsider\/guatemala-tambin-tendr-sus-beatos-z4XMLiqKJGioRfczwLii8N\/pagina.html\" target=\"_blank\" rel=\"noopener noreferrer\">LaStampa<\/a>)<\/strong><\/p>\n<p><em>Confira a reportagem em italiano:<\/em><\/p>\n<p><iframe loading=\"lazy\" src=\"https:\/\/www.youtube.com\/embed\/5Xts_o6wbZM\" width=\"100%\" height=\"420\" frameborder=\"0\" allowfullscreen=\"allowfullscreen\"><\/iframe><\/p>\n","protected":false},"excerpt":{"rendered":"<p>Ordem dos Frades Menores<\/p>\n","protected":false},"author":1,"featured_media":191203,"comment_status":"open","ping_status":"open","sticky":false,"template":"","format":"standard","meta":[],"categories":[1],"tags":[397,527],"acf":[],"yoast_head":"<!-- This site is optimized with the Yoast SEO plugin v19.2 - https:\/\/yoast.com\/wordpress\/plugins\/seo\/ -->\n<title>Novos beatos franciscanos: m\u00e1rtires de Izabal - Not\u00edcias - Franciscanos<\/title>\n<meta name=\"robots\" content=\"index, follow, max-snippet:-1, max-image-preview:large, max-video-preview:-1\" \/>\n<link rel=\"canonical\" href=\"https:\/\/franciscanos.org.br\/noticias\/novos-beatos-franciscanos-martires-de-izabal.html\" \/>\n<meta property=\"og:locale\" content=\"pt_BR\" \/>\n<meta property=\"og:type\" content=\"article\" \/>\n<meta property=\"og:title\" content=\"Novos beatos franciscanos: m\u00e1rtires de Izabal - Not\u00edcias - Franciscanos\" \/>\n<meta property=\"og:description\" content=\"Ordem dos Frades Menores\" \/>\n<meta property=\"og:url\" content=\"https:\/\/franciscanos.org.br\/noticias\/novos-beatos-franciscanos-martires-de-izabal.html\" \/>\n<meta property=\"og:site_name\" content=\"Not\u00edcias - Franciscanos\" \/>\n<meta property=\"article:published_time\" content=\"2018-10-24T14:24:06+00:00\" \/>\n<meta property=\"article:modified_time\" content=\"2020-06-06T21:11:17+00:00\" \/>\n<meta property=\"og:image\" content=\"https:\/\/franciscanos.org.br\/noticias\/wp-content\/uploads\/2018\/10\/izabal_241018-500.jpg\" \/>\n\t<meta property=\"og:image:width\" content=\"273\" \/>\n\t<meta property=\"og:image:height\" content=\"181\" \/>\n\t<meta property=\"og:image:type\" content=\"image\/jpeg\" \/>\n<meta name=\"author\" content=\"admin\" \/>\n<meta name=\"twitter:card\" content=\"summary_large_image\" \/>\n<meta name=\"twitter:label1\" content=\"Escrito por\" \/>\n\t<meta name=\"twitter:data1\" content=\"admin\" \/>\n\t<meta name=\"twitter:label2\" content=\"Est. tempo de leitura\" \/>\n\t<meta name=\"twitter:data2\" content=\"3 minutos\" \/>\n<script type=\"application\/ld+json\" class=\"yoast-schema-graph\">{\"@context\":\"https:\/\/schema.org\",\"@graph\":[{\"@type\":\"WebSite\",\"@id\":\"https:\/\/franciscanos.org.br\/noticias\/#website\",\"url\":\"https:\/\/franciscanos.org.br\/noticias\/\",\"name\":\"Not\u00edcias - Franciscanos\",\"description\":\"Prov\u00edncia Franciscana da Imaculada Concei\u00e7\u00e3o do Brasil - Ordem dos Frades Menores - OFM\",\"potentialAction\":[{\"@type\":\"SearchAction\",\"target\":{\"@type\":\"EntryPoint\",\"urlTemplate\":\"https:\/\/franciscanos.org.br\/noticias\/?s={search_term_string}\"},\"query-input\":\"required name=search_term_string\"}],\"inLanguage\":\"pt-BR\"},{\"@type\":\"ImageObject\",\"inLanguage\":\"pt-BR\",\"@id\":\"https:\/\/franciscanos.org.br\/noticias\/novos-beatos-franciscanos-martires-de-izabal.html#primaryimage\",\"url\":\"https:\/\/franciscanos.org.br\/noticias\/wp-content\/uploads\/2018\/10\/izabal_241018-500.jpg\",\"contentUrl\":\"https:\/\/franciscanos.org.br\/noticias\/wp-content\/uploads\/2018\/10\/izabal_241018-500.jpg\",\"width\":273,\"height\":181},{\"@type\":\"WebPage\",\"@id\":\"https:\/\/franciscanos.org.br\/noticias\/novos-beatos-franciscanos-martires-de-izabal.html#webpage\",\"url\":\"https:\/\/franciscanos.org.br\/noticias\/novos-beatos-franciscanos-martires-de-izabal.html\",\"name\":\"Novos beatos franciscanos: m\u00e1rtires de Izabal - Not\u00edcias - Franciscanos\",\"isPartOf\":{\"@id\":\"https:\/\/franciscanos.org.br\/noticias\/#website\"},\"primaryImageOfPage\":{\"@id\":\"https:\/\/franciscanos.org.br\/noticias\/novos-beatos-franciscanos-martires-de-izabal.html#primaryimage\"},\"datePublished\":\"2018-10-24T14:24:06+00:00\",\"dateModified\":\"2020-06-06T21:11:17+00:00\",\"author\":{\"@id\":\"https:\/\/franciscanos.org.br\/noticias\/#\/schema\/person\/b38fbf43118f02820bd932f2e4b14ad3\"},\"breadcrumb\":{\"@id\":\"https:\/\/franciscanos.org.br\/noticias\/novos-beatos-franciscanos-martires-de-izabal.html#breadcrumb\"},\"inLanguage\":\"pt-BR\",\"potentialAction\":[{\"@type\":\"ReadAction\",\"target\":[\"https:\/\/franciscanos.org.br\/noticias\/novos-beatos-franciscanos-martires-de-izabal.html\"]}]},{\"@type\":\"BreadcrumbList\",\"@id\":\"https:\/\/franciscanos.org.br\/noticias\/novos-beatos-franciscanos-martires-de-izabal.html#breadcrumb\",\"itemListElement\":[{\"@type\":\"ListItem\",\"position\":1,\"name\":\"Home\",\"item\":\"https:\/\/franciscanos.org.br\/noticias\"},{\"@type\":\"ListItem\",\"position\":2,\"name\":\"Novos beatos franciscanos: m\u00e1rtires de Izabal\"}]},{\"@type\":\"Person\",\"@id\":\"https:\/\/franciscanos.org.br\/noticias\/#\/schema\/person\/b38fbf43118f02820bd932f2e4b14ad3\",\"name\":\"admin\",\"image\":{\"@type\":\"ImageObject\",\"inLanguage\":\"pt-BR\",\"@id\":\"https:\/\/franciscanos.org.br\/noticias\/#\/schema\/person\/image\/\",\"url\":\"https:\/\/secure.gravatar.com\/avatar\/e8495742d34d0ba6448ea1c628263b3e?s=96&d=mm&r=g\",\"contentUrl\":\"https:\/\/secure.gravatar.com\/avatar\/e8495742d34d0ba6448ea1c628263b3e?s=96&d=mm&r=g\",\"caption\":\"admin\"},\"url\":\"https:\/\/franciscanos.org.br\/noticias\/author\/admin\"}]}<\/script>\n<!-- \/ Yoast SEO plugin. -->","yoast_head_json":{"title":"Novos beatos franciscanos: m\u00e1rtires de Izabal - Not\u00edcias - Franciscanos","robots":{"index":"index","follow":"follow","max-snippet":"max-snippet:-1","max-image-preview":"max-image-preview:large","max-video-preview":"max-video-preview:-1"},"canonical":"https:\/\/franciscanos.org.br\/noticias\/novos-beatos-franciscanos-martires-de-izabal.html","og_locale":"pt_BR","og_type":"article","og_title":"Novos beatos franciscanos: m\u00e1rtires de Izabal - Not\u00edcias - Franciscanos","og_description":"Ordem dos Frades Menores","og_url":"https:\/\/franciscanos.org.br\/noticias\/novos-beatos-franciscanos-martires-de-izabal.html","og_site_name":"Not\u00edcias - Franciscanos","article_published_time":"2018-10-24T14:24:06+00:00","article_modified_time":"2020-06-06T21:11:17+00:00","og_image":[{"width":273,"height":181,"url":"https:\/\/franciscanos.org.br\/noticias\/wp-content\/uploads\/2018\/10\/izabal_241018-500.jpg","type":"image\/jpeg"}],"author":"admin","twitter_card":"summary_large_image","twitter_misc":{"Escrito por":"admin","Est. tempo de leitura":"3 minutos"},"schema":{"@context":"https:\/\/schema.org","@graph":[{"@type":"WebSite","@id":"https:\/\/franciscanos.org.br\/noticias\/#website","url":"https:\/\/franciscanos.org.br\/noticias\/","name":"Not\u00edcias - Franciscanos","description":"Prov\u00edncia Franciscana da Imaculada Concei\u00e7\u00e3o do Brasil - Ordem dos Frades Menores - OFM","potentialAction":[{"@type":"SearchAction","target":{"@type":"EntryPoint","urlTemplate":"https:\/\/franciscanos.org.br\/noticias\/?s={search_term_string}"},"query-input":"required name=search_term_string"}],"inLanguage":"pt-BR"},{"@type":"ImageObject","inLanguage":"pt-BR","@id":"https:\/\/franciscanos.org.br\/noticias\/novos-beatos-franciscanos-martires-de-izabal.html#primaryimage","url":"https:\/\/franciscanos.org.br\/noticias\/wp-content\/uploads\/2018\/10\/izabal_241018-500.jpg","contentUrl":"https:\/\/franciscanos.org.br\/noticias\/wp-content\/uploads\/2018\/10\/izabal_241018-500.jpg","width":273,"height":181},{"@type":"WebPage","@id":"https:\/\/franciscanos.org.br\/noticias\/novos-beatos-franciscanos-martires-de-izabal.html#webpage","url":"https:\/\/franciscanos.org.br\/noticias\/novos-beatos-franciscanos-martires-de-izabal.html","name":"Novos beatos franciscanos: m\u00e1rtires de Izabal - Not\u00edcias - Franciscanos","isPartOf":{"@id":"https:\/\/franciscanos.org.br\/noticias\/#website"},"primaryImageOfPage":{"@id":"https:\/\/franciscanos.org.br\/noticias\/novos-beatos-franciscanos-martires-de-izabal.html#primaryimage"},"datePublished":"2018-10-24T14:24:06+00:00","dateModified":"2020-06-06T21:11:17+00:00","author":{"@id":"https:\/\/franciscanos.org.br\/noticias\/#\/schema\/person\/b38fbf43118f02820bd932f2e4b14ad3"},"breadcrumb":{"@id":"https:\/\/franciscanos.org.br\/noticias\/novos-beatos-franciscanos-martires-de-izabal.html#breadcrumb"},"inLanguage":"pt-BR","potentialAction":[{"@type":"ReadAction","target":["https:\/\/franciscanos.org.br\/noticias\/novos-beatos-franciscanos-martires-de-izabal.html"]}]},{"@type":"BreadcrumbList","@id":"https:\/\/franciscanos.org.br\/noticias\/novos-beatos-franciscanos-martires-de-izabal.html#breadcrumb","itemListElement":[{"@type":"ListItem","position":1,"name":"Home","item":"https:\/\/franciscanos.org.br\/noticias"},{"@type":"ListItem","position":2,"name":"Novos beatos franciscanos: m\u00e1rtires de Izabal"}]},{"@type":"Person","@id":"https:\/\/franciscanos.org.br\/noticias\/#\/schema\/person\/b38fbf43118f02820bd932f2e4b14ad3","name":"admin","image":{"@type":"ImageObject","inLanguage":"pt-BR","@id":"https:\/\/franciscanos.org.br\/noticias\/#\/schema\/person\/image\/","url":"https:\/\/secure.gravatar.com\/avatar\/e8495742d34d0ba6448ea1c628263b3e?s=96&d=mm&r=g","contentUrl":"https:\/\/secure.gravatar.com\/avatar\/e8495742d34d0ba6448ea1c628263b3e?s=96&d=mm&r=g","caption":"admin"},"url":"https:\/\/franciscanos.org.br\/noticias\/author\/admin"}]}},"_links":{"self":[{"href":"https:\/\/franciscanos.org.br\/noticias\/wp-json\/wp\/v2\/posts\/188354"}],"collection":[{"href":"https:\/\/franciscanos.org.br\/noticias\/wp-json\/wp\/v2\/posts"}],"about":[{"href":"https:\/\/franciscanos.org.br\/noticias\/wp-json\/wp\/v2\/types\/post"}],"author":[{"embeddable":true,"href":"https:\/\/franciscanos.org.br\/noticias\/wp-json\/wp\/v2\/users\/1"}],"replies":[{"embeddable":true,"href":"https:\/\/franciscanos.org.br\/noticias\/wp-json\/wp\/v2\/comments?post=188354"}],"version-history":[{"count":1,"href":"https:\/\/franciscanos.org.br\/noticias\/wp-json\/wp\/v2\/posts\/188354\/revisions"}],"predecessor-version":[{"id":224730,"href":"https:\/\/franciscanos.org.br\/noticias\/wp-json\/wp\/v2\/posts\/188354\/revisions\/224730"}],"wp:featuredmedia":[{"embeddable":true,"href":"https:\/\/franciscanos.org.br\/noticias\/wp-json\/wp\/v2\/media\/191203"}],"wp:attachment":[{"href":"https:\/\/franciscanos.org.br\/noticias\/wp-json\/wp\/v2\/media?parent=188354"}],"wp:term":[{"taxonomy":"category","embeddable":true,"href":"https:\/\/franciscanos.org.br\/noticias\/wp-json\/wp\/v2\/categories?post=188354"},{"taxonomy":"post_tag","embeddable":true,"href":"https:\/\/franciscanos.org.br\/noticias\/wp-json\/wp\/v2\/tags?post=188354"}],"curies":[{"name":"wp","href":"https:\/\/api.w.org\/{rel}","templated":true}]}}