{"id":188345,"date":"2018-10-01T20:54:43","date_gmt":"2018-10-01T23:54:43","guid":{"rendered":"http:\/\/franciscanos.org.br\/?p=173037"},"modified":"2020-06-06T19:08:16","modified_gmt":"2020-06-06T22:08:16","slug":"frei-valdecir-o-amor-precisa-ser-partilhado","status":"publish","type":"post","link":"https:\/\/franciscanos.org.br\/noticias\/frei-valdecir-o-amor-precisa-ser-partilhado.html","title":{"rendered":"&#8220;O amor precisa ser partilhado&#8221;, diz Frei Valdecir"},"content":{"rendered":"<p><img loading=\"lazy\" class=\"aligncenter\" src=\"http:\/\/franciscanos.org.br\/wp-content\/uploads\/2018\/10\/triduo_011018.jpg\" alt=\"triduo_011018\" width=\"830\" height=\"445\" \/><strong>Moacir Beggo<\/strong><\/p>\n<p><strong>S\u00e3o Paulo (SP)<\/strong> &#8211; No dia que a Igreja celebra a mem\u00f3ria de Santa Teresinha do Menino Jesus, a Par\u00f3quia S\u00e3o Francisco de Assis, na Vila Clementino (SP), deu in\u00edcio ao Tr\u00edduo em prepara\u00e7\u00e3o para a Festa do Padroeiro, no pr\u00f3ximo dia 4 de outubro. O p\u00e1roco Frei Valdecir Schwambach presidiu a Celebra\u00e7\u00e3o Eucar\u00edstica, \u00e0s 18 horas, tendo como concelebrantes Frei C\u00e9sar K\u00fclkamp e Frei Raimundo de Oliveira Castro.<br \/>\n<img loading=\"lazy\" class=\"alignright wp-image-173038 \" src=\"http:\/\/franciscanos.org.br\/wp-content\/uploads\/2018\/10\/triduo_011018_2.jpg\" alt=\"triduo_011018_2\" width=\"310\" height=\"388\" \/><\/p>\n<p>Frei Valdecir lembrou que neste ano o tema escolhido \u00e9 \u201cFraternidade Universal: Em Cristo Somos Todos Irm\u00e3os\u201d, inspirado na Campanha da Fraternidade deste ano (\u201cV\u00f3s Sois Todos Irm\u00e3os\u201d).<\/p>\n<p>Partindo do Evangelho de S\u00e3o Jo\u00e3o, em que Jesus fala \u201cse algu\u00e9m me ama guardar\u00e1 minha palavra e meu Pai o amar\u00e1&#8221;, Frei Valdecir explicou que &#8220;guardar&#8221; n\u00e3o significa colocar algo especial numa caixa e guardar num arm\u00e1rio.<\/p>\n<p>&#8220;Guardar, na verdade, \u00e9 gastar, \u00e9 colocar em uso. O amor, como fala Jo\u00e3o, n\u00e3o \u00e9 guardar no sentido de reservar a si mesmo aquilo que se tem. O amor precisa ser usado. O amor precisa ser partilhado, vivenciado entre as pessoas&#8221;, disse o celebrante.<\/p>\n<p>Frei Valdecir lembrou, contudo, que o desafio n\u00e3o \u00e9 pequeno. Amar tamb\u00e9m significa tolerar pessoas diferentes, saber conviver com aqueles com quem nem sempre temos facilidade: &#8220;Isso requer uma atitude de grande f\u00e9. S\u00f3 quem tem f\u00e9 consegue realmente amar. Seja no seu trabalho, na sua fam\u00edlia, se voc\u00ea n\u00e3o tiver f\u00e9 para transcender a realidade, aquela situa\u00e7\u00e3o, os fatos, muito provavelmente n\u00e3o conseguir\u00e1 superar esse desafio&#8221;.<\/p>\n<p><img loading=\"lazy\" src=\"http:\/\/franciscanos.org.br\/wp-content\/uploads\/2018\/10\/triduo_011018_1.jpg\" alt=\"triduo_011018_1\" width=\"830\" height=\"580\" \/><\/p>\n<p>Nessa fraternidade universal, a constru\u00e7\u00e3o da paz \u00e9 um processo que s\u00f3 se constr\u00f3i com amor. Segundo Frei Valdecir, o mundo oferece a paz negociada. &#8220;Voc\u00ea n\u00e3o faz isso, eu n\u00e3o fa\u00e7o aquilo\u2019. Na f\u00e9, na religi\u00e3o, \u00e9 isso e muito mais. Voc\u00ea tamb\u00e9m precisa estabelecer crit\u00e9rios, estabelecer limites. A nossa paz muitas vezes &#8211; e voc\u00eas podem n\u00e3o gostar disso \u2013 se consegue quando voc\u00ea precisa considerar o outro superior a voc\u00ea. Isso n\u00e3o \u00e9 doce aos nossos ouvidos: considerar que o outro tem raz\u00e3o, que o outro tem vez, que o outro pode estar certo\u201d, ressaltou.<\/p>\n<p>Segundo o frade, esse desafio exige de n\u00f3s um passo a mais. \u201cConstruir a paz \u00e9 algo que come\u00e7a dentro de n\u00f3s. Quando n\u00f3s nos desarmamos, muitas vezes n\u00f3s desarmamos as outras pessoas. Desarmar, quero dizer, baixar a guarda numa sociedade marcada pela viol\u00eancia. Quanto mais violentos, mais cegos vamos ficando, mais viol\u00eancia vamos cultivando. E quando nos damos conta, estamos no ciclo de guerra dentro de nossas casas, da nossa realidade e na vida de cada um de n\u00f3s&#8221;, enfatizou o celebrante. \u00a0Para o frade, a viol\u00eancia desfigura a fraternidade sonhada no in\u00edcio pelo Criador.<\/p>\n<p>&#8220;Jesus veio trazer o amor, o amor que d\u00e1 a vida pelas outras pessoas&#8221;, completou.<\/p>\n","protected":false},"excerpt":{"rendered":"<p>Par\u00f3quia S\u00e3o Francisco de Assis da Vila Clementino<\/p>\n","protected":false},"author":1,"featured_media":191575,"comment_status":"open","ping_status":"open","sticky":false,"template":"","format":"standard","meta":[],"categories":[1],"tags":[271],"acf":[],"yoast_head":"<!-- This site is optimized with the Yoast SEO plugin v19.2 - https:\/\/yoast.com\/wordpress\/plugins\/seo\/ -->\n<title>&quot;O amor precisa ser partilhado&quot;, diz Frei Valdecir - Not\u00edcias - Franciscanos<\/title>\n<meta name=\"robots\" content=\"index, follow, max-snippet:-1, max-image-preview:large, max-video-preview:-1\" \/>\n<link rel=\"canonical\" href=\"https:\/\/franciscanos.org.br\/noticias\/frei-valdecir-o-amor-precisa-ser-partilhado.html\" \/>\n<meta property=\"og:locale\" content=\"pt_BR\" \/>\n<meta property=\"og:type\" content=\"article\" \/>\n<meta property=\"og:title\" content=\"&quot;O amor precisa ser partilhado&quot;, diz Frei Valdecir - Not\u00edcias - Franciscanos\" \/>\n<meta property=\"og:description\" content=\"Par\u00f3quia S\u00e3o Francisco de Assis da Vila Clementino\" \/>\n<meta property=\"og:url\" content=\"https:\/\/franciscanos.org.br\/noticias\/frei-valdecir-o-amor-precisa-ser-partilhado.html\" \/>\n<meta property=\"og:site_name\" content=\"Not\u00edcias - Franciscanos\" \/>\n<meta property=\"article:published_time\" content=\"2018-10-01T23:54:43+00:00\" \/>\n<meta property=\"article:modified_time\" content=\"2020-06-06T22:08:16+00:00\" \/>\n<meta property=\"og:image\" content=\"https:\/\/franciscanos.org.br\/noticias\/wp-content\/uploads\/2018\/10\/triduo_011018.jpg\" \/>\n\t<meta property=\"og:image:width\" content=\"273\" \/>\n\t<meta property=\"og:image:height\" content=\"181\" \/>\n\t<meta property=\"og:image:type\" content=\"image\/jpeg\" \/>\n<meta name=\"author\" content=\"admin\" \/>\n<meta name=\"twitter:card\" content=\"summary_large_image\" \/>\n<meta name=\"twitter:label1\" content=\"Escrito por\" \/>\n\t<meta name=\"twitter:data1\" content=\"admin\" \/>\n\t<meta name=\"twitter:label2\" content=\"Est. tempo de leitura\" \/>\n\t<meta name=\"twitter:data2\" content=\"2 minutos\" \/>\n<script type=\"application\/ld+json\" class=\"yoast-schema-graph\">{\"@context\":\"https:\/\/schema.org\",\"@graph\":[{\"@type\":\"WebSite\",\"@id\":\"https:\/\/franciscanos.org.br\/noticias\/#website\",\"url\":\"https:\/\/franciscanos.org.br\/noticias\/\",\"name\":\"Not\u00edcias - Franciscanos\",\"description\":\"Prov\u00edncia Franciscana da Imaculada Concei\u00e7\u00e3o do Brasil - Ordem dos Frades Menores - OFM\",\"potentialAction\":[{\"@type\":\"SearchAction\",\"target\":{\"@type\":\"EntryPoint\",\"urlTemplate\":\"https:\/\/franciscanos.org.br\/noticias\/?s={search_term_string}\"},\"query-input\":\"required name=search_term_string\"}],\"inLanguage\":\"pt-BR\"},{\"@type\":\"ImageObject\",\"inLanguage\":\"pt-BR\",\"@id\":\"https:\/\/franciscanos.org.br\/noticias\/frei-valdecir-o-amor-precisa-ser-partilhado.html#primaryimage\",\"url\":\"https:\/\/franciscanos.org.br\/noticias\/wp-content\/uploads\/2018\/10\/triduo_011018.jpg\",\"contentUrl\":\"https:\/\/franciscanos.org.br\/noticias\/wp-content\/uploads\/2018\/10\/triduo_011018.jpg\",\"width\":273,\"height\":181},{\"@type\":\"WebPage\",\"@id\":\"https:\/\/franciscanos.org.br\/noticias\/frei-valdecir-o-amor-precisa-ser-partilhado.html#webpage\",\"url\":\"https:\/\/franciscanos.org.br\/noticias\/frei-valdecir-o-amor-precisa-ser-partilhado.html\",\"name\":\"\\\"O amor precisa ser partilhado\\\", diz Frei Valdecir - Not\u00edcias - Franciscanos\",\"isPartOf\":{\"@id\":\"https:\/\/franciscanos.org.br\/noticias\/#website\"},\"primaryImageOfPage\":{\"@id\":\"https:\/\/franciscanos.org.br\/noticias\/frei-valdecir-o-amor-precisa-ser-partilhado.html#primaryimage\"},\"datePublished\":\"2018-10-01T23:54:43+00:00\",\"dateModified\":\"2020-06-06T22:08:16+00:00\",\"author\":{\"@id\":\"https:\/\/franciscanos.org.br\/noticias\/#\/schema\/person\/b38fbf43118f02820bd932f2e4b14ad3\"},\"breadcrumb\":{\"@id\":\"https:\/\/franciscanos.org.br\/noticias\/frei-valdecir-o-amor-precisa-ser-partilhado.html#breadcrumb\"},\"inLanguage\":\"pt-BR\",\"potentialAction\":[{\"@type\":\"ReadAction\",\"target\":[\"https:\/\/franciscanos.org.br\/noticias\/frei-valdecir-o-amor-precisa-ser-partilhado.html\"]}]},{\"@type\":\"BreadcrumbList\",\"@id\":\"https:\/\/franciscanos.org.br\/noticias\/frei-valdecir-o-amor-precisa-ser-partilhado.html#breadcrumb\",\"itemListElement\":[{\"@type\":\"ListItem\",\"position\":1,\"name\":\"Home\",\"item\":\"https:\/\/franciscanos.org.br\/noticias\"},{\"@type\":\"ListItem\",\"position\":2,\"name\":\"&#8220;O amor precisa ser partilhado&#8221;, diz Frei Valdecir\"}]},{\"@type\":\"Person\",\"@id\":\"https:\/\/franciscanos.org.br\/noticias\/#\/schema\/person\/b38fbf43118f02820bd932f2e4b14ad3\",\"name\":\"admin\",\"image\":{\"@type\":\"ImageObject\",\"inLanguage\":\"pt-BR\",\"@id\":\"https:\/\/franciscanos.org.br\/noticias\/#\/schema\/person\/image\/\",\"url\":\"https:\/\/secure.gravatar.com\/avatar\/e8495742d34d0ba6448ea1c628263b3e?s=96&d=mm&r=g\",\"contentUrl\":\"https:\/\/secure.gravatar.com\/avatar\/e8495742d34d0ba6448ea1c628263b3e?s=96&d=mm&r=g\",\"caption\":\"admin\"},\"url\":\"https:\/\/franciscanos.org.br\/noticias\/author\/admin\"}]}<\/script>\n<!-- \/ Yoast SEO plugin. -->","yoast_head_json":{"title":"\"O amor precisa ser partilhado\", diz Frei Valdecir - Not\u00edcias - Franciscanos","robots":{"index":"index","follow":"follow","max-snippet":"max-snippet:-1","max-image-preview":"max-image-preview:large","max-video-preview":"max-video-preview:-1"},"canonical":"https:\/\/franciscanos.org.br\/noticias\/frei-valdecir-o-amor-precisa-ser-partilhado.html","og_locale":"pt_BR","og_type":"article","og_title":"\"O amor precisa ser partilhado\", diz Frei Valdecir - Not\u00edcias - Franciscanos","og_description":"Par\u00f3quia S\u00e3o Francisco de Assis da Vila Clementino","og_url":"https:\/\/franciscanos.org.br\/noticias\/frei-valdecir-o-amor-precisa-ser-partilhado.html","og_site_name":"Not\u00edcias - Franciscanos","article_published_time":"2018-10-01T23:54:43+00:00","article_modified_time":"2020-06-06T22:08:16+00:00","og_image":[{"width":273,"height":181,"url":"https:\/\/franciscanos.org.br\/noticias\/wp-content\/uploads\/2018\/10\/triduo_011018.jpg","type":"image\/jpeg"}],"author":"admin","twitter_card":"summary_large_image","twitter_misc":{"Escrito por":"admin","Est. tempo de leitura":"2 minutos"},"schema":{"@context":"https:\/\/schema.org","@graph":[{"@type":"WebSite","@id":"https:\/\/franciscanos.org.br\/noticias\/#website","url":"https:\/\/franciscanos.org.br\/noticias\/","name":"Not\u00edcias - Franciscanos","description":"Prov\u00edncia Franciscana da Imaculada Concei\u00e7\u00e3o do Brasil - Ordem dos Frades Menores - OFM","potentialAction":[{"@type":"SearchAction","target":{"@type":"EntryPoint","urlTemplate":"https:\/\/franciscanos.org.br\/noticias\/?s={search_term_string}"},"query-input":"required name=search_term_string"}],"inLanguage":"pt-BR"},{"@type":"ImageObject","inLanguage":"pt-BR","@id":"https:\/\/franciscanos.org.br\/noticias\/frei-valdecir-o-amor-precisa-ser-partilhado.html#primaryimage","url":"https:\/\/franciscanos.org.br\/noticias\/wp-content\/uploads\/2018\/10\/triduo_011018.jpg","contentUrl":"https:\/\/franciscanos.org.br\/noticias\/wp-content\/uploads\/2018\/10\/triduo_011018.jpg","width":273,"height":181},{"@type":"WebPage","@id":"https:\/\/franciscanos.org.br\/noticias\/frei-valdecir-o-amor-precisa-ser-partilhado.html#webpage","url":"https:\/\/franciscanos.org.br\/noticias\/frei-valdecir-o-amor-precisa-ser-partilhado.html","name":"\"O amor precisa ser partilhado\", diz Frei Valdecir - Not\u00edcias - Franciscanos","isPartOf":{"@id":"https:\/\/franciscanos.org.br\/noticias\/#website"},"primaryImageOfPage":{"@id":"https:\/\/franciscanos.org.br\/noticias\/frei-valdecir-o-amor-precisa-ser-partilhado.html#primaryimage"},"datePublished":"2018-10-01T23:54:43+00:00","dateModified":"2020-06-06T22:08:16+00:00","author":{"@id":"https:\/\/franciscanos.org.br\/noticias\/#\/schema\/person\/b38fbf43118f02820bd932f2e4b14ad3"},"breadcrumb":{"@id":"https:\/\/franciscanos.org.br\/noticias\/frei-valdecir-o-amor-precisa-ser-partilhado.html#breadcrumb"},"inLanguage":"pt-BR","potentialAction":[{"@type":"ReadAction","target":["https:\/\/franciscanos.org.br\/noticias\/frei-valdecir-o-amor-precisa-ser-partilhado.html"]}]},{"@type":"BreadcrumbList","@id":"https:\/\/franciscanos.org.br\/noticias\/frei-valdecir-o-amor-precisa-ser-partilhado.html#breadcrumb","itemListElement":[{"@type":"ListItem","position":1,"name":"Home","item":"https:\/\/franciscanos.org.br\/noticias"},{"@type":"ListItem","position":2,"name":"&#8220;O amor precisa ser partilhado&#8221;, diz Frei Valdecir"}]},{"@type":"Person","@id":"https:\/\/franciscanos.org.br\/noticias\/#\/schema\/person\/b38fbf43118f02820bd932f2e4b14ad3","name":"admin","image":{"@type":"ImageObject","inLanguage":"pt-BR","@id":"https:\/\/franciscanos.org.br\/noticias\/#\/schema\/person\/image\/","url":"https:\/\/secure.gravatar.com\/avatar\/e8495742d34d0ba6448ea1c628263b3e?s=96&d=mm&r=g","contentUrl":"https:\/\/secure.gravatar.com\/avatar\/e8495742d34d0ba6448ea1c628263b3e?s=96&d=mm&r=g","caption":"admin"},"url":"https:\/\/franciscanos.org.br\/noticias\/author\/admin"}]}},"_links":{"self":[{"href":"https:\/\/franciscanos.org.br\/noticias\/wp-json\/wp\/v2\/posts\/188345"}],"collection":[{"href":"https:\/\/franciscanos.org.br\/noticias\/wp-json\/wp\/v2\/posts"}],"about":[{"href":"https:\/\/franciscanos.org.br\/noticias\/wp-json\/wp\/v2\/types\/post"}],"author":[{"embeddable":true,"href":"https:\/\/franciscanos.org.br\/noticias\/wp-json\/wp\/v2\/users\/1"}],"replies":[{"embeddable":true,"href":"https:\/\/franciscanos.org.br\/noticias\/wp-json\/wp\/v2\/comments?post=188345"}],"version-history":[{"count":1,"href":"https:\/\/franciscanos.org.br\/noticias\/wp-json\/wp\/v2\/posts\/188345\/revisions"}],"predecessor-version":[{"id":224766,"href":"https:\/\/franciscanos.org.br\/noticias\/wp-json\/wp\/v2\/posts\/188345\/revisions\/224766"}],"wp:featuredmedia":[{"embeddable":true,"href":"https:\/\/franciscanos.org.br\/noticias\/wp-json\/wp\/v2\/media\/191575"}],"wp:attachment":[{"href":"https:\/\/franciscanos.org.br\/noticias\/wp-json\/wp\/v2\/media?parent=188345"}],"wp:term":[{"taxonomy":"category","embeddable":true,"href":"https:\/\/franciscanos.org.br\/noticias\/wp-json\/wp\/v2\/categories?post=188345"},{"taxonomy":"post_tag","embeddable":true,"href":"https:\/\/franciscanos.org.br\/noticias\/wp-json\/wp\/v2\/tags?post=188345"}],"curies":[{"name":"wp","href":"https:\/\/api.w.org\/{rel}","templated":true}]}}