{"id":188340,"date":"2018-09-24T05:11:27","date_gmt":"2018-09-24T08:11:27","guid":{"rendered":"http:\/\/franciscanos.org.br\/?p=172222"},"modified":"2019-08-19T11:16:51","modified_gmt":"2019-08-19T14:16:51","slug":"amanha-estreia-seu-nome-era-francisco-2","status":"publish","type":"post","link":"https:\/\/franciscanos.org.br\/noticias\/amanha-estreia-seu-nome-era-francisco-2.html","title":{"rendered":"&#8220;Seu nome era Francisco&#8221;, a nova s\u00e9rie"},"content":{"rendered":"<p><iframe loading=\"lazy\" src=\"https:\/\/www.youtube.com\/embed\/JbwDUrtzkTk\" width=\"100%\" height=\"480\" frameborder=\"0\" allowfullscreen=\"allowfullscreen\"><\/iframe><\/p>\n<p><strong>Frei Augusto Luiz Gabriel<\/strong><\/p>\n<p><strong>Pato Branco (PR) \u2013 <\/strong>A s\u00e9rie \u201cSeu nome era Francisco\u201d \u00e9 uma iniciativa da\u00a0<strong><a href=\"https:\/\/www.youtube.com\/user\/tvfranciscanos\" target=\"_blank\" rel=\"noopener noreferrer\">Web TvFranciscanos<\/a><\/strong>, da Prov\u00edncia Franciscana da Imaculada Concei\u00e7\u00e3o que, em parceira com a Rede Celinauta de Comunica\u00e7\u00e3o de Pato Branco (PR), produziu este especial em 10 epis\u00f3dios. Os v\u00eddeos apresentar\u00e3o o itiner\u00e1rio do Santo de Assis, desde sua jocosa juventude, convers\u00e3o, admiss\u00e3o dos primeiros companheiros, at\u00e9 os Estigmas de Cristo.\u00a0 A partir de hoje (24\/9), o material ser\u00e1 exibido todos os dias at\u00e9 a grande festa de S\u00e3o Francisco, no dia 4 de outubro.<\/p>\n<p>O que impressiona em Francisco \u00e9 o cuidado constante de unir palavra e exemplo. Ele chega mesmo a afirmar que os frades haviam simplesmente sido chamados para dar o bom exemplo. O Evangelho deixa de ser letra morta para encarnar-se na vida do filho do comerciante Pedro Bernardone, de seus primeiros companheiros e na aventura franciscana atrav\u00e9s de todos os s\u00e9culos.<\/p>\n<p>Guiado pelo Esp\u00edrito,\u00a0 Francisco descobriu novamente a Encarna\u00e7\u00e3o de Deus, a pobreza do Senhor, o despojamento do Alt\u00edssimo. Resolveu personificar esse esvaziamento de Deus que vem ao encontro do homem. Chamava-o de Dama Pobreza. Fez dela sua querida e insepar\u00e1vel companheira. Ela estar\u00e1 perto dele no momento de seu tr\u00e2nsito. Ela banhar\u00e1 de luz sua vida com os irm\u00e3os e o seu andar pelo mundo. A consci\u00eancia aguda que tinha Francisco a respeito da bondade e da benevol\u00eancia do Alt\u00edssimo, que presenteia os homens com todos os bens, tornou o santo algu\u00e9m inteiramente livre e despojado do senso de posse. Tudo \u00e9 dom de Deus: a \u00e1gua cristalina, a flor do caminho, os leprosos, os irm\u00e3os que chegavam, a vida e o sofrimento, e at\u00e9 mesmo a morte.<\/p>\n<p>Seu C\u00e2ntico das Criaturas ganha hoje novas resson\u00e2ncias. \u00c9 urgente salvar o mundo e preservar o planeta. Salvar o mundo mergulhado num consumismo desenfreado, capitalista, que mata irm\u00e3os e irm\u00e3s ou os deixa perecendo por causa da avareza. Francisco de Assis n\u00e3o foi um escritor. Dizia-se inculto e iletrado. A hist\u00f3ria franciscana, no entanto, conservou alguns de seus escritos: Regras, Cartas, Ora\u00e7\u00f5es, Admoesta\u00e7\u00f5es.<\/p>\n<p>Vem com a gente, o Evangelho n\u00e3o pode ficar inerte nas p\u00e1ginas de um livro apenas. Ele precisa ser libertado atrav\u00e9s da vida de \u201cnovos Franciscos\u201d. Acompanhe com a gente esta nova s\u00e9rie na TvFranciscanos: <em>Seu nome era Francisco!<\/em><\/p>\n<p><iframe loading=\"lazy\" src=\"https:\/\/www.youtube.com\/embed\/-0mJguZr0sI\" width=\"100%\" height=\"480\" frameborder=\"0\" allowfullscreen=\"allowfullscreen\"><\/iframe><\/p>\n","protected":false},"excerpt":{"rendered":"<p>Web TvFranciscanos <\/p>\n","protected":false},"author":5,"featured_media":192903,"comment_status":"open","ping_status":"open","sticky":false,"template":"","format":"standard","meta":[],"categories":[1],"tags":[257],"acf":[],"yoast_head":"<!-- This site is optimized with the Yoast SEO plugin v19.2 - https:\/\/yoast.com\/wordpress\/plugins\/seo\/ -->\n<title>&quot;Seu nome era Francisco&quot;, a nova s\u00e9rie - Not\u00edcias - Franciscanos<\/title>\n<meta name=\"robots\" content=\"index, follow, max-snippet:-1, max-image-preview:large, max-video-preview:-1\" \/>\n<link rel=\"canonical\" href=\"https:\/\/franciscanos.org.br\/noticias\/amanha-estreia-seu-nome-era-francisco-2.html\" \/>\n<meta property=\"og:locale\" content=\"pt_BR\" \/>\n<meta property=\"og:type\" content=\"article\" \/>\n<meta property=\"og:title\" content=\"&quot;Seu nome era Francisco&quot;, a nova s\u00e9rie - Not\u00edcias - Franciscanos\" \/>\n<meta property=\"og:description\" content=\"Web TvFranciscanos\" \/>\n<meta property=\"og:url\" content=\"https:\/\/franciscanos.org.br\/noticias\/amanha-estreia-seu-nome-era-francisco-2.html\" \/>\n<meta property=\"og:site_name\" content=\"Not\u00edcias - Franciscanos\" \/>\n<meta property=\"article:published_time\" content=\"2018-09-24T08:11:27+00:00\" \/>\n<meta property=\"article:modified_time\" content=\"2019-08-19T14:16:51+00:00\" \/>\n<meta property=\"og:image\" content=\"https:\/\/franciscanos.org.br\/noticias\/wp-content\/uploads\/2018\/09\/francisco_serie.jpg\" \/>\n\t<meta property=\"og:image:width\" content=\"273\" \/>\n\t<meta property=\"og:image:height\" content=\"181\" \/>\n\t<meta property=\"og:image:type\" content=\"image\/jpeg\" \/>\n<meta name=\"author\" content=\"freiaugusto\" \/>\n<meta name=\"twitter:card\" content=\"summary_large_image\" \/>\n<meta name=\"twitter:label1\" content=\"Escrito por\" \/>\n\t<meta name=\"twitter:data1\" content=\"freiaugusto\" \/>\n\t<meta name=\"twitter:label2\" content=\"Est. tempo de leitura\" \/>\n\t<meta name=\"twitter:data2\" content=\"2 minutos\" \/>\n<script type=\"application\/ld+json\" class=\"yoast-schema-graph\">{\"@context\":\"https:\/\/schema.org\",\"@graph\":[{\"@type\":\"WebSite\",\"@id\":\"https:\/\/franciscanos.org.br\/noticias\/#website\",\"url\":\"https:\/\/franciscanos.org.br\/noticias\/\",\"name\":\"Not\u00edcias - Franciscanos\",\"description\":\"Prov\u00edncia Franciscana da Imaculada Concei\u00e7\u00e3o do Brasil - Ordem dos Frades Menores - OFM\",\"potentialAction\":[{\"@type\":\"SearchAction\",\"target\":{\"@type\":\"EntryPoint\",\"urlTemplate\":\"https:\/\/franciscanos.org.br\/noticias\/?s={search_term_string}\"},\"query-input\":\"required name=search_term_string\"}],\"inLanguage\":\"pt-BR\"},{\"@type\":\"ImageObject\",\"inLanguage\":\"pt-BR\",\"@id\":\"https:\/\/franciscanos.org.br\/noticias\/amanha-estreia-seu-nome-era-francisco-2.html#primaryimage\",\"url\":\"https:\/\/franciscanos.org.br\/noticias\/wp-content\/uploads\/2018\/09\/francisco_serie.jpg\",\"contentUrl\":\"https:\/\/franciscanos.org.br\/noticias\/wp-content\/uploads\/2018\/09\/francisco_serie.jpg\",\"width\":273,\"height\":181},{\"@type\":\"WebPage\",\"@id\":\"https:\/\/franciscanos.org.br\/noticias\/amanha-estreia-seu-nome-era-francisco-2.html#webpage\",\"url\":\"https:\/\/franciscanos.org.br\/noticias\/amanha-estreia-seu-nome-era-francisco-2.html\",\"name\":\"\\\"Seu nome era Francisco\\\", a nova s\u00e9rie - Not\u00edcias - Franciscanos\",\"isPartOf\":{\"@id\":\"https:\/\/franciscanos.org.br\/noticias\/#website\"},\"primaryImageOfPage\":{\"@id\":\"https:\/\/franciscanos.org.br\/noticias\/amanha-estreia-seu-nome-era-francisco-2.html#primaryimage\"},\"datePublished\":\"2018-09-24T08:11:27+00:00\",\"dateModified\":\"2019-08-19T14:16:51+00:00\",\"author\":{\"@id\":\"https:\/\/franciscanos.org.br\/noticias\/#\/schema\/person\/37f88f0d111cd5358b12a6556a99eb91\"},\"breadcrumb\":{\"@id\":\"https:\/\/franciscanos.org.br\/noticias\/amanha-estreia-seu-nome-era-francisco-2.html#breadcrumb\"},\"inLanguage\":\"pt-BR\",\"potentialAction\":[{\"@type\":\"ReadAction\",\"target\":[\"https:\/\/franciscanos.org.br\/noticias\/amanha-estreia-seu-nome-era-francisco-2.html\"]}]},{\"@type\":\"BreadcrumbList\",\"@id\":\"https:\/\/franciscanos.org.br\/noticias\/amanha-estreia-seu-nome-era-francisco-2.html#breadcrumb\",\"itemListElement\":[{\"@type\":\"ListItem\",\"position\":1,\"name\":\"Home\",\"item\":\"https:\/\/franciscanos.org.br\/noticias\"},{\"@type\":\"ListItem\",\"position\":2,\"name\":\"&#8220;Seu nome era Francisco&#8221;, a nova s\u00e9rie\"}]},{\"@type\":\"Person\",\"@id\":\"https:\/\/franciscanos.org.br\/noticias\/#\/schema\/person\/37f88f0d111cd5358b12a6556a99eb91\",\"name\":\"freiaugusto\",\"image\":{\"@type\":\"ImageObject\",\"inLanguage\":\"pt-BR\",\"@id\":\"https:\/\/franciscanos.org.br\/noticias\/#\/schema\/person\/image\/\",\"url\":\"https:\/\/secure.gravatar.com\/avatar\/9840b940e621801b24f3e6b059efb4b7?s=96&d=mm&r=g\",\"contentUrl\":\"https:\/\/secure.gravatar.com\/avatar\/9840b940e621801b24f3e6b059efb4b7?s=96&d=mm&r=g\",\"caption\":\"freiaugusto\"},\"url\":\"https:\/\/franciscanos.org.br\/noticias\/author\/freiaugusto\"}]}<\/script>\n<!-- \/ Yoast SEO plugin. -->","yoast_head_json":{"title":"\"Seu nome era Francisco\", a nova s\u00e9rie - Not\u00edcias - Franciscanos","robots":{"index":"index","follow":"follow","max-snippet":"max-snippet:-1","max-image-preview":"max-image-preview:large","max-video-preview":"max-video-preview:-1"},"canonical":"https:\/\/franciscanos.org.br\/noticias\/amanha-estreia-seu-nome-era-francisco-2.html","og_locale":"pt_BR","og_type":"article","og_title":"\"Seu nome era Francisco\", a nova s\u00e9rie - Not\u00edcias - Franciscanos","og_description":"Web TvFranciscanos","og_url":"https:\/\/franciscanos.org.br\/noticias\/amanha-estreia-seu-nome-era-francisco-2.html","og_site_name":"Not\u00edcias - Franciscanos","article_published_time":"2018-09-24T08:11:27+00:00","article_modified_time":"2019-08-19T14:16:51+00:00","og_image":[{"width":273,"height":181,"url":"https:\/\/franciscanos.org.br\/noticias\/wp-content\/uploads\/2018\/09\/francisco_serie.jpg","type":"image\/jpeg"}],"author":"freiaugusto","twitter_card":"summary_large_image","twitter_misc":{"Escrito por":"freiaugusto","Est. tempo de leitura":"2 minutos"},"schema":{"@context":"https:\/\/schema.org","@graph":[{"@type":"WebSite","@id":"https:\/\/franciscanos.org.br\/noticias\/#website","url":"https:\/\/franciscanos.org.br\/noticias\/","name":"Not\u00edcias - Franciscanos","description":"Prov\u00edncia Franciscana da Imaculada Concei\u00e7\u00e3o do Brasil - Ordem dos Frades Menores - OFM","potentialAction":[{"@type":"SearchAction","target":{"@type":"EntryPoint","urlTemplate":"https:\/\/franciscanos.org.br\/noticias\/?s={search_term_string}"},"query-input":"required name=search_term_string"}],"inLanguage":"pt-BR"},{"@type":"ImageObject","inLanguage":"pt-BR","@id":"https:\/\/franciscanos.org.br\/noticias\/amanha-estreia-seu-nome-era-francisco-2.html#primaryimage","url":"https:\/\/franciscanos.org.br\/noticias\/wp-content\/uploads\/2018\/09\/francisco_serie.jpg","contentUrl":"https:\/\/franciscanos.org.br\/noticias\/wp-content\/uploads\/2018\/09\/francisco_serie.jpg","width":273,"height":181},{"@type":"WebPage","@id":"https:\/\/franciscanos.org.br\/noticias\/amanha-estreia-seu-nome-era-francisco-2.html#webpage","url":"https:\/\/franciscanos.org.br\/noticias\/amanha-estreia-seu-nome-era-francisco-2.html","name":"\"Seu nome era Francisco\", a nova s\u00e9rie - Not\u00edcias - Franciscanos","isPartOf":{"@id":"https:\/\/franciscanos.org.br\/noticias\/#website"},"primaryImageOfPage":{"@id":"https:\/\/franciscanos.org.br\/noticias\/amanha-estreia-seu-nome-era-francisco-2.html#primaryimage"},"datePublished":"2018-09-24T08:11:27+00:00","dateModified":"2019-08-19T14:16:51+00:00","author":{"@id":"https:\/\/franciscanos.org.br\/noticias\/#\/schema\/person\/37f88f0d111cd5358b12a6556a99eb91"},"breadcrumb":{"@id":"https:\/\/franciscanos.org.br\/noticias\/amanha-estreia-seu-nome-era-francisco-2.html#breadcrumb"},"inLanguage":"pt-BR","potentialAction":[{"@type":"ReadAction","target":["https:\/\/franciscanos.org.br\/noticias\/amanha-estreia-seu-nome-era-francisco-2.html"]}]},{"@type":"BreadcrumbList","@id":"https:\/\/franciscanos.org.br\/noticias\/amanha-estreia-seu-nome-era-francisco-2.html#breadcrumb","itemListElement":[{"@type":"ListItem","position":1,"name":"Home","item":"https:\/\/franciscanos.org.br\/noticias"},{"@type":"ListItem","position":2,"name":"&#8220;Seu nome era Francisco&#8221;, a nova s\u00e9rie"}]},{"@type":"Person","@id":"https:\/\/franciscanos.org.br\/noticias\/#\/schema\/person\/37f88f0d111cd5358b12a6556a99eb91","name":"freiaugusto","image":{"@type":"ImageObject","inLanguage":"pt-BR","@id":"https:\/\/franciscanos.org.br\/noticias\/#\/schema\/person\/image\/","url":"https:\/\/secure.gravatar.com\/avatar\/9840b940e621801b24f3e6b059efb4b7?s=96&d=mm&r=g","contentUrl":"https:\/\/secure.gravatar.com\/avatar\/9840b940e621801b24f3e6b059efb4b7?s=96&d=mm&r=g","caption":"freiaugusto"},"url":"https:\/\/franciscanos.org.br\/noticias\/author\/freiaugusto"}]}},"_links":{"self":[{"href":"https:\/\/franciscanos.org.br\/noticias\/wp-json\/wp\/v2\/posts\/188340"}],"collection":[{"href":"https:\/\/franciscanos.org.br\/noticias\/wp-json\/wp\/v2\/posts"}],"about":[{"href":"https:\/\/franciscanos.org.br\/noticias\/wp-json\/wp\/v2\/types\/post"}],"author":[{"embeddable":true,"href":"https:\/\/franciscanos.org.br\/noticias\/wp-json\/wp\/v2\/users\/5"}],"replies":[{"embeddable":true,"href":"https:\/\/franciscanos.org.br\/noticias\/wp-json\/wp\/v2\/comments?post=188340"}],"version-history":[{"count":0,"href":"https:\/\/franciscanos.org.br\/noticias\/wp-json\/wp\/v2\/posts\/188340\/revisions"}],"wp:featuredmedia":[{"embeddable":true,"href":"https:\/\/franciscanos.org.br\/noticias\/wp-json\/wp\/v2\/media\/192903"}],"wp:attachment":[{"href":"https:\/\/franciscanos.org.br\/noticias\/wp-json\/wp\/v2\/media?parent=188340"}],"wp:term":[{"taxonomy":"category","embeddable":true,"href":"https:\/\/franciscanos.org.br\/noticias\/wp-json\/wp\/v2\/categories?post=188340"},{"taxonomy":"post_tag","embeddable":true,"href":"https:\/\/franciscanos.org.br\/noticias\/wp-json\/wp\/v2\/tags?post=188340"}],"curies":[{"name":"wp","href":"https:\/\/api.w.org\/{rel}","templated":true}]}}