{"id":188331,"date":"2018-08-06T10:43:06","date_gmt":"2018-08-06T13:43:06","guid":{"rendered":"http:\/\/franciscanos.org.br\/?p=168327"},"modified":"2019-10-30T10:58:45","modified_gmt":"2019-10-30T13:58:45","slug":"cuidem-bem-da-cadeira-franciscana-2","status":"publish","type":"post","link":"https:\/\/franciscanos.org.br\/noticias\/cuidem-bem-da-cadeira-franciscana-2.html","title":{"rendered":"&#8220;Cuidem bem da cadeira franciscana\u201d, diz Visitador Geral"},"content":{"rendered":"<p><img loading=\"lazy\" src=\"http:\/\/franciscanos.org.br\/wp-content\/uploads\/2018\/08\/encontro_estudantes050818.jpg\" alt=\"encontro_estudantes050818\" width=\"830\" height=\"500\" \/><\/p>\n<p><strong>Agudos (SP) \u2013<\/strong> Encerrou-se no \u00faltimo domingo (05\/08) o 11\u00b0 Encontro dos Frades Estudantes da Prov\u00edncia Franciscana da Imaculada Concei\u00e7\u00e3o, no Semin\u00e1rio Santo Ant\u00f4nio de Agudos (SP). Esta casa, que outrora abrigou jovens de diversas regi\u00f5es, sobretudo dos cinco estados que a Prov\u00edncia se faz presente, p\u00f4de rememorar o seu passado com a presen\u00e7a dos formandos da Filosofia, Teologia e dos frades que realizam seu Ano Mission\u00e1rio.<\/p>\n<p>J\u00e1 em clima de despedida, a manh\u00e3 do 5\u00ba dia do Encontro foi destinada \u00e0 revis\u00e3o e aprova\u00e7\u00e3o de sugest\u00f5es e propostas para a Comiss\u00e3o do Cap\u00edtulo Provincial, que acontecer\u00e1 de 12 a 21 de novembro, baseadas nas reflex\u00f5es e experi\u00eancias de cada frade estudante, partilhadas durante os cinco dias em que ocorreu o evento. S\u00e3o sugest\u00f5es que poder\u00e3o contribuir para a forma\u00e7\u00e3o tanto religiosa quanto acad\u00eamica, como tamb\u00e9m sobre as atividades pastorais realizadas pelos estudantes em suas respectivas fraternidades, bem como pelos frades que optam pelo Ano Mission\u00e1rio.<br \/>\nUm breve momento de avalia\u00e7\u00e3o encerrou os trabalhos dos frades formandos, que a partir deste ano perdeu o seu car\u00e1ter formal de uma assembleia, e que mudou at\u00e9 mesmo de nome, passando a se chamar Encontro dos Frades Estudantes. Com um cunho de uma maior promo\u00e7\u00e3o e integra\u00e7\u00e3o entre os frades formandos da Prov\u00edncia, o novo modelo foi muito elogiado e agradou a todos.<br \/>\n<img loading=\"lazy\" src=\"http:\/\/franciscanos.org.br\/wp-content\/uploads\/2018\/08\/encontro_estudantes050818_1.jpg\" alt=\"encontro_estudantes050818_1\" width=\"830\" height=\"400\" \/><\/p>\n<p><strong>MISSA DE ENCERRAMENTO<\/strong><br \/>\nPresidida pelo Vig\u00e1rio Provincial, Frei C\u00e9sar K\u00fclkamp, e concelebrada pelo Definidor e Secret\u00e1rio da Forma\u00e7\u00e3o e Estudos, Frei Jo\u00e3o Francisco, pelo Vice-mestre dos frades de Profiss\u00e3o Tempor\u00e1ria do tempo da Filosofia, Frei Valdir Laurentino, como tamb\u00e9m pelo Visitador Geral, Frei Miguel Kleins, e pelo representante a fraternidade local, Frei Carlos Pierezan, a Celebra\u00e7\u00e3o Eucar\u00edstica das 10 horas contou com a participa\u00e7\u00e3o dos fi\u00e9is que costumeiramente participam das celebra\u00e7\u00f5es no semin\u00e1rio.<\/p>\n<p>Durante a homilia, Frei C\u00e9sar ressaltou o tema da \u201cminoridade\u201d e dos sinais da presen\u00e7a e a\u00e7\u00e3o de Deus entre homens, presente no Evangelho. Como a passagem de Jesus em Cafarnaum ap\u00f3s a multiplica\u00e7\u00e3o dos p\u00e3es e o povo de Israel, que ao murmurar contra Mois\u00e9s e Aar\u00e3o v\u00ea mais uma vez os sinais da a\u00e7\u00e3o de Deus ao cair do c\u00e9u o seu alimento. Este alimento, posteriormente, passou a ser simbolizado pelo p\u00e3o que \u00e9 o pr\u00f3prio Corpo de Cristo.<\/p>\n<p><img loading=\"lazy\" src=\"http:\/\/franciscanos.org.br\/wp-content\/uploads\/2018\/08\/encontro_estudantes050818_2.jpg\" alt=\"encontro_estudantes050818_2\" width=\"830\" height=\"400\" \/><\/p>\n<p>\u201cPor estes gestos, Deus nos assegura que n\u00e3o precisamos ser perfeitos, porque Deus compreende a necessidade, a fome, os problemas que cada um de n\u00f3s enfrenta, porque Ele vem e se abaixa, e, apesar de todas as situa\u00e7\u00f5es, deseja nos salvar. E a\u00ed encontramos o \u2018ser menor\u2019 que S\u00e3o Francisco se encantou. Deus \u00e9 capaz de se desfazer de todo o seu poder e autoridade para se colocar a servi\u00e7o e \u00e0 disposi\u00e7\u00e3o de tantos homens\u201d, enfatizou o frade celebrante.<br \/>\nNo final da celebra\u00e7\u00e3o, o visitador Frei Miguel utilizou da analogia da cadeira em rela\u00e7\u00e3o \u00e0 vida religiosa franciscana, e dirigiu-se aos frades estudantes afirmando que se faz necess\u00e1rio estar bem assentados sobre uma cadeira de quatro pernas, que simbolizam respectivamente: a ora\u00e7\u00e3o, a fraternidade, a miss\u00e3o e o estudo. \u201cCuidem bem da cadeira franciscana para que voc\u00eas se assentem bem na vida!\u201d, pediu ele.<\/p>\n<p><strong><a href=\"https:\/\/franciscanos.org.br\/noticias\/olhar-a-vida-com-os-oculos-da-boa-nova.html\">Olhar a vida com os \u201c\u00f3culos\u201d da Boa-Nova<\/a><\/strong><\/p>\n<p><a href=\"https:\/\/franciscanos.org.br\/noticias\/encontro-dos-frades-estudantes-frei-joao-francisco-destaca-a-alegria-que-nasce-das-pequenas-coisas-2.html\"><strong>Frei Jo\u00e3o destaca \u201ca alegria das pequenas coisas\u201d<\/strong><\/a><\/p>\n<p><a href=\"https:\/\/franciscanos.org.br\/noticias\/dia-rico-em-partilhas-no-encontro-dos-estudantes.html\"><strong>Dia de partilha no Encontro dos Frades Estudantes<\/strong><\/a><\/p>\n<p><a href=\"https:\/\/franciscanos.org.br\/noticias\/frades-estudantes-tempo-de-reflexao-partilhas-e-estudos.html\"><strong>Frades estudantes: tempo de reflex\u00e3o, partilhas e estudos\u00a0<\/strong><\/a><\/p>\n<p>&nbsp;<\/p>\n<p style=\"text-align: center;\"><strong>VEJA O V\u00cdDEO OFICIAL DO ENCONTRO<\/strong><\/p>\n<p><iframe loading=\"lazy\" src=\"https:\/\/www.youtube.com\/embed\/6Z9M93NYSug\" width=\"100%\" height=\"480\" frameborder=\"0\" allowfullscreen=\"allowfullscreen\"><\/iframe><\/p>\n","protected":false},"excerpt":{"rendered":"<p>Encontro Provincial dos Frades Estudantes<\/p>\n","protected":false},"author":1,"featured_media":207245,"comment_status":"open","ping_status":"open","sticky":false,"template":"","format":"standard","meta":[],"categories":[1],"tags":[589],"acf":[],"yoast_head":"<!-- This site is optimized with the Yoast SEO plugin v19.2 - https:\/\/yoast.com\/wordpress\/plugins\/seo\/ -->\n<title>&quot;Cuidem bem da cadeira franciscana\u201d, diz Visitador Geral - Not\u00edcias - Franciscanos<\/title>\n<meta name=\"robots\" content=\"index, follow, max-snippet:-1, max-image-preview:large, max-video-preview:-1\" \/>\n<link rel=\"canonical\" href=\"https:\/\/franciscanos.org.br\/noticias\/cuidem-bem-da-cadeira-franciscana-2.html\" \/>\n<meta property=\"og:locale\" content=\"pt_BR\" \/>\n<meta property=\"og:type\" content=\"article\" \/>\n<meta property=\"og:title\" content=\"&quot;Cuidem bem da cadeira franciscana\u201d, diz Visitador Geral - Not\u00edcias - Franciscanos\" \/>\n<meta property=\"og:description\" content=\"Encontro Provincial dos Frades Estudantes\" \/>\n<meta property=\"og:url\" content=\"https:\/\/franciscanos.org.br\/noticias\/cuidem-bem-da-cadeira-franciscana-2.html\" \/>\n<meta property=\"og:site_name\" content=\"Not\u00edcias - Franciscanos\" \/>\n<meta property=\"article:published_time\" content=\"2018-08-06T13:43:06+00:00\" \/>\n<meta property=\"article:modified_time\" content=\"2019-10-30T13:58:45+00:00\" \/>\n<meta property=\"og:image\" content=\"https:\/\/franciscanos.org.br\/noticias\/wp-content\/uploads\/2018\/08\/encontro_estudantes050818.jpg\" \/>\n\t<meta property=\"og:image:width\" content=\"273\" \/>\n\t<meta property=\"og:image:height\" content=\"181\" \/>\n\t<meta property=\"og:image:type\" content=\"image\/jpeg\" \/>\n<meta name=\"author\" content=\"admin\" \/>\n<meta name=\"twitter:card\" content=\"summary_large_image\" \/>\n<meta name=\"twitter:label1\" content=\"Escrito por\" \/>\n\t<meta name=\"twitter:data1\" content=\"admin\" \/>\n\t<meta name=\"twitter:label2\" content=\"Est. tempo de leitura\" \/>\n\t<meta name=\"twitter:data2\" content=\"3 minutos\" \/>\n<script type=\"application\/ld+json\" class=\"yoast-schema-graph\">{\"@context\":\"https:\/\/schema.org\",\"@graph\":[{\"@type\":\"WebSite\",\"@id\":\"https:\/\/franciscanos.org.br\/noticias\/#website\",\"url\":\"https:\/\/franciscanos.org.br\/noticias\/\",\"name\":\"Not\u00edcias - Franciscanos\",\"description\":\"Prov\u00edncia Franciscana da Imaculada Concei\u00e7\u00e3o do Brasil - Ordem dos Frades Menores - OFM\",\"potentialAction\":[{\"@type\":\"SearchAction\",\"target\":{\"@type\":\"EntryPoint\",\"urlTemplate\":\"https:\/\/franciscanos.org.br\/noticias\/?s={search_term_string}\"},\"query-input\":\"required name=search_term_string\"}],\"inLanguage\":\"pt-BR\"},{\"@type\":\"ImageObject\",\"inLanguage\":\"pt-BR\",\"@id\":\"https:\/\/franciscanos.org.br\/noticias\/cuidem-bem-da-cadeira-franciscana-2.html#primaryimage\",\"url\":\"https:\/\/franciscanos.org.br\/noticias\/wp-content\/uploads\/2018\/08\/encontro_estudantes050818.jpg\",\"contentUrl\":\"https:\/\/franciscanos.org.br\/noticias\/wp-content\/uploads\/2018\/08\/encontro_estudantes050818.jpg\",\"width\":273,\"height\":181},{\"@type\":\"WebPage\",\"@id\":\"https:\/\/franciscanos.org.br\/noticias\/cuidem-bem-da-cadeira-franciscana-2.html#webpage\",\"url\":\"https:\/\/franciscanos.org.br\/noticias\/cuidem-bem-da-cadeira-franciscana-2.html\",\"name\":\"\\\"Cuidem bem da cadeira franciscana\u201d, diz Visitador Geral - Not\u00edcias - Franciscanos\",\"isPartOf\":{\"@id\":\"https:\/\/franciscanos.org.br\/noticias\/#website\"},\"primaryImageOfPage\":{\"@id\":\"https:\/\/franciscanos.org.br\/noticias\/cuidem-bem-da-cadeira-franciscana-2.html#primaryimage\"},\"datePublished\":\"2018-08-06T13:43:06+00:00\",\"dateModified\":\"2019-10-30T13:58:45+00:00\",\"author\":{\"@id\":\"https:\/\/franciscanos.org.br\/noticias\/#\/schema\/person\/b38fbf43118f02820bd932f2e4b14ad3\"},\"breadcrumb\":{\"@id\":\"https:\/\/franciscanos.org.br\/noticias\/cuidem-bem-da-cadeira-franciscana-2.html#breadcrumb\"},\"inLanguage\":\"pt-BR\",\"potentialAction\":[{\"@type\":\"ReadAction\",\"target\":[\"https:\/\/franciscanos.org.br\/noticias\/cuidem-bem-da-cadeira-franciscana-2.html\"]}]},{\"@type\":\"BreadcrumbList\",\"@id\":\"https:\/\/franciscanos.org.br\/noticias\/cuidem-bem-da-cadeira-franciscana-2.html#breadcrumb\",\"itemListElement\":[{\"@type\":\"ListItem\",\"position\":1,\"name\":\"Home\",\"item\":\"https:\/\/franciscanos.org.br\/noticias\"},{\"@type\":\"ListItem\",\"position\":2,\"name\":\"&#8220;Cuidem bem da cadeira franciscana\u201d, diz Visitador Geral\"}]},{\"@type\":\"Person\",\"@id\":\"https:\/\/franciscanos.org.br\/noticias\/#\/schema\/person\/b38fbf43118f02820bd932f2e4b14ad3\",\"name\":\"admin\",\"image\":{\"@type\":\"ImageObject\",\"inLanguage\":\"pt-BR\",\"@id\":\"https:\/\/franciscanos.org.br\/noticias\/#\/schema\/person\/image\/\",\"url\":\"https:\/\/secure.gravatar.com\/avatar\/e8495742d34d0ba6448ea1c628263b3e?s=96&d=mm&r=g\",\"contentUrl\":\"https:\/\/secure.gravatar.com\/avatar\/e8495742d34d0ba6448ea1c628263b3e?s=96&d=mm&r=g\",\"caption\":\"admin\"},\"url\":\"https:\/\/franciscanos.org.br\/noticias\/author\/admin\"}]}<\/script>\n<!-- \/ Yoast SEO plugin. -->","yoast_head_json":{"title":"\"Cuidem bem da cadeira franciscana\u201d, diz Visitador Geral - Not\u00edcias - Franciscanos","robots":{"index":"index","follow":"follow","max-snippet":"max-snippet:-1","max-image-preview":"max-image-preview:large","max-video-preview":"max-video-preview:-1"},"canonical":"https:\/\/franciscanos.org.br\/noticias\/cuidem-bem-da-cadeira-franciscana-2.html","og_locale":"pt_BR","og_type":"article","og_title":"\"Cuidem bem da cadeira franciscana\u201d, diz Visitador Geral - Not\u00edcias - Franciscanos","og_description":"Encontro Provincial dos Frades Estudantes","og_url":"https:\/\/franciscanos.org.br\/noticias\/cuidem-bem-da-cadeira-franciscana-2.html","og_site_name":"Not\u00edcias - Franciscanos","article_published_time":"2018-08-06T13:43:06+00:00","article_modified_time":"2019-10-30T13:58:45+00:00","og_image":[{"width":273,"height":181,"url":"https:\/\/franciscanos.org.br\/noticias\/wp-content\/uploads\/2018\/08\/encontro_estudantes050818.jpg","type":"image\/jpeg"}],"author":"admin","twitter_card":"summary_large_image","twitter_misc":{"Escrito por":"admin","Est. tempo de leitura":"3 minutos"},"schema":{"@context":"https:\/\/schema.org","@graph":[{"@type":"WebSite","@id":"https:\/\/franciscanos.org.br\/noticias\/#website","url":"https:\/\/franciscanos.org.br\/noticias\/","name":"Not\u00edcias - Franciscanos","description":"Prov\u00edncia Franciscana da Imaculada Concei\u00e7\u00e3o do Brasil - Ordem dos Frades Menores - OFM","potentialAction":[{"@type":"SearchAction","target":{"@type":"EntryPoint","urlTemplate":"https:\/\/franciscanos.org.br\/noticias\/?s={search_term_string}"},"query-input":"required name=search_term_string"}],"inLanguage":"pt-BR"},{"@type":"ImageObject","inLanguage":"pt-BR","@id":"https:\/\/franciscanos.org.br\/noticias\/cuidem-bem-da-cadeira-franciscana-2.html#primaryimage","url":"https:\/\/franciscanos.org.br\/noticias\/wp-content\/uploads\/2018\/08\/encontro_estudantes050818.jpg","contentUrl":"https:\/\/franciscanos.org.br\/noticias\/wp-content\/uploads\/2018\/08\/encontro_estudantes050818.jpg","width":273,"height":181},{"@type":"WebPage","@id":"https:\/\/franciscanos.org.br\/noticias\/cuidem-bem-da-cadeira-franciscana-2.html#webpage","url":"https:\/\/franciscanos.org.br\/noticias\/cuidem-bem-da-cadeira-franciscana-2.html","name":"\"Cuidem bem da cadeira franciscana\u201d, diz Visitador Geral - Not\u00edcias - Franciscanos","isPartOf":{"@id":"https:\/\/franciscanos.org.br\/noticias\/#website"},"primaryImageOfPage":{"@id":"https:\/\/franciscanos.org.br\/noticias\/cuidem-bem-da-cadeira-franciscana-2.html#primaryimage"},"datePublished":"2018-08-06T13:43:06+00:00","dateModified":"2019-10-30T13:58:45+00:00","author":{"@id":"https:\/\/franciscanos.org.br\/noticias\/#\/schema\/person\/b38fbf43118f02820bd932f2e4b14ad3"},"breadcrumb":{"@id":"https:\/\/franciscanos.org.br\/noticias\/cuidem-bem-da-cadeira-franciscana-2.html#breadcrumb"},"inLanguage":"pt-BR","potentialAction":[{"@type":"ReadAction","target":["https:\/\/franciscanos.org.br\/noticias\/cuidem-bem-da-cadeira-franciscana-2.html"]}]},{"@type":"BreadcrumbList","@id":"https:\/\/franciscanos.org.br\/noticias\/cuidem-bem-da-cadeira-franciscana-2.html#breadcrumb","itemListElement":[{"@type":"ListItem","position":1,"name":"Home","item":"https:\/\/franciscanos.org.br\/noticias"},{"@type":"ListItem","position":2,"name":"&#8220;Cuidem bem da cadeira franciscana\u201d, diz Visitador Geral"}]},{"@type":"Person","@id":"https:\/\/franciscanos.org.br\/noticias\/#\/schema\/person\/b38fbf43118f02820bd932f2e4b14ad3","name":"admin","image":{"@type":"ImageObject","inLanguage":"pt-BR","@id":"https:\/\/franciscanos.org.br\/noticias\/#\/schema\/person\/image\/","url":"https:\/\/secure.gravatar.com\/avatar\/e8495742d34d0ba6448ea1c628263b3e?s=96&d=mm&r=g","contentUrl":"https:\/\/secure.gravatar.com\/avatar\/e8495742d34d0ba6448ea1c628263b3e?s=96&d=mm&r=g","caption":"admin"},"url":"https:\/\/franciscanos.org.br\/noticias\/author\/admin"}]}},"_links":{"self":[{"href":"https:\/\/franciscanos.org.br\/noticias\/wp-json\/wp\/v2\/posts\/188331"}],"collection":[{"href":"https:\/\/franciscanos.org.br\/noticias\/wp-json\/wp\/v2\/posts"}],"about":[{"href":"https:\/\/franciscanos.org.br\/noticias\/wp-json\/wp\/v2\/types\/post"}],"author":[{"embeddable":true,"href":"https:\/\/franciscanos.org.br\/noticias\/wp-json\/wp\/v2\/users\/1"}],"replies":[{"embeddable":true,"href":"https:\/\/franciscanos.org.br\/noticias\/wp-json\/wp\/v2\/comments?post=188331"}],"version-history":[{"count":0,"href":"https:\/\/franciscanos.org.br\/noticias\/wp-json\/wp\/v2\/posts\/188331\/revisions"}],"wp:featuredmedia":[{"embeddable":true,"href":"https:\/\/franciscanos.org.br\/noticias\/wp-json\/wp\/v2\/media\/207245"}],"wp:attachment":[{"href":"https:\/\/franciscanos.org.br\/noticias\/wp-json\/wp\/v2\/media?parent=188331"}],"wp:term":[{"taxonomy":"category","embeddable":true,"href":"https:\/\/franciscanos.org.br\/noticias\/wp-json\/wp\/v2\/categories?post=188331"},{"taxonomy":"post_tag","embeddable":true,"href":"https:\/\/franciscanos.org.br\/noticias\/wp-json\/wp\/v2\/tags?post=188331"}],"curies":[{"name":"wp","href":"https:\/\/api.w.org\/{rel}","templated":true}]}}