{"id":188329,"date":"2018-08-02T23:05:36","date_gmt":"2018-08-03T02:05:36","guid":{"rendered":"http:\/\/franciscanos.org.br\/?p=167988"},"modified":"2019-10-30T11:01:08","modified_gmt":"2019-10-30T14:01:08","slug":"encontro-dos-frades-estudantes-frei-joao-francisco-destaca-a-alegria-que-nasce-das-pequenas-coisas-2","status":"publish","type":"post","link":"https:\/\/franciscanos.org.br\/noticias\/encontro-dos-frades-estudantes-frei-joao-francisco-destaca-a-alegria-que-nasce-das-pequenas-coisas-2.html","title":{"rendered":"Frei Jo\u00e3o destaca &#8220;a alegria das pequenas coisas&#8221;"},"content":{"rendered":"<p><img loading=\"lazy\" src=\"http:\/\/franciscanos.org.br\/wp-content\/uploads\/2018\/08\/encontro_frades_020818.jpg\" alt=\"encontro_frades_020818\" width=\"830\" height=\"500\" \/><br \/>\n<strong>Agudos (SP) \u2013<\/strong> O segundo dia do Encontro dos Frades Estudantes da Prov\u00edncia Franciscana da Imaculada Concei\u00e7\u00e3o come\u00e7ou com a celebra\u00e7\u00e3o solene das Laudes pela Festa Franciscana de Santa Maria dos Anjos ou\u00a0do Perd\u00e3o de Assis. \u00c9 na Porci\u00fancula, pequena capela de Assis dedicada a Nossa Senhora, que nasceu a Ordem Franciscana e onde S\u00e3o Francisco quis morrer. Assim, celebrando o vigor original da fraternidade, os frades estudantes desempenharam as atividades previstas para o dia com entusiasmo, leveza e fraternidade.<br \/>\nO secret\u00e1rio da Forma\u00e7\u00e3o e Estudos, Frei Jo\u00e3o Francisco Silva, dirigiu os momentos de reflex\u00e3o do dia. Baseando-se no Plano de Evangeliza\u00e7\u00e3o da Prov\u00edncia, com enfoque especial no lema do Cap\u00edtulo Provincial, que acontecer\u00e1 de 12 a 21 de novembro, \u201cSejam chamados irm\u00e3os e menores\u201d (RnB 6, 3), ele levou os frades a refletirem sobre a voca\u00e7\u00e3o e a participa\u00e7\u00e3o na vida da Prov\u00edncia, por meio do conhecido m\u00e9todo: <strong>ver, julgar e agir.<\/strong><br \/>\n<img loading=\"lazy\" src=\"http:\/\/franciscanos.org.br\/wp-content\/uploads\/2018\/08\/encontro_frades_020818_1.jpg\" alt=\"encontro_frades_020818_1\" width=\"830\" height=\"470\" \/><br \/>\nApresentando um panorama hist\u00f3rico, de modo breve e din\u00e2mico, o secret\u00e1rio falou\u00a0que os trabalhos desenvolvidos hoje nas cinco Frentes de Evangeliza\u00e7\u00e3o s\u00e3o resultado do empenho dos frades desde a funda\u00e7\u00e3o e restaura\u00e7\u00e3o da Prov\u00edncia. Segundo Frei Jo\u00e3o \u00e9 preciso olhar o passado com gratid\u00e3o, sobretudo pela dedica\u00e7\u00e3o fiel dos frades.\u00a0 \u201cN\u00e3o percamos o esp\u00edrito pelo qual este trabalho evangelizador se desenvolveu e que possamos corresponder aos apelos do mundo presente, sem descartarmos tudo o que foi feito at\u00e9 aqui\u201d, pediu o frade.<br \/>\nFrei Jo\u00e3o utilizou alguns textos do Conselho Plen\u00e1rio da Ordem, como por exemplo,\u00a0 a supera\u00e7\u00e3o da \u201cautorreferencialidade\u201d.\u00a0 \u201c\u00c9 sempre tempo de voltarmos o nosso olhar \u2018\u00e0 identidade desta Fraternidade de Irm\u00e3os e Menores\u2019 (Legenda Perusina, 67)\u201d, citou Frei Jo\u00e3o, refor\u00e7ando que os frades s\u00e3o chamados a evangelizar em fraternidade, em comunh\u00e3o com os demais irm\u00e3os, buscando evidenciar o Cristo pobre, nu e crucificado, em suas vidas.<br \/>\nAos\u00a0 frades estudantes deixou o seguinte questionamento: \u201cDe que forma podem contribuir nas Frentes de Evangeliza\u00e7\u00e3o?\u201d. No per\u00edodo da tarde, os frades estudantes partilharam os anseios e sonhos tendo em vista os trabalhos evangelizadores da Prov\u00edncia.<br \/>\n<img loading=\"lazy\" src=\"http:\/\/franciscanos.org.br\/wp-content\/uploads\/2018\/08\/encontro_frades_020818_2.jpg\" alt=\"encontro_frades_020818_2\" width=\"830\" height=\"470\" \/><br \/>\nJ\u00e1 \u00e0 noite, na capela interna do Semin\u00e1rio, como forma de agradecimento pelo bom \u00eaxito do dia, Frei Jo\u00e3o Francisco presidiu a Missa da Festa de Nossa Senhora dos Anjos da Porci\u00fancula. Em sua homilia, destacou que \u201cAs alegrias que devem nos cercar nascem sempre das pequeninas coisas que fazem parte da vida que abra\u00e7amos, como testemunhou Francisco, que tinha sua grande fonte de alegria na pequena Igreja da Porci\u00fancula, na qual estava presente a mem\u00f3ria da serva de Deus, diante da qual Deus foi capaz de fazer grandes coisas\u201d.<br \/>\nNeste dia 3 de agosto, os frades estudantes apresentar\u00e3o um pouco da rotina das casas de forma\u00e7\u00e3o e dos institutos de Filosofia e de Teologia. Tamb\u00e9m os frades que neste ano est\u00e3o vivendo o Ano Mission\u00e1rio partilhar\u00e3o sobre suas experi\u00eancias, desafios e trabalhos que desenvolvem em seus respectivos locais de atua\u00e7\u00e3o. No per\u00edodo da tarde est\u00e1 previsto um momento de lazer.<br \/>\nLeia tamb\u00e9m:<\/p>\n<p><strong><a href=\"https:\/\/franciscanos.org.br\/noticias\/olhar-a-vida-com-os-oculos-da-boa-nova.html\">Olhar a vida com os \u201c\u00f3culos\u201d da Boa-Nova<\/a><\/strong><\/p>\n<p><a href=\"https:\/\/franciscanos.org.br\/noticias\/encontro-dos-frades-estudantes-frei-joao-francisco-destaca-a-alegria-que-nasce-das-pequenas-coisas-2.html\"><strong>Frei Jo\u00e3o destaca \u201ca alegria das pequenas coisas\u201d<\/strong><\/a><\/p>\n<p><a href=\"https:\/\/franciscanos.org.br\/noticias\/dia-rico-em-partilhas-no-encontro-dos-estudantes.html\"><strong>Dia de partilha no Encontro dos Frades Estudantes<\/strong><\/a><\/p>\n<p><a href=\"https:\/\/franciscanos.org.br\/noticias\/frades-estudantes-tempo-de-reflexao-partilhas-e-estudos.html\"><strong>Frades estudantes: tempo de reflex\u00e3o, partilhas e estudos\u00a0<\/strong><\/a><\/p>\n<blockquote><p><strong>Equipe de Comunica\u00e7\u00e3o: Frei Augusto Luiz Gabriel, Frei Bruno Gon\u00e7alves Cez\u00e1rio, Frei Danilo Santos Oliveira, Frei M\u00e1rio Sampaio Pelu, Frei Rodrigo Jos\u00e9 Silva e Frei Roger Strapazzon.<\/strong><\/p><\/blockquote>\n","protected":false},"excerpt":{"rendered":"<p>Forma\u00e7\u00e3o e Estudos<\/p>\n","protected":false},"author":5,"featured_media":210085,"comment_status":"open","ping_status":"open","sticky":false,"template":"","format":"standard","meta":[],"categories":[1],"tags":[589],"acf":[],"yoast_head":"<!-- This site is optimized with the Yoast SEO plugin v19.2 - https:\/\/yoast.com\/wordpress\/plugins\/seo\/ -->\n<title>Frei Jo\u00e3o destaca &quot;a alegria das pequenas coisas&quot; - Not\u00edcias - Franciscanos<\/title>\n<meta name=\"robots\" content=\"index, follow, max-snippet:-1, max-image-preview:large, max-video-preview:-1\" \/>\n<link rel=\"canonical\" href=\"https:\/\/franciscanos.org.br\/noticias\/encontro-dos-frades-estudantes-frei-joao-francisco-destaca-a-alegria-que-nasce-das-pequenas-coisas-2.html\" \/>\n<meta property=\"og:locale\" content=\"pt_BR\" \/>\n<meta property=\"og:type\" content=\"article\" \/>\n<meta property=\"og:title\" content=\"Frei Jo\u00e3o destaca &quot;a alegria das pequenas coisas&quot; - Not\u00edcias - Franciscanos\" \/>\n<meta property=\"og:description\" content=\"Forma\u00e7\u00e3o e Estudos\" \/>\n<meta property=\"og:url\" content=\"https:\/\/franciscanos.org.br\/noticias\/encontro-dos-frades-estudantes-frei-joao-francisco-destaca-a-alegria-que-nasce-das-pequenas-coisas-2.html\" \/>\n<meta property=\"og:site_name\" content=\"Not\u00edcias - Franciscanos\" \/>\n<meta property=\"article:published_time\" content=\"2018-08-03T02:05:36+00:00\" \/>\n<meta property=\"article:modified_time\" content=\"2019-10-30T14:01:08+00:00\" \/>\n<meta property=\"og:image\" content=\"https:\/\/franciscanos.org.br\/noticias\/wp-content\/uploads\/2018\/08\/encontro_frades_020818-1.jpg\" \/>\n\t<meta property=\"og:image:width\" content=\"273\" \/>\n\t<meta property=\"og:image:height\" content=\"181\" \/>\n\t<meta property=\"og:image:type\" content=\"image\/jpeg\" \/>\n<meta name=\"author\" content=\"freiaugusto\" \/>\n<meta name=\"twitter:card\" content=\"summary_large_image\" \/>\n<meta name=\"twitter:label1\" content=\"Escrito por\" \/>\n\t<meta name=\"twitter:data1\" content=\"freiaugusto\" \/>\n\t<meta name=\"twitter:label2\" content=\"Est. tempo de leitura\" \/>\n\t<meta name=\"twitter:data2\" content=\"3 minutos\" \/>\n<script type=\"application\/ld+json\" class=\"yoast-schema-graph\">{\"@context\":\"https:\/\/schema.org\",\"@graph\":[{\"@type\":\"WebSite\",\"@id\":\"https:\/\/franciscanos.org.br\/noticias\/#website\",\"url\":\"https:\/\/franciscanos.org.br\/noticias\/\",\"name\":\"Not\u00edcias - Franciscanos\",\"description\":\"Prov\u00edncia Franciscana da Imaculada Concei\u00e7\u00e3o do Brasil - Ordem dos Frades Menores - OFM\",\"potentialAction\":[{\"@type\":\"SearchAction\",\"target\":{\"@type\":\"EntryPoint\",\"urlTemplate\":\"https:\/\/franciscanos.org.br\/noticias\/?s={search_term_string}\"},\"query-input\":\"required name=search_term_string\"}],\"inLanguage\":\"pt-BR\"},{\"@type\":\"ImageObject\",\"inLanguage\":\"pt-BR\",\"@id\":\"https:\/\/franciscanos.org.br\/noticias\/encontro-dos-frades-estudantes-frei-joao-francisco-destaca-a-alegria-que-nasce-das-pequenas-coisas-2.html#primaryimage\",\"url\":\"https:\/\/franciscanos.org.br\/noticias\/wp-content\/uploads\/2018\/08\/encontro_frades_020818-1.jpg\",\"contentUrl\":\"https:\/\/franciscanos.org.br\/noticias\/wp-content\/uploads\/2018\/08\/encontro_frades_020818-1.jpg\",\"width\":273,\"height\":181},{\"@type\":\"WebPage\",\"@id\":\"https:\/\/franciscanos.org.br\/noticias\/encontro-dos-frades-estudantes-frei-joao-francisco-destaca-a-alegria-que-nasce-das-pequenas-coisas-2.html#webpage\",\"url\":\"https:\/\/franciscanos.org.br\/noticias\/encontro-dos-frades-estudantes-frei-joao-francisco-destaca-a-alegria-que-nasce-das-pequenas-coisas-2.html\",\"name\":\"Frei Jo\u00e3o destaca \\\"a alegria das pequenas coisas\\\" - Not\u00edcias - Franciscanos\",\"isPartOf\":{\"@id\":\"https:\/\/franciscanos.org.br\/noticias\/#website\"},\"primaryImageOfPage\":{\"@id\":\"https:\/\/franciscanos.org.br\/noticias\/encontro-dos-frades-estudantes-frei-joao-francisco-destaca-a-alegria-que-nasce-das-pequenas-coisas-2.html#primaryimage\"},\"datePublished\":\"2018-08-03T02:05:36+00:00\",\"dateModified\":\"2019-10-30T14:01:08+00:00\",\"author\":{\"@id\":\"https:\/\/franciscanos.org.br\/noticias\/#\/schema\/person\/37f88f0d111cd5358b12a6556a99eb91\"},\"breadcrumb\":{\"@id\":\"https:\/\/franciscanos.org.br\/noticias\/encontro-dos-frades-estudantes-frei-joao-francisco-destaca-a-alegria-que-nasce-das-pequenas-coisas-2.html#breadcrumb\"},\"inLanguage\":\"pt-BR\",\"potentialAction\":[{\"@type\":\"ReadAction\",\"target\":[\"https:\/\/franciscanos.org.br\/noticias\/encontro-dos-frades-estudantes-frei-joao-francisco-destaca-a-alegria-que-nasce-das-pequenas-coisas-2.html\"]}]},{\"@type\":\"BreadcrumbList\",\"@id\":\"https:\/\/franciscanos.org.br\/noticias\/encontro-dos-frades-estudantes-frei-joao-francisco-destaca-a-alegria-que-nasce-das-pequenas-coisas-2.html#breadcrumb\",\"itemListElement\":[{\"@type\":\"ListItem\",\"position\":1,\"name\":\"Home\",\"item\":\"https:\/\/franciscanos.org.br\/noticias\"},{\"@type\":\"ListItem\",\"position\":2,\"name\":\"Frei Jo\u00e3o destaca &#8220;a alegria das pequenas coisas&#8221;\"}]},{\"@type\":\"Person\",\"@id\":\"https:\/\/franciscanos.org.br\/noticias\/#\/schema\/person\/37f88f0d111cd5358b12a6556a99eb91\",\"name\":\"freiaugusto\",\"image\":{\"@type\":\"ImageObject\",\"inLanguage\":\"pt-BR\",\"@id\":\"https:\/\/franciscanos.org.br\/noticias\/#\/schema\/person\/image\/\",\"url\":\"https:\/\/secure.gravatar.com\/avatar\/9840b940e621801b24f3e6b059efb4b7?s=96&d=mm&r=g\",\"contentUrl\":\"https:\/\/secure.gravatar.com\/avatar\/9840b940e621801b24f3e6b059efb4b7?s=96&d=mm&r=g\",\"caption\":\"freiaugusto\"},\"url\":\"https:\/\/franciscanos.org.br\/noticias\/author\/freiaugusto\"}]}<\/script>\n<!-- \/ Yoast SEO plugin. -->","yoast_head_json":{"title":"Frei Jo\u00e3o destaca \"a alegria das pequenas coisas\" - Not\u00edcias - Franciscanos","robots":{"index":"index","follow":"follow","max-snippet":"max-snippet:-1","max-image-preview":"max-image-preview:large","max-video-preview":"max-video-preview:-1"},"canonical":"https:\/\/franciscanos.org.br\/noticias\/encontro-dos-frades-estudantes-frei-joao-francisco-destaca-a-alegria-que-nasce-das-pequenas-coisas-2.html","og_locale":"pt_BR","og_type":"article","og_title":"Frei Jo\u00e3o destaca \"a alegria das pequenas coisas\" - Not\u00edcias - Franciscanos","og_description":"Forma\u00e7\u00e3o e Estudos","og_url":"https:\/\/franciscanos.org.br\/noticias\/encontro-dos-frades-estudantes-frei-joao-francisco-destaca-a-alegria-que-nasce-das-pequenas-coisas-2.html","og_site_name":"Not\u00edcias - Franciscanos","article_published_time":"2018-08-03T02:05:36+00:00","article_modified_time":"2019-10-30T14:01:08+00:00","og_image":[{"width":273,"height":181,"url":"https:\/\/franciscanos.org.br\/noticias\/wp-content\/uploads\/2018\/08\/encontro_frades_020818-1.jpg","type":"image\/jpeg"}],"author":"freiaugusto","twitter_card":"summary_large_image","twitter_misc":{"Escrito por":"freiaugusto","Est. tempo de leitura":"3 minutos"},"schema":{"@context":"https:\/\/schema.org","@graph":[{"@type":"WebSite","@id":"https:\/\/franciscanos.org.br\/noticias\/#website","url":"https:\/\/franciscanos.org.br\/noticias\/","name":"Not\u00edcias - Franciscanos","description":"Prov\u00edncia Franciscana da Imaculada Concei\u00e7\u00e3o do Brasil - Ordem dos Frades Menores - OFM","potentialAction":[{"@type":"SearchAction","target":{"@type":"EntryPoint","urlTemplate":"https:\/\/franciscanos.org.br\/noticias\/?s={search_term_string}"},"query-input":"required name=search_term_string"}],"inLanguage":"pt-BR"},{"@type":"ImageObject","inLanguage":"pt-BR","@id":"https:\/\/franciscanos.org.br\/noticias\/encontro-dos-frades-estudantes-frei-joao-francisco-destaca-a-alegria-que-nasce-das-pequenas-coisas-2.html#primaryimage","url":"https:\/\/franciscanos.org.br\/noticias\/wp-content\/uploads\/2018\/08\/encontro_frades_020818-1.jpg","contentUrl":"https:\/\/franciscanos.org.br\/noticias\/wp-content\/uploads\/2018\/08\/encontro_frades_020818-1.jpg","width":273,"height":181},{"@type":"WebPage","@id":"https:\/\/franciscanos.org.br\/noticias\/encontro-dos-frades-estudantes-frei-joao-francisco-destaca-a-alegria-que-nasce-das-pequenas-coisas-2.html#webpage","url":"https:\/\/franciscanos.org.br\/noticias\/encontro-dos-frades-estudantes-frei-joao-francisco-destaca-a-alegria-que-nasce-das-pequenas-coisas-2.html","name":"Frei Jo\u00e3o destaca \"a alegria das pequenas coisas\" - Not\u00edcias - Franciscanos","isPartOf":{"@id":"https:\/\/franciscanos.org.br\/noticias\/#website"},"primaryImageOfPage":{"@id":"https:\/\/franciscanos.org.br\/noticias\/encontro-dos-frades-estudantes-frei-joao-francisco-destaca-a-alegria-que-nasce-das-pequenas-coisas-2.html#primaryimage"},"datePublished":"2018-08-03T02:05:36+00:00","dateModified":"2019-10-30T14:01:08+00:00","author":{"@id":"https:\/\/franciscanos.org.br\/noticias\/#\/schema\/person\/37f88f0d111cd5358b12a6556a99eb91"},"breadcrumb":{"@id":"https:\/\/franciscanos.org.br\/noticias\/encontro-dos-frades-estudantes-frei-joao-francisco-destaca-a-alegria-que-nasce-das-pequenas-coisas-2.html#breadcrumb"},"inLanguage":"pt-BR","potentialAction":[{"@type":"ReadAction","target":["https:\/\/franciscanos.org.br\/noticias\/encontro-dos-frades-estudantes-frei-joao-francisco-destaca-a-alegria-que-nasce-das-pequenas-coisas-2.html"]}]},{"@type":"BreadcrumbList","@id":"https:\/\/franciscanos.org.br\/noticias\/encontro-dos-frades-estudantes-frei-joao-francisco-destaca-a-alegria-que-nasce-das-pequenas-coisas-2.html#breadcrumb","itemListElement":[{"@type":"ListItem","position":1,"name":"Home","item":"https:\/\/franciscanos.org.br\/noticias"},{"@type":"ListItem","position":2,"name":"Frei Jo\u00e3o destaca &#8220;a alegria das pequenas coisas&#8221;"}]},{"@type":"Person","@id":"https:\/\/franciscanos.org.br\/noticias\/#\/schema\/person\/37f88f0d111cd5358b12a6556a99eb91","name":"freiaugusto","image":{"@type":"ImageObject","inLanguage":"pt-BR","@id":"https:\/\/franciscanos.org.br\/noticias\/#\/schema\/person\/image\/","url":"https:\/\/secure.gravatar.com\/avatar\/9840b940e621801b24f3e6b059efb4b7?s=96&d=mm&r=g","contentUrl":"https:\/\/secure.gravatar.com\/avatar\/9840b940e621801b24f3e6b059efb4b7?s=96&d=mm&r=g","caption":"freiaugusto"},"url":"https:\/\/franciscanos.org.br\/noticias\/author\/freiaugusto"}]}},"_links":{"self":[{"href":"https:\/\/franciscanos.org.br\/noticias\/wp-json\/wp\/v2\/posts\/188329"}],"collection":[{"href":"https:\/\/franciscanos.org.br\/noticias\/wp-json\/wp\/v2\/posts"}],"about":[{"href":"https:\/\/franciscanos.org.br\/noticias\/wp-json\/wp\/v2\/types\/post"}],"author":[{"embeddable":true,"href":"https:\/\/franciscanos.org.br\/noticias\/wp-json\/wp\/v2\/users\/5"}],"replies":[{"embeddable":true,"href":"https:\/\/franciscanos.org.br\/noticias\/wp-json\/wp\/v2\/comments?post=188329"}],"version-history":[{"count":0,"href":"https:\/\/franciscanos.org.br\/noticias\/wp-json\/wp\/v2\/posts\/188329\/revisions"}],"wp:featuredmedia":[{"embeddable":true,"href":"https:\/\/franciscanos.org.br\/noticias\/wp-json\/wp\/v2\/media\/210085"}],"wp:attachment":[{"href":"https:\/\/franciscanos.org.br\/noticias\/wp-json\/wp\/v2\/media?parent=188329"}],"wp:term":[{"taxonomy":"category","embeddable":true,"href":"https:\/\/franciscanos.org.br\/noticias\/wp-json\/wp\/v2\/categories?post=188329"},{"taxonomy":"post_tag","embeddable":true,"href":"https:\/\/franciscanos.org.br\/noticias\/wp-json\/wp\/v2\/tags?post=188329"}],"curies":[{"name":"wp","href":"https:\/\/api.w.org\/{rel}","templated":true}]}}