{"id":188320,"date":"2018-07-03T06:56:39","date_gmt":"2018-07-03T09:56:39","guid":{"rendered":"http:\/\/franciscanos.org.br\/?p=165981"},"modified":"2019-08-19T11:13:16","modified_gmt":"2019-08-19T14:13:16","slug":"1o-dia-o-legado-de-frei-harada-2","status":"publish","type":"post","link":"https:\/\/franciscanos.org.br\/noticias\/1o-dia-o-legado-de-frei-harada-2.html","title":{"rendered":"Dia de &quot;encontro&quot; com Frei Harada em Rondinha"},"content":{"rendered":"<p><img loading=\"lazy\" class=\"alignnone wp-image-192304 size-full\" src=\"https:\/\/franciscanos.org.br\/noticias\/wp-content\/uploads\/2018\/07\/encontro_harada_2.jpg\" alt=\"\" width=\"890\" height=\"500\" srcset=\"https:\/\/franciscanos.org.br\/noticias\/wp-content\/uploads\/2018\/07\/encontro_harada_2.jpg 890w, https:\/\/franciscanos.org.br\/noticias\/wp-content\/uploads\/2018\/07\/encontro_harada_2-450x253.jpg 450w, https:\/\/franciscanos.org.br\/noticias\/wp-content\/uploads\/2018\/07\/encontro_harada_2-768x431.jpg 768w, https:\/\/franciscanos.org.br\/noticias\/wp-content\/uploads\/2018\/07\/encontro_harada_2-150x84.jpg 150w\" sizes=\"(max-width: 890px) 100vw, 890px\" \/><\/p>\n<p><strong>Frei Augusto Luiz Gabriel<\/strong><\/p>\n<p><strong>Rondinha (PR) \u2013 &#8220;<\/strong>Quem entendeu o que \u00e9 encontro, entendeu tudo\u201d. A frase de Frei Herm\u00f3genes Harada resume o que foi o primeiro dia (2\/7) do Encontro Celebrativo dos 10 anos da morte deste frade, em andamento no Convento S\u00e3o Boaventura de Rondinha, em Campo Largo (PR). O Secret\u00e1rio Geral da CNBB, Dom Leonardo Ulrich Steiner, abriu as reflex\u00f5es abordando o tema \u201cO encontro com Jesus Cristo e seu seguimento\u201d para cerca de 50 participantes das mais diversas localidades do pa\u00eds. Entre uma reflex\u00e3o e outra, testemunhos e hist\u00f3rias dominaram este come\u00e7o do evento celebrativo, que promete ter outras edi\u00e7\u00f5es, e\u00a0tamb\u00e9m marcou\u00a0pelo lan\u00e7amento do livro \u201cDa fidelidade do pensamento \u2013 Fragmentos de um Di\u00e1rio\u201d, escrito por Frei Herm\u00f3genes em 1975.<\/p>\n<p>Frei Uli, como \u00e9 chamado pelos seus confrades desta Prov\u00edncia da Imaculada Concei\u00e7\u00e3o, iniciou suas reflex\u00f5es voltando no tempo. Em 1986, era mestre dos novi\u00e7os em Rodeio e, mensalmente, reunia-se com Frei Herm\u00f3genes\u00a0no Noviciado para estudarem e lerem os Escritos de S\u00e3o Francisco. Na \u00faltima vez que esteve l\u00e1,\u00a0 leram a &#8220;Primeira Admoesta\u00e7\u00e3o&#8221; e Dom Leonardo contou que teve uma certa dificuldade para entender \u201ca luz inacess\u00edvel\u201d de que fala esse Escrito. Frei Harada, que viajara na madrugada no outro dia, deixou debaixo da porta do quarto do mestre de novi\u00e7os um bilhete <em><a href=\"http:\/\/franciscanos.org.br\/?p=166068\">(<\/a><a href=\"https:\/\/franciscanos.org.br\/noticias\/bilhete-de-frei-harada-a-dom-leonardo.html\">veja a \u00edntegra<\/a><\/em>), escrito \u00e0 m\u00e3o, dizendo que para\u00a0<em>S\u00e3o Francisco<\/em> a \u00fanica possibilidade nossa de ver a Deus inacess\u00edvel \u00e9 com gratid\u00e3o profunda diante desse amor humilde que vem de encontro a n\u00f3s.<em>\u00a0<\/em><\/p>\n<p><img loading=\"lazy\" src=\"http:\/\/franciscanos.org.br\/wp-content\/uploads\/2018\/07\/harada_020718_2.jpg\" alt=\"harada_020718_2\" width=\"830\" height=\"400\" \/><\/p>\n<p>Dom Leonardo disse que numa visita a Frei Harada, quando estava na UTI, antes de um encontro de estudo que haviam organizado, com o intuito de aprofundar a quest\u00e3o da hist\u00f3ria e da historicidade, ele falou convictamente: \u201c\u00c9 preciso entender o que \u00e9 encontro. Quem entendeu o que \u00e9 encontro, entendeu tudo\u201d. E continuou o bispo franciscano: \u201cQuem entendeu encontro entendeu tudo! Essa quest\u00e3o vem me acompanhando, questionando, animando\u201d, revelou.<\/p>\n<p><img loading=\"lazy\" class=\"size-medium wp-image-192359 alignright\" src=\"https:\/\/franciscanos.org.br\/noticias\/wp-content\/uploads\/2018\/07\/harada_020718_3-319x450.jpg\" alt=\"\" width=\"319\" height=\"450\" srcset=\"https:\/\/franciscanos.org.br\/noticias\/wp-content\/uploads\/2018\/07\/harada_020718_3-319x450.jpg 319w, https:\/\/franciscanos.org.br\/noticias\/wp-content\/uploads\/2018\/07\/harada_020718_3-768x1084.jpg 768w, https:\/\/franciscanos.org.br\/noticias\/wp-content\/uploads\/2018\/07\/harada_020718_3-725x1024.jpg 725w, https:\/\/franciscanos.org.br\/noticias\/wp-content\/uploads\/2018\/07\/harada_020718_3-150x212.jpg 150w\" sizes=\"(max-width: 319px) 100vw, 319px\" \/>Dom Leonardo prop\u00f4s aos participantes um encontro de partilha e provoca\u00e7\u00f5es. \u201cOs textos espirituais, o Evangelho n\u00e3o est\u00e3o falando de fatos-coisas, n\u00e3o \u00e9 narra\u00e7\u00e3o das hist\u00f3rias do passado! S\u00e3o hist\u00f3rias de encontro!\u201d, disse.<\/p>\n<p>Segundo o frade, quando se fala de inacessibilidade, est\u00e1 se tentando representar um lugar ou uma coisa que est\u00e1 longe, de dif\u00edcil acesso. \u201cInacess\u00edvel eram os doces que nossa m\u00e3e fazia e escondia em cima do arm\u00e1rio quando \u00e9ramos crian\u00e7as e n\u00e3o pod\u00edamos alcan\u00e7ar. Inacess\u00edvel significa algo que, por estar longe de mim ou no lugar onde n\u00e3o consigo chegar, torna-se imposs\u00edvel de ser possu\u00eddo ou de ser tocado por mim. Mas se eu tivesse um meio ou um modo, um caminho, eu o alcan\u00e7aria, eu o tocaria\u201d, refletiu. Para Dom Leonardo, &#8220;o encontro \u00e9 puro toque, puro golpe&#8221;. &#8220;E tudo \u00e9 sustentado na gratuidade do mist\u00e9rio do pr\u00f3prio toque, que se deixa tocar e se desvela numa unidade onde tudo apenas \u00e9\u201d, filosofou.<\/p>\n<p>Por isso, quando se diz: \u201cProve que eu creio; quero ver como \u00e9 isso; \u00e9 imposs\u00edvel de compreender\u201d, s\u00e3o todas atitudes de quem acha que \u00e9 de sua compet\u00eancia poder fazer o Encontro acess\u00edvel a partir de si. \u201cO encontro s\u00f3 \u00e9 acess\u00edvel na recep\u00e7\u00e3o grata e humilde de amor\u201d, ensinou. \u201cTu, Senhor, Palavra e eterna crian\u00e7a, criadora de um novo c\u00e9u e uma nova terra, n\u00e3o mais te imploramos, nem sequer te buscamos, nem mesmo te nomeamos. Silenciosamente apenas te olhamos, te admiramos, te cuidamos, te reverenciamos. Pois, como a um filho te ouvimos e te carregamos com nossos olhos, em nossos bra\u00e7os, em nosso rega\u00e7o\u201d, completou.<\/p>\n<p><strong>FONTES FRANCISCANAS COMO NOSSA FORMA\u00c7\u00c3O<\/strong><\/p>\n<p>Frei Dorvalino Fassini, coordenador do encontro, falou sobre o estudo das Fontes Franciscanas como forma\u00e7\u00e3o b\u00e1sica dos franciscanos. Segundo ele, logo ap\u00f3s o Vaticano II &#8211;\u00a0 e com o princ\u00edpio do franciscano Papa Jo\u00e3o XXIII -, era necess\u00e1rio voltar \u00e0s origens, isto \u00e9, voltar a Jesus Cristo, ao Evangelho.<\/p>\n<p><img loading=\"lazy\" class=\"size-medium wp-image-192360 alignleft\" src=\"https:\/\/franciscanos.org.br\/noticias\/wp-content\/uploads\/2018\/07\/harada_020718_4-353x450.jpg\" alt=\"\" width=\"353\" height=\"450\" srcset=\"https:\/\/franciscanos.org.br\/noticias\/wp-content\/uploads\/2018\/07\/harada_020718_4-353x450.jpg 353w, https:\/\/franciscanos.org.br\/noticias\/wp-content\/uploads\/2018\/07\/harada_020718_4-768x979.jpg 768w, https:\/\/franciscanos.org.br\/noticias\/wp-content\/uploads\/2018\/07\/harada_020718_4-804x1024.jpg 804w, https:\/\/franciscanos.org.br\/noticias\/wp-content\/uploads\/2018\/07\/harada_020718_4-150x191.jpg 150w, https:\/\/franciscanos.org.br\/noticias\/wp-content\/uploads\/2018\/07\/harada_020718_4-1200x1529.jpg 1200w\" sizes=\"(max-width: 353px) 100vw, 353px\" \/>Neste sentido, os franciscanos no Brasil sentiram-se incentivados e criaram o curso de Espiritualidade Franciscana, com dura\u00e7\u00e3o de um ano, em Petr\u00f3polis (RJ). Aconteceu que logo no primeiro ano o diretor do curso saiu, deixando Frei Herm\u00f3genes, Frei Gamaliel e Frei Arcangelo Buzzi sozinhos.<br \/>\n\u201cO que \u00e9 importante acentuar \u00e9 que foi atrav\u00e9s deste grupo, principalmente de Frei Herm\u00f3genes, que n\u00f3s, franciscanos no Brasil, come\u00e7amos a ter as Fontes Franciscanas presentes na nossa forma\u00e7\u00e3o. Ou seja, come\u00e7ou-se, portanto a ler, a estudar esses documentos\u201d, lembrou o frade.<\/p>\n<p>Para ele, \u00e9 necess\u00e1rio que haja distin\u00e7\u00e3o entre a dimens\u00e3o historiogr\u00e1fica e a dimens\u00e3o espiritual das Fontes. \u201cMuitas pessoas olham apenas o aspecto historiogr\u00e1fico, isto \u00e9, como documentos que relatam os fatos, os acontecimentos verific\u00e1veis, que podem ser provados cientificamente. Se um fato n\u00e3o \u00e9 provado cientificamente \u00e9 desconsiderado para a forma\u00e7\u00e3o, para a espiritualidade. O importante \u00e9 perceber que as Fontes n\u00e3o nasceram dos fatos. Os fatos \u00e9 que nasceram das Fontes&#8221;, destacou.<\/p>\n<p>Para o mestre em espiritualidade franciscana, as Fontes s\u00e3o as guardi\u00e3s e o entusiasmo da gra\u00e7a do encontro. \u201cFrei Herm\u00f3genes ensinou que n\u00e3o se deve ter apenas as Fontes em nossa vida, mas que as Fontes devem ser a nossa vida\u201d, acrescentou.<\/p>\n<p>Citando a introdu\u00e7\u00e3o da <em>Verbum Domini<\/em>, do Papa Em\u00e9rito Bento XVI, Frei Dorvalino acredita que a Palavra de Deus ser\u00e1 a fonte de toda a vida da Igreja, como a Eucaristia \u00e9 a Fonte, mas n\u00e3o basta apenas usar a B\u00edblia, pois\u00a0s\u00f3 usar ainda n\u00e3o \u00e9 ter a B\u00edblia como fonte. \u201cPor que quando usamos as Fontes, encaixamo-las dentro de nossos projetos, dentro da forma\u00e7\u00e3o. Este, para mim, \u00e9 o Legado que Frei Herm\u00f3genes nos prop\u00f5e: a forma\u00e7\u00e3o deve nascer das Fontes e n\u00e3o apenas usando as Fontes\u201d, concluiu.<\/p>\n<p>Frei Alo\u00edsio de Oliveira e as irm\u00e3s Amarilda e Claudenice falaram como acontece a forma\u00e7\u00e3o franciscana, baseada no m\u00e9todo exposto por Frei Dorvalino, em suas respectivas casas de forma\u00e7\u00e3o. Todos afirmaram que os textos de Frei Harada fazem parte do conte\u00fado program\u00e1tico do ano em suas casas de forma\u00e7\u00e3o.<\/p>\n<p><strong>TESTEMUNHOS DA HIST\u00d3RIA DE UMA ALMA<\/strong><\/p>\n<p><img loading=\"lazy\" class=\"size-medium wp-image-192361 alignright\" src=\"https:\/\/franciscanos.org.br\/noticias\/wp-content\/uploads\/2018\/07\/lembran\u00e7a_sacerd\u00f3cio-450x392.jpg\" alt=\"\" width=\"450\" height=\"392\" srcset=\"https:\/\/franciscanos.org.br\/noticias\/wp-content\/uploads\/2018\/07\/lembran\u00e7a_sacerd\u00f3cio-450x392.jpg 450w, https:\/\/franciscanos.org.br\/noticias\/wp-content\/uploads\/2018\/07\/lembran\u00e7a_sacerd\u00f3cio-768x669.jpg 768w, https:\/\/franciscanos.org.br\/noticias\/wp-content\/uploads\/2018\/07\/lembran\u00e7a_sacerd\u00f3cio-150x131.jpg 150w, https:\/\/franciscanos.org.br\/noticias\/wp-content\/uploads\/2018\/07\/lembran\u00e7a_sacerd\u00f3cio.jpg 826w\" sizes=\"(max-width: 450px) 100vw, 450px\" \/>Irm\u00e3 Helena Maria Sinoka, das Irm\u00e3s Catequistas de Jaragu\u00e1 (SP), partilhou com os presentes um verdadeiro acervo fotogr\u00e1fico de Frei Herm\u00f3genes, lembrando inclusive as origens do frade japon\u00eas. Momento din\u00e2mico que fez surgir muitas perguntas e revela\u00e7\u00f5es. Muitas pessoas presentes no evento nunca tinham visto imagens do frade e tamb\u00e9m n\u00e3o tinham conhecimento de alguns dados.<\/p>\n<p>Entre as fotos, uma bela coincid\u00eancia: ao ser exibido\u00a0 a imagem da lembran\u00e7a de Ordena\u00e7\u00e3o Presbiteral do frade, constatou-se que exatamente no dia 2 de julho, portanto h\u00e1 62 anos, ele foi ordenado presb\u00edtero. A primeira missa de Frei Herm\u00f3genes foi no hist\u00f3rico Convento S\u00e3o Francisco, situado no centro de S\u00e3o Paulo.<\/p>\n<p>Em seguida, Frei Gamaliel Devigili, que conviveu com Frei Harada, abordou o tema \u201cCurso Cefepal: Uma experi\u00eancia do ressurgimento do pensamento franciscano contido nas Fontes Franciscanas\u201d. Segundo ele, falar de fonte \u00e9 a mesma coisa que falar de princ\u00edpio, de origem. Para ele, os textos das Fontes n\u00e3o sa\u00edram da cabe\u00e7a de S\u00e3o Francisco. \u201cEle parte da fonte original que \u00e9 Deus Pai, Filho, Esp\u00edrito Santo\u201d, acentuou. Frei Gamaliel tamb\u00e9m recordou como funcionavam os trabalhos no Cefepal.<\/p>\n<p><strong>LAN\u00c7AMENTO DO LIVRO DE FREI HARADA<\/strong><\/p>\n<p>O momento conclusivo do dia foi mais que especial. Irm\u00e3 Luci Fontenelle, juntamente com Frei Dorvalino, lan\u00e7aram o livro \u201cDa Fidelidade do Pensamento \u2013 Fragmentos de um Di\u00e1rio\u201d, de Frei Herm\u00f3genes Harada, escritos e pensamentos do frade do ano 1975.<\/p>\n<p><img loading=\"lazy\" class=\"alignleft wp-image-165998 \" src=\"http:\/\/franciscanos.org.br\/wp-content\/uploads\/2018\/07\/harada_020718_5.jpg\" alt=\"harada_020718_5\" width=\"485\" height=\"306\" \/>Harada foi um pensador, um homem que nasceu, trabalhou e festejou o pensamento. Este di\u00e1rio \u00e9 um texto que testemunha esse nascer e morrer a cada dia. O di\u00e1rio original foi entregue a Frei Guido Scheidt, que dever\u00e1 encaminh\u00e1-lo aos arquivos da Prov\u00edncia da Imaculada.<\/p>\n<p>Na introdu\u00e7\u00e3o do livro, escreve Marco Aur\u00e9lio Fernandes: \u201cPor e para ser fiel ao Pensamento, enquanto Esp\u00edrito, e a concretude de sua liberdade, Harada foi intempestivo, inoportuno. Sabia que nenhuma reforma restitui o vigor origin\u00e1rio, frontal de ser, do que quer que seja, sem a transforma\u00e7\u00e3o radical e revolucion\u00e1ria do Pensamento. Foi agudamente cr\u00edtico, mas ao mesmo tempo, como um vassalo de um Gr\u00e3o-Senhor, firmemente s\u00fadito, na fidelidade da obedi\u00eancia, isto \u00e9, na ausculta da autoridade da Vida, aprendendo a abnega\u00e7\u00e3o de toda e qualquer prefer\u00eancia. Ele viveu a abnega\u00e7\u00e3o, por\u00e9m, como a alegria da ren\u00fancia: da re-anuncia da Jovialidade do Mist\u00e9rio. Foi contundente como a espada de um Samurai. Algo do <em>Bushi-do <\/em>(o caminho da espada, do guerreiro), estava sempre vigente em seu engajamento. Era o corte afiado da decis\u00e3o que aparecia ent\u00e3o. Seu engajamento, por\u00e9m, foi pelo Ser, isto \u00e9, pelo adensamento da vida em sua gratuidade sem por qu\u00ea. Por isso, retraiu-se de todo o falat\u00f3rio e de toda a agita\u00e7\u00e3o est\u00e9ril da publicidade. Sua contund\u00eancia e dureza guerreira, por\u00e9m, trazia consigo um aprofunda ternura. Sua alma seca escondia a suavidade da ternura. Aprendera a amar assim&#8230; profundamente&#8230;\u201d<\/p>\n<p><strong>CELEBRA\u00c7\u00c3O EUCAR\u00cdSTICA<\/strong><\/p>\n<p>A Celebra\u00e7\u00e3o Eucar\u00edstica do dia\u00a0 foi presidida pelo Bispo da Diocese de Umuarama (PR), Dom Jo\u00e3o Mamede Filho, frade conventual. Dom Leonardo Steiner, Frei Valdir Laurentino, da Fraternidade Franciscana S\u00e3o Boaventura e Frei Levi Jones Botke, da Congrega\u00e7\u00e3o dos Frades Menores Mission\u00e1rios foram os concelebrantes. A Missa n\u00e3o teve homilia, pois as reflex\u00f5es ficaram reservadas para o momento do encontro.<br \/>\n<img loading=\"lazy\" src=\"http:\/\/franciscanos.org.br\/wp-content\/uploads\/2018\/07\/harada_020718_6.jpg\" alt=\"harada_020718_6\" width=\"830\" height=\"400\" \/><\/p>\n<h2 style=\"text-align: center;\"><strong>IMAGENS DO 1\u00ba DIA DO ENCONTRO CELEBRATIVO DE FREI HARADA<\/strong><\/h2>\n\n\t\t<style type=\"text\/css\">\n\t\t\t#gallery-1 {\n\t\t\t\tmargin: auto;\n\t\t\t}\n\t\t\t#gallery-1 .gallery-item {\n\t\t\t\tfloat: left;\n\t\t\t\tmargin-top: 10px;\n\t\t\t\ttext-align: center;\n\t\t\t\twidth: 25%;\n\t\t\t}\n\t\t\t#gallery-1 img {\n\t\t\t\tborder: 2px solid #cfcfcf;\n\t\t\t}\n\t\t\t#gallery-1 .gallery-caption {\n\t\t\t\tmargin-left: 0;\n\t\t\t}\n\t\t\t\/* see gallery_shortcode() in wp-includes\/media.php *\/\n\t\t<\/style>\n\t\t<div id='gallery-1' class='gallery galleryid-188320 gallery-columns-4 gallery-size-thumbnail'><dl class='gallery-item'>\n\t\t\t<dt class='gallery-icon landscape'>\n\t\t\t\t<a href='https:\/\/franciscanos.org.br\/noticias\/wp-content\/uploads\/2018\/07\/encontro_harada_020718-1.jpg'><img width=\"300\" height=\"300\" src=\"https:\/\/franciscanos.org.br\/noticias\/wp-content\/uploads\/2018\/07\/encontro_harada_020718-1-300x300.jpg\" class=\"attachment-thumbnail size-thumbnail\" alt=\"\" loading=\"lazy\" srcset=\"https:\/\/franciscanos.org.br\/noticias\/wp-content\/uploads\/2018\/07\/encontro_harada_020718-1-300x300.jpg 300w, https:\/\/franciscanos.org.br\/noticias\/wp-content\/uploads\/2018\/07\/encontro_harada_020718-1-400x400.jpg 400w\" sizes=\"(max-width: 300px) 100vw, 300px\" \/><\/a>\n\t\t\t<\/dt><\/dl><dl class='gallery-item'>\n\t\t\t<dt class='gallery-icon landscape'>\n\t\t\t\t<a href='https:\/\/franciscanos.org.br\/noticias\/wp-content\/uploads\/2018\/07\/encontro_harada_020718-2.jpg'><img width=\"300\" height=\"300\" src=\"https:\/\/franciscanos.org.br\/noticias\/wp-content\/uploads\/2018\/07\/encontro_harada_020718-2-300x300.jpg\" class=\"attachment-thumbnail size-thumbnail\" alt=\"\" loading=\"lazy\" srcset=\"https:\/\/franciscanos.org.br\/noticias\/wp-content\/uploads\/2018\/07\/encontro_harada_020718-2-300x300.jpg 300w, https:\/\/franciscanos.org.br\/noticias\/wp-content\/uploads\/2018\/07\/encontro_harada_020718-2-400x400.jpg 400w\" sizes=\"(max-width: 300px) 100vw, 300px\" \/><\/a>\n\t\t\t<\/dt><\/dl><dl class='gallery-item'>\n\t\t\t<dt class='gallery-icon landscape'>\n\t\t\t\t<a href='https:\/\/franciscanos.org.br\/noticias\/wp-content\/uploads\/2018\/07\/encontro_harada_020718-3.jpg'><img width=\"300\" height=\"300\" src=\"https:\/\/franciscanos.org.br\/noticias\/wp-content\/uploads\/2018\/07\/encontro_harada_020718-3-300x300.jpg\" class=\"attachment-thumbnail size-thumbnail\" alt=\"\" loading=\"lazy\" srcset=\"https:\/\/franciscanos.org.br\/noticias\/wp-content\/uploads\/2018\/07\/encontro_harada_020718-3-300x300.jpg 300w, https:\/\/franciscanos.org.br\/noticias\/wp-content\/uploads\/2018\/07\/encontro_harada_020718-3-400x400.jpg 400w\" sizes=\"(max-width: 300px) 100vw, 300px\" \/><\/a>\n\t\t\t<\/dt><\/dl><dl class='gallery-item'>\n\t\t\t<dt class='gallery-icon landscape'>\n\t\t\t\t<a href='https:\/\/franciscanos.org.br\/noticias\/wp-content\/uploads\/2018\/07\/encontro_harada_020718-4.jpg'><img width=\"300\" height=\"300\" src=\"https:\/\/franciscanos.org.br\/noticias\/wp-content\/uploads\/2018\/07\/encontro_harada_020718-4-300x300.jpg\" class=\"attachment-thumbnail size-thumbnail\" alt=\"\" loading=\"lazy\" srcset=\"https:\/\/franciscanos.org.br\/noticias\/wp-content\/uploads\/2018\/07\/encontro_harada_020718-4-300x300.jpg 300w, https:\/\/franciscanos.org.br\/noticias\/wp-content\/uploads\/2018\/07\/encontro_harada_020718-4-400x400.jpg 400w\" sizes=\"(max-width: 300px) 100vw, 300px\" \/><\/a>\n\t\t\t<\/dt><\/dl><br style=\"clear: both\" \/><dl class='gallery-item'>\n\t\t\t<dt class='gallery-icon landscape'>\n\t\t\t\t<a href='https:\/\/franciscanos.org.br\/noticias\/wp-content\/uploads\/2018\/07\/encontro_harada_020718-5.jpg'><img width=\"300\" height=\"300\" src=\"https:\/\/franciscanos.org.br\/noticias\/wp-content\/uploads\/2018\/07\/encontro_harada_020718-5-300x300.jpg\" class=\"attachment-thumbnail size-thumbnail\" alt=\"\" loading=\"lazy\" srcset=\"https:\/\/franciscanos.org.br\/noticias\/wp-content\/uploads\/2018\/07\/encontro_harada_020718-5-300x300.jpg 300w, https:\/\/franciscanos.org.br\/noticias\/wp-content\/uploads\/2018\/07\/encontro_harada_020718-5-400x400.jpg 400w\" sizes=\"(max-width: 300px) 100vw, 300px\" \/><\/a>\n\t\t\t<\/dt><\/dl><dl class='gallery-item'>\n\t\t\t<dt class='gallery-icon landscape'>\n\t\t\t\t<a href='https:\/\/franciscanos.org.br\/noticias\/wp-content\/uploads\/2018\/07\/encontro_harada_020718-6.jpg'><img width=\"300\" height=\"300\" src=\"https:\/\/franciscanos.org.br\/noticias\/wp-content\/uploads\/2018\/07\/encontro_harada_020718-6-300x300.jpg\" class=\"attachment-thumbnail size-thumbnail\" alt=\"\" loading=\"lazy\" srcset=\"https:\/\/franciscanos.org.br\/noticias\/wp-content\/uploads\/2018\/07\/encontro_harada_020718-6-300x300.jpg 300w, https:\/\/franciscanos.org.br\/noticias\/wp-content\/uploads\/2018\/07\/encontro_harada_020718-6-400x400.jpg 400w\" sizes=\"(max-width: 300px) 100vw, 300px\" \/><\/a>\n\t\t\t<\/dt><\/dl><dl class='gallery-item'>\n\t\t\t<dt class='gallery-icon landscape'>\n\t\t\t\t<a href='https:\/\/franciscanos.org.br\/noticias\/wp-content\/uploads\/2018\/07\/encontro_harada_020718-7.jpg'><img width=\"300\" height=\"300\" src=\"https:\/\/franciscanos.org.br\/noticias\/wp-content\/uploads\/2018\/07\/encontro_harada_020718-7-300x300.jpg\" class=\"attachment-thumbnail size-thumbnail\" alt=\"\" loading=\"lazy\" srcset=\"https:\/\/franciscanos.org.br\/noticias\/wp-content\/uploads\/2018\/07\/encontro_harada_020718-7-300x300.jpg 300w, https:\/\/franciscanos.org.br\/noticias\/wp-content\/uploads\/2018\/07\/encontro_harada_020718-7-400x400.jpg 400w\" sizes=\"(max-width: 300px) 100vw, 300px\" \/><\/a>\n\t\t\t<\/dt><\/dl><dl class='gallery-item'>\n\t\t\t<dt class='gallery-icon landscape'>\n\t\t\t\t<a href='https:\/\/franciscanos.org.br\/noticias\/wp-content\/uploads\/2018\/07\/encontro_harada_020718-8.jpg'><img width=\"300\" height=\"300\" src=\"https:\/\/franciscanos.org.br\/noticias\/wp-content\/uploads\/2018\/07\/encontro_harada_020718-8-300x300.jpg\" class=\"attachment-thumbnail size-thumbnail\" alt=\"\" loading=\"lazy\" srcset=\"https:\/\/franciscanos.org.br\/noticias\/wp-content\/uploads\/2018\/07\/encontro_harada_020718-8-300x300.jpg 300w, https:\/\/franciscanos.org.br\/noticias\/wp-content\/uploads\/2018\/07\/encontro_harada_020718-8-400x400.jpg 400w\" sizes=\"(max-width: 300px) 100vw, 300px\" \/><\/a>\n\t\t\t<\/dt><\/dl><br style=\"clear: both\" \/><dl class='gallery-item'>\n\t\t\t<dt class='gallery-icon landscape'>\n\t\t\t\t<a href='https:\/\/franciscanos.org.br\/noticias\/wp-content\/uploads\/2018\/07\/encontro_harada_020718-9.jpg'><img width=\"300\" height=\"300\" src=\"https:\/\/franciscanos.org.br\/noticias\/wp-content\/uploads\/2018\/07\/encontro_harada_020718-9-300x300.jpg\" class=\"attachment-thumbnail size-thumbnail\" alt=\"\" loading=\"lazy\" srcset=\"https:\/\/franciscanos.org.br\/noticias\/wp-content\/uploads\/2018\/07\/encontro_harada_020718-9-300x300.jpg 300w, https:\/\/franciscanos.org.br\/noticias\/wp-content\/uploads\/2018\/07\/encontro_harada_020718-9-400x400.jpg 400w\" sizes=\"(max-width: 300px) 100vw, 300px\" \/><\/a>\n\t\t\t<\/dt><\/dl><dl class='gallery-item'>\n\t\t\t<dt class='gallery-icon landscape'>\n\t\t\t\t<a href='https:\/\/franciscanos.org.br\/noticias\/wp-content\/uploads\/2018\/07\/encontro_harada_020718-10.jpg'><img width=\"300\" height=\"300\" src=\"https:\/\/franciscanos.org.br\/noticias\/wp-content\/uploads\/2018\/07\/encontro_harada_020718-10-300x300.jpg\" class=\"attachment-thumbnail size-thumbnail\" alt=\"\" loading=\"lazy\" srcset=\"https:\/\/franciscanos.org.br\/noticias\/wp-content\/uploads\/2018\/07\/encontro_harada_020718-10-300x300.jpg 300w, https:\/\/franciscanos.org.br\/noticias\/wp-content\/uploads\/2018\/07\/encontro_harada_020718-10-400x400.jpg 400w\" sizes=\"(max-width: 300px) 100vw, 300px\" \/><\/a>\n\t\t\t<\/dt><\/dl><dl class='gallery-item'>\n\t\t\t<dt class='gallery-icon landscape'>\n\t\t\t\t<a href='https:\/\/franciscanos.org.br\/noticias\/wp-content\/uploads\/2018\/07\/encontro_harada_020718-11.jpg'><img width=\"300\" height=\"300\" src=\"https:\/\/franciscanos.org.br\/noticias\/wp-content\/uploads\/2018\/07\/encontro_harada_020718-11-300x300.jpg\" class=\"attachment-thumbnail size-thumbnail\" alt=\"\" loading=\"lazy\" srcset=\"https:\/\/franciscanos.org.br\/noticias\/wp-content\/uploads\/2018\/07\/encontro_harada_020718-11-300x300.jpg 300w, https:\/\/franciscanos.org.br\/noticias\/wp-content\/uploads\/2018\/07\/encontro_harada_020718-11-400x400.jpg 400w\" sizes=\"(max-width: 300px) 100vw, 300px\" \/><\/a>\n\t\t\t<\/dt><\/dl><dl class='gallery-item'>\n\t\t\t<dt class='gallery-icon landscape'>\n\t\t\t\t<a href='https:\/\/franciscanos.org.br\/noticias\/wp-content\/uploads\/2018\/07\/encontro_harada_020718-12.jpg'><img width=\"300\" height=\"300\" src=\"https:\/\/franciscanos.org.br\/noticias\/wp-content\/uploads\/2018\/07\/encontro_harada_020718-12-300x300.jpg\" class=\"attachment-thumbnail size-thumbnail\" alt=\"\" loading=\"lazy\" srcset=\"https:\/\/franciscanos.org.br\/noticias\/wp-content\/uploads\/2018\/07\/encontro_harada_020718-12-300x300.jpg 300w, https:\/\/franciscanos.org.br\/noticias\/wp-content\/uploads\/2018\/07\/encontro_harada_020718-12-400x400.jpg 400w\" sizes=\"(max-width: 300px) 100vw, 300px\" \/><\/a>\n\t\t\t<\/dt><\/dl><br style=\"clear: both\" \/><dl class='gallery-item'>\n\t\t\t<dt class='gallery-icon landscape'>\n\t\t\t\t<a href='https:\/\/franciscanos.org.br\/noticias\/wp-content\/uploads\/2018\/07\/encontro_harada_020718-13.jpg'><img width=\"300\" height=\"300\" src=\"https:\/\/franciscanos.org.br\/noticias\/wp-content\/uploads\/2018\/07\/encontro_harada_020718-13-300x300.jpg\" class=\"attachment-thumbnail size-thumbnail\" alt=\"\" loading=\"lazy\" srcset=\"https:\/\/franciscanos.org.br\/noticias\/wp-content\/uploads\/2018\/07\/encontro_harada_020718-13-300x300.jpg 300w, https:\/\/franciscanos.org.br\/noticias\/wp-content\/uploads\/2018\/07\/encontro_harada_020718-13-400x400.jpg 400w\" sizes=\"(max-width: 300px) 100vw, 300px\" \/><\/a>\n\t\t\t<\/dt><\/dl><dl class='gallery-item'>\n\t\t\t<dt class='gallery-icon landscape'>\n\t\t\t\t<a href='https:\/\/franciscanos.org.br\/noticias\/wp-content\/uploads\/2018\/07\/encontro_harada_020718-14.jpg'><img width=\"300\" height=\"300\" src=\"https:\/\/franciscanos.org.br\/noticias\/wp-content\/uploads\/2018\/07\/encontro_harada_020718-14-300x300.jpg\" class=\"attachment-thumbnail size-thumbnail\" alt=\"\" loading=\"lazy\" srcset=\"https:\/\/franciscanos.org.br\/noticias\/wp-content\/uploads\/2018\/07\/encontro_harada_020718-14-300x300.jpg 300w, https:\/\/franciscanos.org.br\/noticias\/wp-content\/uploads\/2018\/07\/encontro_harada_020718-14-400x400.jpg 400w\" sizes=\"(max-width: 300px) 100vw, 300px\" \/><\/a>\n\t\t\t<\/dt><\/dl><dl class='gallery-item'>\n\t\t\t<dt class='gallery-icon landscape'>\n\t\t\t\t<a href='https:\/\/franciscanos.org.br\/noticias\/wp-content\/uploads\/2018\/07\/encontro_harada_020718-15.jpg'><img width=\"300\" height=\"300\" src=\"https:\/\/franciscanos.org.br\/noticias\/wp-content\/uploads\/2018\/07\/encontro_harada_020718-15-300x300.jpg\" class=\"attachment-thumbnail size-thumbnail\" alt=\"\" loading=\"lazy\" srcset=\"https:\/\/franciscanos.org.br\/noticias\/wp-content\/uploads\/2018\/07\/encontro_harada_020718-15-300x300.jpg 300w, https:\/\/franciscanos.org.br\/noticias\/wp-content\/uploads\/2018\/07\/encontro_harada_020718-15-400x400.jpg 400w\" sizes=\"(max-width: 300px) 100vw, 300px\" \/><\/a>\n\t\t\t<\/dt><\/dl><dl class='gallery-item'>\n\t\t\t<dt class='gallery-icon landscape'>\n\t\t\t\t<a href='https:\/\/franciscanos.org.br\/noticias\/wp-content\/uploads\/2018\/07\/encontro_harada_020718-16.jpg'><img width=\"300\" height=\"300\" src=\"https:\/\/franciscanos.org.br\/noticias\/wp-content\/uploads\/2018\/07\/encontro_harada_020718-16-300x300.jpg\" class=\"attachment-thumbnail size-thumbnail\" alt=\"\" loading=\"lazy\" srcset=\"https:\/\/franciscanos.org.br\/noticias\/wp-content\/uploads\/2018\/07\/encontro_harada_020718-16-300x300.jpg 300w, https:\/\/franciscanos.org.br\/noticias\/wp-content\/uploads\/2018\/07\/encontro_harada_020718-16-400x400.jpg 400w\" sizes=\"(max-width: 300px) 100vw, 300px\" \/><\/a>\n\t\t\t<\/dt><\/dl><br style=\"clear: both\" \/><dl class='gallery-item'>\n\t\t\t<dt class='gallery-icon portrait'>\n\t\t\t\t<a href='https:\/\/franciscanos.org.br\/noticias\/wp-content\/uploads\/2018\/07\/encontro_harada_020718-17-e1544199141413.jpg'><img width=\"300\" height=\"300\" src=\"https:\/\/franciscanos.org.br\/noticias\/wp-content\/uploads\/2018\/07\/encontro_harada_020718-17-e1544199141413-300x300.jpg\" class=\"attachment-thumbnail size-thumbnail\" alt=\"\" loading=\"lazy\" srcset=\"https:\/\/franciscanos.org.br\/noticias\/wp-content\/uploads\/2018\/07\/encontro_harada_020718-17-e1544199141413-300x300.jpg 300w, https:\/\/franciscanos.org.br\/noticias\/wp-content\/uploads\/2018\/07\/encontro_harada_020718-17-e1544199141413-400x400.jpg 400w\" sizes=\"(max-width: 300px) 100vw, 300px\" \/><\/a>\n\t\t\t<\/dt><\/dl><dl class='gallery-item'>\n\t\t\t<dt class='gallery-icon portrait'>\n\t\t\t\t<a href='https:\/\/franciscanos.org.br\/noticias\/wp-content\/uploads\/2018\/07\/encontro_harada_020718-18-e1544199149692.jpg'><img width=\"300\" height=\"300\" src=\"https:\/\/franciscanos.org.br\/noticias\/wp-content\/uploads\/2018\/07\/encontro_harada_020718-18-e1544199149692-300x300.jpg\" class=\"attachment-thumbnail size-thumbnail\" alt=\"\" loading=\"lazy\" srcset=\"https:\/\/franciscanos.org.br\/noticias\/wp-content\/uploads\/2018\/07\/encontro_harada_020718-18-e1544199149692-300x300.jpg 300w, https:\/\/franciscanos.org.br\/noticias\/wp-content\/uploads\/2018\/07\/encontro_harada_020718-18-e1544199149692-400x400.jpg 400w\" sizes=\"(max-width: 300px) 100vw, 300px\" \/><\/a>\n\t\t\t<\/dt><\/dl><dl class='gallery-item'>\n\t\t\t<dt class='gallery-icon landscape'>\n\t\t\t\t<a href='https:\/\/franciscanos.org.br\/noticias\/wp-content\/uploads\/2018\/07\/encontro_harada_020718-19.jpg'><img width=\"300\" height=\"300\" src=\"https:\/\/franciscanos.org.br\/noticias\/wp-content\/uploads\/2018\/07\/encontro_harada_020718-19-300x300.jpg\" class=\"attachment-thumbnail size-thumbnail\" alt=\"\" loading=\"lazy\" srcset=\"https:\/\/franciscanos.org.br\/noticias\/wp-content\/uploads\/2018\/07\/encontro_harada_020718-19-300x300.jpg 300w, https:\/\/franciscanos.org.br\/noticias\/wp-content\/uploads\/2018\/07\/encontro_harada_020718-19-400x400.jpg 400w\" sizes=\"(max-width: 300px) 100vw, 300px\" \/><\/a>\n\t\t\t<\/dt><\/dl><dl class='gallery-item'>\n\t\t\t<dt class='gallery-icon portrait'>\n\t\t\t\t<a href='https:\/\/franciscanos.org.br\/noticias\/wp-content\/uploads\/2018\/07\/encontro_harada_020718-20-e1544199158328.jpg'><img width=\"300\" height=\"300\" src=\"https:\/\/franciscanos.org.br\/noticias\/wp-content\/uploads\/2018\/07\/encontro_harada_020718-20-e1544199158328-300x300.jpg\" class=\"attachment-thumbnail size-thumbnail\" alt=\"\" loading=\"lazy\" srcset=\"https:\/\/franciscanos.org.br\/noticias\/wp-content\/uploads\/2018\/07\/encontro_harada_020718-20-e1544199158328-300x300.jpg 300w, https:\/\/franciscanos.org.br\/noticias\/wp-content\/uploads\/2018\/07\/encontro_harada_020718-20-e1544199158328-400x400.jpg 400w\" sizes=\"(max-width: 300px) 100vw, 300px\" \/><\/a>\n\t\t\t<\/dt><\/dl><br style=\"clear: both\" \/><dl class='gallery-item'>\n\t\t\t<dt class='gallery-icon portrait'>\n\t\t\t\t<a href='https:\/\/franciscanos.org.br\/noticias\/wp-content\/uploads\/2018\/07\/encontro_harada_020718-21-e1544199166793.jpg'><img width=\"300\" height=\"300\" src=\"https:\/\/franciscanos.org.br\/noticias\/wp-content\/uploads\/2018\/07\/encontro_harada_020718-21-e1544199166793-300x300.jpg\" class=\"attachment-thumbnail size-thumbnail\" alt=\"\" loading=\"lazy\" srcset=\"https:\/\/franciscanos.org.br\/noticias\/wp-content\/uploads\/2018\/07\/encontro_harada_020718-21-e1544199166793-300x300.jpg 300w, https:\/\/franciscanos.org.br\/noticias\/wp-content\/uploads\/2018\/07\/encontro_harada_020718-21-e1544199166793-400x400.jpg 400w\" sizes=\"(max-width: 300px) 100vw, 300px\" \/><\/a>\n\t\t\t<\/dt><\/dl><dl class='gallery-item'>\n\t\t\t<dt class='gallery-icon portrait'>\n\t\t\t\t<a href='https:\/\/franciscanos.org.br\/noticias\/wp-content\/uploads\/2018\/07\/encontro_harada_020718-22-e1544199177287.jpg'><img width=\"300\" height=\"300\" src=\"https:\/\/franciscanos.org.br\/noticias\/wp-content\/uploads\/2018\/07\/encontro_harada_020718-22-e1544199177287-300x300.jpg\" class=\"attachment-thumbnail size-thumbnail\" alt=\"\" loading=\"lazy\" srcset=\"https:\/\/franciscanos.org.br\/noticias\/wp-content\/uploads\/2018\/07\/encontro_harada_020718-22-e1544199177287-300x300.jpg 300w, https:\/\/franciscanos.org.br\/noticias\/wp-content\/uploads\/2018\/07\/encontro_harada_020718-22-e1544199177287-400x400.jpg 400w\" sizes=\"(max-width: 300px) 100vw, 300px\" \/><\/a>\n\t\t\t<\/dt><\/dl><dl class='gallery-item'>\n\t\t\t<dt class='gallery-icon landscape'>\n\t\t\t\t<a href='https:\/\/franciscanos.org.br\/noticias\/wp-content\/uploads\/2018\/07\/encontro_harada_020718-23.jpg'><img width=\"300\" height=\"300\" src=\"https:\/\/franciscanos.org.br\/noticias\/wp-content\/uploads\/2018\/07\/encontro_harada_020718-23-300x300.jpg\" class=\"attachment-thumbnail size-thumbnail\" alt=\"\" loading=\"lazy\" srcset=\"https:\/\/franciscanos.org.br\/noticias\/wp-content\/uploads\/2018\/07\/encontro_harada_020718-23-300x300.jpg 300w, https:\/\/franciscanos.org.br\/noticias\/wp-content\/uploads\/2018\/07\/encontro_harada_020718-23-400x400.jpg 400w\" sizes=\"(max-width: 300px) 100vw, 300px\" \/><\/a>\n\t\t\t<\/dt><\/dl><dl class='gallery-item'>\n\t\t\t<dt class='gallery-icon landscape'>\n\t\t\t\t<a href='https:\/\/franciscanos.org.br\/noticias\/wp-content\/uploads\/2018\/07\/encontro_harada_020718-24.jpg'><img width=\"300\" height=\"300\" src=\"https:\/\/franciscanos.org.br\/noticias\/wp-content\/uploads\/2018\/07\/encontro_harada_020718-24-300x300.jpg\" class=\"attachment-thumbnail size-thumbnail\" alt=\"\" loading=\"lazy\" srcset=\"https:\/\/franciscanos.org.br\/noticias\/wp-content\/uploads\/2018\/07\/encontro_harada_020718-24-300x300.jpg 300w, https:\/\/franciscanos.org.br\/noticias\/wp-content\/uploads\/2018\/07\/encontro_harada_020718-24-400x400.jpg 400w\" sizes=\"(max-width: 300px) 100vw, 300px\" \/><\/a>\n\t\t\t<\/dt><\/dl><br style=\"clear: both\" \/><dl class='gallery-item'>\n\t\t\t<dt class='gallery-icon landscape'>\n\t\t\t\t<a href='https:\/\/franciscanos.org.br\/noticias\/wp-content\/uploads\/2018\/07\/encontro_harada_020718-25.jpg'><img width=\"300\" height=\"300\" src=\"https:\/\/franciscanos.org.br\/noticias\/wp-content\/uploads\/2018\/07\/encontro_harada_020718-25-300x300.jpg\" class=\"attachment-thumbnail size-thumbnail\" alt=\"\" loading=\"lazy\" srcset=\"https:\/\/franciscanos.org.br\/noticias\/wp-content\/uploads\/2018\/07\/encontro_harada_020718-25-300x300.jpg 300w, https:\/\/franciscanos.org.br\/noticias\/wp-content\/uploads\/2018\/07\/encontro_harada_020718-25-400x400.jpg 400w\" sizes=\"(max-width: 300px) 100vw, 300px\" \/><\/a>\n\t\t\t<\/dt><\/dl><dl class='gallery-item'>\n\t\t\t<dt class='gallery-icon landscape'>\n\t\t\t\t<a href='https:\/\/franciscanos.org.br\/noticias\/wp-content\/uploads\/2018\/07\/encontro_harada_020718-26.jpg'><img width=\"300\" height=\"300\" src=\"https:\/\/franciscanos.org.br\/noticias\/wp-content\/uploads\/2018\/07\/encontro_harada_020718-26-300x300.jpg\" class=\"attachment-thumbnail size-thumbnail\" alt=\"\" loading=\"lazy\" srcset=\"https:\/\/franciscanos.org.br\/noticias\/wp-content\/uploads\/2018\/07\/encontro_harada_020718-26-300x300.jpg 300w, https:\/\/franciscanos.org.br\/noticias\/wp-content\/uploads\/2018\/07\/encontro_harada_020718-26-400x400.jpg 400w\" sizes=\"(max-width: 300px) 100vw, 300px\" \/><\/a>\n\t\t\t<\/dt><\/dl><dl class='gallery-item'>\n\t\t\t<dt class='gallery-icon landscape'>\n\t\t\t\t<a href='https:\/\/franciscanos.org.br\/noticias\/wp-content\/uploads\/2018\/07\/encontro_harada_020718-27.jpg'><img width=\"300\" height=\"300\" src=\"https:\/\/franciscanos.org.br\/noticias\/wp-content\/uploads\/2018\/07\/encontro_harada_020718-27-300x300.jpg\" class=\"attachment-thumbnail size-thumbnail\" alt=\"\" loading=\"lazy\" srcset=\"https:\/\/franciscanos.org.br\/noticias\/wp-content\/uploads\/2018\/07\/encontro_harada_020718-27-300x300.jpg 300w, https:\/\/franciscanos.org.br\/noticias\/wp-content\/uploads\/2018\/07\/encontro_harada_020718-27-400x400.jpg 400w\" sizes=\"(max-width: 300px) 100vw, 300px\" \/><\/a>\n\t\t\t<\/dt><\/dl><dl class='gallery-item'>\n\t\t\t<dt class='gallery-icon landscape'>\n\t\t\t\t<a href='https:\/\/franciscanos.org.br\/noticias\/wp-content\/uploads\/2018\/07\/encontro_harada_020718-28.jpg'><img width=\"300\" height=\"300\" src=\"https:\/\/franciscanos.org.br\/noticias\/wp-content\/uploads\/2018\/07\/encontro_harada_020718-28-300x300.jpg\" class=\"attachment-thumbnail size-thumbnail\" alt=\"\" loading=\"lazy\" srcset=\"https:\/\/franciscanos.org.br\/noticias\/wp-content\/uploads\/2018\/07\/encontro_harada_020718-28-300x300.jpg 300w, https:\/\/franciscanos.org.br\/noticias\/wp-content\/uploads\/2018\/07\/encontro_harada_020718-28-400x400.jpg 400w\" sizes=\"(max-width: 300px) 100vw, 300px\" \/><\/a>\n\t\t\t<\/dt><\/dl><br style=\"clear: both\" \/><dl class='gallery-item'>\n\t\t\t<dt class='gallery-icon landscape'>\n\t\t\t\t<a href='https:\/\/franciscanos.org.br\/noticias\/wp-content\/uploads\/2018\/07\/encontro_harada_020718-29.jpg'><img width=\"300\" height=\"300\" src=\"https:\/\/franciscanos.org.br\/noticias\/wp-content\/uploads\/2018\/07\/encontro_harada_020718-29-300x300.jpg\" class=\"attachment-thumbnail size-thumbnail\" alt=\"\" loading=\"lazy\" srcset=\"https:\/\/franciscanos.org.br\/noticias\/wp-content\/uploads\/2018\/07\/encontro_harada_020718-29-300x300.jpg 300w, https:\/\/franciscanos.org.br\/noticias\/wp-content\/uploads\/2018\/07\/encontro_harada_020718-29-400x400.jpg 400w\" sizes=\"(max-width: 300px) 100vw, 300px\" \/><\/a>\n\t\t\t<\/dt><\/dl><dl class='gallery-item'>\n\t\t\t<dt class='gallery-icon landscape'>\n\t\t\t\t<a href='https:\/\/franciscanos.org.br\/noticias\/wp-content\/uploads\/2018\/07\/encontro_harada_020718-30.jpg'><img width=\"300\" height=\"300\" src=\"https:\/\/franciscanos.org.br\/noticias\/wp-content\/uploads\/2018\/07\/encontro_harada_020718-30-300x300.jpg\" class=\"attachment-thumbnail size-thumbnail\" alt=\"\" loading=\"lazy\" srcset=\"https:\/\/franciscanos.org.br\/noticias\/wp-content\/uploads\/2018\/07\/encontro_harada_020718-30-300x300.jpg 300w, https:\/\/franciscanos.org.br\/noticias\/wp-content\/uploads\/2018\/07\/encontro_harada_020718-30-400x400.jpg 400w\" sizes=\"(max-width: 300px) 100vw, 300px\" \/><\/a>\n\t\t\t<\/dt><\/dl><dl class='gallery-item'>\n\t\t\t<dt class='gallery-icon landscape'>\n\t\t\t\t<a href='https:\/\/franciscanos.org.br\/noticias\/wp-content\/uploads\/2018\/07\/encontro_harada_020718-31.jpg'><img width=\"300\" height=\"300\" src=\"https:\/\/franciscanos.org.br\/noticias\/wp-content\/uploads\/2018\/07\/encontro_harada_020718-31-300x300.jpg\" class=\"attachment-thumbnail size-thumbnail\" alt=\"\" loading=\"lazy\" srcset=\"https:\/\/franciscanos.org.br\/noticias\/wp-content\/uploads\/2018\/07\/encontro_harada_020718-31-300x300.jpg 300w, https:\/\/franciscanos.org.br\/noticias\/wp-content\/uploads\/2018\/07\/encontro_harada_020718-31-400x400.jpg 400w\" sizes=\"(max-width: 300px) 100vw, 300px\" \/><\/a>\n\t\t\t<\/dt><\/dl><dl class='gallery-item'>\n\t\t\t<dt class='gallery-icon portrait'>\n\t\t\t\t<a href='https:\/\/franciscanos.org.br\/noticias\/wp-content\/uploads\/2018\/07\/encontro_harada_020718-32-e1544199187582.jpg'><img width=\"300\" height=\"300\" src=\"https:\/\/franciscanos.org.br\/noticias\/wp-content\/uploads\/2018\/07\/encontro_harada_020718-32-e1544199187582-300x300.jpg\" class=\"attachment-thumbnail size-thumbnail\" alt=\"\" loading=\"lazy\" srcset=\"https:\/\/franciscanos.org.br\/noticias\/wp-content\/uploads\/2018\/07\/encontro_harada_020718-32-e1544199187582-300x300.jpg 300w, https:\/\/franciscanos.org.br\/noticias\/wp-content\/uploads\/2018\/07\/encontro_harada_020718-32-e1544199187582-400x400.jpg 400w\" sizes=\"(max-width: 300px) 100vw, 300px\" \/><\/a>\n\t\t\t<\/dt><\/dl><br style=\"clear: both\" \/><dl class='gallery-item'>\n\t\t\t<dt class='gallery-icon landscape'>\n\t\t\t\t<a href='https:\/\/franciscanos.org.br\/noticias\/wp-content\/uploads\/2018\/07\/encontro_harada_020718-33.jpg'><img width=\"300\" height=\"300\" src=\"https:\/\/franciscanos.org.br\/noticias\/wp-content\/uploads\/2018\/07\/encontro_harada_020718-33-300x300.jpg\" class=\"attachment-thumbnail size-thumbnail\" alt=\"\" loading=\"lazy\" srcset=\"https:\/\/franciscanos.org.br\/noticias\/wp-content\/uploads\/2018\/07\/encontro_harada_020718-33-300x300.jpg 300w, https:\/\/franciscanos.org.br\/noticias\/wp-content\/uploads\/2018\/07\/encontro_harada_020718-33-400x400.jpg 400w\" sizes=\"(max-width: 300px) 100vw, 300px\" \/><\/a>\n\t\t\t<\/dt><\/dl><dl class='gallery-item'>\n\t\t\t<dt class='gallery-icon portrait'>\n\t\t\t\t<a href='https:\/\/franciscanos.org.br\/noticias\/wp-content\/uploads\/2018\/07\/encontro_harada_020718-34-e1544199197630.jpg'><img width=\"300\" height=\"300\" src=\"https:\/\/franciscanos.org.br\/noticias\/wp-content\/uploads\/2018\/07\/encontro_harada_020718-34-e1544199197630-300x300.jpg\" class=\"attachment-thumbnail size-thumbnail\" alt=\"\" loading=\"lazy\" srcset=\"https:\/\/franciscanos.org.br\/noticias\/wp-content\/uploads\/2018\/07\/encontro_harada_020718-34-e1544199197630-300x300.jpg 300w, https:\/\/franciscanos.org.br\/noticias\/wp-content\/uploads\/2018\/07\/encontro_harada_020718-34-e1544199197630-400x400.jpg 400w\" sizes=\"(max-width: 300px) 100vw, 300px\" \/><\/a>\n\t\t\t<\/dt><\/dl><dl class='gallery-item'>\n\t\t\t<dt class='gallery-icon portrait'>\n\t\t\t\t<a href='https:\/\/franciscanos.org.br\/noticias\/wp-content\/uploads\/2018\/07\/encontro_harada_020718-35-e1544199205555.jpg'><img width=\"300\" height=\"300\" src=\"https:\/\/franciscanos.org.br\/noticias\/wp-content\/uploads\/2018\/07\/encontro_harada_020718-35-e1544199205555-300x300.jpg\" class=\"attachment-thumbnail size-thumbnail\" alt=\"\" loading=\"lazy\" srcset=\"https:\/\/franciscanos.org.br\/noticias\/wp-content\/uploads\/2018\/07\/encontro_harada_020718-35-e1544199205555-300x300.jpg 300w, https:\/\/franciscanos.org.br\/noticias\/wp-content\/uploads\/2018\/07\/encontro_harada_020718-35-e1544199205555-400x400.jpg 400w\" sizes=\"(max-width: 300px) 100vw, 300px\" \/><\/a>\n\t\t\t<\/dt><\/dl><dl class='gallery-item'>\n\t\t\t<dt class='gallery-icon portrait'>\n\t\t\t\t<a href='https:\/\/franciscanos.org.br\/noticias\/wp-content\/uploads\/2018\/07\/encontro_harada_020718-36-e1544199214667.jpg'><img width=\"300\" height=\"300\" src=\"https:\/\/franciscanos.org.br\/noticias\/wp-content\/uploads\/2018\/07\/encontro_harada_020718-36-e1544199214667-300x300.jpg\" class=\"attachment-thumbnail size-thumbnail\" alt=\"\" loading=\"lazy\" srcset=\"https:\/\/franciscanos.org.br\/noticias\/wp-content\/uploads\/2018\/07\/encontro_harada_020718-36-e1544199214667-300x300.jpg 300w, https:\/\/franciscanos.org.br\/noticias\/wp-content\/uploads\/2018\/07\/encontro_harada_020718-36-e1544199214667-400x400.jpg 400w\" sizes=\"(max-width: 300px) 100vw, 300px\" \/><\/a>\n\t\t\t<\/dt><\/dl><br style=\"clear: both\" \/><dl class='gallery-item'>\n\t\t\t<dt class='gallery-icon landscape'>\n\t\t\t\t<a href='https:\/\/franciscanos.org.br\/noticias\/wp-content\/uploads\/2018\/07\/encontro_harada_020718-37.jpg'><img width=\"300\" height=\"300\" src=\"https:\/\/franciscanos.org.br\/noticias\/wp-content\/uploads\/2018\/07\/encontro_harada_020718-37-300x300.jpg\" class=\"attachment-thumbnail size-thumbnail\" alt=\"\" loading=\"lazy\" srcset=\"https:\/\/franciscanos.org.br\/noticias\/wp-content\/uploads\/2018\/07\/encontro_harada_020718-37-300x300.jpg 300w, https:\/\/franciscanos.org.br\/noticias\/wp-content\/uploads\/2018\/07\/encontro_harada_020718-37-400x400.jpg 400w\" sizes=\"(max-width: 300px) 100vw, 300px\" \/><\/a>\n\t\t\t<\/dt><\/dl><dl class='gallery-item'>\n\t\t\t<dt class='gallery-icon landscape'>\n\t\t\t\t<a href='https:\/\/franciscanos.org.br\/noticias\/wp-content\/uploads\/2018\/07\/encontro_harada_020718-38.jpg'><img width=\"300\" height=\"300\" src=\"https:\/\/franciscanos.org.br\/noticias\/wp-content\/uploads\/2018\/07\/encontro_harada_020718-38-300x300.jpg\" class=\"attachment-thumbnail size-thumbnail\" alt=\"\" loading=\"lazy\" srcset=\"https:\/\/franciscanos.org.br\/noticias\/wp-content\/uploads\/2018\/07\/encontro_harada_020718-38-300x300.jpg 300w, https:\/\/franciscanos.org.br\/noticias\/wp-content\/uploads\/2018\/07\/encontro_harada_020718-38-400x400.jpg 400w\" sizes=\"(max-width: 300px) 100vw, 300px\" \/><\/a>\n\t\t\t<\/dt><\/dl><dl class='gallery-item'>\n\t\t\t<dt class='gallery-icon landscape'>\n\t\t\t\t<a href='https:\/\/franciscanos.org.br\/noticias\/wp-content\/uploads\/2018\/07\/encontro_harada_020718-39.jpg'><img width=\"300\" height=\"300\" src=\"https:\/\/franciscanos.org.br\/noticias\/wp-content\/uploads\/2018\/07\/encontro_harada_020718-39-300x300.jpg\" class=\"attachment-thumbnail size-thumbnail\" alt=\"\" loading=\"lazy\" srcset=\"https:\/\/franciscanos.org.br\/noticias\/wp-content\/uploads\/2018\/07\/encontro_harada_020718-39-300x300.jpg 300w, https:\/\/franciscanos.org.br\/noticias\/wp-content\/uploads\/2018\/07\/encontro_harada_020718-39-400x400.jpg 400w\" sizes=\"(max-width: 300px) 100vw, 300px\" \/><\/a>\n\t\t\t<\/dt><\/dl><dl class='gallery-item'>\n\t\t\t<dt class='gallery-icon portrait'>\n\t\t\t\t<a href='https:\/\/franciscanos.org.br\/noticias\/wp-content\/uploads\/2018\/07\/encontro_harada_020718-40-e1544199231681.jpg'><img width=\"300\" height=\"300\" src=\"https:\/\/franciscanos.org.br\/noticias\/wp-content\/uploads\/2018\/07\/encontro_harada_020718-40-e1544199231681-300x300.jpg\" class=\"attachment-thumbnail size-thumbnail\" alt=\"\" loading=\"lazy\" srcset=\"https:\/\/franciscanos.org.br\/noticias\/wp-content\/uploads\/2018\/07\/encontro_harada_020718-40-e1544199231681-300x300.jpg 300w, https:\/\/franciscanos.org.br\/noticias\/wp-content\/uploads\/2018\/07\/encontro_harada_020718-40-e1544199231681-400x400.jpg 400w\" sizes=\"(max-width: 300px) 100vw, 300px\" \/><\/a>\n\t\t\t<\/dt><\/dl><br style=\"clear: both\" \/><dl class='gallery-item'>\n\t\t\t<dt class='gallery-icon landscape'>\n\t\t\t\t<a href='https:\/\/franciscanos.org.br\/noticias\/wp-content\/uploads\/2018\/07\/encontro_harada_020718-41.jpg'><img width=\"300\" height=\"300\" src=\"https:\/\/franciscanos.org.br\/noticias\/wp-content\/uploads\/2018\/07\/encontro_harada_020718-41-300x300.jpg\" class=\"attachment-thumbnail size-thumbnail\" alt=\"\" loading=\"lazy\" srcset=\"https:\/\/franciscanos.org.br\/noticias\/wp-content\/uploads\/2018\/07\/encontro_harada_020718-41-300x300.jpg 300w, https:\/\/franciscanos.org.br\/noticias\/wp-content\/uploads\/2018\/07\/encontro_harada_020718-41-400x400.jpg 400w\" sizes=\"(max-width: 300px) 100vw, 300px\" \/><\/a>\n\t\t\t<\/dt><\/dl><dl class='gallery-item'>\n\t\t\t<dt class='gallery-icon landscape'>\n\t\t\t\t<a href='https:\/\/franciscanos.org.br\/noticias\/wp-content\/uploads\/2018\/07\/encontro_harada_020718-42.jpg'><img width=\"300\" height=\"300\" src=\"https:\/\/franciscanos.org.br\/noticias\/wp-content\/uploads\/2018\/07\/encontro_harada_020718-42-300x300.jpg\" class=\"attachment-thumbnail size-thumbnail\" alt=\"\" loading=\"lazy\" srcset=\"https:\/\/franciscanos.org.br\/noticias\/wp-content\/uploads\/2018\/07\/encontro_harada_020718-42-300x300.jpg 300w, https:\/\/franciscanos.org.br\/noticias\/wp-content\/uploads\/2018\/07\/encontro_harada_020718-42-400x400.jpg 400w\" sizes=\"(max-width: 300px) 100vw, 300px\" \/><\/a>\n\t\t\t<\/dt><\/dl><dl class='gallery-item'>\n\t\t\t<dt class='gallery-icon portrait'>\n\t\t\t\t<a href='https:\/\/franciscanos.org.br\/noticias\/wp-content\/uploads\/2018\/07\/encontro_harada_020718-43-e1544199222486.jpg'><img width=\"300\" height=\"300\" src=\"https:\/\/franciscanos.org.br\/noticias\/wp-content\/uploads\/2018\/07\/encontro_harada_020718-43-e1544199222486-300x300.jpg\" class=\"attachment-thumbnail size-thumbnail\" alt=\"\" loading=\"lazy\" srcset=\"https:\/\/franciscanos.org.br\/noticias\/wp-content\/uploads\/2018\/07\/encontro_harada_020718-43-e1544199222486-300x300.jpg 300w, https:\/\/franciscanos.org.br\/noticias\/wp-content\/uploads\/2018\/07\/encontro_harada_020718-43-e1544199222486-400x400.jpg 400w\" sizes=\"(max-width: 300px) 100vw, 300px\" \/><\/a>\n\t\t\t<\/dt><\/dl><dl class='gallery-item'>\n\t\t\t<dt class='gallery-icon portrait'>\n\t\t\t\t<a href='https:\/\/franciscanos.org.br\/noticias\/wp-content\/uploads\/2018\/07\/encontro_harada_020718-44-e1544199238405.jpg'><img width=\"300\" height=\"300\" src=\"https:\/\/franciscanos.org.br\/noticias\/wp-content\/uploads\/2018\/07\/encontro_harada_020718-44-e1544199238405-300x300.jpg\" class=\"attachment-thumbnail size-thumbnail\" alt=\"\" loading=\"lazy\" srcset=\"https:\/\/franciscanos.org.br\/noticias\/wp-content\/uploads\/2018\/07\/encontro_harada_020718-44-e1544199238405-300x300.jpg 300w, https:\/\/franciscanos.org.br\/noticias\/wp-content\/uploads\/2018\/07\/encontro_harada_020718-44-e1544199238405-400x400.jpg 400w\" sizes=\"(max-width: 300px) 100vw, 300px\" \/><\/a>\n\t\t\t<\/dt><\/dl><br style=\"clear: both\" \/><dl class='gallery-item'>\n\t\t\t<dt class='gallery-icon landscape'>\n\t\t\t\t<a href='https:\/\/franciscanos.org.br\/noticias\/wp-content\/uploads\/2018\/07\/encontro_harada_020718-45.jpg'><img width=\"300\" height=\"300\" src=\"https:\/\/franciscanos.org.br\/noticias\/wp-content\/uploads\/2018\/07\/encontro_harada_020718-45-300x300.jpg\" class=\"attachment-thumbnail size-thumbnail\" alt=\"\" loading=\"lazy\" srcset=\"https:\/\/franciscanos.org.br\/noticias\/wp-content\/uploads\/2018\/07\/encontro_harada_020718-45-300x300.jpg 300w, https:\/\/franciscanos.org.br\/noticias\/wp-content\/uploads\/2018\/07\/encontro_harada_020718-45-400x400.jpg 400w\" sizes=\"(max-width: 300px) 100vw, 300px\" \/><\/a>\n\t\t\t<\/dt><\/dl><dl class='gallery-item'>\n\t\t\t<dt class='gallery-icon landscape'>\n\t\t\t\t<a href='https:\/\/franciscanos.org.br\/noticias\/wp-content\/uploads\/2018\/07\/encontro_harada_020718-46.jpg'><img width=\"300\" height=\"300\" src=\"https:\/\/franciscanos.org.br\/noticias\/wp-content\/uploads\/2018\/07\/encontro_harada_020718-46-300x300.jpg\" class=\"attachment-thumbnail size-thumbnail\" alt=\"\" loading=\"lazy\" srcset=\"https:\/\/franciscanos.org.br\/noticias\/wp-content\/uploads\/2018\/07\/encontro_harada_020718-46-300x300.jpg 300w, https:\/\/franciscanos.org.br\/noticias\/wp-content\/uploads\/2018\/07\/encontro_harada_020718-46-400x400.jpg 400w\" sizes=\"(max-width: 300px) 100vw, 300px\" \/><\/a>\n\t\t\t<\/dt><\/dl><dl class='gallery-item'>\n\t\t\t<dt class='gallery-icon landscape'>\n\t\t\t\t<a href='https:\/\/franciscanos.org.br\/noticias\/wp-content\/uploads\/2018\/07\/encontro_harada_020718-47.jpg'><img width=\"300\" height=\"300\" src=\"https:\/\/franciscanos.org.br\/noticias\/wp-content\/uploads\/2018\/07\/encontro_harada_020718-47-300x300.jpg\" class=\"attachment-thumbnail size-thumbnail\" alt=\"\" loading=\"lazy\" srcset=\"https:\/\/franciscanos.org.br\/noticias\/wp-content\/uploads\/2018\/07\/encontro_harada_020718-47-300x300.jpg 300w, https:\/\/franciscanos.org.br\/noticias\/wp-content\/uploads\/2018\/07\/encontro_harada_020718-47-400x400.jpg 400w\" sizes=\"(max-width: 300px) 100vw, 300px\" \/><\/a>\n\t\t\t<\/dt><\/dl><dl class='gallery-item'>\n\t\t\t<dt class='gallery-icon landscape'>\n\t\t\t\t<a href='https:\/\/franciscanos.org.br\/noticias\/wp-content\/uploads\/2018\/07\/encontro_harada_020718-48.jpg'><img width=\"300\" height=\"300\" src=\"https:\/\/franciscanos.org.br\/noticias\/wp-content\/uploads\/2018\/07\/encontro_harada_020718-48-300x300.jpg\" class=\"attachment-thumbnail size-thumbnail\" alt=\"\" loading=\"lazy\" srcset=\"https:\/\/franciscanos.org.br\/noticias\/wp-content\/uploads\/2018\/07\/encontro_harada_020718-48-300x300.jpg 300w, https:\/\/franciscanos.org.br\/noticias\/wp-content\/uploads\/2018\/07\/encontro_harada_020718-48-400x400.jpg 400w\" sizes=\"(max-width: 300px) 100vw, 300px\" \/><\/a>\n\t\t\t<\/dt><\/dl><br style=\"clear: both\" \/><dl class='gallery-item'>\n\t\t\t<dt class='gallery-icon landscape'>\n\t\t\t\t<a href='https:\/\/franciscanos.org.br\/noticias\/wp-content\/uploads\/2018\/07\/encontro_harada_020718-49.jpg'><img width=\"300\" height=\"300\" src=\"https:\/\/franciscanos.org.br\/noticias\/wp-content\/uploads\/2018\/07\/encontro_harada_020718-49-300x300.jpg\" class=\"attachment-thumbnail size-thumbnail\" alt=\"\" loading=\"lazy\" srcset=\"https:\/\/franciscanos.org.br\/noticias\/wp-content\/uploads\/2018\/07\/encontro_harada_020718-49-300x300.jpg 300w, https:\/\/franciscanos.org.br\/noticias\/wp-content\/uploads\/2018\/07\/encontro_harada_020718-49-400x400.jpg 400w\" sizes=\"(max-width: 300px) 100vw, 300px\" \/><\/a>\n\t\t\t<\/dt><\/dl><dl class='gallery-item'>\n\t\t\t<dt class='gallery-icon landscape'>\n\t\t\t\t<a href='https:\/\/franciscanos.org.br\/noticias\/wp-content\/uploads\/2018\/07\/encontro_harada_020718-50.jpg'><img width=\"300\" height=\"300\" src=\"https:\/\/franciscanos.org.br\/noticias\/wp-content\/uploads\/2018\/07\/encontro_harada_020718-50-300x300.jpg\" class=\"attachment-thumbnail size-thumbnail\" alt=\"\" loading=\"lazy\" srcset=\"https:\/\/franciscanos.org.br\/noticias\/wp-content\/uploads\/2018\/07\/encontro_harada_020718-50-300x300.jpg 300w, https:\/\/franciscanos.org.br\/noticias\/wp-content\/uploads\/2018\/07\/encontro_harada_020718-50-400x400.jpg 400w\" sizes=\"(max-width: 300px) 100vw, 300px\" \/><\/a>\n\t\t\t<\/dt><\/dl>\n\t\t\t<br style='clear: both' \/>\n\t\t<\/div>\n\n","protected":false},"excerpt":{"rendered":"<p>Encontro Celebrativo <\/p>\n","protected":false},"author":5,"featured_media":192305,"comment_status":"open","ping_status":"open","sticky":false,"template":"","format":"standard","meta":[],"categories":[1],"tags":[586],"acf":[],"yoast_head":"<!-- This site is optimized with the Yoast SEO plugin v19.2 - https:\/\/yoast.com\/wordpress\/plugins\/seo\/ -->\n<title>Dia de &quot;encontro&quot; com Frei Harada em Rondinha - Not\u00edcias - Franciscanos<\/title>\n<meta name=\"robots\" content=\"index, follow, max-snippet:-1, max-image-preview:large, max-video-preview:-1\" \/>\n<link rel=\"canonical\" href=\"https:\/\/franciscanos.org.br\/noticias\/1o-dia-o-legado-de-frei-harada-2.html\" \/>\n<meta property=\"og:locale\" content=\"pt_BR\" \/>\n<meta property=\"og:type\" content=\"article\" \/>\n<meta property=\"og:title\" content=\"Dia de &quot;encontro&quot; com Frei Harada em Rondinha - Not\u00edcias - Franciscanos\" \/>\n<meta property=\"og:description\" content=\"Encontro Celebrativo\" \/>\n<meta property=\"og:url\" content=\"https:\/\/franciscanos.org.br\/noticias\/1o-dia-o-legado-de-frei-harada-2.html\" \/>\n<meta property=\"og:site_name\" content=\"Not\u00edcias - Franciscanos\" \/>\n<meta property=\"article:published_time\" content=\"2018-07-03T09:56:39+00:00\" \/>\n<meta property=\"article:modified_time\" content=\"2019-08-19T14:13:16+00:00\" \/>\n<meta property=\"og:image\" content=\"https:\/\/franciscanos.org.br\/noticias\/wp-content\/uploads\/2018\/07\/encontro_harada_3.jpg\" \/>\n\t<meta property=\"og:image:width\" content=\"330\" \/>\n\t<meta property=\"og:image:height\" content=\"219\" \/>\n\t<meta property=\"og:image:type\" content=\"image\/jpeg\" \/>\n<meta name=\"author\" content=\"freiaugusto\" \/>\n<meta name=\"twitter:card\" content=\"summary_large_image\" \/>\n<meta name=\"twitter:label1\" content=\"Escrito por\" \/>\n\t<meta name=\"twitter:data1\" content=\"freiaugusto\" \/>\n\t<meta name=\"twitter:label2\" content=\"Est. tempo de leitura\" \/>\n\t<meta name=\"twitter:data2\" content=\"8 minutos\" \/>\n<script type=\"application\/ld+json\" class=\"yoast-schema-graph\">{\"@context\":\"https:\/\/schema.org\",\"@graph\":[{\"@type\":\"WebSite\",\"@id\":\"https:\/\/franciscanos.org.br\/noticias\/#website\",\"url\":\"https:\/\/franciscanos.org.br\/noticias\/\",\"name\":\"Not\u00edcias - Franciscanos\",\"description\":\"Prov\u00edncia Franciscana da Imaculada Concei\u00e7\u00e3o do Brasil - Ordem dos Frades Menores - OFM\",\"potentialAction\":[{\"@type\":\"SearchAction\",\"target\":{\"@type\":\"EntryPoint\",\"urlTemplate\":\"https:\/\/franciscanos.org.br\/noticias\/?s={search_term_string}\"},\"query-input\":\"required name=search_term_string\"}],\"inLanguage\":\"pt-BR\"},{\"@type\":\"ImageObject\",\"inLanguage\":\"pt-BR\",\"@id\":\"https:\/\/franciscanos.org.br\/noticias\/1o-dia-o-legado-de-frei-harada-2.html#primaryimage\",\"url\":\"https:\/\/franciscanos.org.br\/noticias\/wp-content\/uploads\/2018\/07\/encontro_harada_3.jpg\",\"contentUrl\":\"https:\/\/franciscanos.org.br\/noticias\/wp-content\/uploads\/2018\/07\/encontro_harada_3.jpg\",\"width\":330,\"height\":219},{\"@type\":\"WebPage\",\"@id\":\"https:\/\/franciscanos.org.br\/noticias\/1o-dia-o-legado-de-frei-harada-2.html#webpage\",\"url\":\"https:\/\/franciscanos.org.br\/noticias\/1o-dia-o-legado-de-frei-harada-2.html\",\"name\":\"Dia de &quot;encontro&quot; com Frei Harada em Rondinha - Not\u00edcias - Franciscanos\",\"isPartOf\":{\"@id\":\"https:\/\/franciscanos.org.br\/noticias\/#website\"},\"primaryImageOfPage\":{\"@id\":\"https:\/\/franciscanos.org.br\/noticias\/1o-dia-o-legado-de-frei-harada-2.html#primaryimage\"},\"datePublished\":\"2018-07-03T09:56:39+00:00\",\"dateModified\":\"2019-08-19T14:13:16+00:00\",\"author\":{\"@id\":\"https:\/\/franciscanos.org.br\/noticias\/#\/schema\/person\/37f88f0d111cd5358b12a6556a99eb91\"},\"breadcrumb\":{\"@id\":\"https:\/\/franciscanos.org.br\/noticias\/1o-dia-o-legado-de-frei-harada-2.html#breadcrumb\"},\"inLanguage\":\"pt-BR\",\"potentialAction\":[{\"@type\":\"ReadAction\",\"target\":[\"https:\/\/franciscanos.org.br\/noticias\/1o-dia-o-legado-de-frei-harada-2.html\"]}]},{\"@type\":\"BreadcrumbList\",\"@id\":\"https:\/\/franciscanos.org.br\/noticias\/1o-dia-o-legado-de-frei-harada-2.html#breadcrumb\",\"itemListElement\":[{\"@type\":\"ListItem\",\"position\":1,\"name\":\"Home\",\"item\":\"https:\/\/franciscanos.org.br\/noticias\"},{\"@type\":\"ListItem\",\"position\":2,\"name\":\"Dia de &quot;encontro&quot; com Frei Harada em Rondinha\"}]},{\"@type\":\"Person\",\"@id\":\"https:\/\/franciscanos.org.br\/noticias\/#\/schema\/person\/37f88f0d111cd5358b12a6556a99eb91\",\"name\":\"freiaugusto\",\"image\":{\"@type\":\"ImageObject\",\"inLanguage\":\"pt-BR\",\"@id\":\"https:\/\/franciscanos.org.br\/noticias\/#\/schema\/person\/image\/\",\"url\":\"https:\/\/secure.gravatar.com\/avatar\/9840b940e621801b24f3e6b059efb4b7?s=96&d=mm&r=g\",\"contentUrl\":\"https:\/\/secure.gravatar.com\/avatar\/9840b940e621801b24f3e6b059efb4b7?s=96&d=mm&r=g\",\"caption\":\"freiaugusto\"},\"url\":\"https:\/\/franciscanos.org.br\/noticias\/author\/freiaugusto\"}]}<\/script>\n<!-- \/ Yoast SEO plugin. -->","yoast_head_json":{"title":"Dia de &quot;encontro&quot; com Frei Harada em Rondinha - Not\u00edcias - Franciscanos","robots":{"index":"index","follow":"follow","max-snippet":"max-snippet:-1","max-image-preview":"max-image-preview:large","max-video-preview":"max-video-preview:-1"},"canonical":"https:\/\/franciscanos.org.br\/noticias\/1o-dia-o-legado-de-frei-harada-2.html","og_locale":"pt_BR","og_type":"article","og_title":"Dia de &quot;encontro&quot; com Frei Harada em Rondinha - Not\u00edcias - Franciscanos","og_description":"Encontro Celebrativo","og_url":"https:\/\/franciscanos.org.br\/noticias\/1o-dia-o-legado-de-frei-harada-2.html","og_site_name":"Not\u00edcias - Franciscanos","article_published_time":"2018-07-03T09:56:39+00:00","article_modified_time":"2019-08-19T14:13:16+00:00","og_image":[{"width":330,"height":219,"url":"https:\/\/franciscanos.org.br\/noticias\/wp-content\/uploads\/2018\/07\/encontro_harada_3.jpg","type":"image\/jpeg"}],"author":"freiaugusto","twitter_card":"summary_large_image","twitter_misc":{"Escrito por":"freiaugusto","Est. tempo de leitura":"8 minutos"},"schema":{"@context":"https:\/\/schema.org","@graph":[{"@type":"WebSite","@id":"https:\/\/franciscanos.org.br\/noticias\/#website","url":"https:\/\/franciscanos.org.br\/noticias\/","name":"Not\u00edcias - Franciscanos","description":"Prov\u00edncia Franciscana da Imaculada Concei\u00e7\u00e3o do Brasil - Ordem dos Frades Menores - OFM","potentialAction":[{"@type":"SearchAction","target":{"@type":"EntryPoint","urlTemplate":"https:\/\/franciscanos.org.br\/noticias\/?s={search_term_string}"},"query-input":"required name=search_term_string"}],"inLanguage":"pt-BR"},{"@type":"ImageObject","inLanguage":"pt-BR","@id":"https:\/\/franciscanos.org.br\/noticias\/1o-dia-o-legado-de-frei-harada-2.html#primaryimage","url":"https:\/\/franciscanos.org.br\/noticias\/wp-content\/uploads\/2018\/07\/encontro_harada_3.jpg","contentUrl":"https:\/\/franciscanos.org.br\/noticias\/wp-content\/uploads\/2018\/07\/encontro_harada_3.jpg","width":330,"height":219},{"@type":"WebPage","@id":"https:\/\/franciscanos.org.br\/noticias\/1o-dia-o-legado-de-frei-harada-2.html#webpage","url":"https:\/\/franciscanos.org.br\/noticias\/1o-dia-o-legado-de-frei-harada-2.html","name":"Dia de &quot;encontro&quot; com Frei Harada em Rondinha - Not\u00edcias - Franciscanos","isPartOf":{"@id":"https:\/\/franciscanos.org.br\/noticias\/#website"},"primaryImageOfPage":{"@id":"https:\/\/franciscanos.org.br\/noticias\/1o-dia-o-legado-de-frei-harada-2.html#primaryimage"},"datePublished":"2018-07-03T09:56:39+00:00","dateModified":"2019-08-19T14:13:16+00:00","author":{"@id":"https:\/\/franciscanos.org.br\/noticias\/#\/schema\/person\/37f88f0d111cd5358b12a6556a99eb91"},"breadcrumb":{"@id":"https:\/\/franciscanos.org.br\/noticias\/1o-dia-o-legado-de-frei-harada-2.html#breadcrumb"},"inLanguage":"pt-BR","potentialAction":[{"@type":"ReadAction","target":["https:\/\/franciscanos.org.br\/noticias\/1o-dia-o-legado-de-frei-harada-2.html"]}]},{"@type":"BreadcrumbList","@id":"https:\/\/franciscanos.org.br\/noticias\/1o-dia-o-legado-de-frei-harada-2.html#breadcrumb","itemListElement":[{"@type":"ListItem","position":1,"name":"Home","item":"https:\/\/franciscanos.org.br\/noticias"},{"@type":"ListItem","position":2,"name":"Dia de &quot;encontro&quot; com Frei Harada em Rondinha"}]},{"@type":"Person","@id":"https:\/\/franciscanos.org.br\/noticias\/#\/schema\/person\/37f88f0d111cd5358b12a6556a99eb91","name":"freiaugusto","image":{"@type":"ImageObject","inLanguage":"pt-BR","@id":"https:\/\/franciscanos.org.br\/noticias\/#\/schema\/person\/image\/","url":"https:\/\/secure.gravatar.com\/avatar\/9840b940e621801b24f3e6b059efb4b7?s=96&d=mm&r=g","contentUrl":"https:\/\/secure.gravatar.com\/avatar\/9840b940e621801b24f3e6b059efb4b7?s=96&d=mm&r=g","caption":"freiaugusto"},"url":"https:\/\/franciscanos.org.br\/noticias\/author\/freiaugusto"}]}},"_links":{"self":[{"href":"https:\/\/franciscanos.org.br\/noticias\/wp-json\/wp\/v2\/posts\/188320"}],"collection":[{"href":"https:\/\/franciscanos.org.br\/noticias\/wp-json\/wp\/v2\/posts"}],"about":[{"href":"https:\/\/franciscanos.org.br\/noticias\/wp-json\/wp\/v2\/types\/post"}],"author":[{"embeddable":true,"href":"https:\/\/franciscanos.org.br\/noticias\/wp-json\/wp\/v2\/users\/5"}],"replies":[{"embeddable":true,"href":"https:\/\/franciscanos.org.br\/noticias\/wp-json\/wp\/v2\/comments?post=188320"}],"version-history":[{"count":0,"href":"https:\/\/franciscanos.org.br\/noticias\/wp-json\/wp\/v2\/posts\/188320\/revisions"}],"wp:featuredmedia":[{"embeddable":true,"href":"https:\/\/franciscanos.org.br\/noticias\/wp-json\/wp\/v2\/media\/192305"}],"wp:attachment":[{"href":"https:\/\/franciscanos.org.br\/noticias\/wp-json\/wp\/v2\/media?parent=188320"}],"wp:term":[{"taxonomy":"category","embeddable":true,"href":"https:\/\/franciscanos.org.br\/noticias\/wp-json\/wp\/v2\/categories?post=188320"},{"taxonomy":"post_tag","embeddable":true,"href":"https:\/\/franciscanos.org.br\/noticias\/wp-json\/wp\/v2\/tags?post=188320"}],"curies":[{"name":"wp","href":"https:\/\/api.w.org\/{rel}","templated":true}]}}