{"id":188211,"date":"2017-09-28T08:29:03","date_gmt":"2017-09-28T11:29:03","guid":{"rendered":"http:\/\/franciscanos.org.br\/?p=142280"},"modified":"2019-03-28T08:28:04","modified_gmt":"2019-03-28T11:28:04","slug":"a-vocacao-franciscana-se-da-na-evangelizacao-das-ruas-2","status":"publish","type":"post","link":"https:\/\/franciscanos.org.br\/noticias\/a-vocacao-franciscana-se-da-na-evangelizacao-das-ruas-2.html","title":{"rendered":"&#8220;A voca\u00e7\u00e3o franciscana&#8221; no segundo dia do Tr\u00edduo"},"content":{"rendered":"<p><strong>Frei Leandro Costa<\/strong><br \/>\n<strong>Bangu (RJ)<\/strong> &#8211; O segundo dia do Tr\u00edduo em prepara\u00e7\u00e3o para a ordena\u00e7\u00e3o presbiteral de Frei Alan Maia de Fran\u00e7a Victor foi marcado por tr\u00eas momentos: planejamento e reflex\u00e3o acerca da miss\u00e3o, miss\u00e3o propriamente dita e Missa campal em frente \u00e0 casa onde viveu Frei Alan com seus familiares.<\/p>\n<p>No primeiro momento do dia, os mission\u00e1rios se reuniram para a preparar as atividades mission\u00e1rias antes da ordena\u00e7\u00e3o, com visitas \u00e0s casas dos enfermos da Comunidade Paroquial e, principalmente, a realidade carcer\u00e1ria da regi\u00e3o de Bangu. Para as visitas aos tr\u00eas pres\u00eddios, os mission\u00e1rios tiveram a orienta\u00e7\u00e3o do Padre Roberto Pereira de Magalh\u00e3es, p\u00e1roco da Par\u00f3quia Nossa Senhora da Assun\u00e7\u00e3o de Sulacap e respons\u00e1vel pela Pastoral Carcer\u00e1ria da Arquidiocese do Rio de Janeiro.<\/p>\n<p>Na breve reflex\u00e3o proferida por ele, chamou a aten\u00e7\u00e3o dos mission\u00e1rios quando se referiu \u00e0 realidade carcer\u00e1ria como sendo a \u201cmans\u00e3o dos mortos\u201d. A partir desta defini\u00e7\u00e3o, Pe. Roberto descreveu a situa\u00e7\u00e3o real dos que vivem apenados. Al\u00e9m disse, segundo o sacerdote, a situa\u00e7\u00e3o pol\u00edtica e s\u00f3cio-econ\u00f4mica do Estado do Rio de Janeiro afeta diretamente a quest\u00e3o carcer\u00e1ria. \u201cSome-se aos trabalhos de evangeliza\u00e7\u00e3o, a inerente postura humanit\u00e1ria da Igreja Cat\u00f3lica nesse servi\u00e7o de assist\u00eancia\u201d, disse o padre. Essas reflex\u00f5es e as que seguiram deram um norte e introduziram os mission\u00e1rios no contexto da miss\u00e3o.<\/p>\n<p><img loading=\"lazy\" src=\"http:\/\/franciscanos.org.br\/wp-content\/uploads\/2017\/09\/triduo_segundo_280917_2.jpg\" alt=\"triduo_segundo_280917_2\" width=\"830\" height=\"623\" \/><\/p>\n<p>\u201cUm sol para cada um\u201d, disse um senhor que acompanhava as miss\u00f5es. Bangu \u00e9 uma das localidades mais quentes da cidade do Rio de Janeiro. E foi sob \u201cos s\u00f3is\u201d que a equipe mission\u00e1ria deu in\u00edcio \u00e0s visitas do bairro. \u00c0 tarde, as equipes mission\u00e1rias foram refor\u00e7adas pelos paroquianos. O p\u00e1roco Pe. Jorge Luiz Vieira da Silva, generosa e franciscanamente, ofereceu um canto para abastecer as for\u00e7as, descansar os p\u00e9s e saciar a fome dos mission\u00e1rios.<\/p>\n<p>Para coroar o segundo dia foi celebrada a Missa marcando o segundo dia do Tr\u00edduo, que teve como tema a \u201cVoca\u00e7\u00e3o religiosa franciscana\u201d. Frei Alan refor\u00e7ou o que j\u00e1 assumiu como consagrado, dizendo: \u201cRecebi livre, espont\u00e2nea e conscientemente as obriga\u00e7\u00f5es decorrentes dos votos assumidos como religioso e agora os expresso na vida presbiteral&#8221;.<\/p>\n<p>A Celebra\u00e7\u00e3o Eucar\u00edstica foi antecedida por uma prociss\u00e3o. O lugar do encontro eucar\u00edstico foi a rua, em frente a casa de n\u00famero 403, onde Frei Alan Maia viveu e discerniu sua voca\u00e7\u00e3o.<br \/>\n\u201cA voca\u00e7\u00e3o franciscana se d\u00e1 na evangeliza\u00e7\u00e3o das ruas\u201d, lembrou o presidente da Celebra\u00e7\u00e3o, Frei Diego Melo, que \u00e9 o coordenador provincial do Servi\u00e7o de Anima\u00e7\u00e3o Vocacional, acolhendo a comunidade reunida naquela rua que se fazia casa e morada de Deus. \u201cEm frente a esta casa existe um lar, onde nasce a voca\u00e7\u00e3o de todo e qualquer filho de Deus\u201d, motivou Frei Diego. Convidando ao momento penitencial, disse: \u201cPe\u00e7amos perd\u00e3o pelos pecados que cometemos em nossos lares quando deixamos de viver a voca\u00e7\u00e3o ali dentro, iludidos de que haver\u00edamos de viv\u00ea-la mais perfeitamente fora, quando na verdade o lar \u00e9 o primeiro ber\u00e7o&#8221;.<\/p>\n<p>O evangelho de Lucas recordava a autoridade de Jesus, expressa no pregar, no curar e viver marcado pela simplicidade, sem nada! Despojados e livres de tudo. Percorrendo o povoado pregando a boa nova do Reino.<\/p>\n<p>\u201cS\u00e3o Francisco de Assis e Frei Alan\u201d, segundo Frei Diego, perguntaram um dia: \u201cSenhor, que queres que eu fa\u00e7a, o queres de mim?\u201d Cada um, a seu modo, entregarou-se a este chamado. Contudo, o chamado de um frade nunca se d\u00e1 sozinho, mas em fraternidade. Como express\u00e3o desta realidade, a turma realizou um gesto simb\u00f3lico da entrega do h\u00e1bito, devocion\u00e1rio e estola diaconal. E no final, Frei Alan Maia assinou sua declara\u00e7\u00e3o. Ap\u00f3s esse gesto, seguiu-se a Celebra\u00e7\u00e3o.<\/p>\n<p>E foi numa noite quente que se encerrou a Celebra\u00e7\u00e3o Eucar\u00edstica.<\/p>\n<p>&nbsp;<\/p>\n<p>&nbsp;<\/p>\n","protected":false},"excerpt":{"rendered":"<p>Ordena\u00e7\u00e3o presbiteral<\/p>\n","protected":false},"author":1,"featured_media":201890,"comment_status":"open","ping_status":"open","sticky":false,"template":"","format":"standard","meta":[],"categories":[1],"tags":[157],"acf":[],"yoast_head":"<!-- This site is optimized with the Yoast SEO plugin v19.2 - https:\/\/yoast.com\/wordpress\/plugins\/seo\/ -->\n<title>&quot;A voca\u00e7\u00e3o franciscana&quot; no segundo dia do Tr\u00edduo - Not\u00edcias - Franciscanos<\/title>\n<meta name=\"robots\" content=\"index, follow, max-snippet:-1, max-image-preview:large, max-video-preview:-1\" \/>\n<link rel=\"canonical\" href=\"https:\/\/franciscanos.org.br\/noticias\/a-vocacao-franciscana-se-da-na-evangelizacao-das-ruas-2.html\" \/>\n<meta property=\"og:locale\" content=\"pt_BR\" \/>\n<meta property=\"og:type\" content=\"article\" \/>\n<meta property=\"og:title\" content=\"&quot;A voca\u00e7\u00e3o franciscana&quot; no segundo dia do Tr\u00edduo - Not\u00edcias - Franciscanos\" \/>\n<meta property=\"og:description\" content=\"Ordena\u00e7\u00e3o presbiteral\" \/>\n<meta property=\"og:url\" content=\"https:\/\/franciscanos.org.br\/noticias\/a-vocacao-franciscana-se-da-na-evangelizacao-das-ruas-2.html\" \/>\n<meta property=\"og:site_name\" content=\"Not\u00edcias - Franciscanos\" \/>\n<meta property=\"article:published_time\" content=\"2017-09-28T11:29:03+00:00\" \/>\n<meta property=\"article:modified_time\" content=\"2019-03-28T11:28:04+00:00\" \/>\n<meta property=\"og:image\" content=\"https:\/\/franciscanos.org.br\/noticias\/wp-content\/uploads\/2017\/09\/triduo_segundo_280917_2.jpg\" \/>\n\t<meta property=\"og:image:width\" content=\"273\" \/>\n\t<meta property=\"og:image:height\" content=\"181\" \/>\n\t<meta property=\"og:image:type\" content=\"image\/jpeg\" \/>\n<meta name=\"author\" content=\"admin\" \/>\n<meta name=\"twitter:card\" content=\"summary_large_image\" \/>\n<meta name=\"twitter:label1\" content=\"Escrito por\" \/>\n\t<meta name=\"twitter:data1\" content=\"admin\" \/>\n\t<meta name=\"twitter:label2\" content=\"Est. tempo de leitura\" \/>\n\t<meta name=\"twitter:data2\" content=\"3 minutos\" \/>\n<script type=\"application\/ld+json\" class=\"yoast-schema-graph\">{\"@context\":\"https:\/\/schema.org\",\"@graph\":[{\"@type\":\"WebSite\",\"@id\":\"https:\/\/franciscanos.org.br\/noticias\/#website\",\"url\":\"https:\/\/franciscanos.org.br\/noticias\/\",\"name\":\"Not\u00edcias - Franciscanos\",\"description\":\"Prov\u00edncia Franciscana da Imaculada Concei\u00e7\u00e3o do Brasil - Ordem dos Frades Menores - OFM\",\"potentialAction\":[{\"@type\":\"SearchAction\",\"target\":{\"@type\":\"EntryPoint\",\"urlTemplate\":\"https:\/\/franciscanos.org.br\/noticias\/?s={search_term_string}\"},\"query-input\":\"required name=search_term_string\"}],\"inLanguage\":\"pt-BR\"},{\"@type\":\"ImageObject\",\"inLanguage\":\"pt-BR\",\"@id\":\"https:\/\/franciscanos.org.br\/noticias\/a-vocacao-franciscana-se-da-na-evangelizacao-das-ruas-2.html#primaryimage\",\"url\":\"https:\/\/franciscanos.org.br\/noticias\/wp-content\/uploads\/2017\/09\/triduo_segundo_280917_2.jpg\",\"contentUrl\":\"https:\/\/franciscanos.org.br\/noticias\/wp-content\/uploads\/2017\/09\/triduo_segundo_280917_2.jpg\",\"width\":273,\"height\":181},{\"@type\":\"WebPage\",\"@id\":\"https:\/\/franciscanos.org.br\/noticias\/a-vocacao-franciscana-se-da-na-evangelizacao-das-ruas-2.html#webpage\",\"url\":\"https:\/\/franciscanos.org.br\/noticias\/a-vocacao-franciscana-se-da-na-evangelizacao-das-ruas-2.html\",\"name\":\"\\\"A voca\u00e7\u00e3o franciscana\\\" no segundo dia do Tr\u00edduo - Not\u00edcias - Franciscanos\",\"isPartOf\":{\"@id\":\"https:\/\/franciscanos.org.br\/noticias\/#website\"},\"primaryImageOfPage\":{\"@id\":\"https:\/\/franciscanos.org.br\/noticias\/a-vocacao-franciscana-se-da-na-evangelizacao-das-ruas-2.html#primaryimage\"},\"datePublished\":\"2017-09-28T11:29:03+00:00\",\"dateModified\":\"2019-03-28T11:28:04+00:00\",\"author\":{\"@id\":\"https:\/\/franciscanos.org.br\/noticias\/#\/schema\/person\/b38fbf43118f02820bd932f2e4b14ad3\"},\"breadcrumb\":{\"@id\":\"https:\/\/franciscanos.org.br\/noticias\/a-vocacao-franciscana-se-da-na-evangelizacao-das-ruas-2.html#breadcrumb\"},\"inLanguage\":\"pt-BR\",\"potentialAction\":[{\"@type\":\"ReadAction\",\"target\":[\"https:\/\/franciscanos.org.br\/noticias\/a-vocacao-franciscana-se-da-na-evangelizacao-das-ruas-2.html\"]}]},{\"@type\":\"BreadcrumbList\",\"@id\":\"https:\/\/franciscanos.org.br\/noticias\/a-vocacao-franciscana-se-da-na-evangelizacao-das-ruas-2.html#breadcrumb\",\"itemListElement\":[{\"@type\":\"ListItem\",\"position\":1,\"name\":\"Home\",\"item\":\"https:\/\/franciscanos.org.br\/noticias\"},{\"@type\":\"ListItem\",\"position\":2,\"name\":\"&#8220;A voca\u00e7\u00e3o franciscana&#8221; no segundo dia do Tr\u00edduo\"}]},{\"@type\":\"Person\",\"@id\":\"https:\/\/franciscanos.org.br\/noticias\/#\/schema\/person\/b38fbf43118f02820bd932f2e4b14ad3\",\"name\":\"admin\",\"image\":{\"@type\":\"ImageObject\",\"inLanguage\":\"pt-BR\",\"@id\":\"https:\/\/franciscanos.org.br\/noticias\/#\/schema\/person\/image\/\",\"url\":\"https:\/\/secure.gravatar.com\/avatar\/e8495742d34d0ba6448ea1c628263b3e?s=96&d=mm&r=g\",\"contentUrl\":\"https:\/\/secure.gravatar.com\/avatar\/e8495742d34d0ba6448ea1c628263b3e?s=96&d=mm&r=g\",\"caption\":\"admin\"},\"url\":\"https:\/\/franciscanos.org.br\/noticias\/author\/admin\"}]}<\/script>\n<!-- \/ Yoast SEO plugin. -->","yoast_head_json":{"title":"\"A voca\u00e7\u00e3o franciscana\" no segundo dia do Tr\u00edduo - Not\u00edcias - Franciscanos","robots":{"index":"index","follow":"follow","max-snippet":"max-snippet:-1","max-image-preview":"max-image-preview:large","max-video-preview":"max-video-preview:-1"},"canonical":"https:\/\/franciscanos.org.br\/noticias\/a-vocacao-franciscana-se-da-na-evangelizacao-das-ruas-2.html","og_locale":"pt_BR","og_type":"article","og_title":"\"A voca\u00e7\u00e3o franciscana\" no segundo dia do Tr\u00edduo - Not\u00edcias - Franciscanos","og_description":"Ordena\u00e7\u00e3o presbiteral","og_url":"https:\/\/franciscanos.org.br\/noticias\/a-vocacao-franciscana-se-da-na-evangelizacao-das-ruas-2.html","og_site_name":"Not\u00edcias - Franciscanos","article_published_time":"2017-09-28T11:29:03+00:00","article_modified_time":"2019-03-28T11:28:04+00:00","og_image":[{"width":273,"height":181,"url":"https:\/\/franciscanos.org.br\/noticias\/wp-content\/uploads\/2017\/09\/triduo_segundo_280917_2.jpg","type":"image\/jpeg"}],"author":"admin","twitter_card":"summary_large_image","twitter_misc":{"Escrito por":"admin","Est. tempo de leitura":"3 minutos"},"schema":{"@context":"https:\/\/schema.org","@graph":[{"@type":"WebSite","@id":"https:\/\/franciscanos.org.br\/noticias\/#website","url":"https:\/\/franciscanos.org.br\/noticias\/","name":"Not\u00edcias - Franciscanos","description":"Prov\u00edncia Franciscana da Imaculada Concei\u00e7\u00e3o do Brasil - Ordem dos Frades Menores - OFM","potentialAction":[{"@type":"SearchAction","target":{"@type":"EntryPoint","urlTemplate":"https:\/\/franciscanos.org.br\/noticias\/?s={search_term_string}"},"query-input":"required name=search_term_string"}],"inLanguage":"pt-BR"},{"@type":"ImageObject","inLanguage":"pt-BR","@id":"https:\/\/franciscanos.org.br\/noticias\/a-vocacao-franciscana-se-da-na-evangelizacao-das-ruas-2.html#primaryimage","url":"https:\/\/franciscanos.org.br\/noticias\/wp-content\/uploads\/2017\/09\/triduo_segundo_280917_2.jpg","contentUrl":"https:\/\/franciscanos.org.br\/noticias\/wp-content\/uploads\/2017\/09\/triduo_segundo_280917_2.jpg","width":273,"height":181},{"@type":"WebPage","@id":"https:\/\/franciscanos.org.br\/noticias\/a-vocacao-franciscana-se-da-na-evangelizacao-das-ruas-2.html#webpage","url":"https:\/\/franciscanos.org.br\/noticias\/a-vocacao-franciscana-se-da-na-evangelizacao-das-ruas-2.html","name":"\"A voca\u00e7\u00e3o franciscana\" no segundo dia do Tr\u00edduo - Not\u00edcias - Franciscanos","isPartOf":{"@id":"https:\/\/franciscanos.org.br\/noticias\/#website"},"primaryImageOfPage":{"@id":"https:\/\/franciscanos.org.br\/noticias\/a-vocacao-franciscana-se-da-na-evangelizacao-das-ruas-2.html#primaryimage"},"datePublished":"2017-09-28T11:29:03+00:00","dateModified":"2019-03-28T11:28:04+00:00","author":{"@id":"https:\/\/franciscanos.org.br\/noticias\/#\/schema\/person\/b38fbf43118f02820bd932f2e4b14ad3"},"breadcrumb":{"@id":"https:\/\/franciscanos.org.br\/noticias\/a-vocacao-franciscana-se-da-na-evangelizacao-das-ruas-2.html#breadcrumb"},"inLanguage":"pt-BR","potentialAction":[{"@type":"ReadAction","target":["https:\/\/franciscanos.org.br\/noticias\/a-vocacao-franciscana-se-da-na-evangelizacao-das-ruas-2.html"]}]},{"@type":"BreadcrumbList","@id":"https:\/\/franciscanos.org.br\/noticias\/a-vocacao-franciscana-se-da-na-evangelizacao-das-ruas-2.html#breadcrumb","itemListElement":[{"@type":"ListItem","position":1,"name":"Home","item":"https:\/\/franciscanos.org.br\/noticias"},{"@type":"ListItem","position":2,"name":"&#8220;A voca\u00e7\u00e3o franciscana&#8221; no segundo dia do Tr\u00edduo"}]},{"@type":"Person","@id":"https:\/\/franciscanos.org.br\/noticias\/#\/schema\/person\/b38fbf43118f02820bd932f2e4b14ad3","name":"admin","image":{"@type":"ImageObject","inLanguage":"pt-BR","@id":"https:\/\/franciscanos.org.br\/noticias\/#\/schema\/person\/image\/","url":"https:\/\/secure.gravatar.com\/avatar\/e8495742d34d0ba6448ea1c628263b3e?s=96&d=mm&r=g","contentUrl":"https:\/\/secure.gravatar.com\/avatar\/e8495742d34d0ba6448ea1c628263b3e?s=96&d=mm&r=g","caption":"admin"},"url":"https:\/\/franciscanos.org.br\/noticias\/author\/admin"}]}},"_links":{"self":[{"href":"https:\/\/franciscanos.org.br\/noticias\/wp-json\/wp\/v2\/posts\/188211"}],"collection":[{"href":"https:\/\/franciscanos.org.br\/noticias\/wp-json\/wp\/v2\/posts"}],"about":[{"href":"https:\/\/franciscanos.org.br\/noticias\/wp-json\/wp\/v2\/types\/post"}],"author":[{"embeddable":true,"href":"https:\/\/franciscanos.org.br\/noticias\/wp-json\/wp\/v2\/users\/1"}],"replies":[{"embeddable":true,"href":"https:\/\/franciscanos.org.br\/noticias\/wp-json\/wp\/v2\/comments?post=188211"}],"version-history":[{"count":0,"href":"https:\/\/franciscanos.org.br\/noticias\/wp-json\/wp\/v2\/posts\/188211\/revisions"}],"wp:featuredmedia":[{"embeddable":true,"href":"https:\/\/franciscanos.org.br\/noticias\/wp-json\/wp\/v2\/media\/201890"}],"wp:attachment":[{"href":"https:\/\/franciscanos.org.br\/noticias\/wp-json\/wp\/v2\/media?parent=188211"}],"wp:term":[{"taxonomy":"category","embeddable":true,"href":"https:\/\/franciscanos.org.br\/noticias\/wp-json\/wp\/v2\/categories?post=188211"},{"taxonomy":"post_tag","embeddable":true,"href":"https:\/\/franciscanos.org.br\/noticias\/wp-json\/wp\/v2\/tags?post=188211"}],"curies":[{"name":"wp","href":"https:\/\/api.w.org\/{rel}","templated":true}]}}