{"id":18780,"date":"2012-06-04T15:49:42","date_gmt":"2012-06-04T18:49:42","guid":{"rendered":"http:\/\/new.franciscanos.org.br\/?p=18780"},"modified":"2020-11-09T16:16:19","modified_gmt":"2020-11-09T19:16:19","slug":"nasce-a-rota-franciscana-frei-galvao","status":"publish","type":"post","link":"https:\/\/franciscanos.org.br\/noticias\/nasce-a-rota-franciscana-frei-galvao.html","title":{"rendered":"Nasce a Rota Franciscana Frei Galv\u00e3o"},"content":{"rendered":"<div id=\"attachment_18781\" style=\"width: 410px\" class=\"wp-caption alignright\"><a href=\"http:\/\/franciscanos.org.br\/wp-content\/uploads\/2012\/06\/2478_040612.jpg\"><img aria-describedby=\"caption-attachment-18781\" loading=\"lazy\" class=\"size-full wp-image-18781\" title=\"2478_040612\" src=\"http:\/\/franciscanos.org.br\/wp-content\/uploads\/2012\/06\/2478_040612.jpg\" alt=\"\" width=\"400\" height=\"188\" \/><\/a><p id=\"caption-attachment-18781\" class=\"wp-caption-text\">Antiga Bas\u00edlica de Aparecida, onde ser\u00e1 o lan\u00e7amento da Rota foto: Divulga\u00e7\u00e3o<\/p><\/div>\n<p>Nesta ter\u00e7a-feira (5 de junho), come\u00e7am as a\u00e7\u00f5es dedicadas ao lan\u00e7amento da Rota Franciscana \u2013 Frei Galv\u00e3o, do Programa Caminha SP, numa iniciativa da Secretaria de Turismo do Estado de S\u00e3o Paulo. \u201cMais uma vez, nosso trabalho volta-se para o redescobrimento do potencial tur\u00edstico de in\u00fameros munic\u00edpios paulistas por interm\u00e9dio de rotas pedestres, com base nas andan\u00e7as de religiosos e bandeirantes pelo Estado\u201d, argumenta M\u00e1rcio Fran\u00e7a, titular da Pasta.<\/p>\n<p>O evento de lan\u00e7amento ter\u00e1 in\u00edcio \u00e0s 11 horas, com a B\u00ean\u00e7\u00e3o do Caminho por Dom Raymundo Damasceno Assis, cardeal arcebispo de Aparecida e presidente da Confedera\u00e7\u00e3o Nacional dos Bispos do Brasil \u2013 CNBB, na Matriz Bas\u00edlica de Nossa Senhora Aparecida, localizada na Pra\u00e7a Nossa Senhora Aparecida, 313, no centro deste munic\u00edpio.<\/p>\n<p>Em seguida, \u00e0s 11h30, na vizinha cidade de Guaratinguet\u00e1, haver\u00e1 a inaugura\u00e7\u00e3o festiva desta rota, com a participa\u00e7\u00e3o do ator Paulo Vilhena caracterizado de Frei Galv\u00e3o. Esta parte do lan\u00e7amento ocorre na Catedral de Santo Ant\u00f4nio, na Pra\u00e7a Santo Ant\u00f4nio, 300, centro. E \u00e0s 12h30, ap\u00f3s os eventos de Aparecida e Guaratinguet\u00e1, haver\u00e1 uma b\u00ean\u00e7\u00e3o final no Santu\u00e1rio de Frei Galv\u00e3o, localizado na Avenida Jos\u00e9 Pereira Cruz, 53 &#8211; Jardim do Vale &#8211; Guaratinguet\u00e1.<\/p>\n<p><strong>Rota Franciscana \u2013 Frei Galv\u00e3o<\/strong><br \/>\nEsta rota \u00e9 composta por cinco percursos:<\/p>\n<ul>\n<li><strong>S\u00e3o Jos\u00e9 dos Campos (S\u00e3o Francisco Xavier) \/ Guaratinguet\u00e1<\/strong>;<\/li>\n<li><strong>Lavrinhas \/ Guaratinguet\u00e1;<\/strong><\/li>\n<li><strong>Bananal \/ Guaratinguet\u00e1<\/strong>;<\/li>\n<li><strong>S\u00e3o Lu\u00eds do Paraitinga \/ Guaratinguet\u00e1; <\/strong><\/li>\n<li><strong>Guaratinguet\u00e1 \/ Mogi das Cruzes \/ S\u00e3o Paulo.<\/strong><\/li>\n<\/ul>\n<p>Os caminhos percorridos por Frei Galv\u00e3o apontam para a segunda metade do s\u00e9culo 17 e, no total, s\u00e3o 818 quil\u00f4metros, sendo 767 para os caminhantes, cortando duas das principais regi\u00f5es tur\u00edsticas do Estado, \u201cVale do Para\u00edba e Serras\u201d e \u201cAlto Tiet\u00ea \u2013 Cantareira\u201d e outros 51 quil\u00f4metros a serem percorridos de trem, de Mogi das Cruzes at\u00e9 a Esta\u00e7\u00e3o da Luz, na Capital.<\/p>\n<p>A rota de Frei Galv\u00e3o que integra o <strong>Caminha SP<\/strong> \u00e9 definida como um programa tur\u00edstico de caminhos intermunicipais e contemplativos de atrativos naturais, hist\u00f3ricos e arquitet\u00f4nicos, sempre inspirados na trajet\u00f3ria de personagens hist\u00f3ricos que comp\u00f5em a cultura paulista.<\/p>\n<p>Com p\u00f3rticos eletr\u00f4nicos de monitoramento do caminhante, que emitem mensagens sonoras com informa\u00e7\u00f5es dos atrativos tur\u00edsticos dos 31 munic\u00edpios, a rota \u00e9 sinalizada com placas de orienta\u00e7\u00e3o. Vale ressaltar que o viajante pode escolher a cidade para partir, o n\u00famero de dias, e a dist\u00e2ncia a ser percorrida em cada etapa.<\/p>\n<p><strong>Frei Galv\u00e3o<\/strong><br \/>\nSanto Ant\u00f4nio de Sant&#8217;Ana Galv\u00e3o, mais conhecido como Frei Galv\u00e3o, nasceu em Guaratinguet\u00e1, no dia 10 de maio de 1739 e faleceu em S\u00e3o Paulo, no dia 23 de dezembro de 1822 .Sendo uma das figuras religiosas mais conhecidas do Brasil, e famoso por seus poderes de cura, Galv\u00e3o foi canonizado pelo Papa Bento XVI em 11 de maio de 2007, tornando-se o primeiro santo nascido no Brasil. No geral, \u00e9 o segundo santo cat\u00f3lico brasileiro, j\u00e1 que a \u00edtalo-brasileira Santa Paulina havia sido canonizada por Jo\u00e3o Paulo II em 2002.<\/p>\n<p>Anos antes, exatamente em 25 de outubro de 1998, Galv\u00e3o tornou-se o primeiro religioso nascido no Brasil a ser beatificado pelo Vaticano, tendo sido declarado <em>Vener\u00e1vel<\/em> um ano antes, em 8 de mar\u00e7o de 1997. Durante a visita de cinco dias do Papa Bento XVI ao Brasil, em 2007, aconteceu a cerim\u00f4nia de canoniza\u00e7\u00e3o e a cerim\u00f4nia de mais de duas horas, realizada ao ar livre no Aeroporto Militar Campo de Marte, na Capital, reuniu cerca de 800 mil pessoas, segundo estimativas oficiais. Galv\u00e3o foi o primeiro santo que o Papa Bento XVI canonizou numa cerim\u00f4nia realizada fora da Cidade do Vaticano. Sua eleva\u00e7\u00e3o ao status de santo veio depois que a Igreja concluiu que ele havia realizado pelo menos dois milagres.<\/p>\n<p style=\"text-align: left;\" align=\"right\"><strong>Maristela Bignardi, especial para este site<\/strong><\/p>\n","protected":false},"excerpt":{"rendered":"<p>Carisma Franciscano<\/p>\n","protected":false},"author":1,"featured_media":211619,"comment_status":"closed","ping_status":"closed","sticky":false,"template":"","format":"standard","meta":[],"categories":[1],"tags":[313],"acf":[],"yoast_head":"<!-- This site is optimized with the Yoast SEO plugin v19.2 - https:\/\/yoast.com\/wordpress\/plugins\/seo\/ -->\n<title>Nasce a Rota Franciscana Frei Galv\u00e3o - Not\u00edcias - Franciscanos<\/title>\n<meta name=\"robots\" content=\"index, follow, max-snippet:-1, max-image-preview:large, max-video-preview:-1\" \/>\n<link rel=\"canonical\" href=\"https:\/\/franciscanos.org.br\/noticias\/nasce-a-rota-franciscana-frei-galvao.html\" \/>\n<meta property=\"og:locale\" content=\"pt_BR\" \/>\n<meta property=\"og:type\" content=\"article\" \/>\n<meta property=\"og:title\" content=\"Nasce a Rota Franciscana Frei Galv\u00e3o - Not\u00edcias - Franciscanos\" \/>\n<meta property=\"og:description\" content=\"Carisma Franciscano\" \/>\n<meta property=\"og:url\" content=\"https:\/\/franciscanos.org.br\/noticias\/nasce-a-rota-franciscana-frei-galvao.html\" \/>\n<meta property=\"og:site_name\" content=\"Not\u00edcias - Franciscanos\" \/>\n<meta property=\"article:published_time\" content=\"2012-06-04T18:49:42+00:00\" \/>\n<meta property=\"article:modified_time\" content=\"2020-11-09T19:16:19+00:00\" \/>\n<meta property=\"og:image\" content=\"https:\/\/franciscanos.org.br\/noticias\/wp-content\/uploads\/2012\/06\/2478_040612.jpg\" \/>\n\t<meta property=\"og:image:width\" content=\"273\" \/>\n\t<meta property=\"og:image:height\" content=\"181\" \/>\n\t<meta property=\"og:image:type\" content=\"image\/jpeg\" \/>\n<meta name=\"author\" content=\"admin\" \/>\n<meta name=\"twitter:card\" content=\"summary_large_image\" \/>\n<meta name=\"twitter:label1\" content=\"Escrito por\" \/>\n\t<meta name=\"twitter:data1\" content=\"admin\" \/>\n\t<meta name=\"twitter:label2\" content=\"Est. tempo de leitura\" \/>\n\t<meta name=\"twitter:data2\" content=\"3 minutos\" \/>\n<script type=\"application\/ld+json\" class=\"yoast-schema-graph\">{\"@context\":\"https:\/\/schema.org\",\"@graph\":[{\"@type\":\"WebSite\",\"@id\":\"https:\/\/franciscanos.org.br\/noticias\/#website\",\"url\":\"https:\/\/franciscanos.org.br\/noticias\/\",\"name\":\"Not\u00edcias - Franciscanos\",\"description\":\"Prov\u00edncia Franciscana da Imaculada Concei\u00e7\u00e3o do Brasil - Ordem dos Frades Menores - OFM\",\"potentialAction\":[{\"@type\":\"SearchAction\",\"target\":{\"@type\":\"EntryPoint\",\"urlTemplate\":\"https:\/\/franciscanos.org.br\/noticias\/?s={search_term_string}\"},\"query-input\":\"required name=search_term_string\"}],\"inLanguage\":\"pt-BR\"},{\"@type\":\"ImageObject\",\"inLanguage\":\"pt-BR\",\"@id\":\"https:\/\/franciscanos.org.br\/noticias\/nasce-a-rota-franciscana-frei-galvao.html#primaryimage\",\"url\":\"https:\/\/franciscanos.org.br\/noticias\/wp-content\/uploads\/2012\/06\/2478_040612.jpg\",\"contentUrl\":\"https:\/\/franciscanos.org.br\/noticias\/wp-content\/uploads\/2012\/06\/2478_040612.jpg\",\"width\":273,\"height\":181},{\"@type\":\"WebPage\",\"@id\":\"https:\/\/franciscanos.org.br\/noticias\/nasce-a-rota-franciscana-frei-galvao.html#webpage\",\"url\":\"https:\/\/franciscanos.org.br\/noticias\/nasce-a-rota-franciscana-frei-galvao.html\",\"name\":\"Nasce a Rota Franciscana Frei Galv\u00e3o - Not\u00edcias - Franciscanos\",\"isPartOf\":{\"@id\":\"https:\/\/franciscanos.org.br\/noticias\/#website\"},\"primaryImageOfPage\":{\"@id\":\"https:\/\/franciscanos.org.br\/noticias\/nasce-a-rota-franciscana-frei-galvao.html#primaryimage\"},\"datePublished\":\"2012-06-04T18:49:42+00:00\",\"dateModified\":\"2020-11-09T19:16:19+00:00\",\"author\":{\"@id\":\"https:\/\/franciscanos.org.br\/noticias\/#\/schema\/person\/b38fbf43118f02820bd932f2e4b14ad3\"},\"breadcrumb\":{\"@id\":\"https:\/\/franciscanos.org.br\/noticias\/nasce-a-rota-franciscana-frei-galvao.html#breadcrumb\"},\"inLanguage\":\"pt-BR\",\"potentialAction\":[{\"@type\":\"ReadAction\",\"target\":[\"https:\/\/franciscanos.org.br\/noticias\/nasce-a-rota-franciscana-frei-galvao.html\"]}]},{\"@type\":\"BreadcrumbList\",\"@id\":\"https:\/\/franciscanos.org.br\/noticias\/nasce-a-rota-franciscana-frei-galvao.html#breadcrumb\",\"itemListElement\":[{\"@type\":\"ListItem\",\"position\":1,\"name\":\"Home\",\"item\":\"https:\/\/franciscanos.org.br\/noticias\"},{\"@type\":\"ListItem\",\"position\":2,\"name\":\"Nasce a Rota Franciscana Frei Galv\u00e3o\"}]},{\"@type\":\"Person\",\"@id\":\"https:\/\/franciscanos.org.br\/noticias\/#\/schema\/person\/b38fbf43118f02820bd932f2e4b14ad3\",\"name\":\"admin\",\"image\":{\"@type\":\"ImageObject\",\"inLanguage\":\"pt-BR\",\"@id\":\"https:\/\/franciscanos.org.br\/noticias\/#\/schema\/person\/image\/\",\"url\":\"https:\/\/secure.gravatar.com\/avatar\/e8495742d34d0ba6448ea1c628263b3e?s=96&d=mm&r=g\",\"contentUrl\":\"https:\/\/secure.gravatar.com\/avatar\/e8495742d34d0ba6448ea1c628263b3e?s=96&d=mm&r=g\",\"caption\":\"admin\"},\"url\":\"https:\/\/franciscanos.org.br\/noticias\/author\/admin\"}]}<\/script>\n<!-- \/ Yoast SEO plugin. -->","yoast_head_json":{"title":"Nasce a Rota Franciscana Frei Galv\u00e3o - Not\u00edcias - Franciscanos","robots":{"index":"index","follow":"follow","max-snippet":"max-snippet:-1","max-image-preview":"max-image-preview:large","max-video-preview":"max-video-preview:-1"},"canonical":"https:\/\/franciscanos.org.br\/noticias\/nasce-a-rota-franciscana-frei-galvao.html","og_locale":"pt_BR","og_type":"article","og_title":"Nasce a Rota Franciscana Frei Galv\u00e3o - Not\u00edcias - Franciscanos","og_description":"Carisma Franciscano","og_url":"https:\/\/franciscanos.org.br\/noticias\/nasce-a-rota-franciscana-frei-galvao.html","og_site_name":"Not\u00edcias - Franciscanos","article_published_time":"2012-06-04T18:49:42+00:00","article_modified_time":"2020-11-09T19:16:19+00:00","og_image":[{"width":273,"height":181,"url":"https:\/\/franciscanos.org.br\/noticias\/wp-content\/uploads\/2012\/06\/2478_040612.jpg","type":"image\/jpeg"}],"author":"admin","twitter_card":"summary_large_image","twitter_misc":{"Escrito por":"admin","Est. tempo de leitura":"3 minutos"},"schema":{"@context":"https:\/\/schema.org","@graph":[{"@type":"WebSite","@id":"https:\/\/franciscanos.org.br\/noticias\/#website","url":"https:\/\/franciscanos.org.br\/noticias\/","name":"Not\u00edcias - Franciscanos","description":"Prov\u00edncia Franciscana da Imaculada Concei\u00e7\u00e3o do Brasil - Ordem dos Frades Menores - OFM","potentialAction":[{"@type":"SearchAction","target":{"@type":"EntryPoint","urlTemplate":"https:\/\/franciscanos.org.br\/noticias\/?s={search_term_string}"},"query-input":"required name=search_term_string"}],"inLanguage":"pt-BR"},{"@type":"ImageObject","inLanguage":"pt-BR","@id":"https:\/\/franciscanos.org.br\/noticias\/nasce-a-rota-franciscana-frei-galvao.html#primaryimage","url":"https:\/\/franciscanos.org.br\/noticias\/wp-content\/uploads\/2012\/06\/2478_040612.jpg","contentUrl":"https:\/\/franciscanos.org.br\/noticias\/wp-content\/uploads\/2012\/06\/2478_040612.jpg","width":273,"height":181},{"@type":"WebPage","@id":"https:\/\/franciscanos.org.br\/noticias\/nasce-a-rota-franciscana-frei-galvao.html#webpage","url":"https:\/\/franciscanos.org.br\/noticias\/nasce-a-rota-franciscana-frei-galvao.html","name":"Nasce a Rota Franciscana Frei Galv\u00e3o - Not\u00edcias - Franciscanos","isPartOf":{"@id":"https:\/\/franciscanos.org.br\/noticias\/#website"},"primaryImageOfPage":{"@id":"https:\/\/franciscanos.org.br\/noticias\/nasce-a-rota-franciscana-frei-galvao.html#primaryimage"},"datePublished":"2012-06-04T18:49:42+00:00","dateModified":"2020-11-09T19:16:19+00:00","author":{"@id":"https:\/\/franciscanos.org.br\/noticias\/#\/schema\/person\/b38fbf43118f02820bd932f2e4b14ad3"},"breadcrumb":{"@id":"https:\/\/franciscanos.org.br\/noticias\/nasce-a-rota-franciscana-frei-galvao.html#breadcrumb"},"inLanguage":"pt-BR","potentialAction":[{"@type":"ReadAction","target":["https:\/\/franciscanos.org.br\/noticias\/nasce-a-rota-franciscana-frei-galvao.html"]}]},{"@type":"BreadcrumbList","@id":"https:\/\/franciscanos.org.br\/noticias\/nasce-a-rota-franciscana-frei-galvao.html#breadcrumb","itemListElement":[{"@type":"ListItem","position":1,"name":"Home","item":"https:\/\/franciscanos.org.br\/noticias"},{"@type":"ListItem","position":2,"name":"Nasce a Rota Franciscana Frei Galv\u00e3o"}]},{"@type":"Person","@id":"https:\/\/franciscanos.org.br\/noticias\/#\/schema\/person\/b38fbf43118f02820bd932f2e4b14ad3","name":"admin","image":{"@type":"ImageObject","inLanguage":"pt-BR","@id":"https:\/\/franciscanos.org.br\/noticias\/#\/schema\/person\/image\/","url":"https:\/\/secure.gravatar.com\/avatar\/e8495742d34d0ba6448ea1c628263b3e?s=96&d=mm&r=g","contentUrl":"https:\/\/secure.gravatar.com\/avatar\/e8495742d34d0ba6448ea1c628263b3e?s=96&d=mm&r=g","caption":"admin"},"url":"https:\/\/franciscanos.org.br\/noticias\/author\/admin"}]}},"_links":{"self":[{"href":"https:\/\/franciscanos.org.br\/noticias\/wp-json\/wp\/v2\/posts\/18780"}],"collection":[{"href":"https:\/\/franciscanos.org.br\/noticias\/wp-json\/wp\/v2\/posts"}],"about":[{"href":"https:\/\/franciscanos.org.br\/noticias\/wp-json\/wp\/v2\/types\/post"}],"author":[{"embeddable":true,"href":"https:\/\/franciscanos.org.br\/noticias\/wp-json\/wp\/v2\/users\/1"}],"replies":[{"embeddable":true,"href":"https:\/\/franciscanos.org.br\/noticias\/wp-json\/wp\/v2\/comments?post=18780"}],"version-history":[{"count":1,"href":"https:\/\/franciscanos.org.br\/noticias\/wp-json\/wp\/v2\/posts\/18780\/revisions"}],"predecessor-version":[{"id":229127,"href":"https:\/\/franciscanos.org.br\/noticias\/wp-json\/wp\/v2\/posts\/18780\/revisions\/229127"}],"wp:featuredmedia":[{"embeddable":true,"href":"https:\/\/franciscanos.org.br\/noticias\/wp-json\/wp\/v2\/media\/211619"}],"wp:attachment":[{"href":"https:\/\/franciscanos.org.br\/noticias\/wp-json\/wp\/v2\/media?parent=18780"}],"wp:term":[{"taxonomy":"category","embeddable":true,"href":"https:\/\/franciscanos.org.br\/noticias\/wp-json\/wp\/v2\/categories?post=18780"},{"taxonomy":"post_tag","embeddable":true,"href":"https:\/\/franciscanos.org.br\/noticias\/wp-json\/wp\/v2\/tags?post=18780"}],"curies":[{"name":"wp","href":"https:\/\/api.w.org\/{rel}","templated":true}]}}