{"id":187771,"date":"2018-11-07T00:01:54","date_gmt":"2018-11-07T02:01:54","guid":{"rendered":"http:\/\/franciscanos.org.br\/?p=176391"},"modified":"2019-08-06T11:22:25","modified_gmt":"2019-08-06T14:22:25","slug":"frei-fidencio-vanboemmel-so-gratidao","status":"publish","type":"post","link":"https:\/\/franciscanos.org.br\/noticias\/frei-fidencio-vanboemmel-so-gratidao.html","title":{"rendered":"Frei Fid\u00eancio Vanboemmel: S\u00f3 gratid\u00e3o!"},"content":{"rendered":"<p><img loading=\"lazy\" class=\"alignleft size-full wp-image-191017\" src=\"https:\/\/franciscanos.org.br\/noticias\/wp-content\/uploads\/2018\/11\/fidencio_capitulo_1.jpg\" alt=\"\" width=\"980\" height=\"550\" srcset=\"https:\/\/franciscanos.org.br\/noticias\/wp-content\/uploads\/2018\/11\/fidencio_capitulo_1.jpg 980w, https:\/\/franciscanos.org.br\/noticias\/wp-content\/uploads\/2018\/11\/fidencio_capitulo_1-450x253.jpg 450w, https:\/\/franciscanos.org.br\/noticias\/wp-content\/uploads\/2018\/11\/fidencio_capitulo_1-768x431.jpg 768w, https:\/\/franciscanos.org.br\/noticias\/wp-content\/uploads\/2018\/11\/fidencio_capitulo_1-150x84.jpg 150w\" sizes=\"(max-width: 980px) 100vw, 980px\" \/><\/p>\n<p><em>No final de 2015, perto de completar seis anos de seu servi\u00e7o como Ministro Provincial, Frei Fid\u00eancio Vanboemmel j\u00e1 se preparava para fazer as malas. Tinha cumprido a miss\u00e3o que seus confrades lhe delegaram no Cap\u00edtulo Provincial de 2009. Veio, ent\u00e3o, o Cap\u00edtulo at\u00edpico no m\u00eas de janeiro e, para a surpresa de muitos, Frei Fid\u00eancio foi chamado a novamente ficar mais tr\u00eas anos \u00e0 frente desta Prov\u00edncia Franciscana da Imaculada Concei\u00e7\u00e3o do Brasil, uma entidade criada h\u00e1 343 anos, no dia 15 de julho de 1675 pelo Papa Clemente X, e que hoje tem 381 frades.<\/em><\/p>\n<p><em>Por for\u00e7a dos Estatutos, neste Cap\u00edtulo Provincial, Frei Fid\u00eancio Vanboemmel n\u00e3o poder\u00e1 mais ser reeleito. Foram 9 anos de muito trabalho, de muitas viagens, reuni\u00f5es e visitas fazendo a anima\u00e7\u00e3o provincial. <\/em><\/p>\n<p><em>Diante do tamanho estrutural e humano da Prov\u00edncia, confessa que perdeu muitas noites de sono. \u201c\u00c9 um desafio conciliar a administra\u00e7\u00e3o das estruturas necess\u00e1rias e, por outro lado, ter o cuidado com o humano de cada irm\u00e3o\u201d, diz Frei Fid\u00eancio. Quando a Prov\u00edncia foi criada, tinha apenas 10 conventos e hoje tem 46 Fraternidades. Frei Fid\u00eancio colecionou frustra\u00e7\u00f5es, tristezas neste per\u00edodo, mas elas n\u00e3o se sobrepuseram \u00e0s muitas alegrias. E o maior sentimento com que deixa esta miss\u00e3o se resume numa palavra: Gratid\u00e3o!<\/em><\/p>\n<p><em>Frei Fid\u00eancio n\u00e3o fala sobre o futuro, deixa em aberto seu \u201cdestino\u201d, mas como diz Hermann Hesse, um famoso escritor do nosso tempo de juventude: \u201cA cada chamado da vida, o cora\u00e7\u00e3o deve estar pronto para a despedida e para novo come\u00e7o\u201d. <\/em><\/p>\n<p><em>\u00c9 com este sentimento tamb\u00e9m de gratid\u00e3o que desejamos ao sr., Frei Fid\u00eancio, muitas alegrias, luz, serenidade, leveza, sa\u00fade e paz. Parafraseando o nosso amado Papa Francisco: Reze por n\u00f3s!<\/em><\/p>\n<h3><strong>Acompanhe a entrevista dada a\u00a0Moacir Beggo!<\/strong><\/h3>\n<p><strong>Site Franciscanos<\/strong>\u00a0&#8211; <strong>Que avalia\u00e7\u00e3o o sr. faz do governo nestes nove anos \u00e0 frente da Prov\u00edncia?<\/strong><\/p>\n<p><strong>Frei Fid\u00eancio Vanboemmel<\/strong> &#8211; Creio que existem dois pontos de vista para se fazer uma correta avalia\u00e7\u00e3o desses nove anos \u00e0 frente da Prov\u00edncia, isto \u00e9, do primeiro mandato de seis anos e a reelei\u00e7\u00e3o por mais tr\u00eas anos.<\/p>\n<p>O primeiro ponto de vista brota da minha vis\u00e3o pessoal, isto \u00e9, daquilo que vivenciei e experimentei no exerc\u00edcio do meu servi\u00e7o de Ministro de uma Fraternidade Provincial com um n\u00famero significativo de irm\u00e3os e um vasto leque de atividades formativas e de evangeliza\u00e7\u00e3o. Pude, nestes nove anos, conhecer todas as nossas realidades, mas ao mesmo tempo sinto-me devedor de um conhecimento mais aprofundado das muitas realidades da Prov\u00edncia, daquilo que se passa no cora\u00e7\u00e3o de cada fraternidade e de cada irm\u00e3o. Os meus confrades, nestes nove anos, foram muito generosos e deles aprendi a li\u00e7\u00e3o do famoso relato do \u201cEspelho da Perfei\u00e7\u00e3o\u201d onde se narra como S\u00e3o Francisco descreveu o frade perfeito.<\/p>\n<p>Portanto, foram nove anos de amadurecimento e crescimento pessoal, com as surpresas naturais do cotidiano da vida de cada frade, de cada Fraternidade e da Fraternidade Provincial como um todo.<\/p>\n<p>O outro ponto de vista \u00e9 a avalia\u00e7\u00e3o que os irm\u00e3os da fraternidade e os nossos leigos e leigas fazem daquilo que costumamos chamar de \u201cgoverno\u201d, ou, franciscanamente falando, do servi\u00e7o que um Ministro Provincial deve prestar. Pela colabora\u00e7\u00e3o de todos, aqui expresso o meu muito obrigado! E pelas minhas fragilidades e limita\u00e7\u00f5es pessoais, pe\u00e7o miseric\u00f3rdia e perd\u00e3o!<\/p>\n<p><strong>Site Franciscanos<\/strong><em>\u00a0&#8211; <\/em><strong>Que avalia\u00e7\u00e3o o sr. faz das Frentes de Evangeliza\u00e7\u00e3o e dos Secretariados?<\/strong><\/p>\n<p><strong><a href=\"http:\/\/franciscanos.org.br\/wp-content\/uploads\/2018\/11\/2.jpg\"><img loading=\"lazy\" class=\"alignright wp-image-176406 size-full\" src=\"http:\/\/franciscanos.org.br\/wp-content\/uploads\/2018\/11\/2.jpg\" alt=\"2\" width=\"280\" height=\"386\" \/><\/a>Frei Fid\u00eancio<\/strong> &#8211; Na Prov\u00edncia houve uma compreens\u00e3o gradual do conceito de Evangeliza\u00e7\u00e3o. O que hoje denominamos Frentes de Evangeliza\u00e7\u00e3o \u00e9 resultado de uma caminhada de 21 anos quando, em 1997, elaborou-se o chamado Pr\u00e9-Plano de Evangeliza\u00e7\u00e3o. Desde ent\u00e3o, de Cap\u00edtulo em Cap\u00edtulo, a Fraternidade Provincial foi aprimorando e clareando o \u201cPlano de Evangeliza\u00e7\u00e3o\u201d, at\u00e9 chegarmos a definir as cinco Frentes de Evangeliza\u00e7\u00e3o, animadas pelo Secretariado da Evangeliza\u00e7\u00e3o, e integradas com a Forma\u00e7\u00e3o, animada pelo Secretariado para a Forma\u00e7\u00e3o e os Estudos.<\/p>\n<p>As Frentes de Evangeliza\u00e7\u00e3o deram maior clareza \u00e0 nossa miss\u00e3o evangelizadora, sempre feita em fraternidade e a partir da fraternidade, em conson\u00e2ncia com as exig\u00eancias da Ordem dos Frades Menores, da Igreja e as interpela\u00e7\u00f5es do mundo atual. Todas as Frentes de Evangeliza\u00e7\u00e3o e Forma\u00e7\u00e3o se regem por princ\u00edpios e dimens\u00f5es transversais comuns, particularmente os n\u00facleos centrais do nosso carisma franciscano: fraternidade, minoridade, ora\u00e7\u00e3o, pobreza, obedi\u00eancia, justi\u00e7a e paz, comunh\u00e3o e di\u00e1logo ecum\u00eanico e intercultural.<\/p>\n<p><strong>Site Franciscanos<\/strong><em>\u00a0&#8211; <\/em><strong>Qual o sentimento que define esta partida?<\/strong><\/p>\n<p><strong>Frei Fid\u00eancio<\/strong> &#8211; O sentimento da gratid\u00e3o! Gratid\u00e3o a Deus, a cada confrade e a todos os nossos colaboradores e colaboradoras, leigos e leigas, parceiros na miss\u00e3o evangelizadora.<\/p>\n<p><strong>Site Franciscanos<\/strong><em>\u00a0&#8211; <\/em><strong>O que faltou fazer no seu governo? Qual a sua maior frustra\u00e7\u00e3o ou tristeza? Perdeu muitas noites de sono?<\/strong><\/p>\n<p><strong>Frei Fid\u00eancio<\/strong> &#8211; Tenho consci\u00eancia de que fizemos muito nesses nove anos. Da mesma forma, tenho clareza de que outras coisas poderiam ter sido feitas melhor, n\u00e3o por pregui\u00e7a ou comodidade, mas por conta do ac\u00famulo de servi\u00e7os e, paralelamente, por alguma fragilidade pessoal no cuidado com a sa\u00fade. Acalentei muito o sonho de redimensionar algumas Frentes de Evangeliza\u00e7\u00e3o e fortalecer outras. Mas, como dizia Frei Est\u00eav\u00e3o, \u201ctemos de ir para a guerra com os soldados que temos\u201d.<\/p>\n<p><a href=\"http:\/\/franciscanos.org.br\/wp-content\/uploads\/2018\/11\/3.jpg\"><img loading=\"lazy\" class=\"alignright wp-image-176409 size-full\" src=\"http:\/\/franciscanos.org.br\/wp-content\/uploads\/2018\/11\/3.jpg\" alt=\"3\" width=\"280\" height=\"386\" \/><\/a>Frustra\u00e7\u00f5es e tristezas tamb\u00e9m s\u00e3o \u201cossos do of\u00edcio\u201d. \u00c9 um desafio conciliar a administra\u00e7\u00e3o das estruturas necess\u00e1rias e, por outro lado, ter o cuidado com o humano de cada irm\u00e3o. Assim, por exemplo, de um lado est\u00e1 a frustra\u00e7\u00e3o da n\u00e3o conclus\u00e3o da reforma do Convento Santo Ant\u00f4nio do Rio de Janeiro, quando a Fraternidade Provincial foi v\u00edtima de outros interesses que emperraram a obra do restauro, e, por outro lado, est\u00e3o as tristezas vivenciadas pelas diferentes \u201cperdas\u201d de irm\u00e3os.<\/p>\n<p>Confesso que n\u00e3o foi somente uma noite em que perdi o sono. N\u00e3o raro acordava no meio da noite, sempre ansioso na busca de encontrar solu\u00e7\u00f5es para aliviar as dores deste ou daquele irm\u00e3o, ou encontrar caminhos para solucionar as prova\u00e7\u00f5es naturais da nossa vida fraterna, ou ainda, acalmar alguns pesadelos administrativos.<\/p>\n<p><strong>Site Franciscanos<\/strong>&#8211; <strong>Quais as maiores alegrias neste per\u00edodo \u00e0 frente do Governo?<\/strong><\/p>\n<p><strong>Frei Fid\u00eancio<\/strong> &#8211; Gra\u00e7as a Deus, as alegrias foram muitas!<\/p>\n<p>Em primeiro lugar destaco o servi\u00e7o de todos os irm\u00e3os que, junto com o \u201cgoverno\u201d, assumiram servi\u00e7os de corresponsabilidade na anima\u00e7\u00e3o da vida provincial: os definidores, os guardi\u00e3es e coordenadores das fraternidades, a secretaria provincial, os secret\u00e1rios dos secretariados, a equipe administrativa, os coordenadores dos Regionais e, particularmente, o esfor\u00e7o pessoal de cada confrade que procurou viver com alegria e generosidade a sua voca\u00e7\u00e3o evang\u00e9lica em fraternidade e na miss\u00e3o evangelizadora.<\/p>\n<p>Alegria pela amplifica\u00e7\u00e3o dos espa\u00e7os para oferecer qualidade de vida aos confrades idosos e doentes na fraternidade de Bragan\u00e7a Paulista. Da mesma forma, o cuidado que muitas fraternidades procuram oferecer aos nossos irm\u00e3os idosos.<\/p>\n<p>Alegria de cada visita \u00e0 nossa miss\u00e3o em Angola, particularmente pelo florescimento das voca\u00e7\u00f5es e do trabalho abnegado dos nossos confrades mission\u00e1rios.<\/p>\n<p>Alegria de celebrar as admiss\u00f5es dos candidatos \u00e0 vida franciscana, as profiss\u00f5es e as ordena\u00e7\u00f5es dos nossos confrades nas diferentes fraternidades formativas e evangelizadoras.<\/p>\n<p>Alegria de ter equacionado algumas quest\u00f5es administrativas que pesavam sobre a Prov\u00edncia.<\/p>\n<p><a href=\"http:\/\/franciscanos.org.br\/wp-content\/uploads\/2018\/11\/4.jpg\"><img loading=\"lazy\" class=\"alignright wp-image-176411 size-full\" src=\"http:\/\/franciscanos.org.br\/wp-content\/uploads\/2018\/11\/4.jpg\" alt=\"4\" width=\"280\" height=\"386\" \/><\/a>Alegria de poder contar com tantos leigos e leigas que abra\u00e7am o nosso Plano de Evangeliza\u00e7\u00e3o e fazem quest\u00e3o de dizer: \u201cA nossa Prov\u00edncia&#8230;\u201d.<\/p>\n<p>Alegria porque houve um despertar da Fraternidade Provincial para uma evangeliza\u00e7\u00e3o junto aos jovens: par\u00f3quias, santu\u00e1rios, col\u00e9gios, etc.<\/p>\n<p>Alegria de ter conclu\u00eddo a primeira etapa da causa de Frei Bruno Linden.<\/p>\n<p><strong>Site Franciscanos<\/strong><em>\u00a0&#8211; <\/em><strong>O seu Governo se deu no auge das tecnologias dos smartphones. Isso ajudou e aproximou os frades ou distanciou?<\/strong><\/p>\n<p><strong>Frei Fid\u00eancio<\/strong> &#8211; Sim, isso \u00e9 verdade. Quantas novidades tecnol\u00f3gicas surgiram nestes \u00faltimos anos!<\/p>\n<p>Positivamente falando, conseguimos avan\u00e7ar muito atrav\u00e9s das novas tecnologias de comunica\u00e7\u00e3o. Sei que elas s\u00e3o fundamentais e instrumentos necess\u00e1rios no campo da evangeliza\u00e7\u00e3o, do relacionamento interpessoal, da comunica\u00e7\u00e3o r\u00e1pida e eficaz.<\/p>\n<p>Negativamente falando, eles tamb\u00e9m podem ser instrumentos \u201cdiab\u00f3licos\u201d, isto \u00e9, dividem e n\u00e3o somam, quando destroem em n\u00f3s a capacidade do di\u00e1logo fraterno, ou quando nos distanciam da proximidade afetiva dos irm\u00e3os dados pelo Senhor, ou quando nos isolam no individualismo de um mundo virtual sem alma e sem esp\u00edrito. E ainda, podem ser risco quando roubam de n\u00f3s a sacralidade claustral e a privacidade do sentido de \u201cfam\u00edlia\u201d.<\/p>\n<p><strong>Comunica\u00e7\u00f5es<\/strong> <em>&#8211; <\/em><strong>Qual o futuro da Miss\u00e3o de Angola?<\/strong><\/p>\n<p><strong>Frei Fid\u00eancio<\/strong> &#8211; J\u00e1 falei que a Miss\u00e3o de Angola \u00e9 uma das grandes alegrias, mesmo com todos os desafios pr\u00f3prios de uma miss\u00e3o. Fomos para Angola com a miss\u00e3o de restituir ao Senhor a gra\u00e7a dos 100 anos da restaura\u00e7\u00e3o da Prov\u00edncia da Imaculada Concei\u00e7\u00e3o do Brasil. Hoje, 27 anos depois da ida dos primeiros frades a Angola, digo que o futuro da Miss\u00e3o em Angola \u00e9 promissor. At\u00e9 agora a miss\u00e3o se constituiu numa Funda\u00e7\u00e3o. Certamente o pr\u00f3ximo passo ser\u00e1 a cria\u00e7\u00e3o de uma Cust\u00f3dia dependente.<\/p>\n<p>Se os confrades no in\u00edcio da miss\u00e3o muito sofreram junto com o povo angolano, sempre sonhando um Pa\u00eds melhor, tamb\u00e9m nos alegramos por tudo o que foi feito ao longo desses 27 anos. Al\u00e9m de rezar pelas voca\u00e7\u00f5es, tamb\u00e9m devemos render gra\u00e7as a Deus porque Ele est\u00e1 enviando vocacionados e, consequentemente, nos oferecendo novos irm\u00e3os angolanos.<\/p>\n<p>Nesses anos, a Prov\u00edncia procurou trabalhar para que a Funda\u00e7\u00e3o Imaculada M\u00e3e de Deus de Angola tivesse uma estrutura b\u00e1sica para as etapas formativas, sem nos descuidarmos do campo da evangeliza\u00e7\u00e3o. Por isso, eis o apelo de Jesus: \u201cA messe \u00e9 grande, mas faltam oper\u00e1rios para a messe&#8230;\u201d. Coragem, confrades!<\/p>\n<p><strong>Site Franciscanos<\/strong><em>\u00a0&#8211; <\/em><strong>O sr. deixa o governo num momento de incertezas e desalentos quanto ao futuro do Pa\u00eds. Que pa\u00eds espera para o pr\u00f3ximo tri\u00eanio?<\/strong><\/p>\n<p><strong><a href=\"http:\/\/franciscanos.org.br\/wp-content\/uploads\/2018\/11\/5.jpg\"><img loading=\"lazy\" class=\"alignright wp-image-176413 size-full\" src=\"http:\/\/franciscanos.org.br\/wp-content\/uploads\/2018\/11\/5.jpg\" alt=\"5\" width=\"280\" height=\"386\" \/><\/a>Frei Fid\u00eancio<\/strong> &#8211; Sim, na nossa evangeliza\u00e7\u00e3o e em todos os lugares onde pisam os nossos p\u00e9s, ouvimos o clamor do povo que sonha o sonho do justo que clama por justi\u00e7a, aspira por seu direito e n\u00e3o deseja ser tratado apenas como pagador de impostos que favorecem uma minoria, espera por uma educa\u00e7\u00e3o eficaz para todos, reivindica o cuidado efetivo na \u00e1rea da sa\u00fade, sonha a felicidade da casa pr\u00f3pria e moradia digna, clama por uma seguran\u00e7a mais eficaz, angustia-se pela incerteza do emprego e dos direitos trabalhistas.<\/p>\n<p>Espero que nos pr\u00f3ximos anos haja menos desconstru\u00e7\u00e3o dos valores do nosso Brasil. Espero uma real valoriza\u00e7\u00e3o dos direitos conquistados pelas classes oper\u00e1rias, agricultores e todos os empobrecidos. Espero menos delapida\u00e7\u00e3o do patrim\u00f4nio p\u00fablico. Espero uma reforma pol\u00edtica que priorize a verdadeira democracia. Espero uma Constitui\u00e7\u00e3o precisa para evitar glosas e emendas que privilegiam interesses. Espero que os pol\u00edticos e todas as esferas administrativas n\u00e3o usem a \u201cm\u00e1quina administrativa\u201d para o enriquecimento il\u00edcito, mas invistam nas reais necessidades b\u00e1sicas do nosso Pa\u00eds.<\/p>\n<p><strong>Site Franciscanos<\/strong><em>&#8211; <\/em><strong>Quais os desafios da vida religiosa hoje? E quais os rumos da Ordem dos Frades Menores? O carisma franciscano est\u00e1 forte hoje?<\/strong><\/p>\n<p><strong>Frei Fid\u00eancio<\/strong> &#8211; Existe uma farta literatura que aborda essa tem\u00e1tica dos desafios da vida religiosa no mundo de hoje. Entre tantos, destaco alguns: a diminui\u00e7\u00e3o num\u00e9rica de vocacionados e vocacionadas, particularmente nos pa\u00edses do hemisf\u00e9rio norte; o novo rosto da vida consagrada que emerge de pa\u00edses do hemisf\u00e9rio sul; a viv\u00eancia dos conselhos evang\u00e9licos (os votos) como sinal prof\u00e9tico num mundo vazio de sentido; a dimens\u00e3o mission\u00e1ria que obriga a vida consagrada a sair das estruturas c\u00f4modas; a viv\u00eancia da f\u00e9 centrada na pessoa de nosso Senhor Jesus Cristo como combate da paralisia espiritual, etc.<\/p>\n<p>Creio que a Ordem dos Frades n\u00e3o est\u00e1 isenta desses desafios. Os \u00faltimos Cap\u00edtulos Gerais, assim como outros documentos da Ordem, destacaram que n\u00f3s somos \u201cportadores do dom de Evangelho\u201d e que devemos caminhar \u201crumo \u00e0s periferias com a alegria do Evangelho\u201d.<\/p>\n<p>O carisma de S\u00e3o Francisco perpassou pela hist\u00f3ria e continua forte no mundo de hoje. Continua vivo n\u00e3o s\u00f3 para a grande fam\u00edlia franciscana, mas tamb\u00e9m vigoroso no mundo atual. O pr\u00f3prio Papa Francisco, numa mensagem deixada ao quinto festival franciscano de Assis, em 2013, afirmou: \u201cQue toda a Igreja seja franciscana\u201d com \u201cuma ades\u00e3o sempre maior \u00e0 espiritualidade do pobrezinho de Assis, \u00edcone de Cristo Senhor\u201d.<\/p>\n<p><strong>Site Franciscanos<\/strong><em>\u00a0&#8211; <\/em><strong>O Secret\u00e1rio Geral para a Forma\u00e7\u00e3o e Estudos, Frei Cesare Vaiani, disse que \u201cvemos muitos frades brilhantes como \u201cmanager\u201d (administradores) pastorais mas pouco presentes na fraternidade\u201d. Como o sr. v\u00ea o desafio da vida em fraternidade?<\/strong><\/p>\n<p><strong>Frei Fid\u00eancio<\/strong> &#8211; A vida fraterna \u00e9 o elemento essencial do nosso Carisma. Francisco de Assis acolheu na f\u00e9 a fraternidade como d\u00e1diva divina quando afirmou no Testamento: \u201cO Senhor me deu irm\u00e3os\u201d. Por isso o testemunho evang\u00e9lico da fraternidade deve acompanhar os irm\u00e3os na miss\u00e3o evangelizadora: \u201cir dois a dois\u201d, sempre como irm\u00e3os.<\/p>\n<p>O empenho do governo provincial ao insistir que cada fraternidade elaborasse o seu \u201cProjeto Fraterno de Vida e Miss\u00e3o\u201d muito ajudou a combater a tenta\u00e7\u00e3o de sermos brilhantes como \u201cmanager\u201d nos diversos of\u00edcios, mas pouco eficientes na quest\u00e3o da vida fraterna. H\u00e1 anos a Ordem vem falando que a Fraternidade \u00e9 um aprendizado, um espa\u00e7o espiritual onde irm\u00e3os n\u00e3o se escolhem por afinidades, of\u00edcios ou idades, mas se acolhem na f\u00e9 para viverem em comunh\u00e3o a mesma Regra e Forma de Vida concebida por S\u00e3o Francisco como \u201crevela\u00e7\u00e3o do Alt\u00edssimo\u201d.<\/p>\n<p><strong>Site Franciscanos<\/strong><em>\u00a0&#8211; <\/em><strong>O sr. concorda que clericalismo e dinheiro s\u00e3o as maiores amea\u00e7as para Ordem como disse o Definidor Geral Frei Valmir Ramos?<\/strong><\/p>\n<p><strong><a href=\"http:\/\/franciscanos.org.br\/wp-content\/uploads\/2018\/11\/6.jpg\"><img loading=\"lazy\" class=\"alignright wp-image-176414 size-full\" src=\"http:\/\/franciscanos.org.br\/wp-content\/uploads\/2018\/11\/6.jpg\" alt=\"6\" width=\"280\" height=\"384\" \/><\/a>Frei Fid\u00eancio<\/strong> &#8211; Sim, o clericalismo e o dinheiro s\u00e3o amea\u00e7as na medida em que se perde a ess\u00eancia do carisma franciscano: viver o Evangelho em Fraternidade e na Minoridade, na gratuidade do servir e amar, particularmente os pobres e exclu\u00eddos. A tenta\u00e7\u00e3o do \u201cpoder\u201d e do \u201cter\u201d, j\u00e1 combatido por S\u00e3o Francisco de Assis, rouba do frade menor o encanto e a beleza do caminhar itinerante e o distancia do reto caminho da Perfeita Alegria.<\/p>\n<p><strong>Site Franciscanos<\/strong><em>\u00a0&#8211; <\/em><strong>Como o sr. v\u00ea o Pontificado do Papa Francisco? Os esc\u00e2ndalos de pedofilia do passado e que est\u00e3o vindo \u00e0 tona amea\u00e7am seu Pontificado?<\/strong><\/p>\n<p><strong>Frei Fid\u00eancio<\/strong> &#8211; No dia 13 de mar\u00e7o de 2013, eu estava em Luanda, na nossa miss\u00e3o em Angola, quando ouvimos o an\u00fancio que o Cardeal Jorge M\u00e1rio Bergoglio seria o sucessor do Papa Bento XVI. E a alegria foi ainda maior quando ele se apresentou ao mundo com o nome de Papa Francisco. Vejo que o Pontificado do Papa Francisco \u00e9 para n\u00f3s, Frades Menores, uma provoca\u00e7\u00e3o para vivermos nossa voca\u00e7\u00e3o franciscana na \u201cobedi\u00eancia e rever\u00eancia ao senhor Papa\u201d e em nossa \u201cf\u00e9 cat\u00f3lica\u201d, no esp\u00edrito da aut\u00eantica eclesialidade.<\/p>\n<p>As Exorta\u00e7\u00f5es Apost\u00f3licas \u201cAlegria do Evangelho\u201d e \u201cAlegrai-vos e Exultai\u201d, a Carta Enc\u00edclica \u201cLaudato Si\u2019\u201d, como outros documentos, homilias e discursos do Papa Francisco, trouxeram para dentro da Igreja um novo alento e frescor dos ideais sonhados pelo Conc\u00edlio Vaticano II. Creio que n\u00f3s, filhos de S\u00e3o Francisco de Assis, mais do que nunca, devemos ser protagonistas dessa Igreja em sa\u00edda e prof\u00e9tica. Com muita propriedade e linguagem clara, o Papa fala que a verdadeira Igreja de Jesus Cristo \u00e9 aquela que est\u00e1 atenta ao clamor do povo de Deus e sens\u00edvel ao grito da nossa M\u00e3e-Terra.<\/p>\n<p>Sobre a quest\u00e3o da pedofilia: todos sabem que a pedofilia \u00e9 uma doen\u00e7a que leva homens e mulheres a buscarem de uma forma doentia sua satisfa\u00e7\u00e3o sexual. Esta doen\u00e7a est\u00e1 presente em toda sociedade e tamb\u00e9m dentro da Igreja, infelizmente! Vejo que as orienta\u00e7\u00f5es e decis\u00f5es do Papa Francisco foram claras e en\u00e9rgicas porque n\u00e3o \u201ctapou o sol com a peneira\u201d e muito menos colocou panos quentes para esconder essa chaga (doen\u00e7a) social. Por isso devemos reafirmar que qualquer forma de comportamento sexual com um(a) menor, seja crian\u00e7a ou adolescente, \u00e9 considerado abuso sexual e, portanto, um ato criminoso e imoral. E essa pessoa deve pagar pelos seus atos.<\/p>\n<p><strong>Site Franciscanos<\/strong><em>\u00a0&#8211; <\/em><strong>A partir do dia 21 de novembro, qual vai ser o destino do Frei Fid\u00eancio?<\/strong><\/p>\n<p><strong>Frei Fid\u00eancio<\/strong> &#8211; Ainda n\u00e3o sei. Passam muitas fantasias pela cabe\u00e7a! Pensei em v\u00e1rias possibilidades, inclusive um pequeno per\u00edodo sab\u00e1tico. Tamb\u00e9m j\u00e1 me perguntaram se o ex-provincial tem direito de escolher um local ou uma fraternidade. Mas confesso que isso n\u00e3o \u00e9 do meu feitio. Por isso, como sempre preguei na forma\u00e7\u00e3o, \u00e9 melhor confiar na sabedoria da santa Obedi\u00eancia.<\/p>\n<p><strong>Site Franciscanos<\/strong><em>\u00a0&#8211; <\/em><strong>O que diria para o futuro Ministro Provincial?<\/strong><\/p>\n<p><strong><a href=\"http:\/\/franciscanos.org.br\/wp-content\/uploads\/2018\/11\/7.jpg\"><img loading=\"lazy\" class=\"alignright wp-image-176415 size-full\" src=\"http:\/\/franciscanos.org.br\/wp-content\/uploads\/2018\/11\/7.jpg\" alt=\"7\" width=\"280\" height=\"384\" \/><\/a>Frei Fid\u00eancio<\/strong> &#8211; Teria tantas coisas para dizer, mas resumiria tudo em quatro verbos:<\/p>\n<p>Abra\u00e7ar com coragem e f\u00e9 o servi\u00e7o que a Fraternidade lhe confia.<\/p>\n<p>Acreditar que nunca se est\u00e1 sozinho: o Esp\u00edrito Santo \u00e9 conselheiro maior que age em comunh\u00e3o com o corpo dos conselheiros (definidores) eleitos.<\/p>\n<p>Confiar em Deus e nunca tomar decis\u00f5es precipitadas. Mesmo quando se perde um pouco do sono, Deus sempre aponta uma sa\u00edda.<\/p>\n<p>Guardar os segredos necess\u00e1rios, e quando n\u00e3o mais houver espa\u00e7o no seu cora\u00e7\u00e3o, deposit\u00e1-los no cora\u00e7\u00e3o misericordioso do Senhor.<\/p>\n<p><strong>Site Franciscanos<\/strong><em>\u00a0&#8211; <\/em><strong>Que mensagem deixa para seus confrades e para as dezenas de milhares de pessoas que est\u00e3o no territ\u00f3rio da Prov\u00edncia?<\/strong><\/p>\n<p><strong>Frei Fid\u00eancio<\/strong> &#8211; J\u00e1 falei em outras ocasi\u00f5es que tive a gra\u00e7a de nascer no dia 25 de mar\u00e7o, dia da solenidade da Anuncia\u00e7\u00e3o do Senhor. Para mim a resposta decisiva da Virgem Maria ao Anjo do Senhor faz parte do meu projeto de vida: \u201cFa\u00e7a-se em mim, segundo a tua palavra\u201d.<\/p>\n<p>Sei que nestes nove anos de itiner\u00e2ncia, mais do que em outras \u00e9pocas, foi constante a provoca\u00e7\u00e3o de deixar-me guiar por Deus e por seus mensageiros que foram todas as pessoas com as quais me encontrei e aprendi a conhecer. Tamb\u00e9m em alguns momentos foi dif\u00edcil assimilar o \u201cn\u00e3o tenhas medo\u201d, particularmente no confronto com situa\u00e7\u00f5es lim\u00edtrofes da vida, ou quando me sentia na obriga\u00e7\u00e3o de superar os medos das minhas limita\u00e7\u00f5es.<\/p>\n<p>Portanto, aos confrades e a todas as pessoas que rezaram e me ajudaram a renovar diariamente o \u201cSIM\u201d de Maria, do fundo do meu cora\u00e7\u00e3o expresso o meu MUITO OBRIGADO!<\/p>\n","protected":false},"excerpt":{"rendered":"<p>Cap\u00edtulo Provincial 2018<\/p>\n","protected":false},"author":1,"featured_media":191019,"comment_status":"open","ping_status":"open","sticky":false,"template":"","format":"standard","meta":[],"categories":[1],"tags":[668],"acf":[],"yoast_head":"<!-- This site is optimized with the Yoast SEO plugin v19.2 - https:\/\/yoast.com\/wordpress\/plugins\/seo\/ -->\n<title>Frei Fid\u00eancio Vanboemmel: S\u00f3 gratid\u00e3o! - Not\u00edcias - Franciscanos<\/title>\n<meta name=\"robots\" content=\"index, follow, max-snippet:-1, max-image-preview:large, max-video-preview:-1\" \/>\n<link rel=\"canonical\" href=\"https:\/\/franciscanos.org.br\/noticias\/frei-fidencio-vanboemmel-so-gratidao.html\" \/>\n<meta property=\"og:locale\" content=\"pt_BR\" \/>\n<meta property=\"og:type\" content=\"article\" \/>\n<meta property=\"og:title\" content=\"Frei Fid\u00eancio Vanboemmel: S\u00f3 gratid\u00e3o! - Not\u00edcias - Franciscanos\" \/>\n<meta property=\"og:description\" content=\"Cap\u00edtulo Provincial 2018\" \/>\n<meta property=\"og:url\" content=\"https:\/\/franciscanos.org.br\/noticias\/frei-fidencio-vanboemmel-so-gratidao.html\" \/>\n<meta property=\"og:site_name\" content=\"Not\u00edcias - Franciscanos\" \/>\n<meta property=\"article:published_time\" content=\"2018-11-07T02:01:54+00:00\" \/>\n<meta property=\"article:modified_time\" content=\"2019-08-06T14:22:25+00:00\" \/>\n<meta property=\"og:image\" content=\"https:\/\/franciscanos.org.br\/noticias\/wp-content\/uploads\/2018\/11\/fidencio_capitulo.jpg\" \/>\n\t<meta property=\"og:image:width\" content=\"273\" \/>\n\t<meta property=\"og:image:height\" content=\"181\" \/>\n\t<meta property=\"og:image:type\" content=\"image\/jpeg\" \/>\n<meta name=\"author\" content=\"admin\" \/>\n<meta name=\"twitter:card\" content=\"summary_large_image\" \/>\n<meta name=\"twitter:label1\" content=\"Escrito por\" \/>\n\t<meta name=\"twitter:data1\" content=\"admin\" \/>\n\t<meta name=\"twitter:label2\" content=\"Est. tempo de leitura\" \/>\n\t<meta name=\"twitter:data2\" content=\"16 minutos\" \/>\n<script type=\"application\/ld+json\" class=\"yoast-schema-graph\">{\"@context\":\"https:\/\/schema.org\",\"@graph\":[{\"@type\":\"WebSite\",\"@id\":\"https:\/\/franciscanos.org.br\/noticias\/#website\",\"url\":\"https:\/\/franciscanos.org.br\/noticias\/\",\"name\":\"Not\u00edcias - Franciscanos\",\"description\":\"Prov\u00edncia Franciscana da Imaculada Concei\u00e7\u00e3o do Brasil - Ordem dos Frades Menores - OFM\",\"potentialAction\":[{\"@type\":\"SearchAction\",\"target\":{\"@type\":\"EntryPoint\",\"urlTemplate\":\"https:\/\/franciscanos.org.br\/noticias\/?s={search_term_string}\"},\"query-input\":\"required name=search_term_string\"}],\"inLanguage\":\"pt-BR\"},{\"@type\":\"ImageObject\",\"inLanguage\":\"pt-BR\",\"@id\":\"https:\/\/franciscanos.org.br\/noticias\/frei-fidencio-vanboemmel-so-gratidao.html#primaryimage\",\"url\":\"https:\/\/franciscanos.org.br\/noticias\/wp-content\/uploads\/2018\/11\/fidencio_capitulo.jpg\",\"contentUrl\":\"https:\/\/franciscanos.org.br\/noticias\/wp-content\/uploads\/2018\/11\/fidencio_capitulo.jpg\",\"width\":273,\"height\":181},{\"@type\":\"WebPage\",\"@id\":\"https:\/\/franciscanos.org.br\/noticias\/frei-fidencio-vanboemmel-so-gratidao.html#webpage\",\"url\":\"https:\/\/franciscanos.org.br\/noticias\/frei-fidencio-vanboemmel-so-gratidao.html\",\"name\":\"Frei Fid\u00eancio Vanboemmel: S\u00f3 gratid\u00e3o! - Not\u00edcias - Franciscanos\",\"isPartOf\":{\"@id\":\"https:\/\/franciscanos.org.br\/noticias\/#website\"},\"primaryImageOfPage\":{\"@id\":\"https:\/\/franciscanos.org.br\/noticias\/frei-fidencio-vanboemmel-so-gratidao.html#primaryimage\"},\"datePublished\":\"2018-11-07T02:01:54+00:00\",\"dateModified\":\"2019-08-06T14:22:25+00:00\",\"author\":{\"@id\":\"https:\/\/franciscanos.org.br\/noticias\/#\/schema\/person\/b38fbf43118f02820bd932f2e4b14ad3\"},\"breadcrumb\":{\"@id\":\"https:\/\/franciscanos.org.br\/noticias\/frei-fidencio-vanboemmel-so-gratidao.html#breadcrumb\"},\"inLanguage\":\"pt-BR\",\"potentialAction\":[{\"@type\":\"ReadAction\",\"target\":[\"https:\/\/franciscanos.org.br\/noticias\/frei-fidencio-vanboemmel-so-gratidao.html\"]}]},{\"@type\":\"BreadcrumbList\",\"@id\":\"https:\/\/franciscanos.org.br\/noticias\/frei-fidencio-vanboemmel-so-gratidao.html#breadcrumb\",\"itemListElement\":[{\"@type\":\"ListItem\",\"position\":1,\"name\":\"Home\",\"item\":\"https:\/\/franciscanos.org.br\/noticias\"},{\"@type\":\"ListItem\",\"position\":2,\"name\":\"Frei Fid\u00eancio Vanboemmel: S\u00f3 gratid\u00e3o!\"}]},{\"@type\":\"Person\",\"@id\":\"https:\/\/franciscanos.org.br\/noticias\/#\/schema\/person\/b38fbf43118f02820bd932f2e4b14ad3\",\"name\":\"admin\",\"image\":{\"@type\":\"ImageObject\",\"inLanguage\":\"pt-BR\",\"@id\":\"https:\/\/franciscanos.org.br\/noticias\/#\/schema\/person\/image\/\",\"url\":\"https:\/\/secure.gravatar.com\/avatar\/e8495742d34d0ba6448ea1c628263b3e?s=96&d=mm&r=g\",\"contentUrl\":\"https:\/\/secure.gravatar.com\/avatar\/e8495742d34d0ba6448ea1c628263b3e?s=96&d=mm&r=g\",\"caption\":\"admin\"},\"url\":\"https:\/\/franciscanos.org.br\/noticias\/author\/admin\"}]}<\/script>\n<!-- \/ Yoast SEO plugin. -->","yoast_head_json":{"title":"Frei Fid\u00eancio Vanboemmel: S\u00f3 gratid\u00e3o! - Not\u00edcias - Franciscanos","robots":{"index":"index","follow":"follow","max-snippet":"max-snippet:-1","max-image-preview":"max-image-preview:large","max-video-preview":"max-video-preview:-1"},"canonical":"https:\/\/franciscanos.org.br\/noticias\/frei-fidencio-vanboemmel-so-gratidao.html","og_locale":"pt_BR","og_type":"article","og_title":"Frei Fid\u00eancio Vanboemmel: S\u00f3 gratid\u00e3o! - Not\u00edcias - Franciscanos","og_description":"Cap\u00edtulo Provincial 2018","og_url":"https:\/\/franciscanos.org.br\/noticias\/frei-fidencio-vanboemmel-so-gratidao.html","og_site_name":"Not\u00edcias - Franciscanos","article_published_time":"2018-11-07T02:01:54+00:00","article_modified_time":"2019-08-06T14:22:25+00:00","og_image":[{"width":273,"height":181,"url":"https:\/\/franciscanos.org.br\/noticias\/wp-content\/uploads\/2018\/11\/fidencio_capitulo.jpg","type":"image\/jpeg"}],"author":"admin","twitter_card":"summary_large_image","twitter_misc":{"Escrito por":"admin","Est. tempo de leitura":"16 minutos"},"schema":{"@context":"https:\/\/schema.org","@graph":[{"@type":"WebSite","@id":"https:\/\/franciscanos.org.br\/noticias\/#website","url":"https:\/\/franciscanos.org.br\/noticias\/","name":"Not\u00edcias - Franciscanos","description":"Prov\u00edncia Franciscana da Imaculada Concei\u00e7\u00e3o do Brasil - Ordem dos Frades Menores - OFM","potentialAction":[{"@type":"SearchAction","target":{"@type":"EntryPoint","urlTemplate":"https:\/\/franciscanos.org.br\/noticias\/?s={search_term_string}"},"query-input":"required name=search_term_string"}],"inLanguage":"pt-BR"},{"@type":"ImageObject","inLanguage":"pt-BR","@id":"https:\/\/franciscanos.org.br\/noticias\/frei-fidencio-vanboemmel-so-gratidao.html#primaryimage","url":"https:\/\/franciscanos.org.br\/noticias\/wp-content\/uploads\/2018\/11\/fidencio_capitulo.jpg","contentUrl":"https:\/\/franciscanos.org.br\/noticias\/wp-content\/uploads\/2018\/11\/fidencio_capitulo.jpg","width":273,"height":181},{"@type":"WebPage","@id":"https:\/\/franciscanos.org.br\/noticias\/frei-fidencio-vanboemmel-so-gratidao.html#webpage","url":"https:\/\/franciscanos.org.br\/noticias\/frei-fidencio-vanboemmel-so-gratidao.html","name":"Frei Fid\u00eancio Vanboemmel: S\u00f3 gratid\u00e3o! - Not\u00edcias - Franciscanos","isPartOf":{"@id":"https:\/\/franciscanos.org.br\/noticias\/#website"},"primaryImageOfPage":{"@id":"https:\/\/franciscanos.org.br\/noticias\/frei-fidencio-vanboemmel-so-gratidao.html#primaryimage"},"datePublished":"2018-11-07T02:01:54+00:00","dateModified":"2019-08-06T14:22:25+00:00","author":{"@id":"https:\/\/franciscanos.org.br\/noticias\/#\/schema\/person\/b38fbf43118f02820bd932f2e4b14ad3"},"breadcrumb":{"@id":"https:\/\/franciscanos.org.br\/noticias\/frei-fidencio-vanboemmel-so-gratidao.html#breadcrumb"},"inLanguage":"pt-BR","potentialAction":[{"@type":"ReadAction","target":["https:\/\/franciscanos.org.br\/noticias\/frei-fidencio-vanboemmel-so-gratidao.html"]}]},{"@type":"BreadcrumbList","@id":"https:\/\/franciscanos.org.br\/noticias\/frei-fidencio-vanboemmel-so-gratidao.html#breadcrumb","itemListElement":[{"@type":"ListItem","position":1,"name":"Home","item":"https:\/\/franciscanos.org.br\/noticias"},{"@type":"ListItem","position":2,"name":"Frei Fid\u00eancio Vanboemmel: S\u00f3 gratid\u00e3o!"}]},{"@type":"Person","@id":"https:\/\/franciscanos.org.br\/noticias\/#\/schema\/person\/b38fbf43118f02820bd932f2e4b14ad3","name":"admin","image":{"@type":"ImageObject","inLanguage":"pt-BR","@id":"https:\/\/franciscanos.org.br\/noticias\/#\/schema\/person\/image\/","url":"https:\/\/secure.gravatar.com\/avatar\/e8495742d34d0ba6448ea1c628263b3e?s=96&d=mm&r=g","contentUrl":"https:\/\/secure.gravatar.com\/avatar\/e8495742d34d0ba6448ea1c628263b3e?s=96&d=mm&r=g","caption":"admin"},"url":"https:\/\/franciscanos.org.br\/noticias\/author\/admin"}]}},"_links":{"self":[{"href":"https:\/\/franciscanos.org.br\/noticias\/wp-json\/wp\/v2\/posts\/187771"}],"collection":[{"href":"https:\/\/franciscanos.org.br\/noticias\/wp-json\/wp\/v2\/posts"}],"about":[{"href":"https:\/\/franciscanos.org.br\/noticias\/wp-json\/wp\/v2\/types\/post"}],"author":[{"embeddable":true,"href":"https:\/\/franciscanos.org.br\/noticias\/wp-json\/wp\/v2\/users\/1"}],"replies":[{"embeddable":true,"href":"https:\/\/franciscanos.org.br\/noticias\/wp-json\/wp\/v2\/comments?post=187771"}],"version-history":[{"count":0,"href":"https:\/\/franciscanos.org.br\/noticias\/wp-json\/wp\/v2\/posts\/187771\/revisions"}],"wp:featuredmedia":[{"embeddable":true,"href":"https:\/\/franciscanos.org.br\/noticias\/wp-json\/wp\/v2\/media\/191019"}],"wp:attachment":[{"href":"https:\/\/franciscanos.org.br\/noticias\/wp-json\/wp\/v2\/media?parent=187771"}],"wp:term":[{"taxonomy":"category","embeddable":true,"href":"https:\/\/franciscanos.org.br\/noticias\/wp-json\/wp\/v2\/categories?post=187771"},{"taxonomy":"post_tag","embeddable":true,"href":"https:\/\/franciscanos.org.br\/noticias\/wp-json\/wp\/v2\/tags?post=187771"}],"curies":[{"name":"wp","href":"https:\/\/api.w.org\/{rel}","templated":true}]}}