{"id":187769,"date":"2018-11-05T08:58:49","date_gmt":"2018-11-05T10:58:49","guid":{"rendered":"http:\/\/franciscanos.org.br\/?p=176376"},"modified":"2018-11-23T11:17:57","modified_gmt":"2018-11-23T13:17:57","slug":"grande-desafio-de-hoje-e-educar-para-a-solidariedade","status":"publish","type":"post","link":"https:\/\/franciscanos.org.br\/noticias\/grande-desafio-de-hoje-e-educar-para-a-solidariedade.html","title":{"rendered":"Grande desafio de hoje \u00e9 educar para a solidariedade"},"content":{"rendered":"<p><img loading=\"lazy\" class=\"alignleft\" src=\"http:\/\/franciscanos.org.br\/wp-content\/uploads\/2018\/11\/gestores_051118.jpg\" alt=\"gestores_051118\" width=\"830\" height=\"355\" \/><\/p>\n<p><strong>Curitiba<\/strong> &#8211; \u201cV\u00f3s sois aquele que, pelo di\u00e1logo, edifica um mundo melhor\u201d. Esse foi o tema do segundo encontro de gestores das 36 Unidades do Grupo Educacional Bom Jesus, o qual aconteceu nos dias 24, 25 e 26 de outubro, na FAE Business School, em Curitiba. O encontro serviu para fazer um balan\u00e7o dos trabalhos desenvolvidos ao longo do ano letivo e o planejamento e a defini\u00e7\u00e3o de propostas institucionais para 2019.<\/p>\n<p>O presidente do Grupo, Frei Jo\u00e3o Mannes, fez a palestra de abertura do evento e destacou como mensagem central uma educa\u00e7\u00e3o que promova a cultura do humanismo solid\u00e1rio na perspectiva franciscana. \u201cA voca\u00e7\u00e3o \u00e0 solidariedade convida as pessoas do s\u00e9culo XXI a confrontarem-se com os desafios da conviv\u00eancia multicultural. Nas sociedades globais, convivem diariamente cidad\u00e3os de tradi\u00e7\u00f5es, culturas, religi\u00f5es e concep\u00e7\u00f5es de mundo diferentes\u201d, explicou o Frei Jo\u00e3o.<\/p>\n<p>Em sua apresenta\u00e7\u00e3o, Frei Jo\u00e3o exp\u00f4s primeiramente o que \u00e9 Humanismo, sua hist\u00f3ria na Antiguidade Cl\u00e1ssica, no per\u00edodo da Renascen\u00e7a e na Modernidade. E ao falar sobre o Humanismo Solid\u00e1rio, destacou que a solidariedade \u00e9 um componente existencial intr\u00ednseco \u00e0 esp\u00e9cie humana.<\/p>\n<p>Contudo, o grande desafio de hoje \u00e9 educar para a solidariedade e promover a cultura do di\u00e1logo, pois essa cultura se constr\u00f3i pelos princ\u00edpios \u00e9ticos da liberdade, da paz, do respeito, da toler\u00e2ncia, do amor e da igualdade. E \u00e9 da natureza da educa\u00e7\u00e3o a capacidade de construir as bases para um di\u00e1logo pac\u00edfico e de permitir o encontro entre as diversidades, com o objetivo principal de edificar um mundo melhor.<\/p>\n<p>Na perspectiva franciscana tamb\u00e9m acentua-se que o ser humano \u00e9 essencialmente um ser-de-rela\u00e7\u00e3o. Por outras palavras, a dignidade e a identidade humana n\u00e3o depende de sua capacidade de pensar e do \u00eaxito e utilidade de suas a\u00e7\u00f5es, mas sobretudo de sua capacidade de doa\u00e7\u00e3o e de construir rela\u00e7\u00f5es amorosas com todas as criaturas (C\u00e2ntico das Criaturas).<\/p>\n<p>Foi com esse esp\u00edrito fraterno, di\u00e1logo aberto e franco, que a reuni\u00e3o de gestores e gerentes foi conduzida. Pois, mais do que o entendimento das palavras enunciadas, o di\u00e1logo \u00e9 a express\u00e3o da harmonia entre os indiv\u00edduos. A virtude do di\u00e1logo resulta, segundo a inspira\u00e7\u00e3o de Francisco de Assis, de uma afinada coer\u00eancia entre o que se fala e o que se vive.<\/p>\n<p>Vale destacar que esses encontros buscam garantir trocas de informa\u00e7\u00f5es, experi\u00eancias, redefini\u00e7\u00f5es de encaminhamentos e cria\u00e7\u00e3o de estrat\u00e9gias para melhorar o ensino e a aprendizagem dos quase 25 000 mil alunos do Grupo Educacional Bom Jesus. Esses momentos tamb\u00e9m s\u00e3o importantes para a comunica\u00e7\u00e3o e o relacionamento interpessoal entre gestores, gerentes e coordenadores do CEP (Centro de Estudos e Pesquisas), bem como entre os respons\u00e1veis pelos setores administrativos.<\/p>\n<p>Nessa ocasi\u00e3o, foram discutidas, refletidas e planejadas a\u00e7\u00f5es a curto, m\u00e9dio e longo prazo, visando \u00e0 melhoria do ensino. Assim, esse encontro auxilia para uma an\u00e1lise individual e coletiva dos procedimentos adotados ou definidos nas Unidades do Bom Jesus. Da mesma forma, ajuda a repensar a\u00e7\u00f5es e a compartilhar dificuldades em busca de solu\u00e7\u00f5es para os problemas comuns.<\/p>\n<p>Todos os representantes dos mais diversos setores de trabalhos do Grupo Bom Jesus apresentaram seus trabalhos, suas reflex\u00f5es e suas ideias para que os processos de ensino-aprendizagem dos alunos aconte\u00e7am com qualidade. A forma\u00e7\u00e3o integral dos alunos passa por essa uni\u00e3o de aten\u00e7\u00e3o, de cuidados e de di\u00e1logos por parte de todos os colaboradores e educadores dessa Institui\u00e7\u00e3o centen\u00e1ria. A proposta pedag\u00f3gica de excel\u00eancia e os valores franciscanos t\u00eam feito do Bom Jesus uma verdadeira li\u00e7\u00e3o de vida para todos n\u00f3s.<\/p>\n<p>Os gestores ainda visitaram as Unidades Remanso, Bom Jesus Internacional Aldeia e Escola Especial, em Campo Largo, al\u00e9m de conferirem a 4.\u00aa edi\u00e7\u00e3o da Feira de Inicia\u00e7\u00e3o Cient\u00edfica do Ensino M\u00e9dio do Col\u00e9gio Bom Jesus \u2013 FICEM, no Bom Jesus Centro, em Curitiba.<\/p>\n<p><strong>Pelo Grupo Bom Jesus, Solange Dorocinski<\/strong><\/p>\n","protected":false},"excerpt":{"rendered":"<p>Bom Jesus<\/p>\n","protected":false},"author":1,"featured_media":191042,"comment_status":"open","ping_status":"open","sticky":false,"template":"","format":"standard","meta":[],"categories":[1],"tags":[1117,1116],"acf":[],"yoast_head":"<!-- This site is optimized with the Yoast SEO plugin v19.2 - https:\/\/yoast.com\/wordpress\/plugins\/seo\/ -->\n<title>Grande desafio de hoje \u00e9 educar para a solidariedade - Not\u00edcias - Franciscanos<\/title>\n<meta name=\"robots\" content=\"index, follow, max-snippet:-1, max-image-preview:large, max-video-preview:-1\" \/>\n<link rel=\"canonical\" href=\"https:\/\/franciscanos.org.br\/noticias\/grande-desafio-de-hoje-e-educar-para-a-solidariedade.html\" \/>\n<meta property=\"og:locale\" content=\"pt_BR\" \/>\n<meta property=\"og:type\" content=\"article\" \/>\n<meta property=\"og:title\" content=\"Grande desafio de hoje \u00e9 educar para a solidariedade - Not\u00edcias - Franciscanos\" \/>\n<meta property=\"og:description\" content=\"Bom Jesus\" \/>\n<meta property=\"og:url\" content=\"https:\/\/franciscanos.org.br\/noticias\/grande-desafio-de-hoje-e-educar-para-a-solidariedade.html\" \/>\n<meta property=\"og:site_name\" content=\"Not\u00edcias - Franciscanos\" \/>\n<meta property=\"article:published_time\" content=\"2018-11-05T10:58:49+00:00\" \/>\n<meta property=\"article:modified_time\" content=\"2018-11-23T13:17:57+00:00\" \/>\n<meta property=\"og:image\" content=\"https:\/\/franciscanos.org.br\/noticias\/wp-content\/uploads\/2018\/11\/bomjesus-4.jpg\" \/>\n\t<meta property=\"og:image:width\" content=\"273\" \/>\n\t<meta property=\"og:image:height\" content=\"181\" \/>\n\t<meta property=\"og:image:type\" content=\"image\/jpeg\" \/>\n<meta name=\"author\" content=\"admin\" \/>\n<meta name=\"twitter:card\" content=\"summary_large_image\" \/>\n<meta name=\"twitter:label1\" content=\"Escrito por\" \/>\n\t<meta name=\"twitter:data1\" content=\"admin\" \/>\n\t<meta name=\"twitter:label2\" content=\"Est. tempo de leitura\" \/>\n\t<meta name=\"twitter:data2\" content=\"3 minutos\" \/>\n<script type=\"application\/ld+json\" class=\"yoast-schema-graph\">{\"@context\":\"https:\/\/schema.org\",\"@graph\":[{\"@type\":\"WebSite\",\"@id\":\"https:\/\/franciscanos.org.br\/noticias\/#website\",\"url\":\"https:\/\/franciscanos.org.br\/noticias\/\",\"name\":\"Not\u00edcias - Franciscanos\",\"description\":\"Prov\u00edncia Franciscana da Imaculada Concei\u00e7\u00e3o do Brasil - Ordem dos Frades Menores - OFM\",\"potentialAction\":[{\"@type\":\"SearchAction\",\"target\":{\"@type\":\"EntryPoint\",\"urlTemplate\":\"https:\/\/franciscanos.org.br\/noticias\/?s={search_term_string}\"},\"query-input\":\"required name=search_term_string\"}],\"inLanguage\":\"pt-BR\"},{\"@type\":\"ImageObject\",\"inLanguage\":\"pt-BR\",\"@id\":\"https:\/\/franciscanos.org.br\/noticias\/grande-desafio-de-hoje-e-educar-para-a-solidariedade.html#primaryimage\",\"url\":\"https:\/\/franciscanos.org.br\/noticias\/wp-content\/uploads\/2018\/11\/bomjesus-4.jpg\",\"contentUrl\":\"https:\/\/franciscanos.org.br\/noticias\/wp-content\/uploads\/2018\/11\/bomjesus-4.jpg\",\"width\":273,\"height\":181},{\"@type\":\"WebPage\",\"@id\":\"https:\/\/franciscanos.org.br\/noticias\/grande-desafio-de-hoje-e-educar-para-a-solidariedade.html#webpage\",\"url\":\"https:\/\/franciscanos.org.br\/noticias\/grande-desafio-de-hoje-e-educar-para-a-solidariedade.html\",\"name\":\"Grande desafio de hoje \u00e9 educar para a solidariedade - Not\u00edcias - Franciscanos\",\"isPartOf\":{\"@id\":\"https:\/\/franciscanos.org.br\/noticias\/#website\"},\"primaryImageOfPage\":{\"@id\":\"https:\/\/franciscanos.org.br\/noticias\/grande-desafio-de-hoje-e-educar-para-a-solidariedade.html#primaryimage\"},\"datePublished\":\"2018-11-05T10:58:49+00:00\",\"dateModified\":\"2018-11-23T13:17:57+00:00\",\"author\":{\"@id\":\"https:\/\/franciscanos.org.br\/noticias\/#\/schema\/person\/b38fbf43118f02820bd932f2e4b14ad3\"},\"breadcrumb\":{\"@id\":\"https:\/\/franciscanos.org.br\/noticias\/grande-desafio-de-hoje-e-educar-para-a-solidariedade.html#breadcrumb\"},\"inLanguage\":\"pt-BR\",\"potentialAction\":[{\"@type\":\"ReadAction\",\"target\":[\"https:\/\/franciscanos.org.br\/noticias\/grande-desafio-de-hoje-e-educar-para-a-solidariedade.html\"]}]},{\"@type\":\"BreadcrumbList\",\"@id\":\"https:\/\/franciscanos.org.br\/noticias\/grande-desafio-de-hoje-e-educar-para-a-solidariedade.html#breadcrumb\",\"itemListElement\":[{\"@type\":\"ListItem\",\"position\":1,\"name\":\"Home\",\"item\":\"https:\/\/franciscanos.org.br\/noticias\"},{\"@type\":\"ListItem\",\"position\":2,\"name\":\"Grande desafio de hoje \u00e9 educar para a solidariedade\"}]},{\"@type\":\"Person\",\"@id\":\"https:\/\/franciscanos.org.br\/noticias\/#\/schema\/person\/b38fbf43118f02820bd932f2e4b14ad3\",\"name\":\"admin\",\"image\":{\"@type\":\"ImageObject\",\"inLanguage\":\"pt-BR\",\"@id\":\"https:\/\/franciscanos.org.br\/noticias\/#\/schema\/person\/image\/\",\"url\":\"https:\/\/secure.gravatar.com\/avatar\/e8495742d34d0ba6448ea1c628263b3e?s=96&d=mm&r=g\",\"contentUrl\":\"https:\/\/secure.gravatar.com\/avatar\/e8495742d34d0ba6448ea1c628263b3e?s=96&d=mm&r=g\",\"caption\":\"admin\"},\"url\":\"https:\/\/franciscanos.org.br\/noticias\/author\/admin\"}]}<\/script>\n<!-- \/ Yoast SEO plugin. -->","yoast_head_json":{"title":"Grande desafio de hoje \u00e9 educar para a solidariedade - Not\u00edcias - Franciscanos","robots":{"index":"index","follow":"follow","max-snippet":"max-snippet:-1","max-image-preview":"max-image-preview:large","max-video-preview":"max-video-preview:-1"},"canonical":"https:\/\/franciscanos.org.br\/noticias\/grande-desafio-de-hoje-e-educar-para-a-solidariedade.html","og_locale":"pt_BR","og_type":"article","og_title":"Grande desafio de hoje \u00e9 educar para a solidariedade - Not\u00edcias - Franciscanos","og_description":"Bom Jesus","og_url":"https:\/\/franciscanos.org.br\/noticias\/grande-desafio-de-hoje-e-educar-para-a-solidariedade.html","og_site_name":"Not\u00edcias - Franciscanos","article_published_time":"2018-11-05T10:58:49+00:00","article_modified_time":"2018-11-23T13:17:57+00:00","og_image":[{"width":273,"height":181,"url":"https:\/\/franciscanos.org.br\/noticias\/wp-content\/uploads\/2018\/11\/bomjesus-4.jpg","type":"image\/jpeg"}],"author":"admin","twitter_card":"summary_large_image","twitter_misc":{"Escrito por":"admin","Est. tempo de leitura":"3 minutos"},"schema":{"@context":"https:\/\/schema.org","@graph":[{"@type":"WebSite","@id":"https:\/\/franciscanos.org.br\/noticias\/#website","url":"https:\/\/franciscanos.org.br\/noticias\/","name":"Not\u00edcias - Franciscanos","description":"Prov\u00edncia Franciscana da Imaculada Concei\u00e7\u00e3o do Brasil - Ordem dos Frades Menores - OFM","potentialAction":[{"@type":"SearchAction","target":{"@type":"EntryPoint","urlTemplate":"https:\/\/franciscanos.org.br\/noticias\/?s={search_term_string}"},"query-input":"required name=search_term_string"}],"inLanguage":"pt-BR"},{"@type":"ImageObject","inLanguage":"pt-BR","@id":"https:\/\/franciscanos.org.br\/noticias\/grande-desafio-de-hoje-e-educar-para-a-solidariedade.html#primaryimage","url":"https:\/\/franciscanos.org.br\/noticias\/wp-content\/uploads\/2018\/11\/bomjesus-4.jpg","contentUrl":"https:\/\/franciscanos.org.br\/noticias\/wp-content\/uploads\/2018\/11\/bomjesus-4.jpg","width":273,"height":181},{"@type":"WebPage","@id":"https:\/\/franciscanos.org.br\/noticias\/grande-desafio-de-hoje-e-educar-para-a-solidariedade.html#webpage","url":"https:\/\/franciscanos.org.br\/noticias\/grande-desafio-de-hoje-e-educar-para-a-solidariedade.html","name":"Grande desafio de hoje \u00e9 educar para a solidariedade - Not\u00edcias - Franciscanos","isPartOf":{"@id":"https:\/\/franciscanos.org.br\/noticias\/#website"},"primaryImageOfPage":{"@id":"https:\/\/franciscanos.org.br\/noticias\/grande-desafio-de-hoje-e-educar-para-a-solidariedade.html#primaryimage"},"datePublished":"2018-11-05T10:58:49+00:00","dateModified":"2018-11-23T13:17:57+00:00","author":{"@id":"https:\/\/franciscanos.org.br\/noticias\/#\/schema\/person\/b38fbf43118f02820bd932f2e4b14ad3"},"breadcrumb":{"@id":"https:\/\/franciscanos.org.br\/noticias\/grande-desafio-de-hoje-e-educar-para-a-solidariedade.html#breadcrumb"},"inLanguage":"pt-BR","potentialAction":[{"@type":"ReadAction","target":["https:\/\/franciscanos.org.br\/noticias\/grande-desafio-de-hoje-e-educar-para-a-solidariedade.html"]}]},{"@type":"BreadcrumbList","@id":"https:\/\/franciscanos.org.br\/noticias\/grande-desafio-de-hoje-e-educar-para-a-solidariedade.html#breadcrumb","itemListElement":[{"@type":"ListItem","position":1,"name":"Home","item":"https:\/\/franciscanos.org.br\/noticias"},{"@type":"ListItem","position":2,"name":"Grande desafio de hoje \u00e9 educar para a solidariedade"}]},{"@type":"Person","@id":"https:\/\/franciscanos.org.br\/noticias\/#\/schema\/person\/b38fbf43118f02820bd932f2e4b14ad3","name":"admin","image":{"@type":"ImageObject","inLanguage":"pt-BR","@id":"https:\/\/franciscanos.org.br\/noticias\/#\/schema\/person\/image\/","url":"https:\/\/secure.gravatar.com\/avatar\/e8495742d34d0ba6448ea1c628263b3e?s=96&d=mm&r=g","contentUrl":"https:\/\/secure.gravatar.com\/avatar\/e8495742d34d0ba6448ea1c628263b3e?s=96&d=mm&r=g","caption":"admin"},"url":"https:\/\/franciscanos.org.br\/noticias\/author\/admin"}]}},"_links":{"self":[{"href":"https:\/\/franciscanos.org.br\/noticias\/wp-json\/wp\/v2\/posts\/187769"}],"collection":[{"href":"https:\/\/franciscanos.org.br\/noticias\/wp-json\/wp\/v2\/posts"}],"about":[{"href":"https:\/\/franciscanos.org.br\/noticias\/wp-json\/wp\/v2\/types\/post"}],"author":[{"embeddable":true,"href":"https:\/\/franciscanos.org.br\/noticias\/wp-json\/wp\/v2\/users\/1"}],"replies":[{"embeddable":true,"href":"https:\/\/franciscanos.org.br\/noticias\/wp-json\/wp\/v2\/comments?post=187769"}],"version-history":[{"count":0,"href":"https:\/\/franciscanos.org.br\/noticias\/wp-json\/wp\/v2\/posts\/187769\/revisions"}],"wp:featuredmedia":[{"embeddable":true,"href":"https:\/\/franciscanos.org.br\/noticias\/wp-json\/wp\/v2\/media\/191042"}],"wp:attachment":[{"href":"https:\/\/franciscanos.org.br\/noticias\/wp-json\/wp\/v2\/media?parent=187769"}],"wp:term":[{"taxonomy":"category","embeddable":true,"href":"https:\/\/franciscanos.org.br\/noticias\/wp-json\/wp\/v2\/categories?post=187769"},{"taxonomy":"post_tag","embeddable":true,"href":"https:\/\/franciscanos.org.br\/noticias\/wp-json\/wp\/v2\/tags?post=187769"}],"curies":[{"name":"wp","href":"https:\/\/api.w.org\/{rel}","templated":true}]}}