{"id":187767,"date":"2018-11-05T08:05:44","date_gmt":"2018-11-05T10:05:44","guid":{"rendered":"http:\/\/franciscanos.org.br\/?p=176366"},"modified":"2020-06-06T16:52:39","modified_gmt":"2020-06-06T19:52:39","slug":"fazer-o-bem-sem-se-preocupar-se-os-outros-fazem-o-mesmo","status":"publish","type":"post","link":"https:\/\/franciscanos.org.br\/noticias\/fazer-o-bem-sem-se-preocupar-se-os-outros-fazem-o-mesmo.html","title":{"rendered":"Fazer o bem sem se preocupar se os outros fazem"},"content":{"rendered":"<p><img loading=\"lazy\" class=\"alignleft\" src=\"http:\/\/franciscanos.org.br\/wp-content\/uploads\/2018\/11\/marta_051118.jpg\" alt=\"marta_051118\" width=\"830\" height=\"547\" \/><\/p>\n<p><strong>Cidade do Vaticano<\/strong> &#8211; \u201cA rivalidade e a vangl\u00f3ria\u201d destroem os fundamentos das comunidades, semeando divis\u00f5es e conflitos. Foi o que destacou o Papa Francisco na homilia da Missa celebrada esta manh\u00e3 (05\/11) na capela da Casa Santa Marta. Partindo do Evangelho segundo Lucas (Lc 14,12-14), o Pont\u00edfice condenou \u201co ego\u00edsmo do interesse\u201d, reiterando que a \u201cgratuidade\u201d pregada por Jesus \u201cn\u00e3o \u00e9 seletiva\u201d.<\/p>\n<p>O ensinamento de Jesus \u00e9 claro: \u201cN\u00e3o fazer as coisas por interesse\u201d, n\u00e3o escolher as pr\u00f3prias amizades com base na conveni\u00eancia. Raciocinar somente com base na pr\u00f3pria \u201cvantagem\u201d, de fato, \u00e9 \u201cuma forma de ego\u00edsmo, de segrega\u00e7\u00e3o e de interesse\u201d, enquanto a \u201cmensagem de Jesus\u201d \u00e9 exatamente o contr\u00e1rio: a \u201cgratuidade\u201d, que \u201calarga a vida\u201d, \u201camplia o horizonte, porque \u00e9 universal\u201d. Os seletivos \u201cs\u00e3o motivos de divis\u00e3o\u201d e n\u00e3o favorecem \u201ca unanimidade\u201d de que fala S\u00e3o Paulo aos Filipenses, na primeira Leitura. \u201cExistem duas coisas que v\u00e3o contra a unidade \u2013 insistiu o Papa \u2013 a rivalidade e a vangl\u00f3ria\u201d.<\/p>\n<p>E tamb\u00e9m a fofoca nasce da rivalidade, porque muitas pessoas se sentem que n\u00e3o podem crescer, mas para se tornar mais altas diminuem o outro com a fofoca. Um modo de destruir as pessoas. A rivalidade. E Paulo disse: \u201cN\u00e3o. Na comunidade n\u00e3o existem rivalidades\u201d. A rivalidade \u00e9 uma luta para destruir o outro. A rivalidade \u00e9 ruim: pode-se fazer de maneira aberta, direta ou se pode fazer com luvas brancas; mas sempre para destruir o outro e elevar a si mesmo. E j\u00e1 que eu n\u00e3o posso ser assim virtuoso, assim bom, diminuo o outro, de modo que eu permane\u00e7o alto. A rivalidade \u00e9 um caminho a este agir por interesse.<\/p>\n<p><strong>A vangl\u00f3ria destr\u00f3i a comunidade<\/strong><\/p>\n<p>T\u00e3o prejudicial quanto, \u00e9 quem se vangloria de ser superior aos outros: Isso destr\u00f3i uma comunidade, destr\u00f3i uma fam\u00edlia tamb\u00e9m&#8230; Pensem na rivalidade entre os irm\u00e3os pela heran\u00e7a do pai, por exemplo: isso acontece todos os dias. Pensem na vangl\u00f3ria, naqueles que se vangloriam de ser melhores que os outros.<\/p>\n<p>O crist\u00e3o, prosseguiu Francisco, deve seguir o exemplo do Filho de Deus, cultivando \u201ca gratuidade\u201d: fazer o bem sem se preocupar se os outros fazem o mesmo; semear \u201cunanimidade\u201d, abandonando \u201crivalidades ou vangl\u00f3ria\u201d. Construir a paz com pequenos gestos significa tra\u00e7ar um caminho de conc\u00f3rdia em todo o mundo: Quando n\u00f3s lemos as not\u00edcias das guerras, pensemos nas not\u00edcias da fome das crian\u00e7as no I\u00eamen, fruto da guerra: est\u00e1 distante, crian\u00e7as pobres&#8230; mas por que n\u00e3o t\u00eam o que comer? Mas a mesma guerra se faz em nossas casas, nas nossas institui\u00e7\u00f5es com esta rivalidade: a guerra come\u00e7a ali! E a paz deve ser feita ali: na fam\u00edlia, nas institui\u00e7\u00f5es, no local de trabalho, buscando sempre a unanimidade e a conc\u00f3rdia e n\u00e3o o pr\u00f3prio interesse.<\/p>\n<hr \/>\n<p><em>Fonte: Vatican News<\/em><\/p>\n","protected":false},"excerpt":{"rendered":"<p>Missa em Santa Marta<\/p>\n","protected":false},"author":1,"featured_media":191044,"comment_status":"open","ping_status":"open","sticky":false,"template":"","format":"standard","meta":[],"categories":[1428],"tags":[1586],"acf":[],"yoast_head":"<!-- This site is optimized with the Yoast SEO plugin v19.2 - https:\/\/yoast.com\/wordpress\/plugins\/seo\/ -->\n<title>Fazer o bem sem se preocupar se os outros fazem - Not\u00edcias - Franciscanos<\/title>\n<meta name=\"robots\" content=\"index, follow, max-snippet:-1, max-image-preview:large, max-video-preview:-1\" \/>\n<link rel=\"canonical\" href=\"https:\/\/franciscanos.org.br\/noticias\/fazer-o-bem-sem-se-preocupar-se-os-outros-fazem-o-mesmo.html\" \/>\n<meta property=\"og:locale\" content=\"pt_BR\" \/>\n<meta property=\"og:type\" content=\"article\" \/>\n<meta property=\"og:title\" content=\"Fazer o bem sem se preocupar se os outros fazem - Not\u00edcias - Franciscanos\" \/>\n<meta property=\"og:description\" content=\"Missa em Santa Marta\" \/>\n<meta property=\"og:url\" content=\"https:\/\/franciscanos.org.br\/noticias\/fazer-o-bem-sem-se-preocupar-se-os-outros-fazem-o-mesmo.html\" \/>\n<meta property=\"og:site_name\" content=\"Not\u00edcias - Franciscanos\" \/>\n<meta property=\"article:published_time\" content=\"2018-11-05T10:05:44+00:00\" \/>\n<meta property=\"article:modified_time\" content=\"2020-06-06T19:52:39+00:00\" \/>\n<meta property=\"og:image\" content=\"https:\/\/franciscanos.org.br\/noticias\/wp-content\/uploads\/2018\/11\/marta_051118-1.jpg\" \/>\n\t<meta property=\"og:image:width\" content=\"273\" \/>\n\t<meta property=\"og:image:height\" content=\"181\" \/>\n\t<meta property=\"og:image:type\" content=\"image\/jpeg\" \/>\n<meta name=\"author\" content=\"admin\" \/>\n<meta name=\"twitter:card\" content=\"summary_large_image\" \/>\n<meta name=\"twitter:label1\" content=\"Escrito por\" \/>\n\t<meta name=\"twitter:data1\" content=\"admin\" \/>\n\t<meta name=\"twitter:label2\" content=\"Est. tempo de leitura\" \/>\n\t<meta name=\"twitter:data2\" content=\"3 minutos\" \/>\n<script type=\"application\/ld+json\" class=\"yoast-schema-graph\">{\"@context\":\"https:\/\/schema.org\",\"@graph\":[{\"@type\":\"WebSite\",\"@id\":\"https:\/\/franciscanos.org.br\/noticias\/#website\",\"url\":\"https:\/\/franciscanos.org.br\/noticias\/\",\"name\":\"Not\u00edcias - Franciscanos\",\"description\":\"Prov\u00edncia Franciscana da Imaculada Concei\u00e7\u00e3o do Brasil - Ordem dos Frades Menores - OFM\",\"potentialAction\":[{\"@type\":\"SearchAction\",\"target\":{\"@type\":\"EntryPoint\",\"urlTemplate\":\"https:\/\/franciscanos.org.br\/noticias\/?s={search_term_string}\"},\"query-input\":\"required name=search_term_string\"}],\"inLanguage\":\"pt-BR\"},{\"@type\":\"ImageObject\",\"inLanguage\":\"pt-BR\",\"@id\":\"https:\/\/franciscanos.org.br\/noticias\/fazer-o-bem-sem-se-preocupar-se-os-outros-fazem-o-mesmo.html#primaryimage\",\"url\":\"https:\/\/franciscanos.org.br\/noticias\/wp-content\/uploads\/2018\/11\/marta_051118-1.jpg\",\"contentUrl\":\"https:\/\/franciscanos.org.br\/noticias\/wp-content\/uploads\/2018\/11\/marta_051118-1.jpg\",\"width\":273,\"height\":181},{\"@type\":\"WebPage\",\"@id\":\"https:\/\/franciscanos.org.br\/noticias\/fazer-o-bem-sem-se-preocupar-se-os-outros-fazem-o-mesmo.html#webpage\",\"url\":\"https:\/\/franciscanos.org.br\/noticias\/fazer-o-bem-sem-se-preocupar-se-os-outros-fazem-o-mesmo.html\",\"name\":\"Fazer o bem sem se preocupar se os outros fazem - Not\u00edcias - Franciscanos\",\"isPartOf\":{\"@id\":\"https:\/\/franciscanos.org.br\/noticias\/#website\"},\"primaryImageOfPage\":{\"@id\":\"https:\/\/franciscanos.org.br\/noticias\/fazer-o-bem-sem-se-preocupar-se-os-outros-fazem-o-mesmo.html#primaryimage\"},\"datePublished\":\"2018-11-05T10:05:44+00:00\",\"dateModified\":\"2020-06-06T19:52:39+00:00\",\"author\":{\"@id\":\"https:\/\/franciscanos.org.br\/noticias\/#\/schema\/person\/b38fbf43118f02820bd932f2e4b14ad3\"},\"breadcrumb\":{\"@id\":\"https:\/\/franciscanos.org.br\/noticias\/fazer-o-bem-sem-se-preocupar-se-os-outros-fazem-o-mesmo.html#breadcrumb\"},\"inLanguage\":\"pt-BR\",\"potentialAction\":[{\"@type\":\"ReadAction\",\"target\":[\"https:\/\/franciscanos.org.br\/noticias\/fazer-o-bem-sem-se-preocupar-se-os-outros-fazem-o-mesmo.html\"]}]},{\"@type\":\"BreadcrumbList\",\"@id\":\"https:\/\/franciscanos.org.br\/noticias\/fazer-o-bem-sem-se-preocupar-se-os-outros-fazem-o-mesmo.html#breadcrumb\",\"itemListElement\":[{\"@type\":\"ListItem\",\"position\":1,\"name\":\"Home\",\"item\":\"https:\/\/franciscanos.org.br\/noticias\"},{\"@type\":\"ListItem\",\"position\":2,\"name\":\"Fazer o bem sem se preocupar se os outros fazem\"}]},{\"@type\":\"Person\",\"@id\":\"https:\/\/franciscanos.org.br\/noticias\/#\/schema\/person\/b38fbf43118f02820bd932f2e4b14ad3\",\"name\":\"admin\",\"image\":{\"@type\":\"ImageObject\",\"inLanguage\":\"pt-BR\",\"@id\":\"https:\/\/franciscanos.org.br\/noticias\/#\/schema\/person\/image\/\",\"url\":\"https:\/\/secure.gravatar.com\/avatar\/e8495742d34d0ba6448ea1c628263b3e?s=96&d=mm&r=g\",\"contentUrl\":\"https:\/\/secure.gravatar.com\/avatar\/e8495742d34d0ba6448ea1c628263b3e?s=96&d=mm&r=g\",\"caption\":\"admin\"},\"url\":\"https:\/\/franciscanos.org.br\/noticias\/author\/admin\"}]}<\/script>\n<!-- \/ Yoast SEO plugin. -->","yoast_head_json":{"title":"Fazer o bem sem se preocupar se os outros fazem - Not\u00edcias - Franciscanos","robots":{"index":"index","follow":"follow","max-snippet":"max-snippet:-1","max-image-preview":"max-image-preview:large","max-video-preview":"max-video-preview:-1"},"canonical":"https:\/\/franciscanos.org.br\/noticias\/fazer-o-bem-sem-se-preocupar-se-os-outros-fazem-o-mesmo.html","og_locale":"pt_BR","og_type":"article","og_title":"Fazer o bem sem se preocupar se os outros fazem - Not\u00edcias - Franciscanos","og_description":"Missa em Santa Marta","og_url":"https:\/\/franciscanos.org.br\/noticias\/fazer-o-bem-sem-se-preocupar-se-os-outros-fazem-o-mesmo.html","og_site_name":"Not\u00edcias - Franciscanos","article_published_time":"2018-11-05T10:05:44+00:00","article_modified_time":"2020-06-06T19:52:39+00:00","og_image":[{"width":273,"height":181,"url":"https:\/\/franciscanos.org.br\/noticias\/wp-content\/uploads\/2018\/11\/marta_051118-1.jpg","type":"image\/jpeg"}],"author":"admin","twitter_card":"summary_large_image","twitter_misc":{"Escrito por":"admin","Est. tempo de leitura":"3 minutos"},"schema":{"@context":"https:\/\/schema.org","@graph":[{"@type":"WebSite","@id":"https:\/\/franciscanos.org.br\/noticias\/#website","url":"https:\/\/franciscanos.org.br\/noticias\/","name":"Not\u00edcias - Franciscanos","description":"Prov\u00edncia Franciscana da Imaculada Concei\u00e7\u00e3o do Brasil - Ordem dos Frades Menores - OFM","potentialAction":[{"@type":"SearchAction","target":{"@type":"EntryPoint","urlTemplate":"https:\/\/franciscanos.org.br\/noticias\/?s={search_term_string}"},"query-input":"required name=search_term_string"}],"inLanguage":"pt-BR"},{"@type":"ImageObject","inLanguage":"pt-BR","@id":"https:\/\/franciscanos.org.br\/noticias\/fazer-o-bem-sem-se-preocupar-se-os-outros-fazem-o-mesmo.html#primaryimage","url":"https:\/\/franciscanos.org.br\/noticias\/wp-content\/uploads\/2018\/11\/marta_051118-1.jpg","contentUrl":"https:\/\/franciscanos.org.br\/noticias\/wp-content\/uploads\/2018\/11\/marta_051118-1.jpg","width":273,"height":181},{"@type":"WebPage","@id":"https:\/\/franciscanos.org.br\/noticias\/fazer-o-bem-sem-se-preocupar-se-os-outros-fazem-o-mesmo.html#webpage","url":"https:\/\/franciscanos.org.br\/noticias\/fazer-o-bem-sem-se-preocupar-se-os-outros-fazem-o-mesmo.html","name":"Fazer o bem sem se preocupar se os outros fazem - Not\u00edcias - Franciscanos","isPartOf":{"@id":"https:\/\/franciscanos.org.br\/noticias\/#website"},"primaryImageOfPage":{"@id":"https:\/\/franciscanos.org.br\/noticias\/fazer-o-bem-sem-se-preocupar-se-os-outros-fazem-o-mesmo.html#primaryimage"},"datePublished":"2018-11-05T10:05:44+00:00","dateModified":"2020-06-06T19:52:39+00:00","author":{"@id":"https:\/\/franciscanos.org.br\/noticias\/#\/schema\/person\/b38fbf43118f02820bd932f2e4b14ad3"},"breadcrumb":{"@id":"https:\/\/franciscanos.org.br\/noticias\/fazer-o-bem-sem-se-preocupar-se-os-outros-fazem-o-mesmo.html#breadcrumb"},"inLanguage":"pt-BR","potentialAction":[{"@type":"ReadAction","target":["https:\/\/franciscanos.org.br\/noticias\/fazer-o-bem-sem-se-preocupar-se-os-outros-fazem-o-mesmo.html"]}]},{"@type":"BreadcrumbList","@id":"https:\/\/franciscanos.org.br\/noticias\/fazer-o-bem-sem-se-preocupar-se-os-outros-fazem-o-mesmo.html#breadcrumb","itemListElement":[{"@type":"ListItem","position":1,"name":"Home","item":"https:\/\/franciscanos.org.br\/noticias"},{"@type":"ListItem","position":2,"name":"Fazer o bem sem se preocupar se os outros fazem"}]},{"@type":"Person","@id":"https:\/\/franciscanos.org.br\/noticias\/#\/schema\/person\/b38fbf43118f02820bd932f2e4b14ad3","name":"admin","image":{"@type":"ImageObject","inLanguage":"pt-BR","@id":"https:\/\/franciscanos.org.br\/noticias\/#\/schema\/person\/image\/","url":"https:\/\/secure.gravatar.com\/avatar\/e8495742d34d0ba6448ea1c628263b3e?s=96&d=mm&r=g","contentUrl":"https:\/\/secure.gravatar.com\/avatar\/e8495742d34d0ba6448ea1c628263b3e?s=96&d=mm&r=g","caption":"admin"},"url":"https:\/\/franciscanos.org.br\/noticias\/author\/admin"}]}},"_links":{"self":[{"href":"https:\/\/franciscanos.org.br\/noticias\/wp-json\/wp\/v2\/posts\/187767"}],"collection":[{"href":"https:\/\/franciscanos.org.br\/noticias\/wp-json\/wp\/v2\/posts"}],"about":[{"href":"https:\/\/franciscanos.org.br\/noticias\/wp-json\/wp\/v2\/types\/post"}],"author":[{"embeddable":true,"href":"https:\/\/franciscanos.org.br\/noticias\/wp-json\/wp\/v2\/users\/1"}],"replies":[{"embeddable":true,"href":"https:\/\/franciscanos.org.br\/noticias\/wp-json\/wp\/v2\/comments?post=187767"}],"version-history":[{"count":1,"href":"https:\/\/franciscanos.org.br\/noticias\/wp-json\/wp\/v2\/posts\/187767\/revisions"}],"predecessor-version":[{"id":224708,"href":"https:\/\/franciscanos.org.br\/noticias\/wp-json\/wp\/v2\/posts\/187767\/revisions\/224708"}],"wp:featuredmedia":[{"embeddable":true,"href":"https:\/\/franciscanos.org.br\/noticias\/wp-json\/wp\/v2\/media\/191044"}],"wp:attachment":[{"href":"https:\/\/franciscanos.org.br\/noticias\/wp-json\/wp\/v2\/media?parent=187767"}],"wp:term":[{"taxonomy":"category","embeddable":true,"href":"https:\/\/franciscanos.org.br\/noticias\/wp-json\/wp\/v2\/categories?post=187767"},{"taxonomy":"post_tag","embeddable":true,"href":"https:\/\/franciscanos.org.br\/noticias\/wp-json\/wp\/v2\/tags?post=187767"}],"curies":[{"name":"wp","href":"https:\/\/api.w.org\/{rel}","templated":true}]}}