{"id":187765,"date":"2018-11-05T01:43:05","date_gmt":"2018-11-05T03:43:05","guid":{"rendered":"http:\/\/franciscanos.org.br\/?p=176286"},"modified":"2019-08-19T11:18:24","modified_gmt":"2019-08-19T14:18:24","slug":"jovens-em-prontidao-para-repartir-o-pao-da-vida","status":"publish","type":"post","link":"https:\/\/franciscanos.org.br\/noticias\/jovens-em-prontidao-para-repartir-o-pao-da-vida.html","title":{"rendered":"Jovens de prontid\u00e3o para repartir o P\u00e3o da Vida"},"content":{"rendered":"<p><img loading=\"lazy\" class=\"aligncenter\" src=\"http:\/\/franciscanos.org.br\/wp-content\/uploads\/2018\/11\/alverne_041118_d.jpg\" alt=\"alverne_041118_d\" width=\"830\" height=\"400\" \/><\/p>\n<p><strong>Balne\u00e1rio Cambori\u00fa (SC) &#8211;\u00a0<\/strong>\u00a0No domingo (04\/11), dia em que a Igreja no Brasil celebra a Solenidade de Todos os Santos, chegou ao fim a 2\u00aa edi\u00e7\u00e3o do Alverne na Par\u00f3quia Santa In\u00eas, de Balne\u00e1rio Cambori\u00fa. O evento contou com a participa\u00e7\u00e3o de mais de 100 jovens franciscanos e teve a assessoria do mestre em Teologia Espiritual, Frei Vitorio Mazzuco.<\/p>\n<p>Antes do encerramento, ainda \u00e0 noite, os jovens se reuniram na praia para jogar v\u00f4lei e futebol de areia, ouvindo m\u00fasicas crist\u00e3s e se divertindo de forma animada e sadia, enquanto no cal\u00e7ad\u00e3o de Balne\u00e1rio outros jovens aproveitavam a noite. Contrastes que, certamente, ilustram que \u00e9 poss\u00edvel evangelizar atrav\u00e9s do testemunho e de atitudes.<\/p>\n<p>Na manh\u00e3 do domingo, partindo de uma reflex\u00e3o de S\u00e3o Bernardo de Claraval, um homem atento \u00e0s atitudes do Santo de Assis, Frei Vitorio falou sobre a viv\u00eancia dos tr\u00eas beijos que Deus deu na humanidade: o primeiro beijo \u00e9 a beleza da cria\u00e7\u00e3o; o segundo \u00e9 a Eucaristia; e o terceiro beijo \u00e9 a respira\u00e7\u00e3o, o Esp\u00edrito, o sopro de vida.<\/p>\n<p><img loading=\"lazy\" class=\"aligncenter\" src=\"http:\/\/franciscanos.org.br\/wp-content\/uploads\/2018\/11\/alverne_041118_1.jpg\" alt=\"alverne_041118_1\" width=\"830\" height=\"400\" \/><\/p>\n<p>O Encontro terminou, ent\u00e3o, com a Celebra\u00e7\u00e3o Eucar\u00edstica. Todos sentados no ch\u00e3o, &#8216;ao redor do centro Daquele que \u00e9 o pr\u00f3prio Centro&#8217;, meditaram o Evangelho das Bem-Aventuran\u00e7as, pr\u00f3prio da liturgia do dia.<\/p>\n<p>Segundo Mariana Rogoski, este foi um momento \u00fanico e especial para todos os jovens que voltam para casa com o cora\u00e7\u00e3o repleto da presen\u00e7a de Deus. \u201cSe em nossas vidas e em nossas realidades vivermos as virtudes franciscanas e continuarmos a miss\u00e3o de Francisco, de reconstruir a Igreja do Senhor, estaremos em marcha e de prontid\u00e3o para sempre repartirmos o P\u00e3o da Vida\u201d, observou.<\/p>\n<p>Alguns participantes do evento, que costumeiramente tamb\u00e9m j\u00e1 participam das atividades promovidas pelo (SAV), e outros que participaram pela primeira vez, falaram sobre a experi\u00eancia:<\/p>\n<p><img loading=\"lazy\" class=\"aligncenter\" src=\"http:\/\/franciscanos.org.br\/wp-content\/uploads\/2018\/11\/alverne_041118_2.jpg\" alt=\"alverne_041118_2\" width=\"830\" height=\"400\" \/><\/p>\n<h2><span style=\"color: #000000;\"><strong>DEPOIMENTOS<\/strong><\/span><\/h2>\n<p>\u201cFoi a primeira vez que participei do Alverne. Estava com as expectativas altas e todas elas foram cumpridas. Frei Vitorio \u00e9 um homem espetacular e iluminado. O momento que mais me tocou foi o da investidura, onde firmamos um compromisso perante Deus e a todos os presentes de levarmos adiante a virtude escolhida no nosso n\u00facleo, melhorando assim nossa comunidade. Recomendo que todos os jovens se inscrevam para o pr\u00f3ximo Alverne, pois \u00e9 um \u00f3timo momento de fortalecimento da f\u00e9 e do conhecimento, com palavras divinas inspiradoras\u201d, afirmou Arthur Boesing Bilibio, que \u00e9 de Joa\u00e7aba (SC) e frequenta a Par\u00f3quia S\u00e3o Jo\u00e3o Batista, de Luzerna (SC).<\/p>\n<p>Juliana Bauler, de Blumenau, disse que foi uma experi\u00eancia de aprendizagem, comprometimento e desafio. \u201cFoi o primeiro Alverne que participei de muitos que irei participar, pois n\u00e3o quero perdeu mais nenhum! Superou todas as minhas expectativas. O momento que mais me tocou foi a cerim\u00f4nia da escolha das virtudes. Foi muito especial! Pretendo levar muitos jovens para participar dos pr\u00f3ximos encontros\u201d enfatizou.<\/p>\n<p><img loading=\"lazy\" class=\"aligncenter\" src=\"http:\/\/franciscanos.org.br\/wp-content\/uploads\/2018\/11\/alverne_041118_3.jpg\" alt=\"alverne_041118_3\" width=\"830\" height=\"400\" \/><\/p>\n<p>Segundo a jovem La\u00eds Costa, que \u00e9 da cidade de \u00c1guas Mornas, da Par\u00f3quia de Santo Amaro (SC), organizar um evento pensando na experi\u00eancia que outras pessoas ter\u00e3o \u00e9 sempre desafiador. \u201c\u00c9 preciso se colocar no lugar delas e imaginar o que gostaria de se viver. Pegar o tema e juntar din\u00e2micas, espiritualidade e as palestras. Encaixar tudo no papel e ter um cronograma. E na hora do evento fazer ajustes, tirar isso e encaixar aquilo. No final ver que tudo aconteceu conforme Deus queria, como precisava ser para cada um, levando assim um pouquinho do Alverne consigo. Como um todo, o evento foi o que esper\u00e1vamos que fosse, talvez at\u00e9 um pouco al\u00e9m. Mas, acredito que nunca podemos nos dar por satisfeitos totalmente. Acho que sempre podemos melhorar alguma coisa, mesmo que seja algo m\u00ednimo. Dentre tudo que aconteceu, tr\u00eas momentos me chamaram muita aten\u00e7\u00e3o: a ora\u00e7\u00e3o da manh\u00e3 de s\u00e1bado que fizemos na praia, com os p\u00e9s descal\u00e7os no ch\u00e3o, sentindo cada gr\u00e3o de areia, a brisa do mar e o som da \u00e1gua; o momento da investidura cavaleiresca, onde cada um, ap\u00f3s confeccionar seus trajes, recebeu a virtude escolhida e se colocou a servi\u00e7o de Deus; e a Missa de encerramento, que celebramos sentados no ch\u00e3o, tal como na \u00e9poca do pr\u00f3prio Cristo&#8221;, disse La\u00eds, adiantando que ainda n\u00e3o tem data e local o pr\u00f3ximo encontro, mas juntamente com Frei Vitorio j\u00e1 est\u00e1 pensando em poss\u00edveis temas a serem trabalhados. &#8220;Para aqueles que nunca participaram e t\u00eam curiosidade sobre a vida de S\u00e3o Francisco, estamos de bra\u00e7os abertos esperando a todos&#8221;, garantiu a jovem, que \u00e9 tamb\u00e9m uma das respons\u00e1veis pelo encontro.<\/p>\n<p>\u201cAlverne foi uma das experi\u00eancias mais incr\u00edveis que tive desde que sou franciscana. Quando falamos das virtudes e dos dons, n\u00e3o se imagina o qu\u00e3o profundos possam ser. Neste Alverne pude perceber que estes est\u00e3o em tudo o que escolhemos e fazemos e, como Frei Vitorio falou no encontro, basta apenas escolhermos um e outro e todos se complementar\u00e3o! Todos os momentos foram cheios de franciscanismo e ficar\u00e3o gravados eternamente em meu cora\u00e7\u00e3o. A partir do momento que se escolhe o carisma Franciscano, literalmente \u00e9 um caminho sem volta, porque a cada dia voc\u00ea descobre o qu\u00e3o gratificante \u00e9 tentar se tornar semelhante a Francisco de Assis. Como foi dito anteriormente, todos os momentos foram incr\u00edveis, mas quando fizemos nossa &#8216;armadura&#8217;, Frei Vit\u00f3rio nos falou que n\u00e3o se tratava daquela estrutura de ferro que os cavaleiros usavam, e sim da coragem, determina\u00e7\u00e3o, prud\u00eancia e assim por diante. E que, a partir daquele momento, esta deveria ser a nossa armadura do dia a dia. Durante a Celebra\u00e7\u00e3o Eucar\u00edstica tive a certeza que viver na simplicidade pode ser mais gratificante do que se pensa, pois ali sentada no ch\u00e3o e pr\u00f3xima dos outros percebi que o simples \u00e9 belo e que \u00e9 assim que quero viver minha vida: levando o Evangelho a todos aqueles que est\u00e3o sedentos. Que Francisco possa me moldar para que assim quem assim eu possa ser semelhante a ele!\u201d, ressaltou Marina Gallo, de Chopinzinho (PR).<\/p>\n<p><img loading=\"lazy\" class=\"aligncenter\" src=\"http:\/\/franciscanos.org.br\/wp-content\/uploads\/2018\/11\/alverne_041118_4.jpg\" alt=\"alverne_041118_4\" width=\"830\" height=\"400\" \/><\/p>\n<p>Segundo Reginaldo Taborda, de Campo Largo (PR), o encontro superou todas as expectativas. Ressaltou que Frei Vitorio \u00e9 um frade muito s\u00e1bio e que soube muito bem ensinar e formar durante todo o evento. Afirmou com convic\u00e7\u00e3o que nunca aprendeu tanto em t\u00e3o pouco tempo, destacando uma das frases de Frei Vitorio que mais lhe tocou: \u201cA autenticidade do amor se d\u00e1 no toque, no abra\u00e7o, no beijo\u201d, disse. \u201cEstava planejando fazer uma faculdade, depois deste evento acredito que mais vale alguns finais de semana com Frei Vit\u00f3rio\u201d, elogiou o jovem campolarguense.<\/p>\n<p>Jo\u00e3o Paulo Dacol, de Curitibanos (SC), esteve presente pela primeira vez no Alverne e destacou que adquiriu novas experi\u00eancias e ensinamentos do carisma franciscano, especialmente do modelo de amor cort\u00eas-cavaleiresco. \u201cQuando voc\u00ea encontra e vive a virtude, ela aparece em todos os escritos, em todos os exemplos, em todos os ensinamentos e em todas as pessoas que marcam sua hist\u00f3ria. Passamos a refletir e questionar atitudes corriqueiras de nosso dia a dia que poder\u00edamos intensificar para transmitir a caridade e o bem ao pr\u00f3ximo. Acredito que n\u00f3s, jovens, devemos aprofundar ainda mais o inesgot\u00e1vel conhecimento que Francisco tem a nos oferecer, e mergulharmos em a\u00e7\u00f5es de bondade para assim encontrarmos a Perfeita Alegria. E que venha o pr\u00f3ximo!\u201d, pediu.<\/p>\n<p>Ao final, os participantes agradeceram Frei Vitorio que t\u00e3o bem conduziu o encontro, como tamb\u00e9m o apoio da pastoral da Universidade S\u00e3o Francisco (USF), do p\u00e1roco Frei Ladi Antoniazzi e da Ordem Franciscana Secular (OFS). N\u00e3o poderiam deixar de fora a equipe de organiza\u00e7\u00e3o, e em especial ao Servi\u00e7o de Anima\u00e7\u00e3o Vocacional (SAV) da Prov\u00edncia, que apoiou e apoia a realiza\u00e7\u00e3o de projetos como este, idealizados, pensados e executados de jovens para jovens.<\/p>\n<p><strong>Frei Augusto Luiz Gabriel, com informa\u00e7\u00f5es de Mariana Rogoski e Jocemar Machado.<\/strong><\/p>\n","protected":false},"excerpt":{"rendered":"<p>Encontro Alverne<\/p>\n","protected":false},"author":5,"featured_media":191051,"comment_status":"open","ping_status":"open","sticky":false,"template":"","format":"standard","meta":[],"categories":[1],"tags":[923],"acf":[],"yoast_head":"<!-- This site is optimized with the Yoast SEO plugin v19.2 - https:\/\/yoast.com\/wordpress\/plugins\/seo\/ -->\n<title>Jovens de prontid\u00e3o para repartir o P\u00e3o da Vida - Not\u00edcias - Franciscanos<\/title>\n<meta name=\"robots\" content=\"index, follow, max-snippet:-1, max-image-preview:large, max-video-preview:-1\" \/>\n<link rel=\"canonical\" href=\"https:\/\/franciscanos.org.br\/noticias\/jovens-em-prontidao-para-repartir-o-pao-da-vida.html\" \/>\n<meta property=\"og:locale\" content=\"pt_BR\" \/>\n<meta property=\"og:type\" content=\"article\" \/>\n<meta property=\"og:title\" content=\"Jovens de prontid\u00e3o para repartir o P\u00e3o da Vida - Not\u00edcias - Franciscanos\" \/>\n<meta property=\"og:description\" content=\"Encontro Alverne\" \/>\n<meta property=\"og:url\" content=\"https:\/\/franciscanos.org.br\/noticias\/jovens-em-prontidao-para-repartir-o-pao-da-vida.html\" \/>\n<meta property=\"og:site_name\" content=\"Not\u00edcias - Franciscanos\" \/>\n<meta property=\"article:published_time\" content=\"2018-11-05T03:43:05+00:00\" \/>\n<meta property=\"article:modified_time\" content=\"2019-08-19T14:18:24+00:00\" \/>\n<meta property=\"og:image\" content=\"https:\/\/franciscanos.org.br\/noticias\/wp-content\/uploads\/2018\/11\/alverne_041118_4.jpg\" \/>\n\t<meta property=\"og:image:width\" content=\"273\" \/>\n\t<meta property=\"og:image:height\" content=\"181\" \/>\n\t<meta property=\"og:image:type\" content=\"image\/jpeg\" \/>\n<meta name=\"author\" content=\"freiaugusto\" \/>\n<meta name=\"twitter:card\" content=\"summary_large_image\" \/>\n<meta name=\"twitter:label1\" content=\"Escrito por\" \/>\n\t<meta name=\"twitter:data1\" content=\"freiaugusto\" \/>\n\t<meta name=\"twitter:label2\" content=\"Est. tempo de leitura\" \/>\n\t<meta name=\"twitter:data2\" content=\"7 minutos\" \/>\n<script type=\"application\/ld+json\" class=\"yoast-schema-graph\">{\"@context\":\"https:\/\/schema.org\",\"@graph\":[{\"@type\":\"WebSite\",\"@id\":\"https:\/\/franciscanos.org.br\/noticias\/#website\",\"url\":\"https:\/\/franciscanos.org.br\/noticias\/\",\"name\":\"Not\u00edcias - Franciscanos\",\"description\":\"Prov\u00edncia Franciscana da Imaculada Concei\u00e7\u00e3o do Brasil - Ordem dos Frades Menores - OFM\",\"potentialAction\":[{\"@type\":\"SearchAction\",\"target\":{\"@type\":\"EntryPoint\",\"urlTemplate\":\"https:\/\/franciscanos.org.br\/noticias\/?s={search_term_string}\"},\"query-input\":\"required name=search_term_string\"}],\"inLanguage\":\"pt-BR\"},{\"@type\":\"ImageObject\",\"inLanguage\":\"pt-BR\",\"@id\":\"https:\/\/franciscanos.org.br\/noticias\/jovens-em-prontidao-para-repartir-o-pao-da-vida.html#primaryimage\",\"url\":\"https:\/\/franciscanos.org.br\/noticias\/wp-content\/uploads\/2018\/11\/alverne_041118_4.jpg\",\"contentUrl\":\"https:\/\/franciscanos.org.br\/noticias\/wp-content\/uploads\/2018\/11\/alverne_041118_4.jpg\",\"width\":273,\"height\":181},{\"@type\":\"WebPage\",\"@id\":\"https:\/\/franciscanos.org.br\/noticias\/jovens-em-prontidao-para-repartir-o-pao-da-vida.html#webpage\",\"url\":\"https:\/\/franciscanos.org.br\/noticias\/jovens-em-prontidao-para-repartir-o-pao-da-vida.html\",\"name\":\"Jovens de prontid\u00e3o para repartir o P\u00e3o da Vida - Not\u00edcias - Franciscanos\",\"isPartOf\":{\"@id\":\"https:\/\/franciscanos.org.br\/noticias\/#website\"},\"primaryImageOfPage\":{\"@id\":\"https:\/\/franciscanos.org.br\/noticias\/jovens-em-prontidao-para-repartir-o-pao-da-vida.html#primaryimage\"},\"datePublished\":\"2018-11-05T03:43:05+00:00\",\"dateModified\":\"2019-08-19T14:18:24+00:00\",\"author\":{\"@id\":\"https:\/\/franciscanos.org.br\/noticias\/#\/schema\/person\/37f88f0d111cd5358b12a6556a99eb91\"},\"breadcrumb\":{\"@id\":\"https:\/\/franciscanos.org.br\/noticias\/jovens-em-prontidao-para-repartir-o-pao-da-vida.html#breadcrumb\"},\"inLanguage\":\"pt-BR\",\"potentialAction\":[{\"@type\":\"ReadAction\",\"target\":[\"https:\/\/franciscanos.org.br\/noticias\/jovens-em-prontidao-para-repartir-o-pao-da-vida.html\"]}]},{\"@type\":\"BreadcrumbList\",\"@id\":\"https:\/\/franciscanos.org.br\/noticias\/jovens-em-prontidao-para-repartir-o-pao-da-vida.html#breadcrumb\",\"itemListElement\":[{\"@type\":\"ListItem\",\"position\":1,\"name\":\"Home\",\"item\":\"https:\/\/franciscanos.org.br\/noticias\"},{\"@type\":\"ListItem\",\"position\":2,\"name\":\"Jovens de prontid\u00e3o para repartir o P\u00e3o da Vida\"}]},{\"@type\":\"Person\",\"@id\":\"https:\/\/franciscanos.org.br\/noticias\/#\/schema\/person\/37f88f0d111cd5358b12a6556a99eb91\",\"name\":\"freiaugusto\",\"image\":{\"@type\":\"ImageObject\",\"inLanguage\":\"pt-BR\",\"@id\":\"https:\/\/franciscanos.org.br\/noticias\/#\/schema\/person\/image\/\",\"url\":\"https:\/\/secure.gravatar.com\/avatar\/9840b940e621801b24f3e6b059efb4b7?s=96&d=mm&r=g\",\"contentUrl\":\"https:\/\/secure.gravatar.com\/avatar\/9840b940e621801b24f3e6b059efb4b7?s=96&d=mm&r=g\",\"caption\":\"freiaugusto\"},\"url\":\"https:\/\/franciscanos.org.br\/noticias\/author\/freiaugusto\"}]}<\/script>\n<!-- \/ Yoast SEO plugin. -->","yoast_head_json":{"title":"Jovens de prontid\u00e3o para repartir o P\u00e3o da Vida - Not\u00edcias - Franciscanos","robots":{"index":"index","follow":"follow","max-snippet":"max-snippet:-1","max-image-preview":"max-image-preview:large","max-video-preview":"max-video-preview:-1"},"canonical":"https:\/\/franciscanos.org.br\/noticias\/jovens-em-prontidao-para-repartir-o-pao-da-vida.html","og_locale":"pt_BR","og_type":"article","og_title":"Jovens de prontid\u00e3o para repartir o P\u00e3o da Vida - Not\u00edcias - Franciscanos","og_description":"Encontro Alverne","og_url":"https:\/\/franciscanos.org.br\/noticias\/jovens-em-prontidao-para-repartir-o-pao-da-vida.html","og_site_name":"Not\u00edcias - Franciscanos","article_published_time":"2018-11-05T03:43:05+00:00","article_modified_time":"2019-08-19T14:18:24+00:00","og_image":[{"width":273,"height":181,"url":"https:\/\/franciscanos.org.br\/noticias\/wp-content\/uploads\/2018\/11\/alverne_041118_4.jpg","type":"image\/jpeg"}],"author":"freiaugusto","twitter_card":"summary_large_image","twitter_misc":{"Escrito por":"freiaugusto","Est. tempo de leitura":"7 minutos"},"schema":{"@context":"https:\/\/schema.org","@graph":[{"@type":"WebSite","@id":"https:\/\/franciscanos.org.br\/noticias\/#website","url":"https:\/\/franciscanos.org.br\/noticias\/","name":"Not\u00edcias - Franciscanos","description":"Prov\u00edncia Franciscana da Imaculada Concei\u00e7\u00e3o do Brasil - Ordem dos Frades Menores - OFM","potentialAction":[{"@type":"SearchAction","target":{"@type":"EntryPoint","urlTemplate":"https:\/\/franciscanos.org.br\/noticias\/?s={search_term_string}"},"query-input":"required name=search_term_string"}],"inLanguage":"pt-BR"},{"@type":"ImageObject","inLanguage":"pt-BR","@id":"https:\/\/franciscanos.org.br\/noticias\/jovens-em-prontidao-para-repartir-o-pao-da-vida.html#primaryimage","url":"https:\/\/franciscanos.org.br\/noticias\/wp-content\/uploads\/2018\/11\/alverne_041118_4.jpg","contentUrl":"https:\/\/franciscanos.org.br\/noticias\/wp-content\/uploads\/2018\/11\/alverne_041118_4.jpg","width":273,"height":181},{"@type":"WebPage","@id":"https:\/\/franciscanos.org.br\/noticias\/jovens-em-prontidao-para-repartir-o-pao-da-vida.html#webpage","url":"https:\/\/franciscanos.org.br\/noticias\/jovens-em-prontidao-para-repartir-o-pao-da-vida.html","name":"Jovens de prontid\u00e3o para repartir o P\u00e3o da Vida - Not\u00edcias - Franciscanos","isPartOf":{"@id":"https:\/\/franciscanos.org.br\/noticias\/#website"},"primaryImageOfPage":{"@id":"https:\/\/franciscanos.org.br\/noticias\/jovens-em-prontidao-para-repartir-o-pao-da-vida.html#primaryimage"},"datePublished":"2018-11-05T03:43:05+00:00","dateModified":"2019-08-19T14:18:24+00:00","author":{"@id":"https:\/\/franciscanos.org.br\/noticias\/#\/schema\/person\/37f88f0d111cd5358b12a6556a99eb91"},"breadcrumb":{"@id":"https:\/\/franciscanos.org.br\/noticias\/jovens-em-prontidao-para-repartir-o-pao-da-vida.html#breadcrumb"},"inLanguage":"pt-BR","potentialAction":[{"@type":"ReadAction","target":["https:\/\/franciscanos.org.br\/noticias\/jovens-em-prontidao-para-repartir-o-pao-da-vida.html"]}]},{"@type":"BreadcrumbList","@id":"https:\/\/franciscanos.org.br\/noticias\/jovens-em-prontidao-para-repartir-o-pao-da-vida.html#breadcrumb","itemListElement":[{"@type":"ListItem","position":1,"name":"Home","item":"https:\/\/franciscanos.org.br\/noticias"},{"@type":"ListItem","position":2,"name":"Jovens de prontid\u00e3o para repartir o P\u00e3o da Vida"}]},{"@type":"Person","@id":"https:\/\/franciscanos.org.br\/noticias\/#\/schema\/person\/37f88f0d111cd5358b12a6556a99eb91","name":"freiaugusto","image":{"@type":"ImageObject","inLanguage":"pt-BR","@id":"https:\/\/franciscanos.org.br\/noticias\/#\/schema\/person\/image\/","url":"https:\/\/secure.gravatar.com\/avatar\/9840b940e621801b24f3e6b059efb4b7?s=96&d=mm&r=g","contentUrl":"https:\/\/secure.gravatar.com\/avatar\/9840b940e621801b24f3e6b059efb4b7?s=96&d=mm&r=g","caption":"freiaugusto"},"url":"https:\/\/franciscanos.org.br\/noticias\/author\/freiaugusto"}]}},"_links":{"self":[{"href":"https:\/\/franciscanos.org.br\/noticias\/wp-json\/wp\/v2\/posts\/187765"}],"collection":[{"href":"https:\/\/franciscanos.org.br\/noticias\/wp-json\/wp\/v2\/posts"}],"about":[{"href":"https:\/\/franciscanos.org.br\/noticias\/wp-json\/wp\/v2\/types\/post"}],"author":[{"embeddable":true,"href":"https:\/\/franciscanos.org.br\/noticias\/wp-json\/wp\/v2\/users\/5"}],"replies":[{"embeddable":true,"href":"https:\/\/franciscanos.org.br\/noticias\/wp-json\/wp\/v2\/comments?post=187765"}],"version-history":[{"count":0,"href":"https:\/\/franciscanos.org.br\/noticias\/wp-json\/wp\/v2\/posts\/187765\/revisions"}],"wp:featuredmedia":[{"embeddable":true,"href":"https:\/\/franciscanos.org.br\/noticias\/wp-json\/wp\/v2\/media\/191051"}],"wp:attachment":[{"href":"https:\/\/franciscanos.org.br\/noticias\/wp-json\/wp\/v2\/media?parent=187765"}],"wp:term":[{"taxonomy":"category","embeddable":true,"href":"https:\/\/franciscanos.org.br\/noticias\/wp-json\/wp\/v2\/categories?post=187765"},{"taxonomy":"post_tag","embeddable":true,"href":"https:\/\/franciscanos.org.br\/noticias\/wp-json\/wp\/v2\/tags?post=187765"}],"curies":[{"name":"wp","href":"https:\/\/api.w.org\/{rel}","templated":true}]}}