{"id":187763,"date":"2018-11-04T11:36:27","date_gmt":"2018-11-04T13:36:27","guid":{"rendered":"http:\/\/franciscanos.org.br\/?p=176281"},"modified":"2020-06-06T17:33:18","modified_gmt":"2020-06-06T20:33:18","slug":"papa-amor-a-deus-e-ao-proximo-sao-inseparaveis","status":"publish","type":"post","link":"https:\/\/franciscanos.org.br\/noticias\/papa-amor-a-deus-e-ao-proximo-sao-inseparaveis.html","title":{"rendered":"Papa: amor a Deus e ao pr\u00f3ximo s\u00e3o insepar\u00e1veis"},"content":{"rendered":"<p><img loading=\"lazy\" class=\"alignleft\" src=\"http:\/\/franciscanos.org.br\/wp-content\/uploads\/2018\/11\/angelus_041118.jpg\" alt=\"angelus_041118\" width=\"820\" height=\"431\" \/><\/p>\n<p><strong>Cidade do Vaticano<\/strong> &#8211; O amor a Deus e ao pr\u00f3ximo s\u00e3o insepar\u00e1veis, reiterou o Papa em sua alocu\u00e7\u00e3o, antes de rezar o Angelus. \u201cEles s\u00e3o os dois lados de uma \u00fanica moeda: vividos juntos, s\u00e3o a verdadeira for\u00e7a do crente\u201d. O domingo chuvoso n\u00e3o impediu que milhares de fi\u00e9is e turistas fossem at\u00e9 a Pra\u00e7a S\u00e3o Pedro para ouvir a mensagem de Francisco no tradicional encontro dominical.<\/p>\n<p>\u201cH\u00e1 um s\u00f3 Senhor e esse Senhor \u00e9 &#8220;nosso&#8221; no sentido de que ele est\u00e1 ligado a n\u00f3s com um pacto indissol\u00favel, nos amou, nos ama e nos amar\u00e1 para sempre\u201d, disse o Papa ao iniciar sua reflex\u00e3o, inspirada no Evangelho de S\u00e3o Marcos e no Livro do Deuteron\u00f4mio.<\/p>\n<p><strong>Amor a Deus e ao pr\u00f3ximo s\u00e3o insepar\u00e1veis<\/strong><\/p>\n<p>E \u201c\u00e9 desta fonte, este amor de Deus \u2013 completou &#8211; que deriva o duplo mandamento para n\u00f3s: &#8220;Amar\u00e1s o Senhor teu Deus com todo o teu cora\u00e7\u00e3o e com toda a tua alma, com toda a tua mente e com toda a tua for\u00e7a. [&#8230;] amar\u00e1s o teu pr\u00f3ximo como a ti mesmo&#8221;:<\/p>\n<p>\u201cAo escolher estas duas palavras dirigidas por Deus ao seu povo e colocando-as juntas, Jesus ensinou de uma vez por todas que o amor a Deus e o amor ao pr\u00f3ximo s\u00e3o insepar\u00e1veis. E mais do que isso, eles se sustentam um ao outro. Mesmo se colocados em sequ\u00eancia, eles s\u00e3o os dois lados de uma \u00fanica moeda: vividos juntos, eles s\u00e3o a verdadeira for\u00e7a do crente\u201d!<\/p>\n<p>\u201cO nosso Deus \u00e9 doa\u00e7\u00e3o sem reservas, \u00e9 perd\u00e3o sem limites, \u00e9 rela\u00e7\u00e3o que promove e faz crescer. Por isto \u2013 observou Francisco &#8211; amar a Deus quer dizer investir nossas energias todos os dias para ser seus colaboradores no servi\u00e7o ao pr\u00f3ximo sem reservas, no buscar perdoar sem limites e no cultivar rela\u00e7\u00f5es de comunh\u00e3o e de fraternidade\u201d.<\/p>\n<p><strong>Pr\u00e9-selecionar o pr\u00f3ximo n\u00e3o \u00e9 crist\u00e3o<\/strong><\/p>\n<p>E explicou, que \u201co evangelista Marcos n\u00e3o se preocupa em especificar quem \u00e9 o pr\u00f3ximo, porque o pr\u00f3ximo \u00e9 a pessoa que eu encontro no caminho, nos meus dias\u201d:<\/p>\n<p>\u201cN\u00e3o se trata de pr\u00e9-selecionar o meu pr\u00f3ximo, isto n\u00e3o \u00e9 crist\u00e3o! Eu penso que o meu pr\u00f3ximo \u00e9 aquele que eu pr\u00e9-selecionei. N\u00e3o, isto n\u00e3o \u00e9 crist\u00e3o, \u00e9 pag\u00e3o; mas se trata de ter olhos para v\u00ea-lo e cora\u00e7\u00e3o para querer o seu bem. Se nos exercitarmos em ver com o olhar de Jesus, nos colocaremos sempre em escuta e ao lado de quem precisa. As necessidades do pr\u00f3ximo exigem certamente respostas eficazes, mas antes ainda elas pedem compartilhamento\u201d.<\/p>\n<p><strong>Proximidade fraterna<\/strong><\/p>\n<p>Com uma imagem \u2013 exemplificou &#8211; podemos dizer que o faminto tem necessidade n\u00e3o apenas de um prato de sopa, mas tamb\u00e9m de um sorriso, de ser ouvido e tamb\u00e9m de uma ora\u00e7\u00e3o, quem sabe feita em conjunto:<\/p>\n<p>\u201cO Evangelho de hoje convida todos n\u00f3s a sermos projetados n\u00e3o somente para as urg\u00eancias dos irm\u00e3os mais pobres, mas sobretudo a estarmos atentos \u00e0s suas necessidades de proximidade fraterna, de sentido da vida e da ternura. Isso interpela nossas comunidades crist\u00e3s: trata-se de evitar o risco de ser comunidades que vivem de muitas iniciativas, mas de poucas rela\u00e7\u00f5es; o risco de comunidade &#8220;esta\u00e7\u00f5es de servi\u00e7o&#8221;, mas de pouca companhia, no sentido pleno e crist\u00e3o deste termo\u201d.<\/p>\n<p>\u201cSeria ilus\u00f3rio \u2013 disse Francisco ao concluir &#8211; pretender amar o pr\u00f3ximo sem amar a Deus. E da mesma forma seria ilus\u00f3rio pretender amar a Deus sem amar o pr\u00f3ximo. As duas dimens\u00f5es do amor, para Deus e para o pr\u00f3ximo, em sua unidade, caracterizam o disc\u00edpulo de Cristo. Que a Virgem Maria nos ajude a acolher e testemunhar na vida de cada dia este ensinamento luminoso\u201d.<\/p>\n<hr \/>\n<p><em>Fonte: Vatican News<\/em><\/p>\n","protected":false},"excerpt":{"rendered":"<p>Angelus<\/p>\n","protected":false},"author":1,"featured_media":191056,"comment_status":"open","ping_status":"open","sticky":false,"template":"","format":"standard","meta":[],"categories":[1428],"tags":[1395],"acf":[],"yoast_head":"<!-- This site is optimized with the Yoast SEO plugin v19.2 - https:\/\/yoast.com\/wordpress\/plugins\/seo\/ -->\n<title>Papa: amor a Deus e ao pr\u00f3ximo s\u00e3o insepar\u00e1veis - Not\u00edcias - Franciscanos<\/title>\n<meta name=\"robots\" content=\"index, follow, max-snippet:-1, max-image-preview:large, max-video-preview:-1\" \/>\n<link rel=\"canonical\" href=\"https:\/\/franciscanos.org.br\/noticias\/papa-amor-a-deus-e-ao-proximo-sao-inseparaveis.html\" \/>\n<meta property=\"og:locale\" content=\"pt_BR\" \/>\n<meta property=\"og:type\" content=\"article\" \/>\n<meta property=\"og:title\" content=\"Papa: amor a Deus e ao pr\u00f3ximo s\u00e3o insepar\u00e1veis - Not\u00edcias - Franciscanos\" \/>\n<meta property=\"og:description\" content=\"Angelus\" \/>\n<meta property=\"og:url\" content=\"https:\/\/franciscanos.org.br\/noticias\/papa-amor-a-deus-e-ao-proximo-sao-inseparaveis.html\" \/>\n<meta property=\"og:site_name\" content=\"Not\u00edcias - Franciscanos\" \/>\n<meta property=\"article:published_time\" content=\"2018-11-04T13:36:27+00:00\" \/>\n<meta property=\"article:modified_time\" content=\"2020-06-06T20:33:18+00:00\" \/>\n<meta property=\"og:image\" content=\"https:\/\/franciscanos.org.br\/noticias\/wp-content\/uploads\/2018\/11\/angelus_041118-1.jpg\" \/>\n\t<meta property=\"og:image:width\" content=\"273\" \/>\n\t<meta property=\"og:image:height\" content=\"181\" \/>\n\t<meta property=\"og:image:type\" content=\"image\/jpeg\" \/>\n<meta name=\"author\" content=\"admin\" \/>\n<meta name=\"twitter:card\" content=\"summary_large_image\" \/>\n<meta name=\"twitter:label1\" content=\"Escrito por\" \/>\n\t<meta name=\"twitter:data1\" content=\"admin\" \/>\n\t<meta name=\"twitter:label2\" content=\"Est. tempo de leitura\" \/>\n\t<meta name=\"twitter:data2\" content=\"3 minutos\" \/>\n<script type=\"application\/ld+json\" class=\"yoast-schema-graph\">{\"@context\":\"https:\/\/schema.org\",\"@graph\":[{\"@type\":\"WebSite\",\"@id\":\"https:\/\/franciscanos.org.br\/noticias\/#website\",\"url\":\"https:\/\/franciscanos.org.br\/noticias\/\",\"name\":\"Not\u00edcias - Franciscanos\",\"description\":\"Prov\u00edncia Franciscana da Imaculada Concei\u00e7\u00e3o do Brasil - Ordem dos Frades Menores - OFM\",\"potentialAction\":[{\"@type\":\"SearchAction\",\"target\":{\"@type\":\"EntryPoint\",\"urlTemplate\":\"https:\/\/franciscanos.org.br\/noticias\/?s={search_term_string}\"},\"query-input\":\"required name=search_term_string\"}],\"inLanguage\":\"pt-BR\"},{\"@type\":\"ImageObject\",\"inLanguage\":\"pt-BR\",\"@id\":\"https:\/\/franciscanos.org.br\/noticias\/papa-amor-a-deus-e-ao-proximo-sao-inseparaveis.html#primaryimage\",\"url\":\"https:\/\/franciscanos.org.br\/noticias\/wp-content\/uploads\/2018\/11\/angelus_041118-1.jpg\",\"contentUrl\":\"https:\/\/franciscanos.org.br\/noticias\/wp-content\/uploads\/2018\/11\/angelus_041118-1.jpg\",\"width\":273,\"height\":181},{\"@type\":\"WebPage\",\"@id\":\"https:\/\/franciscanos.org.br\/noticias\/papa-amor-a-deus-e-ao-proximo-sao-inseparaveis.html#webpage\",\"url\":\"https:\/\/franciscanos.org.br\/noticias\/papa-amor-a-deus-e-ao-proximo-sao-inseparaveis.html\",\"name\":\"Papa: amor a Deus e ao pr\u00f3ximo s\u00e3o insepar\u00e1veis - Not\u00edcias - Franciscanos\",\"isPartOf\":{\"@id\":\"https:\/\/franciscanos.org.br\/noticias\/#website\"},\"primaryImageOfPage\":{\"@id\":\"https:\/\/franciscanos.org.br\/noticias\/papa-amor-a-deus-e-ao-proximo-sao-inseparaveis.html#primaryimage\"},\"datePublished\":\"2018-11-04T13:36:27+00:00\",\"dateModified\":\"2020-06-06T20:33:18+00:00\",\"author\":{\"@id\":\"https:\/\/franciscanos.org.br\/noticias\/#\/schema\/person\/b38fbf43118f02820bd932f2e4b14ad3\"},\"breadcrumb\":{\"@id\":\"https:\/\/franciscanos.org.br\/noticias\/papa-amor-a-deus-e-ao-proximo-sao-inseparaveis.html#breadcrumb\"},\"inLanguage\":\"pt-BR\",\"potentialAction\":[{\"@type\":\"ReadAction\",\"target\":[\"https:\/\/franciscanos.org.br\/noticias\/papa-amor-a-deus-e-ao-proximo-sao-inseparaveis.html\"]}]},{\"@type\":\"BreadcrumbList\",\"@id\":\"https:\/\/franciscanos.org.br\/noticias\/papa-amor-a-deus-e-ao-proximo-sao-inseparaveis.html#breadcrumb\",\"itemListElement\":[{\"@type\":\"ListItem\",\"position\":1,\"name\":\"Home\",\"item\":\"https:\/\/franciscanos.org.br\/noticias\"},{\"@type\":\"ListItem\",\"position\":2,\"name\":\"Papa: amor a Deus e ao pr\u00f3ximo s\u00e3o insepar\u00e1veis\"}]},{\"@type\":\"Person\",\"@id\":\"https:\/\/franciscanos.org.br\/noticias\/#\/schema\/person\/b38fbf43118f02820bd932f2e4b14ad3\",\"name\":\"admin\",\"image\":{\"@type\":\"ImageObject\",\"inLanguage\":\"pt-BR\",\"@id\":\"https:\/\/franciscanos.org.br\/noticias\/#\/schema\/person\/image\/\",\"url\":\"https:\/\/secure.gravatar.com\/avatar\/e8495742d34d0ba6448ea1c628263b3e?s=96&d=mm&r=g\",\"contentUrl\":\"https:\/\/secure.gravatar.com\/avatar\/e8495742d34d0ba6448ea1c628263b3e?s=96&d=mm&r=g\",\"caption\":\"admin\"},\"url\":\"https:\/\/franciscanos.org.br\/noticias\/author\/admin\"}]}<\/script>\n<!-- \/ Yoast SEO plugin. -->","yoast_head_json":{"title":"Papa: amor a Deus e ao pr\u00f3ximo s\u00e3o insepar\u00e1veis - Not\u00edcias - Franciscanos","robots":{"index":"index","follow":"follow","max-snippet":"max-snippet:-1","max-image-preview":"max-image-preview:large","max-video-preview":"max-video-preview:-1"},"canonical":"https:\/\/franciscanos.org.br\/noticias\/papa-amor-a-deus-e-ao-proximo-sao-inseparaveis.html","og_locale":"pt_BR","og_type":"article","og_title":"Papa: amor a Deus e ao pr\u00f3ximo s\u00e3o insepar\u00e1veis - Not\u00edcias - Franciscanos","og_description":"Angelus","og_url":"https:\/\/franciscanos.org.br\/noticias\/papa-amor-a-deus-e-ao-proximo-sao-inseparaveis.html","og_site_name":"Not\u00edcias - Franciscanos","article_published_time":"2018-11-04T13:36:27+00:00","article_modified_time":"2020-06-06T20:33:18+00:00","og_image":[{"width":273,"height":181,"url":"https:\/\/franciscanos.org.br\/noticias\/wp-content\/uploads\/2018\/11\/angelus_041118-1.jpg","type":"image\/jpeg"}],"author":"admin","twitter_card":"summary_large_image","twitter_misc":{"Escrito por":"admin","Est. tempo de leitura":"3 minutos"},"schema":{"@context":"https:\/\/schema.org","@graph":[{"@type":"WebSite","@id":"https:\/\/franciscanos.org.br\/noticias\/#website","url":"https:\/\/franciscanos.org.br\/noticias\/","name":"Not\u00edcias - Franciscanos","description":"Prov\u00edncia Franciscana da Imaculada Concei\u00e7\u00e3o do Brasil - Ordem dos Frades Menores - OFM","potentialAction":[{"@type":"SearchAction","target":{"@type":"EntryPoint","urlTemplate":"https:\/\/franciscanos.org.br\/noticias\/?s={search_term_string}"},"query-input":"required name=search_term_string"}],"inLanguage":"pt-BR"},{"@type":"ImageObject","inLanguage":"pt-BR","@id":"https:\/\/franciscanos.org.br\/noticias\/papa-amor-a-deus-e-ao-proximo-sao-inseparaveis.html#primaryimage","url":"https:\/\/franciscanos.org.br\/noticias\/wp-content\/uploads\/2018\/11\/angelus_041118-1.jpg","contentUrl":"https:\/\/franciscanos.org.br\/noticias\/wp-content\/uploads\/2018\/11\/angelus_041118-1.jpg","width":273,"height":181},{"@type":"WebPage","@id":"https:\/\/franciscanos.org.br\/noticias\/papa-amor-a-deus-e-ao-proximo-sao-inseparaveis.html#webpage","url":"https:\/\/franciscanos.org.br\/noticias\/papa-amor-a-deus-e-ao-proximo-sao-inseparaveis.html","name":"Papa: amor a Deus e ao pr\u00f3ximo s\u00e3o insepar\u00e1veis - Not\u00edcias - Franciscanos","isPartOf":{"@id":"https:\/\/franciscanos.org.br\/noticias\/#website"},"primaryImageOfPage":{"@id":"https:\/\/franciscanos.org.br\/noticias\/papa-amor-a-deus-e-ao-proximo-sao-inseparaveis.html#primaryimage"},"datePublished":"2018-11-04T13:36:27+00:00","dateModified":"2020-06-06T20:33:18+00:00","author":{"@id":"https:\/\/franciscanos.org.br\/noticias\/#\/schema\/person\/b38fbf43118f02820bd932f2e4b14ad3"},"breadcrumb":{"@id":"https:\/\/franciscanos.org.br\/noticias\/papa-amor-a-deus-e-ao-proximo-sao-inseparaveis.html#breadcrumb"},"inLanguage":"pt-BR","potentialAction":[{"@type":"ReadAction","target":["https:\/\/franciscanos.org.br\/noticias\/papa-amor-a-deus-e-ao-proximo-sao-inseparaveis.html"]}]},{"@type":"BreadcrumbList","@id":"https:\/\/franciscanos.org.br\/noticias\/papa-amor-a-deus-e-ao-proximo-sao-inseparaveis.html#breadcrumb","itemListElement":[{"@type":"ListItem","position":1,"name":"Home","item":"https:\/\/franciscanos.org.br\/noticias"},{"@type":"ListItem","position":2,"name":"Papa: amor a Deus e ao pr\u00f3ximo s\u00e3o insepar\u00e1veis"}]},{"@type":"Person","@id":"https:\/\/franciscanos.org.br\/noticias\/#\/schema\/person\/b38fbf43118f02820bd932f2e4b14ad3","name":"admin","image":{"@type":"ImageObject","inLanguage":"pt-BR","@id":"https:\/\/franciscanos.org.br\/noticias\/#\/schema\/person\/image\/","url":"https:\/\/secure.gravatar.com\/avatar\/e8495742d34d0ba6448ea1c628263b3e?s=96&d=mm&r=g","contentUrl":"https:\/\/secure.gravatar.com\/avatar\/e8495742d34d0ba6448ea1c628263b3e?s=96&d=mm&r=g","caption":"admin"},"url":"https:\/\/franciscanos.org.br\/noticias\/author\/admin"}]}},"_links":{"self":[{"href":"https:\/\/franciscanos.org.br\/noticias\/wp-json\/wp\/v2\/posts\/187763"}],"collection":[{"href":"https:\/\/franciscanos.org.br\/noticias\/wp-json\/wp\/v2\/posts"}],"about":[{"href":"https:\/\/franciscanos.org.br\/noticias\/wp-json\/wp\/v2\/types\/post"}],"author":[{"embeddable":true,"href":"https:\/\/franciscanos.org.br\/noticias\/wp-json\/wp\/v2\/users\/1"}],"replies":[{"embeddable":true,"href":"https:\/\/franciscanos.org.br\/noticias\/wp-json\/wp\/v2\/comments?post=187763"}],"version-history":[{"count":1,"href":"https:\/\/franciscanos.org.br\/noticias\/wp-json\/wp\/v2\/posts\/187763\/revisions"}],"predecessor-version":[{"id":224710,"href":"https:\/\/franciscanos.org.br\/noticias\/wp-json\/wp\/v2\/posts\/187763\/revisions\/224710"}],"wp:featuredmedia":[{"embeddable":true,"href":"https:\/\/franciscanos.org.br\/noticias\/wp-json\/wp\/v2\/media\/191056"}],"wp:attachment":[{"href":"https:\/\/franciscanos.org.br\/noticias\/wp-json\/wp\/v2\/media?parent=187763"}],"wp:term":[{"taxonomy":"category","embeddable":true,"href":"https:\/\/franciscanos.org.br\/noticias\/wp-json\/wp\/v2\/categories?post=187763"},{"taxonomy":"post_tag","embeddable":true,"href":"https:\/\/franciscanos.org.br\/noticias\/wp-json\/wp\/v2\/tags?post=187763"}],"curies":[{"name":"wp","href":"https:\/\/api.w.org\/{rel}","templated":true}]}}